{"id":11740,"date":"2017-06-01T11:20:32","date_gmt":"2017-06-01T15:20:32","guid":{"rendered":"http:\/\/www.mpppst.gob.ve\/mpppstweb\/?p=11740"},"modified":"2017-06-01T11:20:32","modified_gmt":"2017-06-01T15:20:32","slug":"sectores-sociales-participan-de-forma-activa-en-registro-de-candidaturas-para-la-constituyente","status":"publish","type":"post","link":"https:\/\/www.mpppst.gob.ve\/mpppstweb\/index.php\/2017\/06\/01\/sectores-sociales-participan-de-forma-activa-en-registro-de-candidaturas-para-la-constituyente\/","title":{"rendered":"Sectores sociales participan de forma activa en registro de candidaturas para la Constituyente"},"content":{"rendered":"<p>AVN.- Venezolanos agrupados en los ocho sectores sociales definidos en las bases comiciales para la Asamblea Nacional Constituyente (ANC) se han sumado al registro de candidaturas de forma activa para formar parte de los 545 representantes en este proceso popular.<\/p>\n<p>El mi\u00e9rcoles, durante el primer d\u00eda de registro que habilit\u00f3 el Consejo Nacional Electoral (CNE) a trav\u00e9s de su portal web, varias agrupaciones acudieron al llamado realizado por el presidente de la Rep\u00fablica, Nicol\u00e1s Maduro, de convocar al poder originario.<\/p>\n<p>Mujeres integrantes de frentes sociales y militantes del Partido Socialista Unido de Venezuela (Psuv) se registraron este mi\u00e9rcoles a los sectores de pensionados, campesinos, obreros, personas con discapacidad y petr\u00f3leo.<\/p>\n<p>La vicepresidenta del Psuv para los Movimientos de Mujeres, Mar\u00eda Le\u00f3n, formaliz\u00f3 su candidatura en el sector de los pensionados, para luchar por la igualdad y la justicia de este sector que permaneci\u00f3 invisibilizado por a\u00f1os.<\/p>\n<p>El sector de personas con discapacidad tambi\u00e9n recibi\u00f3 postulaciones. Tal fue el caso de la representante del programa Hero\u00ednas sin Barreras, Ludy Ram\u00edrez.<\/p>\n<p>El pol\u00edtico y ex ministro para la Cultura Reinaldo Iturriza tambi\u00e9n realiz\u00f3 este mi\u00e9rcoles el registro de su candidatura bajo la modalidad sectorial, inform\u00f3 a trav\u00e9s de su perfil en la red social Twitter.<\/p>\n<p>En las regiones tambi\u00e9n hubo una amplia movilizaci\u00f3n de venezolanos interesados en realizar su registro; en Anzo\u00e1tegui, el Consejo Presidencial Campesino postul\u00f3 a Juan Ruiz para que los represente en la ANC.<\/p>\n<p>En estados como Sucre, Barinas, Yaracuy, Portuguesa, Aragua, y M\u00e9rida se realizaron asambleas populares para definir los candidatos que realizar\u00e1n su registro este jueves en el sector de comunas y consejos comunales.<\/p>\n<p>Los interesados tienen hasta este 1\u00ba de junio para registrar su voluntad de ser uno de los 545 constituyentes que blindar\u00e1n la Constituci\u00f3n de la Rep\u00fablica Bolivariana de Venezuela, redactada en 1999.<\/p>\n<p>Si la candidatura se presenta por v\u00eda sectorial, deben recolectarse las rubricas del 3 % de los integrantes del registro del \u00e1rea al que pertenece: estudiantes, campesinos y pescadores, empresarios, personas con discapacidad, pensionados, consejos comunales y trabajadores.<\/p>\n<p>La presentaci\u00f3n de los recaudos para la inscripci\u00f3n de las candidaturas, que incluye las firmas, se realizar\u00e1 entre el 6 y 10 de junio ante las Juntas Municipales. Del 11 al 15 de ese mes se evaluar\u00e1n las candidaturas.<\/p>\n<p>Para la formalizaci\u00f3n de la postulaci\u00f3n, los candidatos deben entregar dos ejemplares de la planilla, obtenida tras registrarse en la web del CNE; el formato con las firmas y un CD con los siguientes recaudos escaneados: c\u00e9dula de identidad, Declaraci\u00f3n Jurada de Residencia, planilla con las r\u00fabricas en respaldo y el archivo con el registro de los datos de las planillas de firmas de los electores.<\/p>\n","protected":false},"excerpt":{"rendered":"<p>AVN.- Venezolanos agrupados en los ocho sectores sociales definidos en las bases comiciales para la Asamblea &hellip; <a title=\"Sectores sociales participan de forma activa en registro de candidaturas para la Constituyente\" class=\"hm-read-more\" href=\"https:\/\/www.mpppst.gob.ve\/mpppstweb\/index.php\/2017\/06\/01\/sectores-sociales-participan-de-forma-activa-en-registro-de-candidaturas-para-la-constituyente\/\"><span class=\"screen-reader-text\">Sectores sociales participan de forma activa en registro de candidaturas para la Constituyente<\/span>Read more<\/a><\/p>\n","protected":false},"author":25,"featured_media":11741,"comment_status":"closed","ping_status":"closed","sticky":false,"template":"","format":"standard","meta":{"footnotes":""},"categories":[82,163],"tags":[222],"yoast_head":"<!-- This site is optimized with the Yoast SEO plugin v22.5 - https:\/\/yoast.com\/wordpress\/plugins\/seo\/ -->\n<title>Sectores sociales participan de forma activa en registro de candidaturas para la Constituyente - MPPPST<\/title>\n<meta name=\"robots\" content=\"index, follow, max-snippet:-1, max-image-preview:large, max-video-preview:-1\" \/>\n<link rel=\"canonical\" href=\"https:\/\/www.mpppst.gob.ve\/mpppstweb\/index.php\/2017\/06\/01\/sectores-sociales-participan-de-forma-activa-en-registro-de-candidaturas-para-la-constituyente\/\" \/>\n<meta property=\"og:locale\" content=\"es_ES\" \/>\n<meta property=\"og:type\" content=\"article\" \/>\n<meta property=\"og:title\" content=\"Sectores sociales participan de forma activa en registro de candidaturas para la Constituyente - MPPPST\" \/>\n<meta property=\"og:description\" content=\"AVN.- Venezolanos agrupados en los ocho sectores sociales definidos en las bases comiciales para la Asamblea &hellip; Sectores sociales participan de forma activa en registro de candidaturas para la ConstituyenteRead more\" \/>\n<meta property=\"og:url\" content=\"https:\/\/www.mpppst.gob.ve\/mpppstweb\/index.php\/2017\/06\/01\/sectores-sociales-participan-de-forma-activa-en-registro-de-candidaturas-para-la-constituyente\/\" \/>\n<meta property=\"og:site_name\" content=\"MPPPST\" \/>\n<meta property=\"article:published_time\" content=\"2017-06-01T15:20:32+00:00\" \/>\n<meta property=\"og:image\" content=\"https:\/\/www.mpppst.gob.ve\/mpppstweb\/wp-content\/uploads\/2017\/06\/Constituyente.jpg\" \/>\n\t<meta property=\"og:image:width\" content=\"800\" \/>\n\t<meta property=\"og:image:height\" content=\"445\" \/>\n\t<meta property=\"og:image:type\" content=\"image\/jpeg\" \/>\n<meta name=\"author\" content=\"MPPPST Prensa\" \/>\n<meta name=\"twitter:card\" content=\"summary_large_image\" \/>\n<meta name=\"twitter:label1\" content=\"Escrito por\" \/>\n\t<meta name=\"twitter:data1\" content=\"MPPPST Prensa\" \/>\n\t<meta name=\"twitter:label2\" content=\"Tiempo de lectura\" \/>\n\t<meta name=\"twitter:data2\" content=\"2 minutos\" \/>\n<script type=\"application\/ld+json\" class=\"yoast-schema-graph\">{\"@context\":\"https:\/\/schema.org\",\"@graph\":[{\"@type\":\"Article\",\"@id\":\"https:\/\/www.mpppst.gob.ve\/mpppstweb\/index.php\/2017\/06\/01\/sectores-sociales-participan-de-forma-activa-en-registro-de-candidaturas-para-la-constituyente\/#article\",\"isPartOf\":{\"@id\":\"https:\/\/www.mpppst.gob.ve\/mpppstweb\/index.php\/2017\/06\/01\/sectores-sociales-participan-de-forma-activa-en-registro-de-candidaturas-para-la-constituyente\/\"},\"author\":{\"name\":\"MPPPST Prensa\",\"@id\":\"https:\/\/www.mpppst.gob.ve\/mpppstweb\/#\/schema\/person\/fc187ee8ead412bd4c9304b62f900ea4\"},\"headline\":\"Sectores sociales participan de forma activa en registro de candidaturas para la Constituyente\",\"datePublished\":\"2017-06-01T15:20:32+00:00\",\"dateModified\":\"2017-06-01T15:20:32+00:00\",\"mainEntityOfPage\":{\"@id\":\"https:\/\/www.mpppst.gob.ve\/mpppstweb\/index.php\/2017\/06\/01\/sectores-sociales-participan-de-forma-activa-en-registro-de-candidaturas-para-la-constituyente\/\"},\"wordCount\":480,\"publisher\":{\"@id\":\"https:\/\/www.mpppst.gob.ve\/mpppstweb\/#organization\"},\"image\":{\"@id\":\"https:\/\/www.mpppst.gob.ve\/mpppstweb\/index.php\/2017\/06\/01\/sectores-sociales-participan-de-forma-activa-en-registro-de-candidaturas-para-la-constituyente\/#primaryimage\"},\"thumbnailUrl\":\"https:\/\/www.mpppst.gob.ve\/mpppstweb\/wp-content\/uploads\/2017\/06\/Constituyente.jpg\",\"keywords\":[\"Gobierno Bolivariano\"],\"articleSection\":[\"Gobierno Nacional\",\"Noticias\"],\"inLanguage\":\"es\"},{\"@type\":\"WebPage\",\"@id\":\"https:\/\/www.mpppst.gob.ve\/mpppstweb\/index.php\/2017\/06\/01\/sectores-sociales-participan-de-forma-activa-en-registro-de-candidaturas-para-la-constituyente\/\",\"url\":\"https:\/\/www.mpppst.gob.ve\/mpppstweb\/index.php\/2017\/06\/01\/sectores-sociales-participan-de-forma-activa-en-registro-de-candidaturas-para-la-constituyente\/\",\"name\":\"Sectores sociales participan de forma activa en registro de candidaturas para la Constituyente - MPPPST\",\"isPartOf\":{\"@id\":\"https:\/\/www.mpppst.gob.ve\/mpppstweb\/#website\"},\"primaryImageOfPage\":{\"@id\":\"https:\/\/www.mpppst.gob.ve\/mpppstweb\/index.php\/2017\/06\/01\/sectores-sociales-participan-de-forma-activa-en-registro-de-candidaturas-para-la-constituyente\/#primaryimage\"},\"image\":{\"@id\":\"https:\/\/www.mpppst.gob.ve\/mpppstweb\/index.php\/2017\/06\/01\/sectores-sociales-participan-de-forma-activa-en-registro-de-candidaturas-para-la-constituyente\/#primaryimage\"},\"thumbnailUrl\":\"https:\/\/www.mpppst.gob.ve\/mpppstweb\/wp-content\/uploads\/2017\/06\/Constituyente.jpg\",\"datePublished\":\"2017-06-01T15:20:32+00:00\",\"dateModified\":\"2017-06-01T15:20:32+00:00\",\"breadcrumb\":{\"@id\":\"https:\/\/www.mpppst.gob.ve\/mpppstweb\/index.php\/2017\/06\/01\/sectores-sociales-participan-de-forma-activa-en-registro-de-candidaturas-para-la-constituyente\/#breadcrumb\"},\"inLanguage\":\"es\",\"potentialAction\":[{\"@type\":\"ReadAction\",\"target\":[\"https:\/\/www.mpppst.gob.ve\/mpppstweb\/index.php\/2017\/06\/01\/sectores-sociales-participan-de-forma-activa-en-registro-de-candidaturas-para-la-constituyente\/\"]}]},{\"@type\":\"ImageObject\",\"inLanguage\":\"es\",\"@id\":\"https:\/\/www.mpppst.gob.ve\/mpppstweb\/index.php\/2017\/06\/01\/sectores-sociales-participan-de-forma-activa-en-registro-de-candidaturas-para-la-constituyente\/#primaryimage\",\"url\":\"https:\/\/www.mpppst.gob.ve\/mpppstweb\/wp-content\/uploads\/2017\/06\/Constituyente.jpg\",\"contentUrl\":\"https:\/\/www.mpppst.gob.ve\/mpppstweb\/wp-content\/uploads\/2017\/06\/Constituyente.jpg\",\"width\":800,\"height\":445},{\"@type\":\"BreadcrumbList\",\"@id\":\"https:\/\/www.mpppst.gob.ve\/mpppstweb\/index.php\/2017\/06\/01\/sectores-sociales-participan-de-forma-activa-en-registro-de-candidaturas-para-la-constituyente\/#breadcrumb\",\"itemListElement\":[{\"@type\":\"ListItem\",\"position\":1,\"name\":\"Home\",\"item\":\"https:\/\/www.mpppst.gob.ve\/mpppstweb\/\"},{\"@type\":\"ListItem\",\"position\":2,\"name\":\"Sectores sociales participan de forma activa en registro de candidaturas para la Constituyente\"}]},{\"@type\":\"WebSite\",\"@id\":\"https:\/\/www.mpppst.gob.ve\/mpppstweb\/#website\",\"url\":\"https:\/\/www.mpppst.gob.ve\/mpppstweb\/\",\"name\":\"MPPPST\",\"description\":\"Ministerio del Poder Popular para el Proceso Social de Trabajo\",\"publisher\":{\"@id\":\"https:\/\/www.mpppst.gob.ve\/mpppstweb\/#organization\"},\"potentialAction\":[{\"@type\":\"SearchAction\",\"target\":{\"@type\":\"EntryPoint\",\"urlTemplate\":\"https:\/\/www.mpppst.gob.ve\/mpppstweb\/?s={search_term_string}\"},\"query-input\":\"required name=search_term_string\"}],\"inLanguage\":\"es\"},{\"@type\":\"Organization\",\"@id\":\"https:\/\/www.mpppst.gob.ve\/mpppstweb\/#organization\",\"name\":\"mpppst\",\"url\":\"https:\/\/www.mpppst.gob.ve\/mpppstweb\/\",\"logo\":{\"@type\":\"ImageObject\",\"inLanguage\":\"es\",\"@id\":\"https:\/\/www.mpppst.gob.ve\/mpppstweb\/#\/schema\/logo\/image\/\",\"url\":\"https:\/\/www.mpppst.gob.ve\/mpppstweb\/wp-content\/uploads\/2025\/07\/cropped-cropped-g910.png\",\"contentUrl\":\"https:\/\/www.mpppst.gob.ve\/mpppstweb\/wp-content\/uploads\/2025\/07\/cropped-cropped-g910.png\",\"width\":1080,\"height\":241,\"caption\":\"mpppst\"},\"image\":{\"@id\":\"https:\/\/www.mpppst.gob.ve\/mpppstweb\/#\/schema\/logo\/image\/\"}},{\"@type\":\"Person\",\"@id\":\"https:\/\/www.mpppst.gob.ve\/mpppstweb\/#\/schema\/person\/fc187ee8ead412bd4c9304b62f900ea4\",\"name\":\"MPPPST Prensa\",\"url\":\"https:\/\/www.mpppst.gob.ve\/mpppstweb\/index.php\/author\/prensa-mpppst\/\"}]}<\/script>\n<!-- \/ Yoast SEO plugin. -->","yoast_head_json":{"title":"Sectores sociales participan de forma activa en registro de candidaturas para la Constituyente - MPPPST","robots":{"index":"index","follow":"follow","max-snippet":"max-snippet:-1","max-image-preview":"max-image-preview:large","max-video-preview":"max-video-preview:-1"},"canonical":"https:\/\/www.mpppst.gob.ve\/mpppstweb\/index.php\/2017\/06\/01\/sectores-sociales-participan-de-forma-activa-en-registro-de-candidaturas-para-la-constituyente\/","og_locale":"es_ES","og_type":"article","og_title":"Sectores sociales participan de forma activa en registro de candidaturas para la Constituyente - MPPPST","og_description":"AVN.- Venezolanos agrupados en los ocho sectores sociales definidos en las bases comiciales para la Asamblea &hellip; Sectores sociales participan de forma activa en registro de candidaturas para la ConstituyenteRead more","og_url":"https:\/\/www.mpppst.gob.ve\/mpppstweb\/index.php\/2017\/06\/01\/sectores-sociales-participan-de-forma-activa-en-registro-de-candidaturas-para-la-constituyente\/","og_site_name":"MPPPST","article_published_time":"2017-06-01T15:20:32+00:00","og_image":[{"width":800,"height":445,"url":"https:\/\/www.mpppst.gob.ve\/mpppstweb\/wp-content\/uploads\/2017\/06\/Constituyente.jpg","type":"image\/jpeg"}],"author":"MPPPST Prensa","twitter_card":"summary_large_image","twitter_misc":{"Escrito por":"MPPPST Prensa","Tiempo de lectura":"2 minutos"},"schema":{"@context":"https:\/\/schema.org","@graph":[{"@type":"Article","@id":"https:\/\/www.mpppst.gob.ve\/mpppstweb\/index.php\/2017\/06\/01\/sectores-sociales-participan-de-forma-activa-en-registro-de-candidaturas-para-la-constituyente\/#article","isPartOf":{"@id":"https:\/\/www.mpppst.gob.ve\/mpppstweb\/index.php\/2017\/06\/01\/sectores-sociales-participan-de-forma-activa-en-registro-de-candidaturas-para-la-constituyente\/"},"author":{"name":"MPPPST Prensa","@id":"https:\/\/www.mpppst.gob.ve\/mpppstweb\/#\/schema\/person\/fc187ee8ead412bd4c9304b62f900ea4"},"headline":"Sectores sociales participan de forma activa en registro de candidaturas para la Constituyente","datePublished":"2017-06-01T15:20:32+00:00","dateModified":"2017-06-01T15:20:32+00:00","mainEntityOfPage":{"@id":"https:\/\/www.mpppst.gob.ve\/mpppstweb\/index.php\/2017\/06\/01\/sectores-sociales-participan-de-forma-activa-en-registro-de-candidaturas-para-la-constituyente\/"},"wordCount":480,"publisher":{"@id":"https:\/\/www.mpppst.gob.ve\/mpppstweb\/#organization"},"image":{"@id":"https:\/\/www.mpppst.gob.ve\/mpppstweb\/index.php\/2017\/06\/01\/sectores-sociales-participan-de-forma-activa-en-registro-de-candidaturas-para-la-constituyente\/#primaryimage"},"thumbnailUrl":"https:\/\/www.mpppst.gob.ve\/mpppstweb\/wp-content\/uploads\/2017\/06\/Constituyente.jpg","keywords":["Gobierno Bolivariano"],"articleSection":["Gobierno Nacional","Noticias"],"inLanguage":"es"},{"@type":"WebPage","@id":"https:\/\/www.mpppst.gob.ve\/mpppstweb\/index.php\/2017\/06\/01\/sectores-sociales-participan-de-forma-activa-en-registro-de-candidaturas-para-la-constituyente\/","url":"https:\/\/www.mpppst.gob.ve\/mpppstweb\/index.php\/2017\/06\/01\/sectores-sociales-participan-de-forma-activa-en-registro-de-candidaturas-para-la-constituyente\/","name":"Sectores sociales participan de forma activa en registro de candidaturas para la Constituyente - MPPPST","isPartOf":{"@id":"https:\/\/www.mpppst.gob.ve\/mpppstweb\/#website"},"primaryImageOfPage":{"@id":"https:\/\/www.mpppst.gob.ve\/mpppstweb\/index.php\/2017\/06\/01\/sectores-sociales-participan-de-forma-activa-en-registro-de-candidaturas-para-la-constituyente\/#primaryimage"},"image":{"@id":"https:\/\/www.mpppst.gob.ve\/mpppstweb\/index.php\/2017\/06\/01\/sectores-sociales-participan-de-forma-activa-en-registro-de-candidaturas-para-la-constituyente\/#primaryimage"},"thumbnailUrl":"https:\/\/www.mpppst.gob.ve\/mpppstweb\/wp-content\/uploads\/2017\/06\/Constituyente.jpg","datePublished":"2017-06-01T15:20:32+00:00","dateModified":"2017-06-01T15:20:32+00:00","breadcrumb":{"@id":"https:\/\/www.mpppst.gob.ve\/mpppstweb\/index.php\/2017\/06\/01\/sectores-sociales-participan-de-forma-activa-en-registro-de-candidaturas-para-la-constituyente\/#breadcrumb"},"inLanguage":"es","potentialAction":[{"@type":"ReadAction","target":["https:\/\/www.mpppst.gob.ve\/mpppstweb\/index.php\/2017\/06\/01\/sectores-sociales-participan-de-forma-activa-en-registro-de-candidaturas-para-la-constituyente\/"]}]},{"@type":"ImageObject","inLanguage":"es","@id":"https:\/\/www.mpppst.gob.ve\/mpppstweb\/index.php\/2017\/06\/01\/sectores-sociales-participan-de-forma-activa-en-registro-de-candidaturas-para-la-constituyente\/#primaryimage","url":"https:\/\/www.mpppst.gob.ve\/mpppstweb\/wp-content\/uploads\/2017\/06\/Constituyente.jpg","contentUrl":"https:\/\/www.mpppst.gob.ve\/mpppstweb\/wp-content\/uploads\/2017\/06\/Constituyente.jpg","width":800,"height":445},{"@type":"BreadcrumbList","@id":"https:\/\/www.mpppst.gob.ve\/mpppstweb\/index.php\/2017\/06\/01\/sectores-sociales-participan-de-forma-activa-en-registro-de-candidaturas-para-la-constituyente\/#breadcrumb","itemListElement":[{"@type":"ListItem","position":1,"name":"Home","item":"https:\/\/www.mpppst.gob.ve\/mpppstweb\/"},{"@type":"ListItem","position":2,"name":"Sectores sociales participan de forma activa en registro de candidaturas para la Constituyente"}]},{"@type":"WebSite","@id":"https:\/\/www.mpppst.gob.ve\/mpppstweb\/#website","url":"https:\/\/www.mpppst.gob.ve\/mpppstweb\/","name":"MPPPST","description":"Ministerio del Poder Popular para el Proceso Social de Trabajo","publisher":{"@id":"https:\/\/www.mpppst.gob.ve\/mpppstweb\/#organization"},"potentialAction":[{"@type":"SearchAction","target":{"@type":"EntryPoint","urlTemplate":"https:\/\/www.mpppst.gob.ve\/mpppstweb\/?s={search_term_string}"},"query-input":"required name=search_term_string"}],"inLanguage":"es"},{"@type":"Organization","@id":"https:\/\/www.mpppst.gob.ve\/mpppstweb\/#organization","name":"mpppst","url":"https:\/\/www.mpppst.gob.ve\/mpppstweb\/","logo":{"@type":"ImageObject","inLanguage":"es","@id":"https:\/\/www.mpppst.gob.ve\/mpppstweb\/#\/schema\/logo\/image\/","url":"https:\/\/www.mpppst.gob.ve\/mpppstweb\/wp-content\/uploads\/2025\/07\/cropped-cropped-g910.png","contentUrl":"https:\/\/www.mpppst.gob.ve\/mpppstweb\/wp-content\/uploads\/2025\/07\/cropped-cropped-g910.png","width":1080,"height":241,"caption":"mpppst"},"image":{"@id":"https:\/\/www.mpppst.gob.ve\/mpppstweb\/#\/schema\/logo\/image\/"}},{"@type":"Person","@id":"https:\/\/www.mpppst.gob.ve\/mpppstweb\/#\/schema\/person\/fc187ee8ead412bd4c9304b62f900ea4","name":"MPPPST Prensa","url":"https:\/\/www.mpppst.gob.ve\/mpppstweb\/index.php\/author\/prensa-mpppst\/"}]}},"_links":{"self":[{"href":"https:\/\/www.mpppst.gob.ve\/mpppstweb\/index.php\/wp-json\/wp\/v2\/posts\/11740"}],"collection":[{"href":"https:\/\/www.mpppst.gob.ve\/mpppstweb\/index.php\/wp-json\/wp\/v2\/posts"}],"about":[{"href":"https:\/\/www.mpppst.gob.ve\/mpppstweb\/index.php\/wp-json\/wp\/v2\/types\/post"}],"author":[{"embeddable":true,"href":"https:\/\/www.mpppst.gob.ve\/mpppstweb\/index.php\/wp-json\/wp\/v2\/users\/25"}],"replies":[{"embeddable":true,"href":"https:\/\/www.mpppst.gob.ve\/mpppstweb\/index.php\/wp-json\/wp\/v2\/comments?post=11740"}],"version-history":[{"count":1,"href":"https:\/\/www.mpppst.gob.ve\/mpppstweb\/index.php\/wp-json\/wp\/v2\/posts\/11740\/revisions"}],"predecessor-version":[{"id":11742,"href":"https:\/\/www.mpppst.gob.ve\/mpppstweb\/index.php\/wp-json\/wp\/v2\/posts\/11740\/revisions\/11742"}],"wp:featuredmedia":[{"embeddable":true,"href":"https:\/\/www.mpppst.gob.ve\/mpppstweb\/index.php\/wp-json\/wp\/v2\/media\/11741"}],"wp:attachment":[{"href":"https:\/\/www.mpppst.gob.ve\/mpppstweb\/index.php\/wp-json\/wp\/v2\/media?parent=11740"}],"wp:term":[{"taxonomy":"category","embeddable":true,"href":"https:\/\/www.mpppst.gob.ve\/mpppstweb\/index.php\/wp-json\/wp\/v2\/categories?post=11740"},{"taxonomy":"post_tag","embeddable":true,"href":"https:\/\/www.mpppst.gob.ve\/mpppstweb\/index.php\/wp-json\/wp\/v2\/tags?post=11740"}],"curies":[{"name":"wp","href":"https:\/\/api.w.org\/{rel}","templated":true}]}}