{"id":11743,"date":"2017-06-01T21:44:28","date_gmt":"2017-06-02T01:44:28","guid":{"rendered":"http:\/\/www.mpppst.gob.ve\/mpppstweb\/?p=11743"},"modified":"2017-06-01T21:44:28","modified_gmt":"2017-06-02T01:44:28","slug":"mpppst-realiza-jornada-de-venta-de-panales-para-sus-trabajadores","status":"publish","type":"post","link":"https:\/\/www.mpppst.gob.ve\/mpppstweb\/index.php\/2017\/06\/01\/mpppst-realiza-jornada-de-venta-de-panales-para-sus-trabajadores\/","title":{"rendered":"MPPPST realiza jornada de venta de pa\u00f1ales para sus trabajadores"},"content":{"rendered":"<p>Por Marbelys Mav\u00e1rez<\/p>\n<p>El Ministerio del Poder Popular para el Proceso Social de Trabajo, \u00a0realiz\u00f3 una jornada de venta de pa\u00f1ales para los trabajadores y trabajadoras de esta Instituci\u00f3n en respuesta a la guerra econ\u00f3mica que ha confiscado a la Clase Obrera la posibilidad de adquirir estos productos. Vale destacar \u00a0que muchos productos han desaparecido deliberadamente de los anaqueles. Entre otros, los pa\u00f1ales, el papel toal\u00e9 y las toallas sanitarias han dejado de estar al alcance de los venezolanos. Por tal raz\u00f3n se llev\u00f3 a cabo el operativo siguiendo lineamientos tanto del primer Mandatario Nacional, Nicol\u00e1s Maduro Moros, como del titular de la cartera de Trabajo, Francisco Torrealba.<\/p>\n<p>La jornada estuvo a cargo de la Direcci\u00f3n de Gesti\u00f3n Humana, y dirigida por Branly Flores, Jefe de Bienestar Social, quien se\u00f1al\u00f3 que en general fueron vendidos 350 combos, los cuales conten\u00edan los siguientes productos: un paquete de pa\u00f1ales, con 44 unidades, talla XG; cinco paquetes de papel toal\u00e9 y cada paquete contentivo de cuatro rollos de papel. El combo tambi\u00e9n ten\u00eda un paquete de toallas diarias.<\/p>\n<p>Es preciso se\u00f1alar que la Empresa que provey\u00f3 los productos es Cacique Maracay (antigua Kimberly Clark), empresa que fue nacionalizada y asumida por la Clase Obrera venezolana, luego que sus due\u00f1os se fueran del pa\u00eds y dejaran a sus trabajadores en total abandono.<\/p>\n<p>Este operativo es respuesta al gran desabastecimiento de productos auspiciado por algunos actores del sector empresarial nacional que hace alg\u00fan tiempo declararon la guerra al Gobierno bolivariano. No obstante, el Ministro Torrealba ha dado la instrucci\u00f3n de atender las necesidades de sus trabajadores. Esta es la segunda jornada de venta de pa\u00f1ales, pero tambi\u00e9n se han llevado a cabo operativos de venta de alimentos para la poblaci\u00f3n trabajadora, precis\u00f3 Branly Flores.<\/p>\n<p>&nbsp;<\/p>\n<p>.<\/p>\n","protected":false},"excerpt":{"rendered":"<p>Por Marbelys Mav\u00e1rez El Ministerio del Poder Popular para el Proceso Social de Trabajo, \u00a0realiz\u00f3 una &hellip; <a title=\"MPPPST realiza jornada de venta de pa\u00f1ales para sus trabajadores\" class=\"hm-read-more\" href=\"https:\/\/www.mpppst.gob.ve\/mpppstweb\/index.php\/2017\/06\/01\/mpppst-realiza-jornada-de-venta-de-panales-para-sus-trabajadores\/\"><span class=\"screen-reader-text\">MPPPST realiza jornada de venta de pa\u00f1ales para sus trabajadores<\/span>Read more<\/a><\/p>\n","protected":false},"author":25,"featured_media":11744,"comment_status":"closed","ping_status":"closed","sticky":false,"template":"","format":"standard","meta":{"footnotes":""},"categories":[82,83,163],"tags":[],"yoast_head":"<!-- This site is optimized with the Yoast SEO plugin v22.5 - https:\/\/yoast.com\/wordpress\/plugins\/seo\/ -->\n<title>MPPPST realiza jornada de venta de pa\u00f1ales para sus trabajadores - MPPPST<\/title>\n<meta name=\"robots\" content=\"index, follow, max-snippet:-1, max-image-preview:large, max-video-preview:-1\" \/>\n<link rel=\"canonical\" href=\"https:\/\/www.mpppst.gob.ve\/mpppstweb\/index.php\/2017\/06\/01\/mpppst-realiza-jornada-de-venta-de-panales-para-sus-trabajadores\/\" \/>\n<meta property=\"og:locale\" content=\"es_ES\" \/>\n<meta property=\"og:type\" content=\"article\" \/>\n<meta property=\"og:title\" content=\"MPPPST realiza jornada de venta de pa\u00f1ales para sus trabajadores - MPPPST\" \/>\n<meta property=\"og:description\" content=\"Por Marbelys Mav\u00e1rez El Ministerio del Poder Popular para el Proceso Social de Trabajo, \u00a0realiz\u00f3 una &hellip; MPPPST realiza jornada de venta de pa\u00f1ales para sus trabajadoresRead more\" \/>\n<meta property=\"og:url\" content=\"https:\/\/www.mpppst.gob.ve\/mpppstweb\/index.php\/2017\/06\/01\/mpppst-realiza-jornada-de-venta-de-panales-para-sus-trabajadores\/\" \/>\n<meta property=\"og:site_name\" content=\"MPPPST\" \/>\n<meta property=\"article:published_time\" content=\"2017-06-02T01:44:28+00:00\" \/>\n<meta property=\"og:image\" content=\"https:\/\/www.mpppst.gob.ve\/mpppstweb\/wp-content\/uploads\/2017\/06\/pa\u00f1ales.jpg\" \/>\n\t<meta property=\"og:image:width\" content=\"800\" \/>\n\t<meta property=\"og:image:height\" content=\"445\" \/>\n\t<meta property=\"og:image:type\" content=\"image\/jpeg\" \/>\n<meta name=\"author\" content=\"MPPPST Prensa\" \/>\n<meta name=\"twitter:card\" content=\"summary_large_image\" \/>\n<meta name=\"twitter:label1\" content=\"Escrito por\" \/>\n\t<meta name=\"twitter:data1\" content=\"MPPPST Prensa\" \/>\n\t<meta name=\"twitter:label2\" content=\"Tiempo de lectura\" \/>\n\t<meta name=\"twitter:data2\" content=\"2 minutos\" \/>\n<script type=\"application\/ld+json\" class=\"yoast-schema-graph\">{\"@context\":\"https:\/\/schema.org\",\"@graph\":[{\"@type\":\"Article\",\"@id\":\"https:\/\/www.mpppst.gob.ve\/mpppstweb\/index.php\/2017\/06\/01\/mpppst-realiza-jornada-de-venta-de-panales-para-sus-trabajadores\/#article\",\"isPartOf\":{\"@id\":\"https:\/\/www.mpppst.gob.ve\/mpppstweb\/index.php\/2017\/06\/01\/mpppst-realiza-jornada-de-venta-de-panales-para-sus-trabajadores\/\"},\"author\":{\"name\":\"MPPPST Prensa\",\"@id\":\"https:\/\/www.mpppst.gob.ve\/mpppstweb\/#\/schema\/person\/fc187ee8ead412bd4c9304b62f900ea4\"},\"headline\":\"MPPPST realiza jornada de venta de pa\u00f1ales para sus trabajadores\",\"datePublished\":\"2017-06-02T01:44:28+00:00\",\"dateModified\":\"2017-06-02T01:44:28+00:00\",\"mainEntityOfPage\":{\"@id\":\"https:\/\/www.mpppst.gob.ve\/mpppstweb\/index.php\/2017\/06\/01\/mpppst-realiza-jornada-de-venta-de-panales-para-sus-trabajadores\/\"},\"wordCount\":321,\"publisher\":{\"@id\":\"https:\/\/www.mpppst.gob.ve\/mpppstweb\/#organization\"},\"image\":{\"@id\":\"https:\/\/www.mpppst.gob.ve\/mpppstweb\/index.php\/2017\/06\/01\/mpppst-realiza-jornada-de-venta-de-panales-para-sus-trabajadores\/#primaryimage\"},\"thumbnailUrl\":\"https:\/\/www.mpppst.gob.ve\/mpppstweb\/wp-content\/uploads\/2017\/06\/pa\u00f1ales.jpg\",\"articleSection\":[\"Gobierno Nacional\",\"Ministerio\",\"Noticias\"],\"inLanguage\":\"es\"},{\"@type\":\"WebPage\",\"@id\":\"https:\/\/www.mpppst.gob.ve\/mpppstweb\/index.php\/2017\/06\/01\/mpppst-realiza-jornada-de-venta-de-panales-para-sus-trabajadores\/\",\"url\":\"https:\/\/www.mpppst.gob.ve\/mpppstweb\/index.php\/2017\/06\/01\/mpppst-realiza-jornada-de-venta-de-panales-para-sus-trabajadores\/\",\"name\":\"MPPPST realiza jornada de venta de pa\u00f1ales para sus trabajadores - MPPPST\",\"isPartOf\":{\"@id\":\"https:\/\/www.mpppst.gob.ve\/mpppstweb\/#website\"},\"primaryImageOfPage\":{\"@id\":\"https:\/\/www.mpppst.gob.ve\/mpppstweb\/index.php\/2017\/06\/01\/mpppst-realiza-jornada-de-venta-de-panales-para-sus-trabajadores\/#primaryimage\"},\"image\":{\"@id\":\"https:\/\/www.mpppst.gob.ve\/mpppstweb\/index.php\/2017\/06\/01\/mpppst-realiza-jornada-de-venta-de-panales-para-sus-trabajadores\/#primaryimage\"},\"thumbnailUrl\":\"https:\/\/www.mpppst.gob.ve\/mpppstweb\/wp-content\/uploads\/2017\/06\/pa\u00f1ales.jpg\",\"datePublished\":\"2017-06-02T01:44:28+00:00\",\"dateModified\":\"2017-06-02T01:44:28+00:00\",\"breadcrumb\":{\"@id\":\"https:\/\/www.mpppst.gob.ve\/mpppstweb\/index.php\/2017\/06\/01\/mpppst-realiza-jornada-de-venta-de-panales-para-sus-trabajadores\/#breadcrumb\"},\"inLanguage\":\"es\",\"potentialAction\":[{\"@type\":\"ReadAction\",\"target\":[\"https:\/\/www.mpppst.gob.ve\/mpppstweb\/index.php\/2017\/06\/01\/mpppst-realiza-jornada-de-venta-de-panales-para-sus-trabajadores\/\"]}]},{\"@type\":\"ImageObject\",\"inLanguage\":\"es\",\"@id\":\"https:\/\/www.mpppst.gob.ve\/mpppstweb\/index.php\/2017\/06\/01\/mpppst-realiza-jornada-de-venta-de-panales-para-sus-trabajadores\/#primaryimage\",\"url\":\"https:\/\/www.mpppst.gob.ve\/mpppstweb\/wp-content\/uploads\/2017\/06\/pa\u00f1ales.jpg\",\"contentUrl\":\"https:\/\/www.mpppst.gob.ve\/mpppstweb\/wp-content\/uploads\/2017\/06\/pa\u00f1ales.jpg\",\"width\":800,\"height\":445},{\"@type\":\"BreadcrumbList\",\"@id\":\"https:\/\/www.mpppst.gob.ve\/mpppstweb\/index.php\/2017\/06\/01\/mpppst-realiza-jornada-de-venta-de-panales-para-sus-trabajadores\/#breadcrumb\",\"itemListElement\":[{\"@type\":\"ListItem\",\"position\":1,\"name\":\"Home\",\"item\":\"https:\/\/www.mpppst.gob.ve\/mpppstweb\/\"},{\"@type\":\"ListItem\",\"position\":2,\"name\":\"MPPPST realiza jornada de venta de pa\u00f1ales para sus trabajadores\"}]},{\"@type\":\"WebSite\",\"@id\":\"https:\/\/www.mpppst.gob.ve\/mpppstweb\/#website\",\"url\":\"https:\/\/www.mpppst.gob.ve\/mpppstweb\/\",\"name\":\"MPPPST\",\"description\":\"Ministerio del Poder Popular para el Proceso Social de Trabajo\",\"publisher\":{\"@id\":\"https:\/\/www.mpppst.gob.ve\/mpppstweb\/#organization\"},\"potentialAction\":[{\"@type\":\"SearchAction\",\"target\":{\"@type\":\"EntryPoint\",\"urlTemplate\":\"https:\/\/www.mpppst.gob.ve\/mpppstweb\/?s={search_term_string}\"},\"query-input\":\"required name=search_term_string\"}],\"inLanguage\":\"es\"},{\"@type\":\"Organization\",\"@id\":\"https:\/\/www.mpppst.gob.ve\/mpppstweb\/#organization\",\"name\":\"mpppst\",\"url\":\"https:\/\/www.mpppst.gob.ve\/mpppstweb\/\",\"logo\":{\"@type\":\"ImageObject\",\"inLanguage\":\"es\",\"@id\":\"https:\/\/www.mpppst.gob.ve\/mpppstweb\/#\/schema\/logo\/image\/\",\"url\":\"https:\/\/www.mpppst.gob.ve\/mpppstweb\/wp-content\/uploads\/2025\/07\/cropped-cropped-g910.png\",\"contentUrl\":\"https:\/\/www.mpppst.gob.ve\/mpppstweb\/wp-content\/uploads\/2025\/07\/cropped-cropped-g910.png\",\"width\":1080,\"height\":241,\"caption\":\"mpppst\"},\"image\":{\"@id\":\"https:\/\/www.mpppst.gob.ve\/mpppstweb\/#\/schema\/logo\/image\/\"}},{\"@type\":\"Person\",\"@id\":\"https:\/\/www.mpppst.gob.ve\/mpppstweb\/#\/schema\/person\/fc187ee8ead412bd4c9304b62f900ea4\",\"name\":\"MPPPST Prensa\",\"url\":\"https:\/\/www.mpppst.gob.ve\/mpppstweb\/index.php\/author\/prensa-mpppst\/\"}]}<\/script>\n<!-- \/ Yoast SEO plugin. -->","yoast_head_json":{"title":"MPPPST realiza jornada de venta de pa\u00f1ales para sus trabajadores - MPPPST","robots":{"index":"index","follow":"follow","max-snippet":"max-snippet:-1","max-image-preview":"max-image-preview:large","max-video-preview":"max-video-preview:-1"},"canonical":"https:\/\/www.mpppst.gob.ve\/mpppstweb\/index.php\/2017\/06\/01\/mpppst-realiza-jornada-de-venta-de-panales-para-sus-trabajadores\/","og_locale":"es_ES","og_type":"article","og_title":"MPPPST realiza jornada de venta de pa\u00f1ales para sus trabajadores - MPPPST","og_description":"Por Marbelys Mav\u00e1rez El Ministerio del Poder Popular para el Proceso Social de Trabajo, \u00a0realiz\u00f3 una &hellip; MPPPST realiza jornada de venta de pa\u00f1ales para sus trabajadoresRead more","og_url":"https:\/\/www.mpppst.gob.ve\/mpppstweb\/index.php\/2017\/06\/01\/mpppst-realiza-jornada-de-venta-de-panales-para-sus-trabajadores\/","og_site_name":"MPPPST","article_published_time":"2017-06-02T01:44:28+00:00","og_image":[{"width":800,"height":445,"url":"https:\/\/www.mpppst.gob.ve\/mpppstweb\/wp-content\/uploads\/2017\/06\/pa\u00f1ales.jpg","type":"image\/jpeg"}],"author":"MPPPST Prensa","twitter_card":"summary_large_image","twitter_misc":{"Escrito por":"MPPPST Prensa","Tiempo de lectura":"2 minutos"},"schema":{"@context":"https:\/\/schema.org","@graph":[{"@type":"Article","@id":"https:\/\/www.mpppst.gob.ve\/mpppstweb\/index.php\/2017\/06\/01\/mpppst-realiza-jornada-de-venta-de-panales-para-sus-trabajadores\/#article","isPartOf":{"@id":"https:\/\/www.mpppst.gob.ve\/mpppstweb\/index.php\/2017\/06\/01\/mpppst-realiza-jornada-de-venta-de-panales-para-sus-trabajadores\/"},"author":{"name":"MPPPST Prensa","@id":"https:\/\/www.mpppst.gob.ve\/mpppstweb\/#\/schema\/person\/fc187ee8ead412bd4c9304b62f900ea4"},"headline":"MPPPST realiza jornada de venta de pa\u00f1ales para sus trabajadores","datePublished":"2017-06-02T01:44:28+00:00","dateModified":"2017-06-02T01:44:28+00:00","mainEntityOfPage":{"@id":"https:\/\/www.mpppst.gob.ve\/mpppstweb\/index.php\/2017\/06\/01\/mpppst-realiza-jornada-de-venta-de-panales-para-sus-trabajadores\/"},"wordCount":321,"publisher":{"@id":"https:\/\/www.mpppst.gob.ve\/mpppstweb\/#organization"},"image":{"@id":"https:\/\/www.mpppst.gob.ve\/mpppstweb\/index.php\/2017\/06\/01\/mpppst-realiza-jornada-de-venta-de-panales-para-sus-trabajadores\/#primaryimage"},"thumbnailUrl":"https:\/\/www.mpppst.gob.ve\/mpppstweb\/wp-content\/uploads\/2017\/06\/pa\u00f1ales.jpg","articleSection":["Gobierno Nacional","Ministerio","Noticias"],"inLanguage":"es"},{"@type":"WebPage","@id":"https:\/\/www.mpppst.gob.ve\/mpppstweb\/index.php\/2017\/06\/01\/mpppst-realiza-jornada-de-venta-de-panales-para-sus-trabajadores\/","url":"https:\/\/www.mpppst.gob.ve\/mpppstweb\/index.php\/2017\/06\/01\/mpppst-realiza-jornada-de-venta-de-panales-para-sus-trabajadores\/","name":"MPPPST realiza jornada de venta de pa\u00f1ales para sus trabajadores - MPPPST","isPartOf":{"@id":"https:\/\/www.mpppst.gob.ve\/mpppstweb\/#website"},"primaryImageOfPage":{"@id":"https:\/\/www.mpppst.gob.ve\/mpppstweb\/index.php\/2017\/06\/01\/mpppst-realiza-jornada-de-venta-de-panales-para-sus-trabajadores\/#primaryimage"},"image":{"@id":"https:\/\/www.mpppst.gob.ve\/mpppstweb\/index.php\/2017\/06\/01\/mpppst-realiza-jornada-de-venta-de-panales-para-sus-trabajadores\/#primaryimage"},"thumbnailUrl":"https:\/\/www.mpppst.gob.ve\/mpppstweb\/wp-content\/uploads\/2017\/06\/pa\u00f1ales.jpg","datePublished":"2017-06-02T01:44:28+00:00","dateModified":"2017-06-02T01:44:28+00:00","breadcrumb":{"@id":"https:\/\/www.mpppst.gob.ve\/mpppstweb\/index.php\/2017\/06\/01\/mpppst-realiza-jornada-de-venta-de-panales-para-sus-trabajadores\/#breadcrumb"},"inLanguage":"es","potentialAction":[{"@type":"ReadAction","target":["https:\/\/www.mpppst.gob.ve\/mpppstweb\/index.php\/2017\/06\/01\/mpppst-realiza-jornada-de-venta-de-panales-para-sus-trabajadores\/"]}]},{"@type":"ImageObject","inLanguage":"es","@id":"https:\/\/www.mpppst.gob.ve\/mpppstweb\/index.php\/2017\/06\/01\/mpppst-realiza-jornada-de-venta-de-panales-para-sus-trabajadores\/#primaryimage","url":"https:\/\/www.mpppst.gob.ve\/mpppstweb\/wp-content\/uploads\/2017\/06\/pa\u00f1ales.jpg","contentUrl":"https:\/\/www.mpppst.gob.ve\/mpppstweb\/wp-content\/uploads\/2017\/06\/pa\u00f1ales.jpg","width":800,"height":445},{"@type":"BreadcrumbList","@id":"https:\/\/www.mpppst.gob.ve\/mpppstweb\/index.php\/2017\/06\/01\/mpppst-realiza-jornada-de-venta-de-panales-para-sus-trabajadores\/#breadcrumb","itemListElement":[{"@type":"ListItem","position":1,"name":"Home","item":"https:\/\/www.mpppst.gob.ve\/mpppstweb\/"},{"@type":"ListItem","position":2,"name":"MPPPST realiza jornada de venta de pa\u00f1ales para sus trabajadores"}]},{"@type":"WebSite","@id":"https:\/\/www.mpppst.gob.ve\/mpppstweb\/#website","url":"https:\/\/www.mpppst.gob.ve\/mpppstweb\/","name":"MPPPST","description":"Ministerio del Poder Popular para el Proceso Social de Trabajo","publisher":{"@id":"https:\/\/www.mpppst.gob.ve\/mpppstweb\/#organization"},"potentialAction":[{"@type":"SearchAction","target":{"@type":"EntryPoint","urlTemplate":"https:\/\/www.mpppst.gob.ve\/mpppstweb\/?s={search_term_string}"},"query-input":"required name=search_term_string"}],"inLanguage":"es"},{"@type":"Organization","@id":"https:\/\/www.mpppst.gob.ve\/mpppstweb\/#organization","name":"mpppst","url":"https:\/\/www.mpppst.gob.ve\/mpppstweb\/","logo":{"@type":"ImageObject","inLanguage":"es","@id":"https:\/\/www.mpppst.gob.ve\/mpppstweb\/#\/schema\/logo\/image\/","url":"https:\/\/www.mpppst.gob.ve\/mpppstweb\/wp-content\/uploads\/2025\/07\/cropped-cropped-g910.png","contentUrl":"https:\/\/www.mpppst.gob.ve\/mpppstweb\/wp-content\/uploads\/2025\/07\/cropped-cropped-g910.png","width":1080,"height":241,"caption":"mpppst"},"image":{"@id":"https:\/\/www.mpppst.gob.ve\/mpppstweb\/#\/schema\/logo\/image\/"}},{"@type":"Person","@id":"https:\/\/www.mpppst.gob.ve\/mpppstweb\/#\/schema\/person\/fc187ee8ead412bd4c9304b62f900ea4","name":"MPPPST Prensa","url":"https:\/\/www.mpppst.gob.ve\/mpppstweb\/index.php\/author\/prensa-mpppst\/"}]}},"_links":{"self":[{"href":"https:\/\/www.mpppst.gob.ve\/mpppstweb\/index.php\/wp-json\/wp\/v2\/posts\/11743"}],"collection":[{"href":"https:\/\/www.mpppst.gob.ve\/mpppstweb\/index.php\/wp-json\/wp\/v2\/posts"}],"about":[{"href":"https:\/\/www.mpppst.gob.ve\/mpppstweb\/index.php\/wp-json\/wp\/v2\/types\/post"}],"author":[{"embeddable":true,"href":"https:\/\/www.mpppst.gob.ve\/mpppstweb\/index.php\/wp-json\/wp\/v2\/users\/25"}],"replies":[{"embeddable":true,"href":"https:\/\/www.mpppst.gob.ve\/mpppstweb\/index.php\/wp-json\/wp\/v2\/comments?post=11743"}],"version-history":[{"count":1,"href":"https:\/\/www.mpppst.gob.ve\/mpppstweb\/index.php\/wp-json\/wp\/v2\/posts\/11743\/revisions"}],"predecessor-version":[{"id":11745,"href":"https:\/\/www.mpppst.gob.ve\/mpppstweb\/index.php\/wp-json\/wp\/v2\/posts\/11743\/revisions\/11745"}],"wp:featuredmedia":[{"embeddable":true,"href":"https:\/\/www.mpppst.gob.ve\/mpppstweb\/index.php\/wp-json\/wp\/v2\/media\/11744"}],"wp:attachment":[{"href":"https:\/\/www.mpppst.gob.ve\/mpppstweb\/index.php\/wp-json\/wp\/v2\/media?parent=11743"}],"wp:term":[{"taxonomy":"category","embeddable":true,"href":"https:\/\/www.mpppst.gob.ve\/mpppstweb\/index.php\/wp-json\/wp\/v2\/categories?post=11743"},{"taxonomy":"post_tag","embeddable":true,"href":"https:\/\/www.mpppst.gob.ve\/mpppstweb\/index.php\/wp-json\/wp\/v2\/tags?post=11743"}],"curies":[{"name":"wp","href":"https:\/\/api.w.org\/{rel}","templated":true}]}}