{"id":11939,"date":"2017-06-22T10:33:54","date_gmt":"2017-06-22T14:33:54","guid":{"rendered":"http:\/\/www.mpppst.gob.ve\/mpppstweb\/?p=11939"},"modified":"2017-06-22T10:33:54","modified_gmt":"2017-06-22T14:33:54","slug":"orlando-camacho-paz-social-es-el-mayor-activo-de-los-empresarios","status":"publish","type":"post","link":"https:\/\/www.mpppst.gob.ve\/mpppstweb\/index.php\/2017\/06\/22\/orlando-camacho-paz-social-es-el-mayor-activo-de-los-empresarios\/","title":{"rendered":"Orlando Camacho: \u00abPaz social es el mayor activo de los empresarios\u00bb"},"content":{"rendered":"<p>Fuente: Programa \u201cBoza con Valdez\u201d por VTV\/<\/p>\n<p>Orlando Camacho,\u00a0presidente de la Federaci\u00f3n de Artesanos, Micros, Peque\u00f1as y Medianas Industrias y Empresas de Venezuela (Fedeindustria) y candidato a la Constituyente en su participaci\u00f3n en el programa \u201cBoza\u00a0Con\u00a0Valdez\u201d, indic\u00f3 que el mayor activo de los empresarios es la paz social, \u201cla paz social es fundamental para el desarrollo de la Agenda Econ\u00f3mica Bolivariana \u00a0y la consolidaci\u00f3n de los 15 motores productivos\u201d, s\u00f3lo en Revoluci\u00f3n es posible consolidar una paz duradera fundamentada en la justicia social y suprema felicidad del pueblo.<\/p>\n<p>En tal sentido, indic\u00f3 que Fedeindustria apuesta a la paz del pa\u00eds para poder consolidar el desarrollo productivo de la patria venezolana, con el acompa\u00f1amiento de capacitaci\u00f3n y asesoramiento a los emprendedores peque\u00f1os y medianos industriales.<\/p>\n<p>Asever\u00f3 que la producci\u00f3n nacional se ha fortalecido a partir de la Guerra econ\u00f3mica.<\/p>\n","protected":false},"excerpt":{"rendered":"<p>Fuente: Programa \u201cBoza con Valdez\u201d por VTV\/ Orlando Camacho,\u00a0presidente de la Federaci\u00f3n de Artesanos, Micros, Peque\u00f1as &hellip; <a title=\"Orlando Camacho: \u00abPaz social es el mayor activo de los empresarios\u00bb\" class=\"hm-read-more\" href=\"https:\/\/www.mpppst.gob.ve\/mpppstweb\/index.php\/2017\/06\/22\/orlando-camacho-paz-social-es-el-mayor-activo-de-los-empresarios\/\"><span class=\"screen-reader-text\">Orlando Camacho: \u00abPaz social es el mayor activo de los empresarios\u00bb<\/span>Leer m\u00e1s<\/a><\/p>\n","protected":false},"author":25,"featured_media":11940,"comment_status":"closed","ping_status":"closed","sticky":false,"template":"","format":"standard","meta":{"footnotes":""},"categories":[82,163],"tags":[222],"class_list":["post-11939","post","type-post","status-publish","format-standard","has-post-thumbnail","hentry","category-gobierno-nacional","category-noticias","tag-gobierno-bolivariano"],"yoast_head":"<!-- This site is optimized with the Yoast SEO plugin v28.4 - https:\/\/yoast.com\/product\/yoast-seo-wordpress\/ -->\n<title>Orlando Camacho: &quot;Paz social es el mayor activo de los empresarios&quot; - MPPPST<\/title>\n<meta name=\"robots\" content=\"index, follow, max-snippet:-1, max-image-preview:large, max-video-preview:-1\" \/>\n<link rel=\"canonical\" href=\"https:\/\/www.mpppst.gob.ve\/mpppstweb\/index.php\/2017\/06\/22\/orlando-camacho-paz-social-es-el-mayor-activo-de-los-empresarios\/\" \/>\n<meta property=\"og:locale\" content=\"es_ES\" \/>\n<meta property=\"og:type\" content=\"article\" \/>\n<meta property=\"og:title\" content=\"Orlando Camacho: &quot;Paz social es el mayor activo de los empresarios&quot; - MPPPST\" \/>\n<meta property=\"og:description\" content=\"Fuente: Programa \u201cBoza con Valdez\u201d por VTV\/ Orlando Camacho,\u00a0presidente de la Federaci\u00f3n de Artesanos, Micros, Peque\u00f1as &hellip; Orlando Camacho: \u00abPaz social es el mayor activo de los empresarios\u00bbLeer m\u00e1s\" \/>\n<meta property=\"og:url\" content=\"https:\/\/www.mpppst.gob.ve\/mpppstweb\/index.php\/2017\/06\/22\/orlando-camacho-paz-social-es-el-mayor-activo-de-los-empresarios\/\" \/>\n<meta property=\"og:site_name\" content=\"MPPPST\" \/>\n<meta property=\"article:publisher\" content=\"https:\/\/www.facebook.com\/mintrabajo_ve\" \/>\n<meta property=\"article:published_time\" content=\"2017-06-22T14:33:54+00:00\" \/>\n<meta property=\"og:image\" content=\"https:\/\/www.mpppst.gob.ve\/mpppstweb\/wp-content\/uploads\/2017\/06\/FEDEINDUSTRIA-595x360.jpg\" \/>\n\t<meta property=\"og:image:width\" content=\"800\" \/>\n\t<meta property=\"og:image:height\" content=\"445\" \/>\n\t<meta property=\"og:image:type\" content=\"image\/jpeg\" \/>\n<meta name=\"author\" content=\"MPPPST Prensa\" \/>\n<meta name=\"twitter:card\" content=\"summary_large_image\" \/>\n<script type=\"application\/ld+json\" class=\"yoast-schema-graph\">{\"@context\":\"https:\\\/\\\/schema.org\",\"@graph\":[{\"@type\":\"Article\",\"@id\":\"https:\\\/\\\/www.mpppst.gob.ve\\\/mpppstweb\\\/index.php\\\/2017\\\/06\\\/22\\\/orlando-camacho-paz-social-es-el-mayor-activo-de-los-empresarios\\\/#article\",\"isPartOf\":{\"@id\":\"https:\\\/\\\/www.mpppst.gob.ve\\\/mpppstweb\\\/index.php\\\/2017\\\/06\\\/22\\\/orlando-camacho-paz-social-es-el-mayor-activo-de-los-empresarios\\\/\"},\"author\":{\"name\":\"MPPPST Prensa\",\"@id\":\"https:\\\/\\\/www.mpppst.gob.ve\\\/mpppstweb\\\/#\\\/schema\\\/person\\\/fc187ee8ead412bd4c9304b62f900ea4\"},\"headline\":\"Orlando Camacho: \u00abPaz social es el mayor activo de los empresarios\u00bb\",\"datePublished\":\"2017-06-22T14:33:54+00:00\",\"mainEntityOfPage\":{\"@id\":\"https:\\\/\\\/www.mpppst.gob.ve\\\/mpppstweb\\\/index.php\\\/2017\\\/06\\\/22\\\/orlando-camacho-paz-social-es-el-mayor-activo-de-los-empresarios\\\/\"},\"wordCount\":164,\"publisher\":{\"@id\":\"https:\\\/\\\/www.mpppst.gob.ve\\\/mpppstweb\\\/#organization\"},\"image\":{\"@id\":\"https:\\\/\\\/www.mpppst.gob.ve\\\/mpppstweb\\\/index.php\\\/2017\\\/06\\\/22\\\/orlando-camacho-paz-social-es-el-mayor-activo-de-los-empresarios\\\/#primaryimage\"},\"thumbnailUrl\":\"https:\\\/\\\/www.mpppst.gob.ve\\\/mpppstweb\\\/wp-content\\\/uploads\\\/2017\\\/06\\\/FEDEINDUSTRIA-595x360.jpg\",\"keywords\":[\"Gobierno Bolivariano\"],\"articleSection\":[\"Gobierno Nacional\",\"Noticias\"],\"inLanguage\":\"es\"},{\"@type\":\"WebPage\",\"@id\":\"https:\\\/\\\/www.mpppst.gob.ve\\\/mpppstweb\\\/index.php\\\/2017\\\/06\\\/22\\\/orlando-camacho-paz-social-es-el-mayor-activo-de-los-empresarios\\\/\",\"url\":\"https:\\\/\\\/www.mpppst.gob.ve\\\/mpppstweb\\\/index.php\\\/2017\\\/06\\\/22\\\/orlando-camacho-paz-social-es-el-mayor-activo-de-los-empresarios\\\/\",\"name\":\"Orlando Camacho: \\\"Paz social es el mayor activo de los empresarios\\\" - MPPPST\",\"isPartOf\":{\"@id\":\"https:\\\/\\\/www.mpppst.gob.ve\\\/mpppstweb\\\/#website\"},\"primaryImageOfPage\":{\"@id\":\"https:\\\/\\\/www.mpppst.gob.ve\\\/mpppstweb\\\/index.php\\\/2017\\\/06\\\/22\\\/orlando-camacho-paz-social-es-el-mayor-activo-de-los-empresarios\\\/#primaryimage\"},\"image\":{\"@id\":\"https:\\\/\\\/www.mpppst.gob.ve\\\/mpppstweb\\\/index.php\\\/2017\\\/06\\\/22\\\/orlando-camacho-paz-social-es-el-mayor-activo-de-los-empresarios\\\/#primaryimage\"},\"thumbnailUrl\":\"https:\\\/\\\/www.mpppst.gob.ve\\\/mpppstweb\\\/wp-content\\\/uploads\\\/2017\\\/06\\\/FEDEINDUSTRIA-595x360.jpg\",\"datePublished\":\"2017-06-22T14:33:54+00:00\",\"breadcrumb\":{\"@id\":\"https:\\\/\\\/www.mpppst.gob.ve\\\/mpppstweb\\\/index.php\\\/2017\\\/06\\\/22\\\/orlando-camacho-paz-social-es-el-mayor-activo-de-los-empresarios\\\/#breadcrumb\"},\"inLanguage\":\"es\",\"potentialAction\":[{\"@type\":\"ReadAction\",\"target\":[\"https:\\\/\\\/www.mpppst.gob.ve\\\/mpppstweb\\\/index.php\\\/2017\\\/06\\\/22\\\/orlando-camacho-paz-social-es-el-mayor-activo-de-los-empresarios\\\/\"]}]},{\"@type\":\"ImageObject\",\"inLanguage\":\"es\",\"@id\":\"https:\\\/\\\/www.mpppst.gob.ve\\\/mpppstweb\\\/index.php\\\/2017\\\/06\\\/22\\\/orlando-camacho-paz-social-es-el-mayor-activo-de-los-empresarios\\\/#primaryimage\",\"url\":\"https:\\\/\\\/www.mpppst.gob.ve\\\/mpppstweb\\\/wp-content\\\/uploads\\\/2017\\\/06\\\/FEDEINDUSTRIA-595x360.jpg\",\"contentUrl\":\"https:\\\/\\\/www.mpppst.gob.ve\\\/mpppstweb\\\/wp-content\\\/uploads\\\/2017\\\/06\\\/FEDEINDUSTRIA-595x360.jpg\",\"width\":800,\"height\":445},{\"@type\":\"BreadcrumbList\",\"@id\":\"https:\\\/\\\/www.mpppst.gob.ve\\\/mpppstweb\\\/index.php\\\/2017\\\/06\\\/22\\\/orlando-camacho-paz-social-es-el-mayor-activo-de-los-empresarios\\\/#breadcrumb\",\"itemListElement\":[{\"@type\":\"ListItem\",\"position\":1,\"name\":\"Home\",\"item\":\"https:\\\/\\\/www.mpppst.gob.ve\\\/mpppstweb\\\/\"},{\"@type\":\"ListItem\",\"position\":2,\"name\":\"Orlando Camacho: \u00abPaz social es el mayor activo de los empresarios\u00bb\"}]},{\"@type\":\"WebSite\",\"@id\":\"https:\\\/\\\/www.mpppst.gob.ve\\\/mpppstweb\\\/#website\",\"url\":\"https:\\\/\\\/www.mpppst.gob.ve\\\/mpppstweb\\\/\",\"name\":\"MPPPST\",\"description\":\"Sitio web oficial del Ministerio del Poder Popular para el Proceso Social de Trabajo\",\"publisher\":{\"@id\":\"https:\\\/\\\/www.mpppst.gob.ve\\\/mpppstweb\\\/#organization\"},\"alternateName\":\"Ministerio del Poder Popular para el Proceso Social de Trabajo\",\"potentialAction\":[{\"@type\":\"SearchAction\",\"target\":{\"@type\":\"EntryPoint\",\"urlTemplate\":\"https:\\\/\\\/www.mpppst.gob.ve\\\/mpppstweb\\\/?s={search_term_string}\"},\"query-input\":{\"@type\":\"PropertyValueSpecification\",\"valueRequired\":true,\"valueName\":\"search_term_string\"}}],\"inLanguage\":\"es\"},{\"@type\":\"Organization\",\"@id\":\"https:\\\/\\\/www.mpppst.gob.ve\\\/mpppstweb\\\/#organization\",\"name\":\"Ministerio del Poder Popular para el Proceso Social de Trabajo\",\"alternateName\":\"MPPPST\",\"url\":\"https:\\\/\\\/www.mpppst.gob.ve\\\/mpppstweb\\\/\",\"logo\":{\"@type\":\"ImageObject\",\"inLanguage\":\"es\",\"@id\":\"https:\\\/\\\/www.mpppst.gob.ve\\\/mpppstweb\\\/#\\\/schema\\\/logo\\\/image\\\/\",\"url\":\"https:\\\/\\\/www.mpppst.gob.ve\\\/mpppstweb\\\/wp-content\\\/uploads\\\/2025\\\/07\\\/cropped-cropped-g910.png\",\"contentUrl\":\"https:\\\/\\\/www.mpppst.gob.ve\\\/mpppstweb\\\/wp-content\\\/uploads\\\/2025\\\/07\\\/cropped-cropped-g910.png\",\"width\":1080,\"height\":241,\"caption\":\"Ministerio del Poder Popular para el Proceso Social de Trabajo\"},\"image\":{\"@id\":\"https:\\\/\\\/www.mpppst.gob.ve\\\/mpppstweb\\\/#\\\/schema\\\/logo\\\/image\\\/\"},\"sameAs\":[\"https:\\\/\\\/www.facebook.com\\\/mintrabajo_ve\",\"https:\\\/\\\/www.instagram.com\\\/mintrabajo_ve\\\/\",\"https:\\\/\\\/www.tiktok.com\\\/@mintrabajo_ve\",\"https:\\\/\\\/t.me\\\/mpppst\"]},{\"@type\":\"Person\",\"@id\":\"https:\\\/\\\/www.mpppst.gob.ve\\\/mpppstweb\\\/#\\\/schema\\\/person\\\/fc187ee8ead412bd4c9304b62f900ea4\",\"name\":\"MPPPST Prensa\",\"url\":\"https:\\\/\\\/www.mpppst.gob.ve\\\/mpppstweb\\\/index.php\\\/author\\\/prensa-mpppst\\\/\"}]}<\/script>\n<!-- \/ Yoast SEO plugin. -->","yoast_head_json":{"title":"Orlando Camacho: \"Paz social es el mayor activo de los empresarios\" - MPPPST","robots":{"index":"index","follow":"follow","max-snippet":"max-snippet:-1","max-image-preview":"max-image-preview:large","max-video-preview":"max-video-preview:-1"},"canonical":"https:\/\/www.mpppst.gob.ve\/mpppstweb\/index.php\/2017\/06\/22\/orlando-camacho-paz-social-es-el-mayor-activo-de-los-empresarios\/","og_locale":"es_ES","og_type":"article","og_title":"Orlando Camacho: \"Paz social es el mayor activo de los empresarios\" - MPPPST","og_description":"Fuente: Programa \u201cBoza con Valdez\u201d por VTV\/ Orlando Camacho,\u00a0presidente de la Federaci\u00f3n de Artesanos, Micros, Peque\u00f1as &hellip; Orlando Camacho: \u00abPaz social es el mayor activo de los empresarios\u00bbLeer m\u00e1s","og_url":"https:\/\/www.mpppst.gob.ve\/mpppstweb\/index.php\/2017\/06\/22\/orlando-camacho-paz-social-es-el-mayor-activo-de-los-empresarios\/","og_site_name":"MPPPST","article_publisher":"https:\/\/www.facebook.com\/mintrabajo_ve","article_published_time":"2017-06-22T14:33:54+00:00","og_image":[{"width":800,"height":445,"url":"https:\/\/www.mpppst.gob.ve\/mpppstweb\/wp-content\/uploads\/2017\/06\/FEDEINDUSTRIA-595x360.jpg","type":"image\/jpeg"}],"author":"MPPPST Prensa","twitter_card":"summary_large_image","schema":{"@context":"https:\/\/schema.org","@graph":[{"@type":"Article","@id":"https:\/\/www.mpppst.gob.ve\/mpppstweb\/index.php\/2017\/06\/22\/orlando-camacho-paz-social-es-el-mayor-activo-de-los-empresarios\/#article","isPartOf":{"@id":"https:\/\/www.mpppst.gob.ve\/mpppstweb\/index.php\/2017\/06\/22\/orlando-camacho-paz-social-es-el-mayor-activo-de-los-empresarios\/"},"author":{"name":"MPPPST Prensa","@id":"https:\/\/www.mpppst.gob.ve\/mpppstweb\/#\/schema\/person\/fc187ee8ead412bd4c9304b62f900ea4"},"headline":"Orlando Camacho: \u00abPaz social es el mayor activo de los empresarios\u00bb","datePublished":"2017-06-22T14:33:54+00:00","mainEntityOfPage":{"@id":"https:\/\/www.mpppst.gob.ve\/mpppstweb\/index.php\/2017\/06\/22\/orlando-camacho-paz-social-es-el-mayor-activo-de-los-empresarios\/"},"wordCount":164,"publisher":{"@id":"https:\/\/www.mpppst.gob.ve\/mpppstweb\/#organization"},"image":{"@id":"https:\/\/www.mpppst.gob.ve\/mpppstweb\/index.php\/2017\/06\/22\/orlando-camacho-paz-social-es-el-mayor-activo-de-los-empresarios\/#primaryimage"},"thumbnailUrl":"https:\/\/www.mpppst.gob.ve\/mpppstweb\/wp-content\/uploads\/2017\/06\/FEDEINDUSTRIA-595x360.jpg","keywords":["Gobierno Bolivariano"],"articleSection":["Gobierno Nacional","Noticias"],"inLanguage":"es"},{"@type":"WebPage","@id":"https:\/\/www.mpppst.gob.ve\/mpppstweb\/index.php\/2017\/06\/22\/orlando-camacho-paz-social-es-el-mayor-activo-de-los-empresarios\/","url":"https:\/\/www.mpppst.gob.ve\/mpppstweb\/index.php\/2017\/06\/22\/orlando-camacho-paz-social-es-el-mayor-activo-de-los-empresarios\/","name":"Orlando Camacho: \"Paz social es el mayor activo de los empresarios\" - MPPPST","isPartOf":{"@id":"https:\/\/www.mpppst.gob.ve\/mpppstweb\/#website"},"primaryImageOfPage":{"@id":"https:\/\/www.mpppst.gob.ve\/mpppstweb\/index.php\/2017\/06\/22\/orlando-camacho-paz-social-es-el-mayor-activo-de-los-empresarios\/#primaryimage"},"image":{"@id":"https:\/\/www.mpppst.gob.ve\/mpppstweb\/index.php\/2017\/06\/22\/orlando-camacho-paz-social-es-el-mayor-activo-de-los-empresarios\/#primaryimage"},"thumbnailUrl":"https:\/\/www.mpppst.gob.ve\/mpppstweb\/wp-content\/uploads\/2017\/06\/FEDEINDUSTRIA-595x360.jpg","datePublished":"2017-06-22T14:33:54+00:00","breadcrumb":{"@id":"https:\/\/www.mpppst.gob.ve\/mpppstweb\/index.php\/2017\/06\/22\/orlando-camacho-paz-social-es-el-mayor-activo-de-los-empresarios\/#breadcrumb"},"inLanguage":"es","potentialAction":[{"@type":"ReadAction","target":["https:\/\/www.mpppst.gob.ve\/mpppstweb\/index.php\/2017\/06\/22\/orlando-camacho-paz-social-es-el-mayor-activo-de-los-empresarios\/"]}]},{"@type":"ImageObject","inLanguage":"es","@id":"https:\/\/www.mpppst.gob.ve\/mpppstweb\/index.php\/2017\/06\/22\/orlando-camacho-paz-social-es-el-mayor-activo-de-los-empresarios\/#primaryimage","url":"https:\/\/www.mpppst.gob.ve\/mpppstweb\/wp-content\/uploads\/2017\/06\/FEDEINDUSTRIA-595x360.jpg","contentUrl":"https:\/\/www.mpppst.gob.ve\/mpppstweb\/wp-content\/uploads\/2017\/06\/FEDEINDUSTRIA-595x360.jpg","width":800,"height":445},{"@type":"BreadcrumbList","@id":"https:\/\/www.mpppst.gob.ve\/mpppstweb\/index.php\/2017\/06\/22\/orlando-camacho-paz-social-es-el-mayor-activo-de-los-empresarios\/#breadcrumb","itemListElement":[{"@type":"ListItem","position":1,"name":"Home","item":"https:\/\/www.mpppst.gob.ve\/mpppstweb\/"},{"@type":"ListItem","position":2,"name":"Orlando Camacho: \u00abPaz social es el mayor activo de los empresarios\u00bb"}]},{"@type":"WebSite","@id":"https:\/\/www.mpppst.gob.ve\/mpppstweb\/#website","url":"https:\/\/www.mpppst.gob.ve\/mpppstweb\/","name":"MPPPST","description":"Sitio web oficial del Ministerio del Poder Popular para el Proceso Social de Trabajo","publisher":{"@id":"https:\/\/www.mpppst.gob.ve\/mpppstweb\/#organization"},"alternateName":"Ministerio del Poder Popular para el Proceso Social de Trabajo","potentialAction":[{"@type":"SearchAction","target":{"@type":"EntryPoint","urlTemplate":"https:\/\/www.mpppst.gob.ve\/mpppstweb\/?s={search_term_string}"},"query-input":{"@type":"PropertyValueSpecification","valueRequired":true,"valueName":"search_term_string"}}],"inLanguage":"es"},{"@type":"Organization","@id":"https:\/\/www.mpppst.gob.ve\/mpppstweb\/#organization","name":"Ministerio del Poder Popular para el Proceso Social de Trabajo","alternateName":"MPPPST","url":"https:\/\/www.mpppst.gob.ve\/mpppstweb\/","logo":{"@type":"ImageObject","inLanguage":"es","@id":"https:\/\/www.mpppst.gob.ve\/mpppstweb\/#\/schema\/logo\/image\/","url":"https:\/\/www.mpppst.gob.ve\/mpppstweb\/wp-content\/uploads\/2025\/07\/cropped-cropped-g910.png","contentUrl":"https:\/\/www.mpppst.gob.ve\/mpppstweb\/wp-content\/uploads\/2025\/07\/cropped-cropped-g910.png","width":1080,"height":241,"caption":"Ministerio del Poder Popular para el Proceso Social de Trabajo"},"image":{"@id":"https:\/\/www.mpppst.gob.ve\/mpppstweb\/#\/schema\/logo\/image\/"},"sameAs":["https:\/\/www.facebook.com\/mintrabajo_ve","https:\/\/www.instagram.com\/mintrabajo_ve\/","https:\/\/www.tiktok.com\/@mintrabajo_ve","https:\/\/t.me\/mpppst"]},{"@type":"Person","@id":"https:\/\/www.mpppst.gob.ve\/mpppstweb\/#\/schema\/person\/fc187ee8ead412bd4c9304b62f900ea4","name":"MPPPST Prensa","url":"https:\/\/www.mpppst.gob.ve\/mpppstweb\/index.php\/author\/prensa-mpppst\/"}]}},"_links":{"self":[{"href":"https:\/\/www.mpppst.gob.ve\/mpppstweb\/index.php\/wp-json\/wp\/v2\/posts\/11939","targetHints":{"allow":["GET"]}}],"collection":[{"href":"https:\/\/www.mpppst.gob.ve\/mpppstweb\/index.php\/wp-json\/wp\/v2\/posts"}],"about":[{"href":"https:\/\/www.mpppst.gob.ve\/mpppstweb\/index.php\/wp-json\/wp\/v2\/types\/post"}],"author":[{"embeddable":true,"href":"https:\/\/www.mpppst.gob.ve\/mpppstweb\/index.php\/wp-json\/wp\/v2\/users\/25"}],"replies":[{"embeddable":true,"href":"https:\/\/www.mpppst.gob.ve\/mpppstweb\/index.php\/wp-json\/wp\/v2\/comments?post=11939"}],"version-history":[{"count":1,"href":"https:\/\/www.mpppst.gob.ve\/mpppstweb\/index.php\/wp-json\/wp\/v2\/posts\/11939\/revisions"}],"predecessor-version":[{"id":11941,"href":"https:\/\/www.mpppst.gob.ve\/mpppstweb\/index.php\/wp-json\/wp\/v2\/posts\/11939\/revisions\/11941"}],"wp:featuredmedia":[{"embeddable":true,"href":"https:\/\/www.mpppst.gob.ve\/mpppstweb\/index.php\/wp-json\/wp\/v2\/media\/11940"}],"wp:attachment":[{"href":"https:\/\/www.mpppst.gob.ve\/mpppstweb\/index.php\/wp-json\/wp\/v2\/media?parent=11939"}],"wp:term":[{"taxonomy":"category","embeddable":true,"href":"https:\/\/www.mpppst.gob.ve\/mpppstweb\/index.php\/wp-json\/wp\/v2\/categories?post=11939"},{"taxonomy":"post_tag","embeddable":true,"href":"https:\/\/www.mpppst.gob.ve\/mpppstweb\/index.php\/wp-json\/wp\/v2\/tags?post=11939"}],"curies":[{"name":"wp","href":"https:\/\/api.w.org\/{rel}","templated":true}]}}