{"id":12003,"date":"2017-06-27T16:40:29","date_gmt":"2017-06-27T20:40:29","guid":{"rendered":"http:\/\/www.mpppst.gob.ve\/mpppstweb\/?p=12003"},"modified":"2017-06-27T16:40:29","modified_gmt":"2017-06-27T20:40:29","slug":"presidente-maduro-debemos-garantizar-que-la-anc-se-instale-para-el-nuevo-comienzo-de-la-historia","status":"publish","type":"post","link":"https:\/\/www.mpppst.gob.ve\/mpppstweb\/index.php\/2017\/06\/27\/presidente-maduro-debemos-garantizar-que-la-anc-se-instale-para-el-nuevo-comienzo-de-la-historia\/","title":{"rendered":"Presidente Maduro: \u201cDebemos garantizar que la ANC se instale para el nuevo comienzo de la historia\u201d"},"content":{"rendered":"<p>Marbelys Mav\u00e1rez Laguna<\/p>\n<p>El Presidente Nicol\u00e1s Maduro invit\u00f3 a todos los sectores del pa\u00eds a participar en el proceso Constituyente con el fin de garantizar la paz en Venezuela, tanto de las presentes como de las futuras generaciones. Tal exhorto lo hizo desde el Poliedro, desde donde fueron juramentados los nueve sectores que participar\u00e1n en el referido proceso.<\/p>\n<p>Destac\u00f3 que Venezuela necesita un nuevo impulso, dado que la derecha tranc\u00f3 el juego. A\u00f1adi\u00f3 que lo que busca la derecha del pa\u00eds con sus aliados en el exterior es asumir el control de las riquezas y promover la divisi\u00f3n en la poblaci\u00f3n.<\/p>\n<p>De all\u00ed la importancia que sectores como el de la juventud participen en este proceso y que promuevan la creaci\u00f3n de un cap\u00edtulo referido a la juventud para garantizar el futuro de la Patria. \u201cEsta ANC debe ponerse frente a los retos de la juventud venezolana\u201d.<\/p>\n<p>Vale destacar que adem\u00e1s del sector juventud, tambi\u00e9n est\u00e1n participando los sectores: trabajadores, estudiantes, comunas, campesinos y pescadores, pensionados, personas con discapacidad, empresarios, comunidades ind\u00edgenas.<\/p>\n<p><strong>Anuncios<\/strong><\/p>\n<p>Uno de los anuncios realizados por el Primer Mandatario fue se crear\u00e1n \u00a0200 mil empleos m\u00e1s para la juventud que quiere trabajar y educarse. Estos empleos se crear\u00e1n de agosto a diciembre.<\/p>\n<p>Tambi\u00e9n se\u00f1al\u00f3 que la pr\u00f3xima semana lanzar\u00e1 el \u201cPlan Nacional de Parto Humanizado\u201d, para acompa\u00f1ar a las mujeres en su proceso de gestaci\u00f3n.<\/p>\n<p><strong>Instrucciones para la militancia <\/strong><\/p>\n<p>El Primer Mandatario Nacional manifest\u00f3 que a partir de hoy deben instalarse los Comandos de Campa\u00f1a Constituyentes en todos los sectores sociales del pa\u00eds.<\/p>\n<p>Tambi\u00e9n puso de manifiesto que hay que crear un Comando de Campa\u00f1a de Movilizaci\u00f3n en cada Comit\u00e9s Locales de Abastecimiento y Producci\u00f3n (Clap), Consejo Comunal, liceo y escuela.<\/p>\n<p>Por su parte, los pensionados y pensionadas deben fundar sus Comit\u00e9s Constituyente para contactar, llamar, conseguir y llevar a votar a los 3 millones de pensionados y pensionadas que est\u00e1n en el Registro.<\/p>\n<p>A los estudiantes universitarios les dijo que, desde ya, tienen que buscar el registro de votante por Universidades y liceos y junto a la Federaci\u00f3n de Estudiantes de Educaci\u00f3n Media y Universitaria, buscar los 2 millones 800 mil votantes que tienen los estudiantes para elegir sus 24 Constituyentes.<\/p>\n<p>Los campesinos y pescadores, deben ir hasta el \u00faltimo pueblo, granja, campo y r\u00edos a buscar a todos los compatriotas para salir el 30 de julio a votar.<\/p>\n<p>&nbsp;<\/p>\n","protected":false},"excerpt":{"rendered":"<p>Marbelys Mav\u00e1rez Laguna El Presidente Nicol\u00e1s Maduro invit\u00f3 a todos los sectores del pa\u00eds a participar &hellip; <a title=\"Presidente Maduro: \u201cDebemos garantizar que la ANC se instale para el nuevo comienzo de la historia\u201d\" class=\"hm-read-more\" href=\"https:\/\/www.mpppst.gob.ve\/mpppstweb\/index.php\/2017\/06\/27\/presidente-maduro-debemos-garantizar-que-la-anc-se-instale-para-el-nuevo-comienzo-de-la-historia\/\"><span class=\"screen-reader-text\">Presidente Maduro: \u201cDebemos garantizar que la ANC se instale para el nuevo comienzo de la historia\u201d<\/span>Read more<\/a><\/p>\n","protected":false},"author":25,"featured_media":12004,"comment_status":"closed","ping_status":"closed","sticky":false,"template":"","format":"standard","meta":{"footnotes":""},"categories":[82,163,84],"tags":[],"yoast_head":"<!-- This site is optimized with the Yoast SEO plugin v22.5 - https:\/\/yoast.com\/wordpress\/plugins\/seo\/ -->\n<title>Presidente Maduro: \u201cDebemos garantizar que la ANC se instale para el nuevo comienzo de la historia\u201d - MPPPST<\/title>\n<meta name=\"robots\" content=\"index, follow, max-snippet:-1, max-image-preview:large, max-video-preview:-1\" \/>\n<link rel=\"canonical\" href=\"https:\/\/www.mpppst.gob.ve\/mpppstweb\/index.php\/2017\/06\/27\/presidente-maduro-debemos-garantizar-que-la-anc-se-instale-para-el-nuevo-comienzo-de-la-historia\/\" \/>\n<meta property=\"og:locale\" content=\"es_ES\" \/>\n<meta property=\"og:type\" content=\"article\" \/>\n<meta property=\"og:title\" content=\"Presidente Maduro: \u201cDebemos garantizar que la ANC se instale para el nuevo comienzo de la historia\u201d - MPPPST\" \/>\n<meta property=\"og:description\" content=\"Marbelys Mav\u00e1rez Laguna El Presidente Nicol\u00e1s Maduro invit\u00f3 a todos los sectores del pa\u00eds a participar &hellip; Presidente Maduro: \u201cDebemos garantizar que la ANC se instale para el nuevo comienzo de la historia\u201dRead more\" \/>\n<meta property=\"og:url\" content=\"https:\/\/www.mpppst.gob.ve\/mpppstweb\/index.php\/2017\/06\/27\/presidente-maduro-debemos-garantizar-que-la-anc-se-instale-para-el-nuevo-comienzo-de-la-historia\/\" \/>\n<meta property=\"og:site_name\" content=\"MPPPST\" \/>\n<meta property=\"article:published_time\" content=\"2017-06-27T20:40:29+00:00\" \/>\n<meta property=\"og:image\" content=\"https:\/\/www.mpppst.gob.ve\/mpppstweb\/wp-content\/uploads\/2017\/06\/poliedro.jpg\" \/>\n\t<meta property=\"og:image:width\" content=\"800\" \/>\n\t<meta property=\"og:image:height\" content=\"445\" \/>\n\t<meta property=\"og:image:type\" content=\"image\/jpeg\" \/>\n<meta name=\"author\" content=\"MPPPST Prensa\" \/>\n<meta name=\"twitter:card\" content=\"summary_large_image\" \/>\n<meta name=\"twitter:label1\" content=\"Escrito por\" \/>\n\t<meta name=\"twitter:data1\" content=\"MPPPST Prensa\" \/>\n\t<meta name=\"twitter:label2\" content=\"Tiempo de lectura\" \/>\n\t<meta name=\"twitter:data2\" content=\"2 minutos\" \/>\n<script type=\"application\/ld+json\" class=\"yoast-schema-graph\">{\"@context\":\"https:\/\/schema.org\",\"@graph\":[{\"@type\":\"Article\",\"@id\":\"https:\/\/www.mpppst.gob.ve\/mpppstweb\/index.php\/2017\/06\/27\/presidente-maduro-debemos-garantizar-que-la-anc-se-instale-para-el-nuevo-comienzo-de-la-historia\/#article\",\"isPartOf\":{\"@id\":\"https:\/\/www.mpppst.gob.ve\/mpppstweb\/index.php\/2017\/06\/27\/presidente-maduro-debemos-garantizar-que-la-anc-se-instale-para-el-nuevo-comienzo-de-la-historia\/\"},\"author\":{\"name\":\"MPPPST Prensa\",\"@id\":\"https:\/\/www.mpppst.gob.ve\/mpppstweb\/#\/schema\/person\/fc187ee8ead412bd4c9304b62f900ea4\"},\"headline\":\"Presidente Maduro: \u201cDebemos garantizar que la ANC se instale para el nuevo comienzo de la historia\u201d\",\"datePublished\":\"2017-06-27T20:40:29+00:00\",\"dateModified\":\"2017-06-27T20:40:29+00:00\",\"mainEntityOfPage\":{\"@id\":\"https:\/\/www.mpppst.gob.ve\/mpppstweb\/index.php\/2017\/06\/27\/presidente-maduro-debemos-garantizar-que-la-anc-se-instale-para-el-nuevo-comienzo-de-la-historia\/\"},\"wordCount\":438,\"publisher\":{\"@id\":\"https:\/\/www.mpppst.gob.ve\/mpppstweb\/#organization\"},\"image\":{\"@id\":\"https:\/\/www.mpppst.gob.ve\/mpppstweb\/index.php\/2017\/06\/27\/presidente-maduro-debemos-garantizar-que-la-anc-se-instale-para-el-nuevo-comienzo-de-la-historia\/#primaryimage\"},\"thumbnailUrl\":\"https:\/\/www.mpppst.gob.ve\/mpppstweb\/wp-content\/uploads\/2017\/06\/poliedro.jpg\",\"articleSection\":[\"Gobierno Nacional\",\"Noticias\",\"Vida Laboral y Sindical\"],\"inLanguage\":\"es\"},{\"@type\":\"WebPage\",\"@id\":\"https:\/\/www.mpppst.gob.ve\/mpppstweb\/index.php\/2017\/06\/27\/presidente-maduro-debemos-garantizar-que-la-anc-se-instale-para-el-nuevo-comienzo-de-la-historia\/\",\"url\":\"https:\/\/www.mpppst.gob.ve\/mpppstweb\/index.php\/2017\/06\/27\/presidente-maduro-debemos-garantizar-que-la-anc-se-instale-para-el-nuevo-comienzo-de-la-historia\/\",\"name\":\"Presidente Maduro: \u201cDebemos garantizar que la ANC se instale para el nuevo comienzo de la historia\u201d - MPPPST\",\"isPartOf\":{\"@id\":\"https:\/\/www.mpppst.gob.ve\/mpppstweb\/#website\"},\"primaryImageOfPage\":{\"@id\":\"https:\/\/www.mpppst.gob.ve\/mpppstweb\/index.php\/2017\/06\/27\/presidente-maduro-debemos-garantizar-que-la-anc-se-instale-para-el-nuevo-comienzo-de-la-historia\/#primaryimage\"},\"image\":{\"@id\":\"https:\/\/www.mpppst.gob.ve\/mpppstweb\/index.php\/2017\/06\/27\/presidente-maduro-debemos-garantizar-que-la-anc-se-instale-para-el-nuevo-comienzo-de-la-historia\/#primaryimage\"},\"thumbnailUrl\":\"https:\/\/www.mpppst.gob.ve\/mpppstweb\/wp-content\/uploads\/2017\/06\/poliedro.jpg\",\"datePublished\":\"2017-06-27T20:40:29+00:00\",\"dateModified\":\"2017-06-27T20:40:29+00:00\",\"breadcrumb\":{\"@id\":\"https:\/\/www.mpppst.gob.ve\/mpppstweb\/index.php\/2017\/06\/27\/presidente-maduro-debemos-garantizar-que-la-anc-se-instale-para-el-nuevo-comienzo-de-la-historia\/#breadcrumb\"},\"inLanguage\":\"es\",\"potentialAction\":[{\"@type\":\"ReadAction\",\"target\":[\"https:\/\/www.mpppst.gob.ve\/mpppstweb\/index.php\/2017\/06\/27\/presidente-maduro-debemos-garantizar-que-la-anc-se-instale-para-el-nuevo-comienzo-de-la-historia\/\"]}]},{\"@type\":\"ImageObject\",\"inLanguage\":\"es\",\"@id\":\"https:\/\/www.mpppst.gob.ve\/mpppstweb\/index.php\/2017\/06\/27\/presidente-maduro-debemos-garantizar-que-la-anc-se-instale-para-el-nuevo-comienzo-de-la-historia\/#primaryimage\",\"url\":\"https:\/\/www.mpppst.gob.ve\/mpppstweb\/wp-content\/uploads\/2017\/06\/poliedro.jpg\",\"contentUrl\":\"https:\/\/www.mpppst.gob.ve\/mpppstweb\/wp-content\/uploads\/2017\/06\/poliedro.jpg\",\"width\":800,\"height\":445},{\"@type\":\"BreadcrumbList\",\"@id\":\"https:\/\/www.mpppst.gob.ve\/mpppstweb\/index.php\/2017\/06\/27\/presidente-maduro-debemos-garantizar-que-la-anc-se-instale-para-el-nuevo-comienzo-de-la-historia\/#breadcrumb\",\"itemListElement\":[{\"@type\":\"ListItem\",\"position\":1,\"name\":\"Home\",\"item\":\"https:\/\/www.mpppst.gob.ve\/mpppstweb\/\"},{\"@type\":\"ListItem\",\"position\":2,\"name\":\"Presidente Maduro: \u201cDebemos garantizar que la ANC se instale para el nuevo comienzo de la historia\u201d\"}]},{\"@type\":\"WebSite\",\"@id\":\"https:\/\/www.mpppst.gob.ve\/mpppstweb\/#website\",\"url\":\"https:\/\/www.mpppst.gob.ve\/mpppstweb\/\",\"name\":\"MPPPST\",\"description\":\"Ministerio del Poder Popular para el Proceso Social de Trabajo\",\"publisher\":{\"@id\":\"https:\/\/www.mpppst.gob.ve\/mpppstweb\/#organization\"},\"potentialAction\":[{\"@type\":\"SearchAction\",\"target\":{\"@type\":\"EntryPoint\",\"urlTemplate\":\"https:\/\/www.mpppst.gob.ve\/mpppstweb\/?s={search_term_string}\"},\"query-input\":\"required name=search_term_string\"}],\"inLanguage\":\"es\"},{\"@type\":\"Organization\",\"@id\":\"https:\/\/www.mpppst.gob.ve\/mpppstweb\/#organization\",\"name\":\"mpppst\",\"url\":\"https:\/\/www.mpppst.gob.ve\/mpppstweb\/\",\"logo\":{\"@type\":\"ImageObject\",\"inLanguage\":\"es\",\"@id\":\"https:\/\/www.mpppst.gob.ve\/mpppstweb\/#\/schema\/logo\/image\/\",\"url\":\"https:\/\/www.mpppst.gob.ve\/mpppstweb\/wp-content\/uploads\/2025\/07\/cropped-cropped-g910.png\",\"contentUrl\":\"https:\/\/www.mpppst.gob.ve\/mpppstweb\/wp-content\/uploads\/2025\/07\/cropped-cropped-g910.png\",\"width\":1080,\"height\":241,\"caption\":\"mpppst\"},\"image\":{\"@id\":\"https:\/\/www.mpppst.gob.ve\/mpppstweb\/#\/schema\/logo\/image\/\"}},{\"@type\":\"Person\",\"@id\":\"https:\/\/www.mpppst.gob.ve\/mpppstweb\/#\/schema\/person\/fc187ee8ead412bd4c9304b62f900ea4\",\"name\":\"MPPPST Prensa\",\"url\":\"https:\/\/www.mpppst.gob.ve\/mpppstweb\/index.php\/author\/prensa-mpppst\/\"}]}<\/script>\n<!-- \/ Yoast SEO plugin. -->","yoast_head_json":{"title":"Presidente Maduro: \u201cDebemos garantizar que la ANC se instale para el nuevo comienzo de la historia\u201d - MPPPST","robots":{"index":"index","follow":"follow","max-snippet":"max-snippet:-1","max-image-preview":"max-image-preview:large","max-video-preview":"max-video-preview:-1"},"canonical":"https:\/\/www.mpppst.gob.ve\/mpppstweb\/index.php\/2017\/06\/27\/presidente-maduro-debemos-garantizar-que-la-anc-se-instale-para-el-nuevo-comienzo-de-la-historia\/","og_locale":"es_ES","og_type":"article","og_title":"Presidente Maduro: \u201cDebemos garantizar que la ANC se instale para el nuevo comienzo de la historia\u201d - MPPPST","og_description":"Marbelys Mav\u00e1rez Laguna El Presidente Nicol\u00e1s Maduro invit\u00f3 a todos los sectores del pa\u00eds a participar &hellip; Presidente Maduro: \u201cDebemos garantizar que la ANC se instale para el nuevo comienzo de la historia\u201dRead more","og_url":"https:\/\/www.mpppst.gob.ve\/mpppstweb\/index.php\/2017\/06\/27\/presidente-maduro-debemos-garantizar-que-la-anc-se-instale-para-el-nuevo-comienzo-de-la-historia\/","og_site_name":"MPPPST","article_published_time":"2017-06-27T20:40:29+00:00","og_image":[{"width":800,"height":445,"url":"https:\/\/www.mpppst.gob.ve\/mpppstweb\/wp-content\/uploads\/2017\/06\/poliedro.jpg","type":"image\/jpeg"}],"author":"MPPPST Prensa","twitter_card":"summary_large_image","twitter_misc":{"Escrito por":"MPPPST Prensa","Tiempo de lectura":"2 minutos"},"schema":{"@context":"https:\/\/schema.org","@graph":[{"@type":"Article","@id":"https:\/\/www.mpppst.gob.ve\/mpppstweb\/index.php\/2017\/06\/27\/presidente-maduro-debemos-garantizar-que-la-anc-se-instale-para-el-nuevo-comienzo-de-la-historia\/#article","isPartOf":{"@id":"https:\/\/www.mpppst.gob.ve\/mpppstweb\/index.php\/2017\/06\/27\/presidente-maduro-debemos-garantizar-que-la-anc-se-instale-para-el-nuevo-comienzo-de-la-historia\/"},"author":{"name":"MPPPST Prensa","@id":"https:\/\/www.mpppst.gob.ve\/mpppstweb\/#\/schema\/person\/fc187ee8ead412bd4c9304b62f900ea4"},"headline":"Presidente Maduro: \u201cDebemos garantizar que la ANC se instale para el nuevo comienzo de la historia\u201d","datePublished":"2017-06-27T20:40:29+00:00","dateModified":"2017-06-27T20:40:29+00:00","mainEntityOfPage":{"@id":"https:\/\/www.mpppst.gob.ve\/mpppstweb\/index.php\/2017\/06\/27\/presidente-maduro-debemos-garantizar-que-la-anc-se-instale-para-el-nuevo-comienzo-de-la-historia\/"},"wordCount":438,"publisher":{"@id":"https:\/\/www.mpppst.gob.ve\/mpppstweb\/#organization"},"image":{"@id":"https:\/\/www.mpppst.gob.ve\/mpppstweb\/index.php\/2017\/06\/27\/presidente-maduro-debemos-garantizar-que-la-anc-se-instale-para-el-nuevo-comienzo-de-la-historia\/#primaryimage"},"thumbnailUrl":"https:\/\/www.mpppst.gob.ve\/mpppstweb\/wp-content\/uploads\/2017\/06\/poliedro.jpg","articleSection":["Gobierno Nacional","Noticias","Vida Laboral y Sindical"],"inLanguage":"es"},{"@type":"WebPage","@id":"https:\/\/www.mpppst.gob.ve\/mpppstweb\/index.php\/2017\/06\/27\/presidente-maduro-debemos-garantizar-que-la-anc-se-instale-para-el-nuevo-comienzo-de-la-historia\/","url":"https:\/\/www.mpppst.gob.ve\/mpppstweb\/index.php\/2017\/06\/27\/presidente-maduro-debemos-garantizar-que-la-anc-se-instale-para-el-nuevo-comienzo-de-la-historia\/","name":"Presidente Maduro: \u201cDebemos garantizar que la ANC se instale para el nuevo comienzo de la historia\u201d - MPPPST","isPartOf":{"@id":"https:\/\/www.mpppst.gob.ve\/mpppstweb\/#website"},"primaryImageOfPage":{"@id":"https:\/\/www.mpppst.gob.ve\/mpppstweb\/index.php\/2017\/06\/27\/presidente-maduro-debemos-garantizar-que-la-anc-se-instale-para-el-nuevo-comienzo-de-la-historia\/#primaryimage"},"image":{"@id":"https:\/\/www.mpppst.gob.ve\/mpppstweb\/index.php\/2017\/06\/27\/presidente-maduro-debemos-garantizar-que-la-anc-se-instale-para-el-nuevo-comienzo-de-la-historia\/#primaryimage"},"thumbnailUrl":"https:\/\/www.mpppst.gob.ve\/mpppstweb\/wp-content\/uploads\/2017\/06\/poliedro.jpg","datePublished":"2017-06-27T20:40:29+00:00","dateModified":"2017-06-27T20:40:29+00:00","breadcrumb":{"@id":"https:\/\/www.mpppst.gob.ve\/mpppstweb\/index.php\/2017\/06\/27\/presidente-maduro-debemos-garantizar-que-la-anc-se-instale-para-el-nuevo-comienzo-de-la-historia\/#breadcrumb"},"inLanguage":"es","potentialAction":[{"@type":"ReadAction","target":["https:\/\/www.mpppst.gob.ve\/mpppstweb\/index.php\/2017\/06\/27\/presidente-maduro-debemos-garantizar-que-la-anc-se-instale-para-el-nuevo-comienzo-de-la-historia\/"]}]},{"@type":"ImageObject","inLanguage":"es","@id":"https:\/\/www.mpppst.gob.ve\/mpppstweb\/index.php\/2017\/06\/27\/presidente-maduro-debemos-garantizar-que-la-anc-se-instale-para-el-nuevo-comienzo-de-la-historia\/#primaryimage","url":"https:\/\/www.mpppst.gob.ve\/mpppstweb\/wp-content\/uploads\/2017\/06\/poliedro.jpg","contentUrl":"https:\/\/www.mpppst.gob.ve\/mpppstweb\/wp-content\/uploads\/2017\/06\/poliedro.jpg","width":800,"height":445},{"@type":"BreadcrumbList","@id":"https:\/\/www.mpppst.gob.ve\/mpppstweb\/index.php\/2017\/06\/27\/presidente-maduro-debemos-garantizar-que-la-anc-se-instale-para-el-nuevo-comienzo-de-la-historia\/#breadcrumb","itemListElement":[{"@type":"ListItem","position":1,"name":"Home","item":"https:\/\/www.mpppst.gob.ve\/mpppstweb\/"},{"@type":"ListItem","position":2,"name":"Presidente Maduro: \u201cDebemos garantizar que la ANC se instale para el nuevo comienzo de la historia\u201d"}]},{"@type":"WebSite","@id":"https:\/\/www.mpppst.gob.ve\/mpppstweb\/#website","url":"https:\/\/www.mpppst.gob.ve\/mpppstweb\/","name":"MPPPST","description":"Ministerio del Poder Popular para el Proceso Social de Trabajo","publisher":{"@id":"https:\/\/www.mpppst.gob.ve\/mpppstweb\/#organization"},"potentialAction":[{"@type":"SearchAction","target":{"@type":"EntryPoint","urlTemplate":"https:\/\/www.mpppst.gob.ve\/mpppstweb\/?s={search_term_string}"},"query-input":"required name=search_term_string"}],"inLanguage":"es"},{"@type":"Organization","@id":"https:\/\/www.mpppst.gob.ve\/mpppstweb\/#organization","name":"mpppst","url":"https:\/\/www.mpppst.gob.ve\/mpppstweb\/","logo":{"@type":"ImageObject","inLanguage":"es","@id":"https:\/\/www.mpppst.gob.ve\/mpppstweb\/#\/schema\/logo\/image\/","url":"https:\/\/www.mpppst.gob.ve\/mpppstweb\/wp-content\/uploads\/2025\/07\/cropped-cropped-g910.png","contentUrl":"https:\/\/www.mpppst.gob.ve\/mpppstweb\/wp-content\/uploads\/2025\/07\/cropped-cropped-g910.png","width":1080,"height":241,"caption":"mpppst"},"image":{"@id":"https:\/\/www.mpppst.gob.ve\/mpppstweb\/#\/schema\/logo\/image\/"}},{"@type":"Person","@id":"https:\/\/www.mpppst.gob.ve\/mpppstweb\/#\/schema\/person\/fc187ee8ead412bd4c9304b62f900ea4","name":"MPPPST Prensa","url":"https:\/\/www.mpppst.gob.ve\/mpppstweb\/index.php\/author\/prensa-mpppst\/"}]}},"_links":{"self":[{"href":"https:\/\/www.mpppst.gob.ve\/mpppstweb\/index.php\/wp-json\/wp\/v2\/posts\/12003"}],"collection":[{"href":"https:\/\/www.mpppst.gob.ve\/mpppstweb\/index.php\/wp-json\/wp\/v2\/posts"}],"about":[{"href":"https:\/\/www.mpppst.gob.ve\/mpppstweb\/index.php\/wp-json\/wp\/v2\/types\/post"}],"author":[{"embeddable":true,"href":"https:\/\/www.mpppst.gob.ve\/mpppstweb\/index.php\/wp-json\/wp\/v2\/users\/25"}],"replies":[{"embeddable":true,"href":"https:\/\/www.mpppst.gob.ve\/mpppstweb\/index.php\/wp-json\/wp\/v2\/comments?post=12003"}],"version-history":[{"count":1,"href":"https:\/\/www.mpppst.gob.ve\/mpppstweb\/index.php\/wp-json\/wp\/v2\/posts\/12003\/revisions"}],"predecessor-version":[{"id":12005,"href":"https:\/\/www.mpppst.gob.ve\/mpppstweb\/index.php\/wp-json\/wp\/v2\/posts\/12003\/revisions\/12005"}],"wp:featuredmedia":[{"embeddable":true,"href":"https:\/\/www.mpppst.gob.ve\/mpppstweb\/index.php\/wp-json\/wp\/v2\/media\/12004"}],"wp:attachment":[{"href":"https:\/\/www.mpppst.gob.ve\/mpppstweb\/index.php\/wp-json\/wp\/v2\/media?parent=12003"}],"wp:term":[{"taxonomy":"category","embeddable":true,"href":"https:\/\/www.mpppst.gob.ve\/mpppstweb\/index.php\/wp-json\/wp\/v2\/categories?post=12003"},{"taxonomy":"post_tag","embeddable":true,"href":"https:\/\/www.mpppst.gob.ve\/mpppstweb\/index.php\/wp-json\/wp\/v2\/tags?post=12003"}],"curies":[{"name":"wp","href":"https:\/\/api.w.org\/{rel}","templated":true}]}}