{"id":12006,"date":"2017-06-28T13:09:20","date_gmt":"2017-06-28T17:09:20","guid":{"rendered":"http:\/\/www.mpppst.gob.ve\/mpppstweb\/?p=12006"},"modified":"2017-06-28T13:09:20","modified_gmt":"2017-06-28T17:09:20","slug":"ataques-contra-sedes-gubernamentales-forman-parte-de-un-plan-golpista-de-sectores-opositores","status":"publish","type":"post","link":"https:\/\/www.mpppst.gob.ve\/mpppstweb\/index.php\/2017\/06\/28\/ataques-contra-sedes-gubernamentales-forman-parte-de-un-plan-golpista-de-sectores-opositores\/","title":{"rendered":"Ataques contra sedes gubernamentales forman parte de un plan golpista de sectores opositores"},"content":{"rendered":"<p>AVN.- La <strong>Rep\u00fablica Bolivariana de Venezuela<\/strong> denunci\u00f3 este martes que los ataques terroristas contra las sedes del <strong>Ministerio para el Poder Popular para las Relaciones Interior, Justicia y Paz, y el Tribunal Supremo de Justicia<\/strong>, forman parte de un <strong>plan golpista<\/strong> de s<strong>ectores extremistas de la oposici\u00f3n<\/strong>, con respaldo del gobierno de los <strong>Estados Unidos<\/strong>.<\/p>\n<p><strong>A continuaci\u00f3n el texto \u00edntegro le\u00eddo por el ministro para la Comunicaci\u00f3n e Informaci\u00f3n, Ernesto Villegas:<\/strong><\/p>\n<p>El <strong>Gobierno de la Rep\u00fablica Bolivariana de Venezuela<\/strong> informa a la ciudadan\u00eda en general y a los pueblos hermanos del mundo sobre los <strong>ataques armados<\/strong> perpetrados durante la tarde de hoy, martes 27 de junio, contra la sedes del <strong>Ministerio para el Poder Popular para las Relaciones Interior, Justicia y Paz, y el Tribunal Supremo de Justicia<\/strong>, como parte de una <strong>escalada golpista<\/strong> contra la <strong>Constituci\u00f3n<\/strong> de la Rep\u00fablica Bolivariana de Venezuela y sus <strong>instituciones<\/strong>.<\/p>\n<p>Ambos <strong>ataques<\/strong> fueron efectuados desde un <strong>helic\u00f3ptero<\/strong> Airbus Volcom, modelo 105, siglas CICPC02, hurtado de la base a\u00e9rea General\u00edsimo Francisco de Miranda, en La Carlota, Caracas, por parte de un sujeto de nombre <strong>\u00d3scar Alberto P\u00e9rez<\/strong>, quien para cometer los <strong>atentados<\/strong> se vali\u00f3 de condici\u00f3n de inspector adscrito a la divisi\u00f3n de transporte a\u00e9reo del <strong>Cicpc<\/strong>.<\/p>\n<p>El complotado vol\u00f3 la aereonave hasta las inmediaciones del Ministerio para el Poder Popular para las Relaciones Interior, Justicia y Paz, en la avenida Urdaneta, y efect\u00fao alrededor de 15 disparos contra la edificaci\u00f3n, mientras se desarrollaba en la terraza de \u00e9sta un agasajo a un grupo de comunicadores sociales, con motivo de celebrarse el d\u00eda de hoy el D\u00eda Nacional del Periodista. Para el momento del ataque, se encontraban ah\u00ed unas 80 personas.<\/p>\n<p>Posteriormente, el <strong>helic\u00f3ptero<\/strong> fue llevado hasta la sede del Tribunal Supremo de Justicia, precisamente mientras se encontraba sesionando all\u00ed la Sala Constitucional del M\u00e1ximo Tribunal, con todo sus <strong>magistrados<\/strong>, mientras un grupo de trabajadores permanec\u00edan laborando en sus oficinas. Contra estas personas, fueron efectuados disparos y lanzadas al menos cuatro granadas de origen colombiano y de fabricaci\u00f3n israel\u00ed, de las cuales una no estall\u00f3 y fue colectada. Dos de estas granadas fueron lanzadas contra los efectivos de la Guardia Nacional Bolivariana que custodiaba el edificio.<\/p>\n<p>Gracias al r\u00e1pida reacci\u00f3n de los custodios pudo evitarse una tragedia. El autor material de estos hechos est\u00e1 siendo investigado por sus v\u00ednculo de la <strong>Agencia Central de Inteligencia de los Estados Unidos<\/strong> y la embajada de ese pa\u00eds en Caracas, as\u00ed como su v\u00ednculo con un <strong>exministro del Interior<\/strong>, quien recientemente ha confirmado p\u00fablicamente sus contactos con la <strong>CIA<\/strong>.<\/p>\n<p>Para el Gobierno Bolivariana, se tratan de <strong>ataques terroristas <\/strong>enmarcados en la <strong>ofensiva insurreccional<\/strong>adelantada por <strong>factores extremistas de la derecha venezolana<\/strong>, con apoyo de <strong>gobiernos y poderes extranjeros<\/strong>.<\/p>\n<p>La Fuerza Armada Nacional Bolivariana y los cuerpos de seguridad del Estado se encuentran desplegados, con el objetivo de capturar al autor de estos hechos y recuperar la aeronave. Se exhorta a quienes puedan aportar elementos que ayuden a dar con su paradero, comunicarse con las autoridades a trav\u00e9s del tel\u00e9fono 911.<\/p>\n<p>Emplaza, el Gobierno Bolivariano a los <strong>partidos pol\u00edticos<\/strong> coaligados en la llamada <strong>Mesa de la Unidad Democr\u00e1tica<\/strong>, as\u00ed como la jerarqu\u00eda eclesi\u00e1stica y dem\u00e1s factores de la sociedad venezolana a condenar resueltamente estos hechos y a deslindarse de una vez por toda la <strong>violencia<\/strong>.<\/p>\n<p>El Gobierno Bolivariano llama al pueblo venezolano a estar alerta frente a la <strong>escalada golpista<\/strong> que pretende alterar el <strong>orden constitucional<\/strong> en Venezuela y que ha demostrado carecer de cualquier escr\u00fapulo para el logro de sus ambiciones pol\u00edticas y econ\u00f3micas.<\/p>\n<p>Ninguno de estos ataques detendr\u00e1n la activaci\u00f3n del proceso popular constituyente, ni impedir\u00e1 el ejercicio del derecho al voto, por parte del pueblo venezolano, el pr\u00f3ximo 30 de julio, para elegir a los miembros de la Asamblea Nacional Constituyente.<\/p>\n<p>El presidente constitucional de la Rep\u00fablica Bolivariana de Venezuela, Nicol\u00e1s Maduro Moros, quien encabez\u00f3 hoy la entrega de los Premios Nacionales de Periodismo, se encuentra al frente de su equipo gobierno dirigiendo las acciones, para asegurar la seguridad y la tranquilidad del pueblo venezolano.<\/p>\n<p>Hoy m\u00e1s que nunca est\u00e1n vigentes las palabras del <strong>comandante Ch\u00e1vez: Unidad, lucha, batalla y victoria<\/strong>.<\/p>\n<p>&nbsp;<\/p>\n","protected":false},"excerpt":{"rendered":"<p>AVN.- La Rep\u00fablica Bolivariana de Venezuela denunci\u00f3 este martes que los ataques terroristas contra las sedes &hellip; <a title=\"Ataques contra sedes gubernamentales forman parte de un plan golpista de sectores opositores\" class=\"hm-read-more\" href=\"https:\/\/www.mpppst.gob.ve\/mpppstweb\/index.php\/2017\/06\/28\/ataques-contra-sedes-gubernamentales-forman-parte-de-un-plan-golpista-de-sectores-opositores\/\"><span class=\"screen-reader-text\">Ataques contra sedes gubernamentales forman parte de un plan golpista de sectores opositores<\/span>Read more<\/a><\/p>\n","protected":false},"author":25,"featured_media":12007,"comment_status":"closed","ping_status":"closed","sticky":false,"template":"","format":"standard","meta":{"footnotes":""},"categories":[82,163],"tags":[],"yoast_head":"<!-- This site is optimized with the Yoast SEO plugin v22.5 - https:\/\/yoast.com\/wordpress\/plugins\/seo\/ -->\n<title>Ataques contra sedes gubernamentales forman parte de un plan golpista de sectores opositores - MPPPST<\/title>\n<meta name=\"robots\" content=\"index, follow, max-snippet:-1, max-image-preview:large, max-video-preview:-1\" \/>\n<link rel=\"canonical\" href=\"https:\/\/www.mpppst.gob.ve\/mpppstweb\/index.php\/2017\/06\/28\/ataques-contra-sedes-gubernamentales-forman-parte-de-un-plan-golpista-de-sectores-opositores\/\" \/>\n<meta property=\"og:locale\" content=\"es_ES\" \/>\n<meta property=\"og:type\" content=\"article\" \/>\n<meta property=\"og:title\" content=\"Ataques contra sedes gubernamentales forman parte de un plan golpista de sectores opositores - MPPPST\" \/>\n<meta property=\"og:description\" content=\"AVN.- La Rep\u00fablica Bolivariana de Venezuela denunci\u00f3 este martes que los ataques terroristas contra las sedes &hellip; Ataques contra sedes gubernamentales forman parte de un plan golpista de sectores opositoresRead more\" \/>\n<meta property=\"og:url\" content=\"https:\/\/www.mpppst.gob.ve\/mpppstweb\/index.php\/2017\/06\/28\/ataques-contra-sedes-gubernamentales-forman-parte-de-un-plan-golpista-de-sectores-opositores\/\" \/>\n<meta property=\"og:site_name\" content=\"MPPPST\" \/>\n<meta property=\"article:published_time\" content=\"2017-06-28T17:09:20+00:00\" \/>\n<meta property=\"og:image\" content=\"https:\/\/www.mpppst.gob.ve\/mpppstweb\/wp-content\/uploads\/2017\/06\/Villegas.jpg\" \/>\n\t<meta property=\"og:image:width\" content=\"800\" \/>\n\t<meta property=\"og:image:height\" content=\"445\" \/>\n\t<meta property=\"og:image:type\" content=\"image\/jpeg\" \/>\n<meta name=\"author\" content=\"MPPPST Prensa\" \/>\n<meta name=\"twitter:card\" content=\"summary_large_image\" \/>\n<meta name=\"twitter:label1\" content=\"Escrito por\" \/>\n\t<meta name=\"twitter:data1\" content=\"MPPPST Prensa\" \/>\n\t<meta name=\"twitter:label2\" content=\"Tiempo de lectura\" \/>\n\t<meta name=\"twitter:data2\" content=\"4 minutos\" \/>\n<script type=\"application\/ld+json\" class=\"yoast-schema-graph\">{\"@context\":\"https:\/\/schema.org\",\"@graph\":[{\"@type\":\"Article\",\"@id\":\"https:\/\/www.mpppst.gob.ve\/mpppstweb\/index.php\/2017\/06\/28\/ataques-contra-sedes-gubernamentales-forman-parte-de-un-plan-golpista-de-sectores-opositores\/#article\",\"isPartOf\":{\"@id\":\"https:\/\/www.mpppst.gob.ve\/mpppstweb\/index.php\/2017\/06\/28\/ataques-contra-sedes-gubernamentales-forman-parte-de-un-plan-golpista-de-sectores-opositores\/\"},\"author\":{\"name\":\"MPPPST Prensa\",\"@id\":\"https:\/\/www.mpppst.gob.ve\/mpppstweb\/#\/schema\/person\/fc187ee8ead412bd4c9304b62f900ea4\"},\"headline\":\"Ataques contra sedes gubernamentales forman parte de un plan golpista de sectores opositores\",\"datePublished\":\"2017-06-28T17:09:20+00:00\",\"dateModified\":\"2017-06-28T17:09:20+00:00\",\"mainEntityOfPage\":{\"@id\":\"https:\/\/www.mpppst.gob.ve\/mpppstweb\/index.php\/2017\/06\/28\/ataques-contra-sedes-gubernamentales-forman-parte-de-un-plan-golpista-de-sectores-opositores\/\"},\"wordCount\":742,\"publisher\":{\"@id\":\"https:\/\/www.mpppst.gob.ve\/mpppstweb\/#organization\"},\"image\":{\"@id\":\"https:\/\/www.mpppst.gob.ve\/mpppstweb\/index.php\/2017\/06\/28\/ataques-contra-sedes-gubernamentales-forman-parte-de-un-plan-golpista-de-sectores-opositores\/#primaryimage\"},\"thumbnailUrl\":\"https:\/\/www.mpppst.gob.ve\/mpppstweb\/wp-content\/uploads\/2017\/06\/Villegas.jpg\",\"articleSection\":[\"Gobierno Nacional\",\"Noticias\"],\"inLanguage\":\"es\"},{\"@type\":\"WebPage\",\"@id\":\"https:\/\/www.mpppst.gob.ve\/mpppstweb\/index.php\/2017\/06\/28\/ataques-contra-sedes-gubernamentales-forman-parte-de-un-plan-golpista-de-sectores-opositores\/\",\"url\":\"https:\/\/www.mpppst.gob.ve\/mpppstweb\/index.php\/2017\/06\/28\/ataques-contra-sedes-gubernamentales-forman-parte-de-un-plan-golpista-de-sectores-opositores\/\",\"name\":\"Ataques contra sedes gubernamentales forman parte de un plan golpista de sectores opositores - MPPPST\",\"isPartOf\":{\"@id\":\"https:\/\/www.mpppst.gob.ve\/mpppstweb\/#website\"},\"primaryImageOfPage\":{\"@id\":\"https:\/\/www.mpppst.gob.ve\/mpppstweb\/index.php\/2017\/06\/28\/ataques-contra-sedes-gubernamentales-forman-parte-de-un-plan-golpista-de-sectores-opositores\/#primaryimage\"},\"image\":{\"@id\":\"https:\/\/www.mpppst.gob.ve\/mpppstweb\/index.php\/2017\/06\/28\/ataques-contra-sedes-gubernamentales-forman-parte-de-un-plan-golpista-de-sectores-opositores\/#primaryimage\"},\"thumbnailUrl\":\"https:\/\/www.mpppst.gob.ve\/mpppstweb\/wp-content\/uploads\/2017\/06\/Villegas.jpg\",\"datePublished\":\"2017-06-28T17:09:20+00:00\",\"dateModified\":\"2017-06-28T17:09:20+00:00\",\"breadcrumb\":{\"@id\":\"https:\/\/www.mpppst.gob.ve\/mpppstweb\/index.php\/2017\/06\/28\/ataques-contra-sedes-gubernamentales-forman-parte-de-un-plan-golpista-de-sectores-opositores\/#breadcrumb\"},\"inLanguage\":\"es\",\"potentialAction\":[{\"@type\":\"ReadAction\",\"target\":[\"https:\/\/www.mpppst.gob.ve\/mpppstweb\/index.php\/2017\/06\/28\/ataques-contra-sedes-gubernamentales-forman-parte-de-un-plan-golpista-de-sectores-opositores\/\"]}]},{\"@type\":\"ImageObject\",\"inLanguage\":\"es\",\"@id\":\"https:\/\/www.mpppst.gob.ve\/mpppstweb\/index.php\/2017\/06\/28\/ataques-contra-sedes-gubernamentales-forman-parte-de-un-plan-golpista-de-sectores-opositores\/#primaryimage\",\"url\":\"https:\/\/www.mpppst.gob.ve\/mpppstweb\/wp-content\/uploads\/2017\/06\/Villegas.jpg\",\"contentUrl\":\"https:\/\/www.mpppst.gob.ve\/mpppstweb\/wp-content\/uploads\/2017\/06\/Villegas.jpg\",\"width\":800,\"height\":445},{\"@type\":\"BreadcrumbList\",\"@id\":\"https:\/\/www.mpppst.gob.ve\/mpppstweb\/index.php\/2017\/06\/28\/ataques-contra-sedes-gubernamentales-forman-parte-de-un-plan-golpista-de-sectores-opositores\/#breadcrumb\",\"itemListElement\":[{\"@type\":\"ListItem\",\"position\":1,\"name\":\"Home\",\"item\":\"https:\/\/www.mpppst.gob.ve\/mpppstweb\/\"},{\"@type\":\"ListItem\",\"position\":2,\"name\":\"Ataques contra sedes gubernamentales forman parte de un plan golpista de sectores opositores\"}]},{\"@type\":\"WebSite\",\"@id\":\"https:\/\/www.mpppst.gob.ve\/mpppstweb\/#website\",\"url\":\"https:\/\/www.mpppst.gob.ve\/mpppstweb\/\",\"name\":\"MPPPST\",\"description\":\"Ministerio del Poder Popular para el Proceso Social de Trabajo\",\"publisher\":{\"@id\":\"https:\/\/www.mpppst.gob.ve\/mpppstweb\/#organization\"},\"potentialAction\":[{\"@type\":\"SearchAction\",\"target\":{\"@type\":\"EntryPoint\",\"urlTemplate\":\"https:\/\/www.mpppst.gob.ve\/mpppstweb\/?s={search_term_string}\"},\"query-input\":\"required name=search_term_string\"}],\"inLanguage\":\"es\"},{\"@type\":\"Organization\",\"@id\":\"https:\/\/www.mpppst.gob.ve\/mpppstweb\/#organization\",\"name\":\"mpppst\",\"url\":\"https:\/\/www.mpppst.gob.ve\/mpppstweb\/\",\"logo\":{\"@type\":\"ImageObject\",\"inLanguage\":\"es\",\"@id\":\"https:\/\/www.mpppst.gob.ve\/mpppstweb\/#\/schema\/logo\/image\/\",\"url\":\"https:\/\/www.mpppst.gob.ve\/mpppstweb\/wp-content\/uploads\/2025\/07\/cropped-cropped-g910.png\",\"contentUrl\":\"https:\/\/www.mpppst.gob.ve\/mpppstweb\/wp-content\/uploads\/2025\/07\/cropped-cropped-g910.png\",\"width\":1080,\"height\":241,\"caption\":\"mpppst\"},\"image\":{\"@id\":\"https:\/\/www.mpppst.gob.ve\/mpppstweb\/#\/schema\/logo\/image\/\"}},{\"@type\":\"Person\",\"@id\":\"https:\/\/www.mpppst.gob.ve\/mpppstweb\/#\/schema\/person\/fc187ee8ead412bd4c9304b62f900ea4\",\"name\":\"MPPPST Prensa\",\"url\":\"https:\/\/www.mpppst.gob.ve\/mpppstweb\/index.php\/author\/prensa-mpppst\/\"}]}<\/script>\n<!-- \/ Yoast SEO plugin. -->","yoast_head_json":{"title":"Ataques contra sedes gubernamentales forman parte de un plan golpista de sectores opositores - MPPPST","robots":{"index":"index","follow":"follow","max-snippet":"max-snippet:-1","max-image-preview":"max-image-preview:large","max-video-preview":"max-video-preview:-1"},"canonical":"https:\/\/www.mpppst.gob.ve\/mpppstweb\/index.php\/2017\/06\/28\/ataques-contra-sedes-gubernamentales-forman-parte-de-un-plan-golpista-de-sectores-opositores\/","og_locale":"es_ES","og_type":"article","og_title":"Ataques contra sedes gubernamentales forman parte de un plan golpista de sectores opositores - MPPPST","og_description":"AVN.- La Rep\u00fablica Bolivariana de Venezuela denunci\u00f3 este martes que los ataques terroristas contra las sedes &hellip; Ataques contra sedes gubernamentales forman parte de un plan golpista de sectores opositoresRead more","og_url":"https:\/\/www.mpppst.gob.ve\/mpppstweb\/index.php\/2017\/06\/28\/ataques-contra-sedes-gubernamentales-forman-parte-de-un-plan-golpista-de-sectores-opositores\/","og_site_name":"MPPPST","article_published_time":"2017-06-28T17:09:20+00:00","og_image":[{"width":800,"height":445,"url":"https:\/\/www.mpppst.gob.ve\/mpppstweb\/wp-content\/uploads\/2017\/06\/Villegas.jpg","type":"image\/jpeg"}],"author":"MPPPST Prensa","twitter_card":"summary_large_image","twitter_misc":{"Escrito por":"MPPPST Prensa","Tiempo de lectura":"4 minutos"},"schema":{"@context":"https:\/\/schema.org","@graph":[{"@type":"Article","@id":"https:\/\/www.mpppst.gob.ve\/mpppstweb\/index.php\/2017\/06\/28\/ataques-contra-sedes-gubernamentales-forman-parte-de-un-plan-golpista-de-sectores-opositores\/#article","isPartOf":{"@id":"https:\/\/www.mpppst.gob.ve\/mpppstweb\/index.php\/2017\/06\/28\/ataques-contra-sedes-gubernamentales-forman-parte-de-un-plan-golpista-de-sectores-opositores\/"},"author":{"name":"MPPPST Prensa","@id":"https:\/\/www.mpppst.gob.ve\/mpppstweb\/#\/schema\/person\/fc187ee8ead412bd4c9304b62f900ea4"},"headline":"Ataques contra sedes gubernamentales forman parte de un plan golpista de sectores opositores","datePublished":"2017-06-28T17:09:20+00:00","dateModified":"2017-06-28T17:09:20+00:00","mainEntityOfPage":{"@id":"https:\/\/www.mpppst.gob.ve\/mpppstweb\/index.php\/2017\/06\/28\/ataques-contra-sedes-gubernamentales-forman-parte-de-un-plan-golpista-de-sectores-opositores\/"},"wordCount":742,"publisher":{"@id":"https:\/\/www.mpppst.gob.ve\/mpppstweb\/#organization"},"image":{"@id":"https:\/\/www.mpppst.gob.ve\/mpppstweb\/index.php\/2017\/06\/28\/ataques-contra-sedes-gubernamentales-forman-parte-de-un-plan-golpista-de-sectores-opositores\/#primaryimage"},"thumbnailUrl":"https:\/\/www.mpppst.gob.ve\/mpppstweb\/wp-content\/uploads\/2017\/06\/Villegas.jpg","articleSection":["Gobierno Nacional","Noticias"],"inLanguage":"es"},{"@type":"WebPage","@id":"https:\/\/www.mpppst.gob.ve\/mpppstweb\/index.php\/2017\/06\/28\/ataques-contra-sedes-gubernamentales-forman-parte-de-un-plan-golpista-de-sectores-opositores\/","url":"https:\/\/www.mpppst.gob.ve\/mpppstweb\/index.php\/2017\/06\/28\/ataques-contra-sedes-gubernamentales-forman-parte-de-un-plan-golpista-de-sectores-opositores\/","name":"Ataques contra sedes gubernamentales forman parte de un plan golpista de sectores opositores - MPPPST","isPartOf":{"@id":"https:\/\/www.mpppst.gob.ve\/mpppstweb\/#website"},"primaryImageOfPage":{"@id":"https:\/\/www.mpppst.gob.ve\/mpppstweb\/index.php\/2017\/06\/28\/ataques-contra-sedes-gubernamentales-forman-parte-de-un-plan-golpista-de-sectores-opositores\/#primaryimage"},"image":{"@id":"https:\/\/www.mpppst.gob.ve\/mpppstweb\/index.php\/2017\/06\/28\/ataques-contra-sedes-gubernamentales-forman-parte-de-un-plan-golpista-de-sectores-opositores\/#primaryimage"},"thumbnailUrl":"https:\/\/www.mpppst.gob.ve\/mpppstweb\/wp-content\/uploads\/2017\/06\/Villegas.jpg","datePublished":"2017-06-28T17:09:20+00:00","dateModified":"2017-06-28T17:09:20+00:00","breadcrumb":{"@id":"https:\/\/www.mpppst.gob.ve\/mpppstweb\/index.php\/2017\/06\/28\/ataques-contra-sedes-gubernamentales-forman-parte-de-un-plan-golpista-de-sectores-opositores\/#breadcrumb"},"inLanguage":"es","potentialAction":[{"@type":"ReadAction","target":["https:\/\/www.mpppst.gob.ve\/mpppstweb\/index.php\/2017\/06\/28\/ataques-contra-sedes-gubernamentales-forman-parte-de-un-plan-golpista-de-sectores-opositores\/"]}]},{"@type":"ImageObject","inLanguage":"es","@id":"https:\/\/www.mpppst.gob.ve\/mpppstweb\/index.php\/2017\/06\/28\/ataques-contra-sedes-gubernamentales-forman-parte-de-un-plan-golpista-de-sectores-opositores\/#primaryimage","url":"https:\/\/www.mpppst.gob.ve\/mpppstweb\/wp-content\/uploads\/2017\/06\/Villegas.jpg","contentUrl":"https:\/\/www.mpppst.gob.ve\/mpppstweb\/wp-content\/uploads\/2017\/06\/Villegas.jpg","width":800,"height":445},{"@type":"BreadcrumbList","@id":"https:\/\/www.mpppst.gob.ve\/mpppstweb\/index.php\/2017\/06\/28\/ataques-contra-sedes-gubernamentales-forman-parte-de-un-plan-golpista-de-sectores-opositores\/#breadcrumb","itemListElement":[{"@type":"ListItem","position":1,"name":"Home","item":"https:\/\/www.mpppst.gob.ve\/mpppstweb\/"},{"@type":"ListItem","position":2,"name":"Ataques contra sedes gubernamentales forman parte de un plan golpista de sectores opositores"}]},{"@type":"WebSite","@id":"https:\/\/www.mpppst.gob.ve\/mpppstweb\/#website","url":"https:\/\/www.mpppst.gob.ve\/mpppstweb\/","name":"MPPPST","description":"Ministerio del Poder Popular para el Proceso Social de Trabajo","publisher":{"@id":"https:\/\/www.mpppst.gob.ve\/mpppstweb\/#organization"},"potentialAction":[{"@type":"SearchAction","target":{"@type":"EntryPoint","urlTemplate":"https:\/\/www.mpppst.gob.ve\/mpppstweb\/?s={search_term_string}"},"query-input":"required name=search_term_string"}],"inLanguage":"es"},{"@type":"Organization","@id":"https:\/\/www.mpppst.gob.ve\/mpppstweb\/#organization","name":"mpppst","url":"https:\/\/www.mpppst.gob.ve\/mpppstweb\/","logo":{"@type":"ImageObject","inLanguage":"es","@id":"https:\/\/www.mpppst.gob.ve\/mpppstweb\/#\/schema\/logo\/image\/","url":"https:\/\/www.mpppst.gob.ve\/mpppstweb\/wp-content\/uploads\/2025\/07\/cropped-cropped-g910.png","contentUrl":"https:\/\/www.mpppst.gob.ve\/mpppstweb\/wp-content\/uploads\/2025\/07\/cropped-cropped-g910.png","width":1080,"height":241,"caption":"mpppst"},"image":{"@id":"https:\/\/www.mpppst.gob.ve\/mpppstweb\/#\/schema\/logo\/image\/"}},{"@type":"Person","@id":"https:\/\/www.mpppst.gob.ve\/mpppstweb\/#\/schema\/person\/fc187ee8ead412bd4c9304b62f900ea4","name":"MPPPST Prensa","url":"https:\/\/www.mpppst.gob.ve\/mpppstweb\/index.php\/author\/prensa-mpppst\/"}]}},"_links":{"self":[{"href":"https:\/\/www.mpppst.gob.ve\/mpppstweb\/index.php\/wp-json\/wp\/v2\/posts\/12006"}],"collection":[{"href":"https:\/\/www.mpppst.gob.ve\/mpppstweb\/index.php\/wp-json\/wp\/v2\/posts"}],"about":[{"href":"https:\/\/www.mpppst.gob.ve\/mpppstweb\/index.php\/wp-json\/wp\/v2\/types\/post"}],"author":[{"embeddable":true,"href":"https:\/\/www.mpppst.gob.ve\/mpppstweb\/index.php\/wp-json\/wp\/v2\/users\/25"}],"replies":[{"embeddable":true,"href":"https:\/\/www.mpppst.gob.ve\/mpppstweb\/index.php\/wp-json\/wp\/v2\/comments?post=12006"}],"version-history":[{"count":2,"href":"https:\/\/www.mpppst.gob.ve\/mpppstweb\/index.php\/wp-json\/wp\/v2\/posts\/12006\/revisions"}],"predecessor-version":[{"id":12009,"href":"https:\/\/www.mpppst.gob.ve\/mpppstweb\/index.php\/wp-json\/wp\/v2\/posts\/12006\/revisions\/12009"}],"wp:featuredmedia":[{"embeddable":true,"href":"https:\/\/www.mpppst.gob.ve\/mpppstweb\/index.php\/wp-json\/wp\/v2\/media\/12007"}],"wp:attachment":[{"href":"https:\/\/www.mpppst.gob.ve\/mpppstweb\/index.php\/wp-json\/wp\/v2\/media?parent=12006"}],"wp:term":[{"taxonomy":"category","embeddable":true,"href":"https:\/\/www.mpppst.gob.ve\/mpppstweb\/index.php\/wp-json\/wp\/v2\/categories?post=12006"},{"taxonomy":"post_tag","embeddable":true,"href":"https:\/\/www.mpppst.gob.ve\/mpppstweb\/index.php\/wp-json\/wp\/v2\/tags?post=12006"}],"curies":[{"name":"wp","href":"https:\/\/api.w.org\/{rel}","templated":true}]}}