{"id":12013,"date":"2017-06-28T13:14:57","date_gmt":"2017-06-28T17:14:57","guid":{"rendered":"http:\/\/www.mpppst.gob.ve\/mpppstweb\/?p=12013"},"modified":"2017-06-28T13:14:57","modified_gmt":"2017-06-28T17:14:57","slug":"perpetrados-ataques-terroristas-contra-tsj-y-ministerio-del-interior-como-parte-de-plan-golpista","status":"publish","type":"post","link":"https:\/\/www.mpppst.gob.ve\/mpppstweb\/index.php\/2017\/06\/28\/perpetrados-ataques-terroristas-contra-tsj-y-ministerio-del-interior-como-parte-de-plan-golpista\/","title":{"rendered":"Perpetrados ataques terroristas contra TSJ y Ministerio del Interior como parte de plan golpista"},"content":{"rendered":"<p>AVN.- Las autoridades venezolanos activaron <strong>medidas de seguridad<\/strong> ante los <strong>ataques<\/strong> contra las sedes del <strong>Tribunal Supremo de Justicia (TSJ) y el Ministerio del Poder Popular para las Relaciones Interiores, Justicia y Paz<\/strong>, en el centro de Caracas, efectuados desde un <strong>helic\u00f3ptero hurtado <\/strong>al <strong>Cuerpo de Investigaciones Cient\u00edficas Penales y Criminal\u00edsticas<\/strong> (<strong>CICPC<\/strong>).<\/p>\n<p>La unidad, modelo Airbus Volcom, modelo 105, siglas CICPC02, fue sacado ilegalmente de la base a\u00e9rea General\u00edsimo Francisco de Miranda, en La Carlota, este de la capital, por parte de <strong>\u00d3scar Alberto P\u00e9rez<\/strong>, quien para cometer los atentados se vali\u00f3 de condici\u00f3n de inspector adscrito a la divisi\u00f3n de Transporte A\u00e9reo de la polic\u00eda cient\u00edfica; adem\u00e1s, mantiene v\u00ednculos con la <strong>Agencia Central de Inteligencia de los Estados Unidos<\/strong>(CIA, por sus siglas en ingl\u00e9s) y con un <strong>exministro venezolano<\/strong>, quien reconoci\u00f3 mantener sus contactos con la agencia secreta estadounidense, inform\u00f3 el Gobierno Nacional mediante un comunicado.<\/p>\n<p>P\u00e9rez <strong>sobrevol\u00f3<\/strong>, primero, la sede del ministerio y efectu\u00f3 15 <strong>disparos<\/strong>, mientras all\u00ed\u00a0se encontraban 80 personas que participaban en un acto en conmemoraci\u00f3n del <strong>D\u00eda del Periodista<\/strong>. Posteriormente, el helic\u00f3ptero se dirigi\u00f3 al TSJ \u2014donde sesionaban magistrados de la\u00a0Sala Constitucional y un grupo de trabajadores permanec\u00eda en sus oficinas\u2014, efecti\u00f3 otros disparos y lanz\u00f3 al menos cuatro granadas de origen colombiano y de fabricaci\u00f3n israel\u00ed. Una de ellas no estall\u00f3 y fue colectada, precisa el texto gubernamental.<\/p>\n<p>El Gobierno Bolivariano denunci\u00f3 que estos hechos forman parte de una<strong> ofensiva insurreccional<\/strong> adelantada por <strong>factores extremistas de la derecha venezolana<\/strong>, con apoyo de<strong> gobiernos y poderes extranjeros<\/strong>, con la pretensi\u00f3n de derrocar el Gobierno leg\u00edtimo del presidente Nicol\u00e1s Maduro.<\/p>\n<p>\u00abEspero que el Ministerio P\u00fablico tome carta en el asunto, porque sencillamente esto es un ataque de violencia terrorista que si no hubiera habido una respuesta r\u00e1pida de los cuerpos de seguridad de protecci\u00f3n, estuvi\u00e9ramos lamentado dolorosamente p\u00e9rdidas de vida\u00bb, asever\u00f3 el jefe de Estado este martes en la noche, durante la entrega del Premio Nacional de Periodismo.<\/p>\n<p>El Ejecutivo Nacional tambi\u00e9n exhort\u00f3 a los partidos pol\u00edticos y sectores de la oposici\u00f3n venezolana, a la jerarqu\u00eda eclesi\u00e1stica y a dem\u00e1s factores de la sociedad venezolana a condenar estas acciones; adem\u00e1s, inst\u00f3 al pueblo venezolano a estar alerta frente a la escalada golpista.<\/p>\n<p><strong>Lea tambi\u00e9n<\/strong>:<\/p>\n","protected":false},"excerpt":{"rendered":"<p>AVN.- Las autoridades venezolanos activaron medidas de seguridad ante los ataques contra las sedes del Tribunal &hellip; <a title=\"Perpetrados ataques terroristas contra TSJ y Ministerio del Interior como parte de plan golpista\" class=\"hm-read-more\" href=\"https:\/\/www.mpppst.gob.ve\/mpppstweb\/index.php\/2017\/06\/28\/perpetrados-ataques-terroristas-contra-tsj-y-ministerio-del-interior-como-parte-de-plan-golpista\/\"><span class=\"screen-reader-text\">Perpetrados ataques terroristas contra TSJ y Ministerio del Interior como parte de plan golpista<\/span>Read more<\/a><\/p>\n","protected":false},"author":25,"featured_media":12014,"comment_status":"closed","ping_status":"closed","sticky":false,"template":"","format":"standard","meta":{"footnotes":""},"categories":[82,163],"tags":[222],"yoast_head":"<!-- This site is optimized with the Yoast SEO plugin v22.5 - https:\/\/yoast.com\/wordpress\/plugins\/seo\/ -->\n<title>Perpetrados ataques terroristas contra TSJ y Ministerio del Interior como parte de plan golpista - MPPPST<\/title>\n<meta name=\"robots\" content=\"index, follow, max-snippet:-1, max-image-preview:large, max-video-preview:-1\" \/>\n<link rel=\"canonical\" href=\"https:\/\/www.mpppst.gob.ve\/mpppstweb\/index.php\/2017\/06\/28\/perpetrados-ataques-terroristas-contra-tsj-y-ministerio-del-interior-como-parte-de-plan-golpista\/\" \/>\n<meta property=\"og:locale\" content=\"es_ES\" \/>\n<meta property=\"og:type\" content=\"article\" \/>\n<meta property=\"og:title\" content=\"Perpetrados ataques terroristas contra TSJ y Ministerio del Interior como parte de plan golpista - MPPPST\" \/>\n<meta property=\"og:description\" content=\"AVN.- Las autoridades venezolanos activaron medidas de seguridad ante los ataques contra las sedes del Tribunal &hellip; Perpetrados ataques terroristas contra TSJ y Ministerio del Interior como parte de plan golpistaRead more\" \/>\n<meta property=\"og:url\" content=\"https:\/\/www.mpppst.gob.ve\/mpppstweb\/index.php\/2017\/06\/28\/perpetrados-ataques-terroristas-contra-tsj-y-ministerio-del-interior-como-parte-de-plan-golpista\/\" \/>\n<meta property=\"og:site_name\" content=\"MPPPST\" \/>\n<meta property=\"article:published_time\" content=\"2017-06-28T17:14:57+00:00\" \/>\n<meta property=\"og:image\" content=\"https:\/\/www.mpppst.gob.ve\/mpppstweb\/wp-content\/uploads\/2017\/06\/TSJ.jpg\" \/>\n\t<meta property=\"og:image:width\" content=\"800\" \/>\n\t<meta property=\"og:image:height\" content=\"445\" \/>\n\t<meta property=\"og:image:type\" content=\"image\/jpeg\" \/>\n<meta name=\"author\" content=\"MPPPST Prensa\" \/>\n<meta name=\"twitter:card\" content=\"summary_large_image\" \/>\n<meta name=\"twitter:label1\" content=\"Escrito por\" \/>\n\t<meta name=\"twitter:data1\" content=\"MPPPST Prensa\" \/>\n\t<meta name=\"twitter:label2\" content=\"Tiempo de lectura\" \/>\n\t<meta name=\"twitter:data2\" content=\"2 minutos\" \/>\n<script type=\"application\/ld+json\" class=\"yoast-schema-graph\">{\"@context\":\"https:\/\/schema.org\",\"@graph\":[{\"@type\":\"Article\",\"@id\":\"https:\/\/www.mpppst.gob.ve\/mpppstweb\/index.php\/2017\/06\/28\/perpetrados-ataques-terroristas-contra-tsj-y-ministerio-del-interior-como-parte-de-plan-golpista\/#article\",\"isPartOf\":{\"@id\":\"https:\/\/www.mpppst.gob.ve\/mpppstweb\/index.php\/2017\/06\/28\/perpetrados-ataques-terroristas-contra-tsj-y-ministerio-del-interior-como-parte-de-plan-golpista\/\"},\"author\":{\"name\":\"MPPPST Prensa\",\"@id\":\"https:\/\/www.mpppst.gob.ve\/mpppstweb\/#\/schema\/person\/fc187ee8ead412bd4c9304b62f900ea4\"},\"headline\":\"Perpetrados ataques terroristas contra TSJ y Ministerio del Interior como parte de plan golpista\",\"datePublished\":\"2017-06-28T17:14:57+00:00\",\"dateModified\":\"2017-06-28T17:14:57+00:00\",\"mainEntityOfPage\":{\"@id\":\"https:\/\/www.mpppst.gob.ve\/mpppstweb\/index.php\/2017\/06\/28\/perpetrados-ataques-terroristas-contra-tsj-y-ministerio-del-interior-como-parte-de-plan-golpista\/\"},\"wordCount\":419,\"publisher\":{\"@id\":\"https:\/\/www.mpppst.gob.ve\/mpppstweb\/#organization\"},\"image\":{\"@id\":\"https:\/\/www.mpppst.gob.ve\/mpppstweb\/index.php\/2017\/06\/28\/perpetrados-ataques-terroristas-contra-tsj-y-ministerio-del-interior-como-parte-de-plan-golpista\/#primaryimage\"},\"thumbnailUrl\":\"https:\/\/www.mpppst.gob.ve\/mpppstweb\/wp-content\/uploads\/2017\/06\/TSJ.jpg\",\"keywords\":[\"Gobierno Bolivariano\"],\"articleSection\":[\"Gobierno Nacional\",\"Noticias\"],\"inLanguage\":\"es\"},{\"@type\":\"WebPage\",\"@id\":\"https:\/\/www.mpppst.gob.ve\/mpppstweb\/index.php\/2017\/06\/28\/perpetrados-ataques-terroristas-contra-tsj-y-ministerio-del-interior-como-parte-de-plan-golpista\/\",\"url\":\"https:\/\/www.mpppst.gob.ve\/mpppstweb\/index.php\/2017\/06\/28\/perpetrados-ataques-terroristas-contra-tsj-y-ministerio-del-interior-como-parte-de-plan-golpista\/\",\"name\":\"Perpetrados ataques terroristas contra TSJ y Ministerio del Interior como parte de plan golpista - MPPPST\",\"isPartOf\":{\"@id\":\"https:\/\/www.mpppst.gob.ve\/mpppstweb\/#website\"},\"primaryImageOfPage\":{\"@id\":\"https:\/\/www.mpppst.gob.ve\/mpppstweb\/index.php\/2017\/06\/28\/perpetrados-ataques-terroristas-contra-tsj-y-ministerio-del-interior-como-parte-de-plan-golpista\/#primaryimage\"},\"image\":{\"@id\":\"https:\/\/www.mpppst.gob.ve\/mpppstweb\/index.php\/2017\/06\/28\/perpetrados-ataques-terroristas-contra-tsj-y-ministerio-del-interior-como-parte-de-plan-golpista\/#primaryimage\"},\"thumbnailUrl\":\"https:\/\/www.mpppst.gob.ve\/mpppstweb\/wp-content\/uploads\/2017\/06\/TSJ.jpg\",\"datePublished\":\"2017-06-28T17:14:57+00:00\",\"dateModified\":\"2017-06-28T17:14:57+00:00\",\"breadcrumb\":{\"@id\":\"https:\/\/www.mpppst.gob.ve\/mpppstweb\/index.php\/2017\/06\/28\/perpetrados-ataques-terroristas-contra-tsj-y-ministerio-del-interior-como-parte-de-plan-golpista\/#breadcrumb\"},\"inLanguage\":\"es\",\"potentialAction\":[{\"@type\":\"ReadAction\",\"target\":[\"https:\/\/www.mpppst.gob.ve\/mpppstweb\/index.php\/2017\/06\/28\/perpetrados-ataques-terroristas-contra-tsj-y-ministerio-del-interior-como-parte-de-plan-golpista\/\"]}]},{\"@type\":\"ImageObject\",\"inLanguage\":\"es\",\"@id\":\"https:\/\/www.mpppst.gob.ve\/mpppstweb\/index.php\/2017\/06\/28\/perpetrados-ataques-terroristas-contra-tsj-y-ministerio-del-interior-como-parte-de-plan-golpista\/#primaryimage\",\"url\":\"https:\/\/www.mpppst.gob.ve\/mpppstweb\/wp-content\/uploads\/2017\/06\/TSJ.jpg\",\"contentUrl\":\"https:\/\/www.mpppst.gob.ve\/mpppstweb\/wp-content\/uploads\/2017\/06\/TSJ.jpg\",\"width\":800,\"height\":445},{\"@type\":\"BreadcrumbList\",\"@id\":\"https:\/\/www.mpppst.gob.ve\/mpppstweb\/index.php\/2017\/06\/28\/perpetrados-ataques-terroristas-contra-tsj-y-ministerio-del-interior-como-parte-de-plan-golpista\/#breadcrumb\",\"itemListElement\":[{\"@type\":\"ListItem\",\"position\":1,\"name\":\"Home\",\"item\":\"https:\/\/www.mpppst.gob.ve\/mpppstweb\/\"},{\"@type\":\"ListItem\",\"position\":2,\"name\":\"Perpetrados ataques terroristas contra TSJ y Ministerio del Interior como parte de plan golpista\"}]},{\"@type\":\"WebSite\",\"@id\":\"https:\/\/www.mpppst.gob.ve\/mpppstweb\/#website\",\"url\":\"https:\/\/www.mpppst.gob.ve\/mpppstweb\/\",\"name\":\"MPPPST\",\"description\":\"Ministerio del Poder Popular para el Proceso Social de Trabajo\",\"publisher\":{\"@id\":\"https:\/\/www.mpppst.gob.ve\/mpppstweb\/#organization\"},\"potentialAction\":[{\"@type\":\"SearchAction\",\"target\":{\"@type\":\"EntryPoint\",\"urlTemplate\":\"https:\/\/www.mpppst.gob.ve\/mpppstweb\/?s={search_term_string}\"},\"query-input\":\"required name=search_term_string\"}],\"inLanguage\":\"es\"},{\"@type\":\"Organization\",\"@id\":\"https:\/\/www.mpppst.gob.ve\/mpppstweb\/#organization\",\"name\":\"mpppst\",\"url\":\"https:\/\/www.mpppst.gob.ve\/mpppstweb\/\",\"logo\":{\"@type\":\"ImageObject\",\"inLanguage\":\"es\",\"@id\":\"https:\/\/www.mpppst.gob.ve\/mpppstweb\/#\/schema\/logo\/image\/\",\"url\":\"https:\/\/www.mpppst.gob.ve\/mpppstweb\/wp-content\/uploads\/2025\/07\/cropped-cropped-g910.png\",\"contentUrl\":\"https:\/\/www.mpppst.gob.ve\/mpppstweb\/wp-content\/uploads\/2025\/07\/cropped-cropped-g910.png\",\"width\":1080,\"height\":241,\"caption\":\"mpppst\"},\"image\":{\"@id\":\"https:\/\/www.mpppst.gob.ve\/mpppstweb\/#\/schema\/logo\/image\/\"}},{\"@type\":\"Person\",\"@id\":\"https:\/\/www.mpppst.gob.ve\/mpppstweb\/#\/schema\/person\/fc187ee8ead412bd4c9304b62f900ea4\",\"name\":\"MPPPST Prensa\",\"url\":\"https:\/\/www.mpppst.gob.ve\/mpppstweb\/index.php\/author\/prensa-mpppst\/\"}]}<\/script>\n<!-- \/ Yoast SEO plugin. -->","yoast_head_json":{"title":"Perpetrados ataques terroristas contra TSJ y Ministerio del Interior como parte de plan golpista - MPPPST","robots":{"index":"index","follow":"follow","max-snippet":"max-snippet:-1","max-image-preview":"max-image-preview:large","max-video-preview":"max-video-preview:-1"},"canonical":"https:\/\/www.mpppst.gob.ve\/mpppstweb\/index.php\/2017\/06\/28\/perpetrados-ataques-terroristas-contra-tsj-y-ministerio-del-interior-como-parte-de-plan-golpista\/","og_locale":"es_ES","og_type":"article","og_title":"Perpetrados ataques terroristas contra TSJ y Ministerio del Interior como parte de plan golpista - MPPPST","og_description":"AVN.- Las autoridades venezolanos activaron medidas de seguridad ante los ataques contra las sedes del Tribunal &hellip; Perpetrados ataques terroristas contra TSJ y Ministerio del Interior como parte de plan golpistaRead more","og_url":"https:\/\/www.mpppst.gob.ve\/mpppstweb\/index.php\/2017\/06\/28\/perpetrados-ataques-terroristas-contra-tsj-y-ministerio-del-interior-como-parte-de-plan-golpista\/","og_site_name":"MPPPST","article_published_time":"2017-06-28T17:14:57+00:00","og_image":[{"width":800,"height":445,"url":"https:\/\/www.mpppst.gob.ve\/mpppstweb\/wp-content\/uploads\/2017\/06\/TSJ.jpg","type":"image\/jpeg"}],"author":"MPPPST Prensa","twitter_card":"summary_large_image","twitter_misc":{"Escrito por":"MPPPST Prensa","Tiempo de lectura":"2 minutos"},"schema":{"@context":"https:\/\/schema.org","@graph":[{"@type":"Article","@id":"https:\/\/www.mpppst.gob.ve\/mpppstweb\/index.php\/2017\/06\/28\/perpetrados-ataques-terroristas-contra-tsj-y-ministerio-del-interior-como-parte-de-plan-golpista\/#article","isPartOf":{"@id":"https:\/\/www.mpppst.gob.ve\/mpppstweb\/index.php\/2017\/06\/28\/perpetrados-ataques-terroristas-contra-tsj-y-ministerio-del-interior-como-parte-de-plan-golpista\/"},"author":{"name":"MPPPST Prensa","@id":"https:\/\/www.mpppst.gob.ve\/mpppstweb\/#\/schema\/person\/fc187ee8ead412bd4c9304b62f900ea4"},"headline":"Perpetrados ataques terroristas contra TSJ y Ministerio del Interior como parte de plan golpista","datePublished":"2017-06-28T17:14:57+00:00","dateModified":"2017-06-28T17:14:57+00:00","mainEntityOfPage":{"@id":"https:\/\/www.mpppst.gob.ve\/mpppstweb\/index.php\/2017\/06\/28\/perpetrados-ataques-terroristas-contra-tsj-y-ministerio-del-interior-como-parte-de-plan-golpista\/"},"wordCount":419,"publisher":{"@id":"https:\/\/www.mpppst.gob.ve\/mpppstweb\/#organization"},"image":{"@id":"https:\/\/www.mpppst.gob.ve\/mpppstweb\/index.php\/2017\/06\/28\/perpetrados-ataques-terroristas-contra-tsj-y-ministerio-del-interior-como-parte-de-plan-golpista\/#primaryimage"},"thumbnailUrl":"https:\/\/www.mpppst.gob.ve\/mpppstweb\/wp-content\/uploads\/2017\/06\/TSJ.jpg","keywords":["Gobierno Bolivariano"],"articleSection":["Gobierno Nacional","Noticias"],"inLanguage":"es"},{"@type":"WebPage","@id":"https:\/\/www.mpppst.gob.ve\/mpppstweb\/index.php\/2017\/06\/28\/perpetrados-ataques-terroristas-contra-tsj-y-ministerio-del-interior-como-parte-de-plan-golpista\/","url":"https:\/\/www.mpppst.gob.ve\/mpppstweb\/index.php\/2017\/06\/28\/perpetrados-ataques-terroristas-contra-tsj-y-ministerio-del-interior-como-parte-de-plan-golpista\/","name":"Perpetrados ataques terroristas contra TSJ y Ministerio del Interior como parte de plan golpista - MPPPST","isPartOf":{"@id":"https:\/\/www.mpppst.gob.ve\/mpppstweb\/#website"},"primaryImageOfPage":{"@id":"https:\/\/www.mpppst.gob.ve\/mpppstweb\/index.php\/2017\/06\/28\/perpetrados-ataques-terroristas-contra-tsj-y-ministerio-del-interior-como-parte-de-plan-golpista\/#primaryimage"},"image":{"@id":"https:\/\/www.mpppst.gob.ve\/mpppstweb\/index.php\/2017\/06\/28\/perpetrados-ataques-terroristas-contra-tsj-y-ministerio-del-interior-como-parte-de-plan-golpista\/#primaryimage"},"thumbnailUrl":"https:\/\/www.mpppst.gob.ve\/mpppstweb\/wp-content\/uploads\/2017\/06\/TSJ.jpg","datePublished":"2017-06-28T17:14:57+00:00","dateModified":"2017-06-28T17:14:57+00:00","breadcrumb":{"@id":"https:\/\/www.mpppst.gob.ve\/mpppstweb\/index.php\/2017\/06\/28\/perpetrados-ataques-terroristas-contra-tsj-y-ministerio-del-interior-como-parte-de-plan-golpista\/#breadcrumb"},"inLanguage":"es","potentialAction":[{"@type":"ReadAction","target":["https:\/\/www.mpppst.gob.ve\/mpppstweb\/index.php\/2017\/06\/28\/perpetrados-ataques-terroristas-contra-tsj-y-ministerio-del-interior-como-parte-de-plan-golpista\/"]}]},{"@type":"ImageObject","inLanguage":"es","@id":"https:\/\/www.mpppst.gob.ve\/mpppstweb\/index.php\/2017\/06\/28\/perpetrados-ataques-terroristas-contra-tsj-y-ministerio-del-interior-como-parte-de-plan-golpista\/#primaryimage","url":"https:\/\/www.mpppst.gob.ve\/mpppstweb\/wp-content\/uploads\/2017\/06\/TSJ.jpg","contentUrl":"https:\/\/www.mpppst.gob.ve\/mpppstweb\/wp-content\/uploads\/2017\/06\/TSJ.jpg","width":800,"height":445},{"@type":"BreadcrumbList","@id":"https:\/\/www.mpppst.gob.ve\/mpppstweb\/index.php\/2017\/06\/28\/perpetrados-ataques-terroristas-contra-tsj-y-ministerio-del-interior-como-parte-de-plan-golpista\/#breadcrumb","itemListElement":[{"@type":"ListItem","position":1,"name":"Home","item":"https:\/\/www.mpppst.gob.ve\/mpppstweb\/"},{"@type":"ListItem","position":2,"name":"Perpetrados ataques terroristas contra TSJ y Ministerio del Interior como parte de plan golpista"}]},{"@type":"WebSite","@id":"https:\/\/www.mpppst.gob.ve\/mpppstweb\/#website","url":"https:\/\/www.mpppst.gob.ve\/mpppstweb\/","name":"MPPPST","description":"Ministerio del Poder Popular para el Proceso Social de Trabajo","publisher":{"@id":"https:\/\/www.mpppst.gob.ve\/mpppstweb\/#organization"},"potentialAction":[{"@type":"SearchAction","target":{"@type":"EntryPoint","urlTemplate":"https:\/\/www.mpppst.gob.ve\/mpppstweb\/?s={search_term_string}"},"query-input":"required name=search_term_string"}],"inLanguage":"es"},{"@type":"Organization","@id":"https:\/\/www.mpppst.gob.ve\/mpppstweb\/#organization","name":"mpppst","url":"https:\/\/www.mpppst.gob.ve\/mpppstweb\/","logo":{"@type":"ImageObject","inLanguage":"es","@id":"https:\/\/www.mpppst.gob.ve\/mpppstweb\/#\/schema\/logo\/image\/","url":"https:\/\/www.mpppst.gob.ve\/mpppstweb\/wp-content\/uploads\/2025\/07\/cropped-cropped-g910.png","contentUrl":"https:\/\/www.mpppst.gob.ve\/mpppstweb\/wp-content\/uploads\/2025\/07\/cropped-cropped-g910.png","width":1080,"height":241,"caption":"mpppst"},"image":{"@id":"https:\/\/www.mpppst.gob.ve\/mpppstweb\/#\/schema\/logo\/image\/"}},{"@type":"Person","@id":"https:\/\/www.mpppst.gob.ve\/mpppstweb\/#\/schema\/person\/fc187ee8ead412bd4c9304b62f900ea4","name":"MPPPST Prensa","url":"https:\/\/www.mpppst.gob.ve\/mpppstweb\/index.php\/author\/prensa-mpppst\/"}]}},"_links":{"self":[{"href":"https:\/\/www.mpppst.gob.ve\/mpppstweb\/index.php\/wp-json\/wp\/v2\/posts\/12013"}],"collection":[{"href":"https:\/\/www.mpppst.gob.ve\/mpppstweb\/index.php\/wp-json\/wp\/v2\/posts"}],"about":[{"href":"https:\/\/www.mpppst.gob.ve\/mpppstweb\/index.php\/wp-json\/wp\/v2\/types\/post"}],"author":[{"embeddable":true,"href":"https:\/\/www.mpppst.gob.ve\/mpppstweb\/index.php\/wp-json\/wp\/v2\/users\/25"}],"replies":[{"embeddable":true,"href":"https:\/\/www.mpppst.gob.ve\/mpppstweb\/index.php\/wp-json\/wp\/v2\/comments?post=12013"}],"version-history":[{"count":1,"href":"https:\/\/www.mpppst.gob.ve\/mpppstweb\/index.php\/wp-json\/wp\/v2\/posts\/12013\/revisions"}],"predecessor-version":[{"id":12015,"href":"https:\/\/www.mpppst.gob.ve\/mpppstweb\/index.php\/wp-json\/wp\/v2\/posts\/12013\/revisions\/12015"}],"wp:featuredmedia":[{"embeddable":true,"href":"https:\/\/www.mpppst.gob.ve\/mpppstweb\/index.php\/wp-json\/wp\/v2\/media\/12014"}],"wp:attachment":[{"href":"https:\/\/www.mpppst.gob.ve\/mpppstweb\/index.php\/wp-json\/wp\/v2\/media?parent=12013"}],"wp:term":[{"taxonomy":"category","embeddable":true,"href":"https:\/\/www.mpppst.gob.ve\/mpppstweb\/index.php\/wp-json\/wp\/v2\/categories?post=12013"},{"taxonomy":"post_tag","embeddable":true,"href":"https:\/\/www.mpppst.gob.ve\/mpppstweb\/index.php\/wp-json\/wp\/v2\/tags?post=12013"}],"curies":[{"name":"wp","href":"https:\/\/api.w.org\/{rel}","templated":true}]}}