{"id":12016,"date":"2017-06-28T15:41:39","date_gmt":"2017-06-28T19:41:39","guid":{"rendered":"http:\/\/www.mpppst.gob.ve\/mpppstweb\/?p=12016"},"modified":"2017-06-28T15:42:30","modified_gmt":"2017-06-28T19:42:30","slug":"ministro-ovalles-se-suma-a-la-condena-del-presidente-maduro-a-la-nueva-agresion-fascista","status":"publish","type":"post","link":"https:\/\/www.mpppst.gob.ve\/mpppstweb\/index.php\/2017\/06\/28\/ministro-ovalles-se-suma-a-la-condena-del-presidente-maduro-a-la-nueva-agresion-fascista\/","title":{"rendered":"Ministro Ovalles se suma a la condena que el Presidente Maduro hizo a la nueva agresi\u00f3n fascista"},"content":{"rendered":"<p>Por Marbelys \u00a0Mav\u00e1rez \u00a0Laguna<\/p>\n<p>El ministro del Poder Popular para el Proceso Social de Trabajo, N\u00e9stor Ovalles, se refiri\u00f3 a las agresiones emprendidas el d\u00eda martes, cuando un helic\u00f3ptero sobrevol\u00f3 el Tribunal Supremo de Justicia (TSJ) y lanz\u00f3 varias granadas hacia esta Instituci\u00f3n del Estado venezolano. En este sentido el titular del Despacho de Trabajo dijo que \u201cla agresi\u00f3n est\u00e1 escalando, est\u00e1 subi\u00e9ndole el tono al conflicto porque el objetivo est\u00e1 centrado en intentar frenar la Constituyente, en intentar frenar al pueblo de cara al 30 de julio\u201d, dijo al tiempo que agregaba que el prop\u00f3sito consiste en que \u201cel pueblo no vote en los t\u00e9rminos que quiere votar\u201d. Concluy\u00f3 que en definitiva se busca frenar la demostraci\u00f3n de la disposici\u00f3n del pueblo de vivir en democracia.<\/p>\n<p>Explic\u00f3 que algunos sectores del pa\u00eds quieren evitar que la Constituyente se instale para implementar una nueva arquitectura institucional desde el poder originario, no desde el poder derivado o\u00a0 secundario que representa la Asamblea Nacional.<\/p>\n<p>&nbsp;<\/p>\n","protected":false},"excerpt":{"rendered":"<p>Por Marbelys \u00a0Mav\u00e1rez \u00a0Laguna El ministro del Poder Popular para el Proceso Social de Trabajo, N\u00e9stor &hellip; <a title=\"Ministro Ovalles se suma a la condena que el Presidente Maduro hizo a la nueva agresi\u00f3n fascista\" class=\"hm-read-more\" href=\"https:\/\/www.mpppst.gob.ve\/mpppstweb\/index.php\/2017\/06\/28\/ministro-ovalles-se-suma-a-la-condena-del-presidente-maduro-a-la-nueva-agresion-fascista\/\"><span class=\"screen-reader-text\">Ministro Ovalles se suma a la condena que el Presidente Maduro hizo a la nueva agresi\u00f3n fascista<\/span>Read more<\/a><\/p>\n","protected":false},"author":25,"featured_media":12017,"comment_status":"closed","ping_status":"closed","sticky":false,"template":"","format":"standard","meta":{"footnotes":""},"categories":[82,83,163],"tags":[],"yoast_head":"<!-- This site is optimized with the Yoast SEO plugin v22.5 - https:\/\/yoast.com\/wordpress\/plugins\/seo\/ -->\n<title>Ministro Ovalles se suma a la condena que el Presidente Maduro hizo a la nueva agresi\u00f3n fascista - MPPPST<\/title>\n<meta name=\"robots\" content=\"index, follow, max-snippet:-1, max-image-preview:large, max-video-preview:-1\" \/>\n<link rel=\"canonical\" href=\"https:\/\/www.mpppst.gob.ve\/mpppstweb\/index.php\/2017\/06\/28\/ministro-ovalles-se-suma-a-la-condena-del-presidente-maduro-a-la-nueva-agresion-fascista\/\" \/>\n<meta property=\"og:locale\" content=\"es_ES\" \/>\n<meta property=\"og:type\" content=\"article\" \/>\n<meta property=\"og:title\" content=\"Ministro Ovalles se suma a la condena que el Presidente Maduro hizo a la nueva agresi\u00f3n fascista - MPPPST\" \/>\n<meta property=\"og:description\" content=\"Por Marbelys \u00a0Mav\u00e1rez \u00a0Laguna El ministro del Poder Popular para el Proceso Social de Trabajo, N\u00e9stor &hellip; Ministro Ovalles se suma a la condena que el Presidente Maduro hizo a la nueva agresi\u00f3n fascistaRead more\" \/>\n<meta property=\"og:url\" content=\"https:\/\/www.mpppst.gob.ve\/mpppstweb\/index.php\/2017\/06\/28\/ministro-ovalles-se-suma-a-la-condena-del-presidente-maduro-a-la-nueva-agresion-fascista\/\" \/>\n<meta property=\"og:site_name\" content=\"MPPPST\" \/>\n<meta property=\"article:published_time\" content=\"2017-06-28T19:41:39+00:00\" \/>\n<meta property=\"article:modified_time\" content=\"2017-06-28T19:42:30+00:00\" \/>\n<meta property=\"og:image\" content=\"https:\/\/www.mpppst.gob.ve\/mpppstweb\/wp-content\/uploads\/2017\/06\/ovalles-1.jpg\" \/>\n\t<meta property=\"og:image:width\" content=\"800\" \/>\n\t<meta property=\"og:image:height\" content=\"445\" \/>\n\t<meta property=\"og:image:type\" content=\"image\/jpeg\" \/>\n<meta name=\"author\" content=\"MPPPST Prensa\" \/>\n<meta name=\"twitter:card\" content=\"summary_large_image\" \/>\n<meta name=\"twitter:label1\" content=\"Escrito por\" \/>\n\t<meta name=\"twitter:data1\" content=\"MPPPST Prensa\" \/>\n\t<meta name=\"twitter:label2\" content=\"Tiempo de lectura\" \/>\n\t<meta name=\"twitter:data2\" content=\"1 minuto\" \/>\n<script type=\"application\/ld+json\" class=\"yoast-schema-graph\">{\"@context\":\"https:\/\/schema.org\",\"@graph\":[{\"@type\":\"Article\",\"@id\":\"https:\/\/www.mpppst.gob.ve\/mpppstweb\/index.php\/2017\/06\/28\/ministro-ovalles-se-suma-a-la-condena-del-presidente-maduro-a-la-nueva-agresion-fascista\/#article\",\"isPartOf\":{\"@id\":\"https:\/\/www.mpppst.gob.ve\/mpppstweb\/index.php\/2017\/06\/28\/ministro-ovalles-se-suma-a-la-condena-del-presidente-maduro-a-la-nueva-agresion-fascista\/\"},\"author\":{\"name\":\"MPPPST Prensa\",\"@id\":\"https:\/\/www.mpppst.gob.ve\/mpppstweb\/#\/schema\/person\/fc187ee8ead412bd4c9304b62f900ea4\"},\"headline\":\"Ministro Ovalles se suma a la condena que el Presidente Maduro hizo a la nueva agresi\u00f3n fascista\",\"datePublished\":\"2017-06-28T19:41:39+00:00\",\"dateModified\":\"2017-06-28T19:42:30+00:00\",\"mainEntityOfPage\":{\"@id\":\"https:\/\/www.mpppst.gob.ve\/mpppstweb\/index.php\/2017\/06\/28\/ministro-ovalles-se-suma-a-la-condena-del-presidente-maduro-a-la-nueva-agresion-fascista\/\"},\"wordCount\":192,\"publisher\":{\"@id\":\"https:\/\/www.mpppst.gob.ve\/mpppstweb\/#organization\"},\"image\":{\"@id\":\"https:\/\/www.mpppst.gob.ve\/mpppstweb\/index.php\/2017\/06\/28\/ministro-ovalles-se-suma-a-la-condena-del-presidente-maduro-a-la-nueva-agresion-fascista\/#primaryimage\"},\"thumbnailUrl\":\"https:\/\/www.mpppst.gob.ve\/mpppstweb\/wp-content\/uploads\/2017\/06\/ovalles-1.jpg\",\"articleSection\":[\"Gobierno Nacional\",\"Ministerio\",\"Noticias\"],\"inLanguage\":\"es\"},{\"@type\":\"WebPage\",\"@id\":\"https:\/\/www.mpppst.gob.ve\/mpppstweb\/index.php\/2017\/06\/28\/ministro-ovalles-se-suma-a-la-condena-del-presidente-maduro-a-la-nueva-agresion-fascista\/\",\"url\":\"https:\/\/www.mpppst.gob.ve\/mpppstweb\/index.php\/2017\/06\/28\/ministro-ovalles-se-suma-a-la-condena-del-presidente-maduro-a-la-nueva-agresion-fascista\/\",\"name\":\"Ministro Ovalles se suma a la condena que el Presidente Maduro hizo a la nueva agresi\u00f3n fascista - MPPPST\",\"isPartOf\":{\"@id\":\"https:\/\/www.mpppst.gob.ve\/mpppstweb\/#website\"},\"primaryImageOfPage\":{\"@id\":\"https:\/\/www.mpppst.gob.ve\/mpppstweb\/index.php\/2017\/06\/28\/ministro-ovalles-se-suma-a-la-condena-del-presidente-maduro-a-la-nueva-agresion-fascista\/#primaryimage\"},\"image\":{\"@id\":\"https:\/\/www.mpppst.gob.ve\/mpppstweb\/index.php\/2017\/06\/28\/ministro-ovalles-se-suma-a-la-condena-del-presidente-maduro-a-la-nueva-agresion-fascista\/#primaryimage\"},\"thumbnailUrl\":\"https:\/\/www.mpppst.gob.ve\/mpppstweb\/wp-content\/uploads\/2017\/06\/ovalles-1.jpg\",\"datePublished\":\"2017-06-28T19:41:39+00:00\",\"dateModified\":\"2017-06-28T19:42:30+00:00\",\"breadcrumb\":{\"@id\":\"https:\/\/www.mpppst.gob.ve\/mpppstweb\/index.php\/2017\/06\/28\/ministro-ovalles-se-suma-a-la-condena-del-presidente-maduro-a-la-nueva-agresion-fascista\/#breadcrumb\"},\"inLanguage\":\"es\",\"potentialAction\":[{\"@type\":\"ReadAction\",\"target\":[\"https:\/\/www.mpppst.gob.ve\/mpppstweb\/index.php\/2017\/06\/28\/ministro-ovalles-se-suma-a-la-condena-del-presidente-maduro-a-la-nueva-agresion-fascista\/\"]}]},{\"@type\":\"ImageObject\",\"inLanguage\":\"es\",\"@id\":\"https:\/\/www.mpppst.gob.ve\/mpppstweb\/index.php\/2017\/06\/28\/ministro-ovalles-se-suma-a-la-condena-del-presidente-maduro-a-la-nueva-agresion-fascista\/#primaryimage\",\"url\":\"https:\/\/www.mpppst.gob.ve\/mpppstweb\/wp-content\/uploads\/2017\/06\/ovalles-1.jpg\",\"contentUrl\":\"https:\/\/www.mpppst.gob.ve\/mpppstweb\/wp-content\/uploads\/2017\/06\/ovalles-1.jpg\",\"width\":800,\"height\":445},{\"@type\":\"BreadcrumbList\",\"@id\":\"https:\/\/www.mpppst.gob.ve\/mpppstweb\/index.php\/2017\/06\/28\/ministro-ovalles-se-suma-a-la-condena-del-presidente-maduro-a-la-nueva-agresion-fascista\/#breadcrumb\",\"itemListElement\":[{\"@type\":\"ListItem\",\"position\":1,\"name\":\"Home\",\"item\":\"https:\/\/www.mpppst.gob.ve\/mpppstweb\/\"},{\"@type\":\"ListItem\",\"position\":2,\"name\":\"Ministro Ovalles se suma a la condena que el Presidente Maduro hizo a la nueva agresi\u00f3n fascista\"}]},{\"@type\":\"WebSite\",\"@id\":\"https:\/\/www.mpppst.gob.ve\/mpppstweb\/#website\",\"url\":\"https:\/\/www.mpppst.gob.ve\/mpppstweb\/\",\"name\":\"MPPPST\",\"description\":\"Ministerio del Poder Popular para el Proceso Social de Trabajo\",\"publisher\":{\"@id\":\"https:\/\/www.mpppst.gob.ve\/mpppstweb\/#organization\"},\"potentialAction\":[{\"@type\":\"SearchAction\",\"target\":{\"@type\":\"EntryPoint\",\"urlTemplate\":\"https:\/\/www.mpppst.gob.ve\/mpppstweb\/?s={search_term_string}\"},\"query-input\":\"required name=search_term_string\"}],\"inLanguage\":\"es\"},{\"@type\":\"Organization\",\"@id\":\"https:\/\/www.mpppst.gob.ve\/mpppstweb\/#organization\",\"name\":\"mpppst\",\"url\":\"https:\/\/www.mpppst.gob.ve\/mpppstweb\/\",\"logo\":{\"@type\":\"ImageObject\",\"inLanguage\":\"es\",\"@id\":\"https:\/\/www.mpppst.gob.ve\/mpppstweb\/#\/schema\/logo\/image\/\",\"url\":\"https:\/\/www.mpppst.gob.ve\/mpppstweb\/wp-content\/uploads\/2025\/07\/cropped-cropped-g910.png\",\"contentUrl\":\"https:\/\/www.mpppst.gob.ve\/mpppstweb\/wp-content\/uploads\/2025\/07\/cropped-cropped-g910.png\",\"width\":1080,\"height\":241,\"caption\":\"mpppst\"},\"image\":{\"@id\":\"https:\/\/www.mpppst.gob.ve\/mpppstweb\/#\/schema\/logo\/image\/\"}},{\"@type\":\"Person\",\"@id\":\"https:\/\/www.mpppst.gob.ve\/mpppstweb\/#\/schema\/person\/fc187ee8ead412bd4c9304b62f900ea4\",\"name\":\"MPPPST Prensa\",\"url\":\"https:\/\/www.mpppst.gob.ve\/mpppstweb\/index.php\/author\/prensa-mpppst\/\"}]}<\/script>\n<!-- \/ Yoast SEO plugin. -->","yoast_head_json":{"title":"Ministro Ovalles se suma a la condena que el Presidente Maduro hizo a la nueva agresi\u00f3n fascista - MPPPST","robots":{"index":"index","follow":"follow","max-snippet":"max-snippet:-1","max-image-preview":"max-image-preview:large","max-video-preview":"max-video-preview:-1"},"canonical":"https:\/\/www.mpppst.gob.ve\/mpppstweb\/index.php\/2017\/06\/28\/ministro-ovalles-se-suma-a-la-condena-del-presidente-maduro-a-la-nueva-agresion-fascista\/","og_locale":"es_ES","og_type":"article","og_title":"Ministro Ovalles se suma a la condena que el Presidente Maduro hizo a la nueva agresi\u00f3n fascista - MPPPST","og_description":"Por Marbelys \u00a0Mav\u00e1rez \u00a0Laguna El ministro del Poder Popular para el Proceso Social de Trabajo, N\u00e9stor &hellip; Ministro Ovalles se suma a la condena que el Presidente Maduro hizo a la nueva agresi\u00f3n fascistaRead more","og_url":"https:\/\/www.mpppst.gob.ve\/mpppstweb\/index.php\/2017\/06\/28\/ministro-ovalles-se-suma-a-la-condena-del-presidente-maduro-a-la-nueva-agresion-fascista\/","og_site_name":"MPPPST","article_published_time":"2017-06-28T19:41:39+00:00","article_modified_time":"2017-06-28T19:42:30+00:00","og_image":[{"width":800,"height":445,"url":"https:\/\/www.mpppst.gob.ve\/mpppstweb\/wp-content\/uploads\/2017\/06\/ovalles-1.jpg","type":"image\/jpeg"}],"author":"MPPPST Prensa","twitter_card":"summary_large_image","twitter_misc":{"Escrito por":"MPPPST Prensa","Tiempo de lectura":"1 minuto"},"schema":{"@context":"https:\/\/schema.org","@graph":[{"@type":"Article","@id":"https:\/\/www.mpppst.gob.ve\/mpppstweb\/index.php\/2017\/06\/28\/ministro-ovalles-se-suma-a-la-condena-del-presidente-maduro-a-la-nueva-agresion-fascista\/#article","isPartOf":{"@id":"https:\/\/www.mpppst.gob.ve\/mpppstweb\/index.php\/2017\/06\/28\/ministro-ovalles-se-suma-a-la-condena-del-presidente-maduro-a-la-nueva-agresion-fascista\/"},"author":{"name":"MPPPST Prensa","@id":"https:\/\/www.mpppst.gob.ve\/mpppstweb\/#\/schema\/person\/fc187ee8ead412bd4c9304b62f900ea4"},"headline":"Ministro Ovalles se suma a la condena que el Presidente Maduro hizo a la nueva agresi\u00f3n fascista","datePublished":"2017-06-28T19:41:39+00:00","dateModified":"2017-06-28T19:42:30+00:00","mainEntityOfPage":{"@id":"https:\/\/www.mpppst.gob.ve\/mpppstweb\/index.php\/2017\/06\/28\/ministro-ovalles-se-suma-a-la-condena-del-presidente-maduro-a-la-nueva-agresion-fascista\/"},"wordCount":192,"publisher":{"@id":"https:\/\/www.mpppst.gob.ve\/mpppstweb\/#organization"},"image":{"@id":"https:\/\/www.mpppst.gob.ve\/mpppstweb\/index.php\/2017\/06\/28\/ministro-ovalles-se-suma-a-la-condena-del-presidente-maduro-a-la-nueva-agresion-fascista\/#primaryimage"},"thumbnailUrl":"https:\/\/www.mpppst.gob.ve\/mpppstweb\/wp-content\/uploads\/2017\/06\/ovalles-1.jpg","articleSection":["Gobierno Nacional","Ministerio","Noticias"],"inLanguage":"es"},{"@type":"WebPage","@id":"https:\/\/www.mpppst.gob.ve\/mpppstweb\/index.php\/2017\/06\/28\/ministro-ovalles-se-suma-a-la-condena-del-presidente-maduro-a-la-nueva-agresion-fascista\/","url":"https:\/\/www.mpppst.gob.ve\/mpppstweb\/index.php\/2017\/06\/28\/ministro-ovalles-se-suma-a-la-condena-del-presidente-maduro-a-la-nueva-agresion-fascista\/","name":"Ministro Ovalles se suma a la condena que el Presidente Maduro hizo a la nueva agresi\u00f3n fascista - MPPPST","isPartOf":{"@id":"https:\/\/www.mpppst.gob.ve\/mpppstweb\/#website"},"primaryImageOfPage":{"@id":"https:\/\/www.mpppst.gob.ve\/mpppstweb\/index.php\/2017\/06\/28\/ministro-ovalles-se-suma-a-la-condena-del-presidente-maduro-a-la-nueva-agresion-fascista\/#primaryimage"},"image":{"@id":"https:\/\/www.mpppst.gob.ve\/mpppstweb\/index.php\/2017\/06\/28\/ministro-ovalles-se-suma-a-la-condena-del-presidente-maduro-a-la-nueva-agresion-fascista\/#primaryimage"},"thumbnailUrl":"https:\/\/www.mpppst.gob.ve\/mpppstweb\/wp-content\/uploads\/2017\/06\/ovalles-1.jpg","datePublished":"2017-06-28T19:41:39+00:00","dateModified":"2017-06-28T19:42:30+00:00","breadcrumb":{"@id":"https:\/\/www.mpppst.gob.ve\/mpppstweb\/index.php\/2017\/06\/28\/ministro-ovalles-se-suma-a-la-condena-del-presidente-maduro-a-la-nueva-agresion-fascista\/#breadcrumb"},"inLanguage":"es","potentialAction":[{"@type":"ReadAction","target":["https:\/\/www.mpppst.gob.ve\/mpppstweb\/index.php\/2017\/06\/28\/ministro-ovalles-se-suma-a-la-condena-del-presidente-maduro-a-la-nueva-agresion-fascista\/"]}]},{"@type":"ImageObject","inLanguage":"es","@id":"https:\/\/www.mpppst.gob.ve\/mpppstweb\/index.php\/2017\/06\/28\/ministro-ovalles-se-suma-a-la-condena-del-presidente-maduro-a-la-nueva-agresion-fascista\/#primaryimage","url":"https:\/\/www.mpppst.gob.ve\/mpppstweb\/wp-content\/uploads\/2017\/06\/ovalles-1.jpg","contentUrl":"https:\/\/www.mpppst.gob.ve\/mpppstweb\/wp-content\/uploads\/2017\/06\/ovalles-1.jpg","width":800,"height":445},{"@type":"BreadcrumbList","@id":"https:\/\/www.mpppst.gob.ve\/mpppstweb\/index.php\/2017\/06\/28\/ministro-ovalles-se-suma-a-la-condena-del-presidente-maduro-a-la-nueva-agresion-fascista\/#breadcrumb","itemListElement":[{"@type":"ListItem","position":1,"name":"Home","item":"https:\/\/www.mpppst.gob.ve\/mpppstweb\/"},{"@type":"ListItem","position":2,"name":"Ministro Ovalles se suma a la condena que el Presidente Maduro hizo a la nueva agresi\u00f3n fascista"}]},{"@type":"WebSite","@id":"https:\/\/www.mpppst.gob.ve\/mpppstweb\/#website","url":"https:\/\/www.mpppst.gob.ve\/mpppstweb\/","name":"MPPPST","description":"Ministerio del Poder Popular para el Proceso Social de Trabajo","publisher":{"@id":"https:\/\/www.mpppst.gob.ve\/mpppstweb\/#organization"},"potentialAction":[{"@type":"SearchAction","target":{"@type":"EntryPoint","urlTemplate":"https:\/\/www.mpppst.gob.ve\/mpppstweb\/?s={search_term_string}"},"query-input":"required name=search_term_string"}],"inLanguage":"es"},{"@type":"Organization","@id":"https:\/\/www.mpppst.gob.ve\/mpppstweb\/#organization","name":"mpppst","url":"https:\/\/www.mpppst.gob.ve\/mpppstweb\/","logo":{"@type":"ImageObject","inLanguage":"es","@id":"https:\/\/www.mpppst.gob.ve\/mpppstweb\/#\/schema\/logo\/image\/","url":"https:\/\/www.mpppst.gob.ve\/mpppstweb\/wp-content\/uploads\/2025\/07\/cropped-cropped-g910.png","contentUrl":"https:\/\/www.mpppst.gob.ve\/mpppstweb\/wp-content\/uploads\/2025\/07\/cropped-cropped-g910.png","width":1080,"height":241,"caption":"mpppst"},"image":{"@id":"https:\/\/www.mpppst.gob.ve\/mpppstweb\/#\/schema\/logo\/image\/"}},{"@type":"Person","@id":"https:\/\/www.mpppst.gob.ve\/mpppstweb\/#\/schema\/person\/fc187ee8ead412bd4c9304b62f900ea4","name":"MPPPST Prensa","url":"https:\/\/www.mpppst.gob.ve\/mpppstweb\/index.php\/author\/prensa-mpppst\/"}]}},"_links":{"self":[{"href":"https:\/\/www.mpppst.gob.ve\/mpppstweb\/index.php\/wp-json\/wp\/v2\/posts\/12016"}],"collection":[{"href":"https:\/\/www.mpppst.gob.ve\/mpppstweb\/index.php\/wp-json\/wp\/v2\/posts"}],"about":[{"href":"https:\/\/www.mpppst.gob.ve\/mpppstweb\/index.php\/wp-json\/wp\/v2\/types\/post"}],"author":[{"embeddable":true,"href":"https:\/\/www.mpppst.gob.ve\/mpppstweb\/index.php\/wp-json\/wp\/v2\/users\/25"}],"replies":[{"embeddable":true,"href":"https:\/\/www.mpppst.gob.ve\/mpppstweb\/index.php\/wp-json\/wp\/v2\/comments?post=12016"}],"version-history":[{"count":2,"href":"https:\/\/www.mpppst.gob.ve\/mpppstweb\/index.php\/wp-json\/wp\/v2\/posts\/12016\/revisions"}],"predecessor-version":[{"id":12019,"href":"https:\/\/www.mpppst.gob.ve\/mpppstweb\/index.php\/wp-json\/wp\/v2\/posts\/12016\/revisions\/12019"}],"wp:featuredmedia":[{"embeddable":true,"href":"https:\/\/www.mpppst.gob.ve\/mpppstweb\/index.php\/wp-json\/wp\/v2\/media\/12017"}],"wp:attachment":[{"href":"https:\/\/www.mpppst.gob.ve\/mpppstweb\/index.php\/wp-json\/wp\/v2\/media?parent=12016"}],"wp:term":[{"taxonomy":"category","embeddable":true,"href":"https:\/\/www.mpppst.gob.ve\/mpppstweb\/index.php\/wp-json\/wp\/v2\/categories?post=12016"},{"taxonomy":"post_tag","embeddable":true,"href":"https:\/\/www.mpppst.gob.ve\/mpppstweb\/index.php\/wp-json\/wp\/v2\/tags?post=12016"}],"curies":[{"name":"wp","href":"https:\/\/api.w.org\/{rel}","templated":true}]}}