{"id":12020,"date":"2017-06-29T11:43:00","date_gmt":"2017-06-29T15:43:00","guid":{"rendered":"http:\/\/www.mpppst.gob.ve\/mpppstweb\/?p=12020"},"modified":"2017-06-29T11:43:00","modified_gmt":"2017-06-29T15:43:00","slug":"venezuela-llevara-verdad-al-mundo-sobre-actos-terroristas-ante-silencio-de-paises-imperiales","status":"publish","type":"post","link":"https:\/\/www.mpppst.gob.ve\/mpppstweb\/index.php\/2017\/06\/29\/venezuela-llevara-verdad-al-mundo-sobre-actos-terroristas-ante-silencio-de-paises-imperiales\/","title":{"rendered":"Venezuela llevar\u00e1 verdad al mundo sobre actos terroristas ante silencio de pa\u00edses imperiales"},"content":{"rendered":"<p>AVN.- os embajadores venezolanos acudir\u00e1n a todas las sedes de las canciller\u00edas donde Venezuela tiene presencia diplom\u00e1tica para llevar el comunicado oficial emitido por el Gobierno Bolivariano sobre el\u00a0atentado terrorista\u00a0ocurrido la tarde de este martes contra la sede del Tribunal Supremo de Justicia (TSJ) y el Ministerio de Relaciones Interiores, Justicia y Paz, ante el silencio selectivo de pa\u00edses imperiales, inform\u00f3 el ministro para Relaciones Exteriores, Samuel Moncada.<\/p>\n<p>Durante una rueda de prensa en la Casa Amarilla, sede de la Canciller\u00eda en Caracas, indic\u00f3 que esta acci\u00f3n tiene el prop\u00f3sito de informar a la comunidad internacional sobre el ataque desde un helic\u00f3ptero, que efectu\u00f3 varios disparos y lanz\u00f3 cuatro granadas, de las cuales explotaron tres y una fue colectada por efectivos de seguridad.<\/p>\n<p>\u00abQue no haya resquicio, hueco, oportunidad para decir que no se conoce lo que pas\u00f3, que todo el mundo oficialmente sepa, que por supuesto ya lo saben todos los medios, que el pueblo venezolano fue v\u00edctima de un atentado terrorista absolutamente claro y que nosotros actuaremos en consecuencia\u00bb, enfatiz\u00f3.<\/p>\n<p>Adem\u00e1s de acudir a las canciller\u00edas, los diplom\u00e1ticos venezolanos ir\u00e1n a los medios de comunicaci\u00f3n a denunciar el acto terrorista y para aclarar que no fue una acci\u00f3n de simples manifestantes violentos.<\/p>\n<p>\u00abDec\u00edan que unos manifestantes violentos, esto no es manifestaci\u00f3n, esto es un acto de terror, es un especialista de la violencia, pero que supuestamente sali\u00f3 a usar la violencia para proteger al pueblo termin\u00f3 usando la violencia para atacar al pueblo, porque nadie me puede decir que lanzar unas granadas en la calle es para atacar al Gobierno, ah\u00ed a quien atac\u00f3 fue al pueblo venezolano, se convirti\u00f3 en un asesino\u00bb, expres\u00f3.<\/p>\n<p><strong>Silencio selectivo<\/strong><\/p>\n<p>El canciller Moncada conden\u00f3 que los gobiernos de pa\u00edses que suelen opinar e inmiscuirse en asuntos internos de Venezuela a\u00fan no se han pronunciado sobre este ataque terrorista.<\/p>\n<p>Se\u00f1al\u00f3 a los periodistas presentes en la conferencia de prensa que esta posici\u00f3n, que contrasta con los continuos pronunciamientos sobre la situaci\u00f3n interna del pa\u00eds, evidencia la pol\u00edtica hostil contra el pa\u00eds suramericano.<\/p>\n<p>\u00abC\u00f3mo explicamos esta selectividad y ceguera moral por parte de Espa\u00f1a, Italia, Estados Unidos, M\u00e9xico, Argentina, Canad\u00e1, Reino Unido, y organismos como la Uni\u00f3n Europea y la Organizaci\u00f3n de Estados Americanos (OEA) que condenan unos actos y otros no. Es evidente que existe una campa\u00f1a de hostilidad contra Venezuela, no les importan los venezolanos\u00bb, enfatiz\u00f3 el jefe de la diplomacia venezolana.<\/p>\n<p>No obstante, destac\u00f3 que gobiernos de naciones progresistas como\u00a0Ecuador, Bolivia, Cuba, Palestina, Turqu\u00eda y 17 pa\u00edses africanos han expresado su solidaridad con el pueblo venezolano.<\/p>\n<p>Asimismo, denunci\u00f3 la complicidad de los medios de comunicaci\u00f3n con estos grupos terroristas, al no informar sobre estos hechos. \u00abLos medios est\u00e1n protegiendo a los terroristas. Su complicidad es criminal\u00bb, sostuvo.<\/p>\n<p>Repudi\u00f3, adem\u00e1s, que los dirigentes de la derecha venezolana como Henrique Capriles Radonski no hayan condenado el acto sino que pretendan atribu\u00edrselo al presidente de la Rep\u00fablica, Nicol\u00e1s Maduro, como un intento de crear alarmas en la sociedad.<\/p>\n<p>\u00abPor qu\u00e9 no tienen el valor moral de condenar el hecho sin importar qui\u00e9n lo mand\u00f3 y repudiar este acto terrorista; nosotros lo repudiamos sin importar quien lo orden\u00f3\u00bb, argument\u00f3.<\/p>\n<p>Finalmente, el canciller hizo un llamado al pueblo a activarse en defensa de la paz venezolana frente a los ataques terroristas promovidos por sectores de la ultraderecha.<\/p>\n<p>\u00abEstamos en un proceso de conflicto social y pol\u00edtico que est\u00e1 degenerando en una violencia terrorista que se siente amparada por medios de comunicaci\u00f3n internacionales y por algunos medios de comunicaci\u00f3n nacionales; adem\u00e1s, por un grupo de pa\u00edses que hasta ahora lo han estipulado y que ignoran todas las atrocidades que est\u00e1n cometiendo\u00bb, asever\u00f3.<\/p>\n","protected":false},"excerpt":{"rendered":"<p>AVN.- os embajadores venezolanos acudir\u00e1n a todas las sedes de las canciller\u00edas donde Venezuela tiene presencia &hellip; <a title=\"Venezuela llevar\u00e1 verdad al mundo sobre actos terroristas ante silencio de pa\u00edses imperiales\" class=\"hm-read-more\" href=\"https:\/\/www.mpppst.gob.ve\/mpppstweb\/index.php\/2017\/06\/29\/venezuela-llevara-verdad-al-mundo-sobre-actos-terroristas-ante-silencio-de-paises-imperiales\/\"><span class=\"screen-reader-text\">Venezuela llevar\u00e1 verdad al mundo sobre actos terroristas ante silencio de pa\u00edses imperiales<\/span>Read more<\/a><\/p>\n","protected":false},"author":25,"featured_media":12021,"comment_status":"closed","ping_status":"closed","sticky":false,"template":"","format":"standard","meta":{"footnotes":""},"categories":[82,163],"tags":[],"yoast_head":"<!-- This site is optimized with the Yoast SEO plugin v22.5 - https:\/\/yoast.com\/wordpress\/plugins\/seo\/ -->\n<title>Venezuela llevar\u00e1 verdad al mundo sobre actos terroristas ante silencio de pa\u00edses imperiales - MPPPST<\/title>\n<meta name=\"robots\" content=\"index, follow, max-snippet:-1, max-image-preview:large, max-video-preview:-1\" \/>\n<link rel=\"canonical\" href=\"https:\/\/www.mpppst.gob.ve\/mpppstweb\/index.php\/2017\/06\/29\/venezuela-llevara-verdad-al-mundo-sobre-actos-terroristas-ante-silencio-de-paises-imperiales\/\" \/>\n<meta property=\"og:locale\" content=\"es_ES\" \/>\n<meta property=\"og:type\" content=\"article\" \/>\n<meta property=\"og:title\" content=\"Venezuela llevar\u00e1 verdad al mundo sobre actos terroristas ante silencio de pa\u00edses imperiales - MPPPST\" \/>\n<meta property=\"og:description\" content=\"AVN.- os embajadores venezolanos acudir\u00e1n a todas las sedes de las canciller\u00edas donde Venezuela tiene presencia &hellip; Venezuela llevar\u00e1 verdad al mundo sobre actos terroristas ante silencio de pa\u00edses imperialesRead more\" \/>\n<meta property=\"og:url\" content=\"https:\/\/www.mpppst.gob.ve\/mpppstweb\/index.php\/2017\/06\/29\/venezuela-llevara-verdad-al-mundo-sobre-actos-terroristas-ante-silencio-de-paises-imperiales\/\" \/>\n<meta property=\"og:site_name\" content=\"MPPPST\" \/>\n<meta property=\"article:published_time\" content=\"2017-06-29T15:43:00+00:00\" \/>\n<meta property=\"og:image\" content=\"https:\/\/www.mpppst.gob.ve\/mpppstweb\/wp-content\/uploads\/2017\/06\/samuel11ht1498671727.jpg\" \/>\n\t<meta property=\"og:image:width\" content=\"800\" \/>\n\t<meta property=\"og:image:height\" content=\"445\" \/>\n\t<meta property=\"og:image:type\" content=\"image\/jpeg\" \/>\n<meta name=\"author\" content=\"MPPPST Prensa\" \/>\n<meta name=\"twitter:card\" content=\"summary_large_image\" \/>\n<meta name=\"twitter:label1\" content=\"Escrito por\" \/>\n\t<meta name=\"twitter:data1\" content=\"MPPPST Prensa\" \/>\n\t<meta name=\"twitter:label2\" content=\"Tiempo de lectura\" \/>\n\t<meta name=\"twitter:data2\" content=\"3 minutos\" \/>\n<script type=\"application\/ld+json\" class=\"yoast-schema-graph\">{\"@context\":\"https:\/\/schema.org\",\"@graph\":[{\"@type\":\"Article\",\"@id\":\"https:\/\/www.mpppst.gob.ve\/mpppstweb\/index.php\/2017\/06\/29\/venezuela-llevara-verdad-al-mundo-sobre-actos-terroristas-ante-silencio-de-paises-imperiales\/#article\",\"isPartOf\":{\"@id\":\"https:\/\/www.mpppst.gob.ve\/mpppstweb\/index.php\/2017\/06\/29\/venezuela-llevara-verdad-al-mundo-sobre-actos-terroristas-ante-silencio-de-paises-imperiales\/\"},\"author\":{\"name\":\"MPPPST Prensa\",\"@id\":\"https:\/\/www.mpppst.gob.ve\/mpppstweb\/#\/schema\/person\/fc187ee8ead412bd4c9304b62f900ea4\"},\"headline\":\"Venezuela llevar\u00e1 verdad al mundo sobre actos terroristas ante silencio de pa\u00edses imperiales\",\"datePublished\":\"2017-06-29T15:43:00+00:00\",\"dateModified\":\"2017-06-29T15:43:00+00:00\",\"mainEntityOfPage\":{\"@id\":\"https:\/\/www.mpppst.gob.ve\/mpppstweb\/index.php\/2017\/06\/29\/venezuela-llevara-verdad-al-mundo-sobre-actos-terroristas-ante-silencio-de-paises-imperiales\/\"},\"wordCount\":668,\"publisher\":{\"@id\":\"https:\/\/www.mpppst.gob.ve\/mpppstweb\/#organization\"},\"image\":{\"@id\":\"https:\/\/www.mpppst.gob.ve\/mpppstweb\/index.php\/2017\/06\/29\/venezuela-llevara-verdad-al-mundo-sobre-actos-terroristas-ante-silencio-de-paises-imperiales\/#primaryimage\"},\"thumbnailUrl\":\"https:\/\/www.mpppst.gob.ve\/mpppstweb\/wp-content\/uploads\/2017\/06\/samuel11ht1498671727.jpg\",\"articleSection\":[\"Gobierno Nacional\",\"Noticias\"],\"inLanguage\":\"es\"},{\"@type\":\"WebPage\",\"@id\":\"https:\/\/www.mpppst.gob.ve\/mpppstweb\/index.php\/2017\/06\/29\/venezuela-llevara-verdad-al-mundo-sobre-actos-terroristas-ante-silencio-de-paises-imperiales\/\",\"url\":\"https:\/\/www.mpppst.gob.ve\/mpppstweb\/index.php\/2017\/06\/29\/venezuela-llevara-verdad-al-mundo-sobre-actos-terroristas-ante-silencio-de-paises-imperiales\/\",\"name\":\"Venezuela llevar\u00e1 verdad al mundo sobre actos terroristas ante silencio de pa\u00edses imperiales - MPPPST\",\"isPartOf\":{\"@id\":\"https:\/\/www.mpppst.gob.ve\/mpppstweb\/#website\"},\"primaryImageOfPage\":{\"@id\":\"https:\/\/www.mpppst.gob.ve\/mpppstweb\/index.php\/2017\/06\/29\/venezuela-llevara-verdad-al-mundo-sobre-actos-terroristas-ante-silencio-de-paises-imperiales\/#primaryimage\"},\"image\":{\"@id\":\"https:\/\/www.mpppst.gob.ve\/mpppstweb\/index.php\/2017\/06\/29\/venezuela-llevara-verdad-al-mundo-sobre-actos-terroristas-ante-silencio-de-paises-imperiales\/#primaryimage\"},\"thumbnailUrl\":\"https:\/\/www.mpppst.gob.ve\/mpppstweb\/wp-content\/uploads\/2017\/06\/samuel11ht1498671727.jpg\",\"datePublished\":\"2017-06-29T15:43:00+00:00\",\"dateModified\":\"2017-06-29T15:43:00+00:00\",\"breadcrumb\":{\"@id\":\"https:\/\/www.mpppst.gob.ve\/mpppstweb\/index.php\/2017\/06\/29\/venezuela-llevara-verdad-al-mundo-sobre-actos-terroristas-ante-silencio-de-paises-imperiales\/#breadcrumb\"},\"inLanguage\":\"es\",\"potentialAction\":[{\"@type\":\"ReadAction\",\"target\":[\"https:\/\/www.mpppst.gob.ve\/mpppstweb\/index.php\/2017\/06\/29\/venezuela-llevara-verdad-al-mundo-sobre-actos-terroristas-ante-silencio-de-paises-imperiales\/\"]}]},{\"@type\":\"ImageObject\",\"inLanguage\":\"es\",\"@id\":\"https:\/\/www.mpppst.gob.ve\/mpppstweb\/index.php\/2017\/06\/29\/venezuela-llevara-verdad-al-mundo-sobre-actos-terroristas-ante-silencio-de-paises-imperiales\/#primaryimage\",\"url\":\"https:\/\/www.mpppst.gob.ve\/mpppstweb\/wp-content\/uploads\/2017\/06\/samuel11ht1498671727.jpg\",\"contentUrl\":\"https:\/\/www.mpppst.gob.ve\/mpppstweb\/wp-content\/uploads\/2017\/06\/samuel11ht1498671727.jpg\",\"width\":800,\"height\":445},{\"@type\":\"BreadcrumbList\",\"@id\":\"https:\/\/www.mpppst.gob.ve\/mpppstweb\/index.php\/2017\/06\/29\/venezuela-llevara-verdad-al-mundo-sobre-actos-terroristas-ante-silencio-de-paises-imperiales\/#breadcrumb\",\"itemListElement\":[{\"@type\":\"ListItem\",\"position\":1,\"name\":\"Home\",\"item\":\"https:\/\/www.mpppst.gob.ve\/mpppstweb\/\"},{\"@type\":\"ListItem\",\"position\":2,\"name\":\"Venezuela llevar\u00e1 verdad al mundo sobre actos terroristas ante silencio de pa\u00edses imperiales\"}]},{\"@type\":\"WebSite\",\"@id\":\"https:\/\/www.mpppst.gob.ve\/mpppstweb\/#website\",\"url\":\"https:\/\/www.mpppst.gob.ve\/mpppstweb\/\",\"name\":\"MPPPST\",\"description\":\"Ministerio del Poder Popular para el Proceso Social de Trabajo\",\"publisher\":{\"@id\":\"https:\/\/www.mpppst.gob.ve\/mpppstweb\/#organization\"},\"potentialAction\":[{\"@type\":\"SearchAction\",\"target\":{\"@type\":\"EntryPoint\",\"urlTemplate\":\"https:\/\/www.mpppst.gob.ve\/mpppstweb\/?s={search_term_string}\"},\"query-input\":\"required name=search_term_string\"}],\"inLanguage\":\"es\"},{\"@type\":\"Organization\",\"@id\":\"https:\/\/www.mpppst.gob.ve\/mpppstweb\/#organization\",\"name\":\"mpppst\",\"url\":\"https:\/\/www.mpppst.gob.ve\/mpppstweb\/\",\"logo\":{\"@type\":\"ImageObject\",\"inLanguage\":\"es\",\"@id\":\"https:\/\/www.mpppst.gob.ve\/mpppstweb\/#\/schema\/logo\/image\/\",\"url\":\"https:\/\/www.mpppst.gob.ve\/mpppstweb\/wp-content\/uploads\/2025\/07\/cropped-cropped-g910.png\",\"contentUrl\":\"https:\/\/www.mpppst.gob.ve\/mpppstweb\/wp-content\/uploads\/2025\/07\/cropped-cropped-g910.png\",\"width\":1080,\"height\":241,\"caption\":\"mpppst\"},\"image\":{\"@id\":\"https:\/\/www.mpppst.gob.ve\/mpppstweb\/#\/schema\/logo\/image\/\"}},{\"@type\":\"Person\",\"@id\":\"https:\/\/www.mpppst.gob.ve\/mpppstweb\/#\/schema\/person\/fc187ee8ead412bd4c9304b62f900ea4\",\"name\":\"MPPPST Prensa\",\"url\":\"https:\/\/www.mpppst.gob.ve\/mpppstweb\/index.php\/author\/prensa-mpppst\/\"}]}<\/script>\n<!-- \/ Yoast SEO plugin. -->","yoast_head_json":{"title":"Venezuela llevar\u00e1 verdad al mundo sobre actos terroristas ante silencio de pa\u00edses imperiales - MPPPST","robots":{"index":"index","follow":"follow","max-snippet":"max-snippet:-1","max-image-preview":"max-image-preview:large","max-video-preview":"max-video-preview:-1"},"canonical":"https:\/\/www.mpppst.gob.ve\/mpppstweb\/index.php\/2017\/06\/29\/venezuela-llevara-verdad-al-mundo-sobre-actos-terroristas-ante-silencio-de-paises-imperiales\/","og_locale":"es_ES","og_type":"article","og_title":"Venezuela llevar\u00e1 verdad al mundo sobre actos terroristas ante silencio de pa\u00edses imperiales - MPPPST","og_description":"AVN.- os embajadores venezolanos acudir\u00e1n a todas las sedes de las canciller\u00edas donde Venezuela tiene presencia &hellip; Venezuela llevar\u00e1 verdad al mundo sobre actos terroristas ante silencio de pa\u00edses imperialesRead more","og_url":"https:\/\/www.mpppst.gob.ve\/mpppstweb\/index.php\/2017\/06\/29\/venezuela-llevara-verdad-al-mundo-sobre-actos-terroristas-ante-silencio-de-paises-imperiales\/","og_site_name":"MPPPST","article_published_time":"2017-06-29T15:43:00+00:00","og_image":[{"width":800,"height":445,"url":"https:\/\/www.mpppst.gob.ve\/mpppstweb\/wp-content\/uploads\/2017\/06\/samuel11ht1498671727.jpg","type":"image\/jpeg"}],"author":"MPPPST Prensa","twitter_card":"summary_large_image","twitter_misc":{"Escrito por":"MPPPST Prensa","Tiempo de lectura":"3 minutos"},"schema":{"@context":"https:\/\/schema.org","@graph":[{"@type":"Article","@id":"https:\/\/www.mpppst.gob.ve\/mpppstweb\/index.php\/2017\/06\/29\/venezuela-llevara-verdad-al-mundo-sobre-actos-terroristas-ante-silencio-de-paises-imperiales\/#article","isPartOf":{"@id":"https:\/\/www.mpppst.gob.ve\/mpppstweb\/index.php\/2017\/06\/29\/venezuela-llevara-verdad-al-mundo-sobre-actos-terroristas-ante-silencio-de-paises-imperiales\/"},"author":{"name":"MPPPST Prensa","@id":"https:\/\/www.mpppst.gob.ve\/mpppstweb\/#\/schema\/person\/fc187ee8ead412bd4c9304b62f900ea4"},"headline":"Venezuela llevar\u00e1 verdad al mundo sobre actos terroristas ante silencio de pa\u00edses imperiales","datePublished":"2017-06-29T15:43:00+00:00","dateModified":"2017-06-29T15:43:00+00:00","mainEntityOfPage":{"@id":"https:\/\/www.mpppst.gob.ve\/mpppstweb\/index.php\/2017\/06\/29\/venezuela-llevara-verdad-al-mundo-sobre-actos-terroristas-ante-silencio-de-paises-imperiales\/"},"wordCount":668,"publisher":{"@id":"https:\/\/www.mpppst.gob.ve\/mpppstweb\/#organization"},"image":{"@id":"https:\/\/www.mpppst.gob.ve\/mpppstweb\/index.php\/2017\/06\/29\/venezuela-llevara-verdad-al-mundo-sobre-actos-terroristas-ante-silencio-de-paises-imperiales\/#primaryimage"},"thumbnailUrl":"https:\/\/www.mpppst.gob.ve\/mpppstweb\/wp-content\/uploads\/2017\/06\/samuel11ht1498671727.jpg","articleSection":["Gobierno Nacional","Noticias"],"inLanguage":"es"},{"@type":"WebPage","@id":"https:\/\/www.mpppst.gob.ve\/mpppstweb\/index.php\/2017\/06\/29\/venezuela-llevara-verdad-al-mundo-sobre-actos-terroristas-ante-silencio-de-paises-imperiales\/","url":"https:\/\/www.mpppst.gob.ve\/mpppstweb\/index.php\/2017\/06\/29\/venezuela-llevara-verdad-al-mundo-sobre-actos-terroristas-ante-silencio-de-paises-imperiales\/","name":"Venezuela llevar\u00e1 verdad al mundo sobre actos terroristas ante silencio de pa\u00edses imperiales - MPPPST","isPartOf":{"@id":"https:\/\/www.mpppst.gob.ve\/mpppstweb\/#website"},"primaryImageOfPage":{"@id":"https:\/\/www.mpppst.gob.ve\/mpppstweb\/index.php\/2017\/06\/29\/venezuela-llevara-verdad-al-mundo-sobre-actos-terroristas-ante-silencio-de-paises-imperiales\/#primaryimage"},"image":{"@id":"https:\/\/www.mpppst.gob.ve\/mpppstweb\/index.php\/2017\/06\/29\/venezuela-llevara-verdad-al-mundo-sobre-actos-terroristas-ante-silencio-de-paises-imperiales\/#primaryimage"},"thumbnailUrl":"https:\/\/www.mpppst.gob.ve\/mpppstweb\/wp-content\/uploads\/2017\/06\/samuel11ht1498671727.jpg","datePublished":"2017-06-29T15:43:00+00:00","dateModified":"2017-06-29T15:43:00+00:00","breadcrumb":{"@id":"https:\/\/www.mpppst.gob.ve\/mpppstweb\/index.php\/2017\/06\/29\/venezuela-llevara-verdad-al-mundo-sobre-actos-terroristas-ante-silencio-de-paises-imperiales\/#breadcrumb"},"inLanguage":"es","potentialAction":[{"@type":"ReadAction","target":["https:\/\/www.mpppst.gob.ve\/mpppstweb\/index.php\/2017\/06\/29\/venezuela-llevara-verdad-al-mundo-sobre-actos-terroristas-ante-silencio-de-paises-imperiales\/"]}]},{"@type":"ImageObject","inLanguage":"es","@id":"https:\/\/www.mpppst.gob.ve\/mpppstweb\/index.php\/2017\/06\/29\/venezuela-llevara-verdad-al-mundo-sobre-actos-terroristas-ante-silencio-de-paises-imperiales\/#primaryimage","url":"https:\/\/www.mpppst.gob.ve\/mpppstweb\/wp-content\/uploads\/2017\/06\/samuel11ht1498671727.jpg","contentUrl":"https:\/\/www.mpppst.gob.ve\/mpppstweb\/wp-content\/uploads\/2017\/06\/samuel11ht1498671727.jpg","width":800,"height":445},{"@type":"BreadcrumbList","@id":"https:\/\/www.mpppst.gob.ve\/mpppstweb\/index.php\/2017\/06\/29\/venezuela-llevara-verdad-al-mundo-sobre-actos-terroristas-ante-silencio-de-paises-imperiales\/#breadcrumb","itemListElement":[{"@type":"ListItem","position":1,"name":"Home","item":"https:\/\/www.mpppst.gob.ve\/mpppstweb\/"},{"@type":"ListItem","position":2,"name":"Venezuela llevar\u00e1 verdad al mundo sobre actos terroristas ante silencio de pa\u00edses imperiales"}]},{"@type":"WebSite","@id":"https:\/\/www.mpppst.gob.ve\/mpppstweb\/#website","url":"https:\/\/www.mpppst.gob.ve\/mpppstweb\/","name":"MPPPST","description":"Ministerio del Poder Popular para el Proceso Social de Trabajo","publisher":{"@id":"https:\/\/www.mpppst.gob.ve\/mpppstweb\/#organization"},"potentialAction":[{"@type":"SearchAction","target":{"@type":"EntryPoint","urlTemplate":"https:\/\/www.mpppst.gob.ve\/mpppstweb\/?s={search_term_string}"},"query-input":"required name=search_term_string"}],"inLanguage":"es"},{"@type":"Organization","@id":"https:\/\/www.mpppst.gob.ve\/mpppstweb\/#organization","name":"mpppst","url":"https:\/\/www.mpppst.gob.ve\/mpppstweb\/","logo":{"@type":"ImageObject","inLanguage":"es","@id":"https:\/\/www.mpppst.gob.ve\/mpppstweb\/#\/schema\/logo\/image\/","url":"https:\/\/www.mpppst.gob.ve\/mpppstweb\/wp-content\/uploads\/2025\/07\/cropped-cropped-g910.png","contentUrl":"https:\/\/www.mpppst.gob.ve\/mpppstweb\/wp-content\/uploads\/2025\/07\/cropped-cropped-g910.png","width":1080,"height":241,"caption":"mpppst"},"image":{"@id":"https:\/\/www.mpppst.gob.ve\/mpppstweb\/#\/schema\/logo\/image\/"}},{"@type":"Person","@id":"https:\/\/www.mpppst.gob.ve\/mpppstweb\/#\/schema\/person\/fc187ee8ead412bd4c9304b62f900ea4","name":"MPPPST Prensa","url":"https:\/\/www.mpppst.gob.ve\/mpppstweb\/index.php\/author\/prensa-mpppst\/"}]}},"_links":{"self":[{"href":"https:\/\/www.mpppst.gob.ve\/mpppstweb\/index.php\/wp-json\/wp\/v2\/posts\/12020"}],"collection":[{"href":"https:\/\/www.mpppst.gob.ve\/mpppstweb\/index.php\/wp-json\/wp\/v2\/posts"}],"about":[{"href":"https:\/\/www.mpppst.gob.ve\/mpppstweb\/index.php\/wp-json\/wp\/v2\/types\/post"}],"author":[{"embeddable":true,"href":"https:\/\/www.mpppst.gob.ve\/mpppstweb\/index.php\/wp-json\/wp\/v2\/users\/25"}],"replies":[{"embeddable":true,"href":"https:\/\/www.mpppst.gob.ve\/mpppstweb\/index.php\/wp-json\/wp\/v2\/comments?post=12020"}],"version-history":[{"count":1,"href":"https:\/\/www.mpppst.gob.ve\/mpppstweb\/index.php\/wp-json\/wp\/v2\/posts\/12020\/revisions"}],"predecessor-version":[{"id":12022,"href":"https:\/\/www.mpppst.gob.ve\/mpppstweb\/index.php\/wp-json\/wp\/v2\/posts\/12020\/revisions\/12022"}],"wp:featuredmedia":[{"embeddable":true,"href":"https:\/\/www.mpppst.gob.ve\/mpppstweb\/index.php\/wp-json\/wp\/v2\/media\/12021"}],"wp:attachment":[{"href":"https:\/\/www.mpppst.gob.ve\/mpppstweb\/index.php\/wp-json\/wp\/v2\/media?parent=12020"}],"wp:term":[{"taxonomy":"category","embeddable":true,"href":"https:\/\/www.mpppst.gob.ve\/mpppstweb\/index.php\/wp-json\/wp\/v2\/categories?post=12020"},{"taxonomy":"post_tag","embeddable":true,"href":"https:\/\/www.mpppst.gob.ve\/mpppstweb\/index.php\/wp-json\/wp\/v2\/tags?post=12020"}],"curies":[{"name":"wp","href":"https:\/\/api.w.org\/{rel}","templated":true}]}}