{"id":12023,"date":"2017-06-29T11:47:40","date_gmt":"2017-06-29T15:47:40","guid":{"rendered":"http:\/\/www.mpppst.gob.ve\/mpppstweb\/?p=12023"},"modified":"2017-06-29T11:47:40","modified_gmt":"2017-06-29T15:47:40","slug":"pueblo-ratifico-en-miraflores-compromiso-con-la-paz","status":"publish","type":"post","link":"https:\/\/www.mpppst.gob.ve\/mpppstweb\/index.php\/2017\/06\/29\/pueblo-ratifico-en-miraflores-compromiso-con-la-paz\/","title":{"rendered":"Pueblo ratific\u00f3 en Miraflores compromiso con la paz"},"content":{"rendered":"<p>AVN.- Miembros de\u00a0organizaciones sociales, voceros del\u00a0poder popular, dirigentes pol\u00edticos y candidatos a la\u00a0Asamblea Nacional Constituyente\u00a0ratificaron su vocaci\u00f3n de paz ante el\u00a0ataque terrorista contra el Tribunal Supremo de Justicia (TSJ) y el\u00a0Ministerio de Relaciones Interiores, Justicia y Paz, perpetrado este martes.<\/p>\n<p>El hecho, investigado por la autoridades venezolanas, provoc\u00f3 el rechazo de sectores sociales que acudieron al Palacio de Miraflores, Caracas, para respaldar las acciones para buscar y sancionar a los culpables.<\/p>\n<p>\u00abEstamos aqu\u00ed apoyando al\u00a0presidente Nicol\u00e1s Maduro\u00a0ante la\u00a0embestida violenta\u00a0de la\u00a0derecha fascista\u00a0que atenta contra el poder constituido\u00bb, indic\u00f3 Ulises Madrid, candidato a la Asamblea Nacional Constituyente (ANC).<\/p>\n<p>Manifest\u00f3 que ante las\u00a0acciones violentas, el\u00a0pueblo\u00a0se mantendr\u00e1 movilizado en defensa de la\u00a0constituyente\u00a0y la\u00a0paz\u00a0del pa\u00eds.<\/p>\n<p>\u00abFrente a la violencia, claridad y confianza en el l\u00edder, como es lo es el\u00a0presidente Nicol\u00e1s Maduro\u00bb, y claridad en los objetivos de la\u00a0Constituyente\u00a0para que el\u00a030 de julio, cuando haya\u00a0elecciones, se pueda\u00a0\u00abfrenar el terrorismo y construir la paz\u00bb, puntualiz\u00f3.<\/p>\n<p>A la concentraci\u00f3n tambi\u00e9n se sum\u00f3 Tania Fern\u00e1ndez, quien manifest\u00f3 su repudio a las acciones promovidas por sectores de oposici\u00f3n.<\/p>\n<p>\u00abNosotros no somos violentos, podemos ir a todas partes y no agredimos a nadie mientras que ellos agreden, maltratan y queman\u00bb, expres\u00f3 Fern\u00e1ndez, quien ratific\u00f3 su respaldo a la\u00a0Revoluci\u00f3n Bolivariana\u00a0\u00abporque ha incluido a todas las clases sociales, a todas las personas que se encontraban en pobreza extrema, se incrementaron las misiones que han beneficiado a los sectores vulnerables\u00bb.<\/p>\n<p><strong>La paz, el camino necesario<\/strong><\/p>\n<p>En la concentraci\u00f3n, el\u00a0pueblo\u00a0de la capital venezolana ratific\u00f3 este mi\u00e9rcoles su respaldo a la\u00a0ANC\u00a0por considerar que es la \u00fanica alternativa para conjurar las amenazas de sectores que desde abril propician una sedici\u00f3n armada, que ha dejado decenas de fallecidos y m\u00e1s de 1400 heridos.<\/p>\n<p>Con el mecanismo del\u00a0Poder Originario, \u00abvamos hacia la construcci\u00f3n de una nueva realidad en la\u00a0Revoluci\u00f3n Bolivariana\u00a0que va a permitir un nuevo paso con la\u00a0Asamblea Nacional Constituyente\u00bb, indic\u00f3 Roger Blanco, quien hizo un llamado a sectores de la\u00a0oposici\u00f3n\u00a0a dirimir las diferencias por la v\u00eda de la\u00a0paz.<\/p>\n<p>En la concentraci\u00f3n tambi\u00e9n particip\u00f3 Carlos Mart\u00ednez, quien indic\u00f3 que con el apoyo de todo el pueblo venezolano se impondr\u00e1 la concordia en el pa\u00eds.<\/p>\n<p>\u00abHoy m\u00e1s que nunca estamos comprometidos con nuestro proceso revolucionario y con la constituyente, para que esos terroristas entiendan que el pueblo quiere vivir en democracia y libertad\u00bb, expres\u00f3.<\/p>\n","protected":false},"excerpt":{"rendered":"<p>AVN.- Miembros de\u00a0organizaciones sociales, voceros del\u00a0poder popular, dirigentes pol\u00edticos y candidatos a la\u00a0Asamblea Nacional Constituyente\u00a0ratificaron su &hellip; <a title=\"Pueblo ratific\u00f3 en Miraflores compromiso con la paz\" class=\"hm-read-more\" href=\"https:\/\/www.mpppst.gob.ve\/mpppstweb\/index.php\/2017\/06\/29\/pueblo-ratifico-en-miraflores-compromiso-con-la-paz\/\"><span class=\"screen-reader-text\">Pueblo ratific\u00f3 en Miraflores compromiso con la paz<\/span>Read more<\/a><\/p>\n","protected":false},"author":25,"featured_media":12024,"comment_status":"closed","ping_status":"closed","sticky":false,"template":"","format":"standard","meta":{"footnotes":""},"categories":[82,163],"tags":[],"yoast_head":"<!-- This site is optimized with the Yoast SEO plugin v22.5 - https:\/\/yoast.com\/wordpress\/plugins\/seo\/ -->\n<title>Pueblo ratific\u00f3 en Miraflores compromiso con la paz - MPPPST<\/title>\n<meta name=\"robots\" content=\"index, follow, max-snippet:-1, max-image-preview:large, max-video-preview:-1\" \/>\n<link rel=\"canonical\" href=\"https:\/\/www.mpppst.gob.ve\/mpppstweb\/index.php\/2017\/06\/29\/pueblo-ratifico-en-miraflores-compromiso-con-la-paz\/\" \/>\n<meta property=\"og:locale\" content=\"es_ES\" \/>\n<meta property=\"og:type\" content=\"article\" \/>\n<meta property=\"og:title\" content=\"Pueblo ratific\u00f3 en Miraflores compromiso con la paz - MPPPST\" \/>\n<meta property=\"og:description\" content=\"AVN.- Miembros de\u00a0organizaciones sociales, voceros del\u00a0poder popular, dirigentes pol\u00edticos y candidatos a la\u00a0Asamblea Nacional Constituyente\u00a0ratificaron su &hellip; Pueblo ratific\u00f3 en Miraflores compromiso con la pazRead more\" \/>\n<meta property=\"og:url\" content=\"https:\/\/www.mpppst.gob.ve\/mpppstweb\/index.php\/2017\/06\/29\/pueblo-ratifico-en-miraflores-compromiso-con-la-paz\/\" \/>\n<meta property=\"og:site_name\" content=\"MPPPST\" \/>\n<meta property=\"article:published_time\" content=\"2017-06-29T15:47:40+00:00\" \/>\n<meta property=\"og:image\" content=\"https:\/\/www.mpppst.gob.ve\/mpppstweb\/wp-content\/uploads\/2017\/06\/mg_4532ab1498683704.jpg\" \/>\n\t<meta property=\"og:image:width\" content=\"800\" \/>\n\t<meta property=\"og:image:height\" content=\"445\" \/>\n\t<meta property=\"og:image:type\" content=\"image\/jpeg\" \/>\n<meta name=\"author\" content=\"MPPPST Prensa\" \/>\n<meta name=\"twitter:card\" content=\"summary_large_image\" \/>\n<meta name=\"twitter:label1\" content=\"Escrito por\" \/>\n\t<meta name=\"twitter:data1\" content=\"MPPPST Prensa\" \/>\n\t<meta name=\"twitter:label2\" content=\"Tiempo de lectura\" \/>\n\t<meta name=\"twitter:data2\" content=\"2 minutos\" \/>\n<script type=\"application\/ld+json\" class=\"yoast-schema-graph\">{\"@context\":\"https:\/\/schema.org\",\"@graph\":[{\"@type\":\"Article\",\"@id\":\"https:\/\/www.mpppst.gob.ve\/mpppstweb\/index.php\/2017\/06\/29\/pueblo-ratifico-en-miraflores-compromiso-con-la-paz\/#article\",\"isPartOf\":{\"@id\":\"https:\/\/www.mpppst.gob.ve\/mpppstweb\/index.php\/2017\/06\/29\/pueblo-ratifico-en-miraflores-compromiso-con-la-paz\/\"},\"author\":{\"name\":\"MPPPST Prensa\",\"@id\":\"https:\/\/www.mpppst.gob.ve\/mpppstweb\/#\/schema\/person\/fc187ee8ead412bd4c9304b62f900ea4\"},\"headline\":\"Pueblo ratific\u00f3 en Miraflores compromiso con la paz\",\"datePublished\":\"2017-06-29T15:47:40+00:00\",\"dateModified\":\"2017-06-29T15:47:40+00:00\",\"mainEntityOfPage\":{\"@id\":\"https:\/\/www.mpppst.gob.ve\/mpppstweb\/index.php\/2017\/06\/29\/pueblo-ratifico-en-miraflores-compromiso-con-la-paz\/\"},\"wordCount\":445,\"publisher\":{\"@id\":\"https:\/\/www.mpppst.gob.ve\/mpppstweb\/#organization\"},\"image\":{\"@id\":\"https:\/\/www.mpppst.gob.ve\/mpppstweb\/index.php\/2017\/06\/29\/pueblo-ratifico-en-miraflores-compromiso-con-la-paz\/#primaryimage\"},\"thumbnailUrl\":\"https:\/\/www.mpppst.gob.ve\/mpppstweb\/wp-content\/uploads\/2017\/06\/mg_4532ab1498683704.jpg\",\"articleSection\":[\"Gobierno Nacional\",\"Noticias\"],\"inLanguage\":\"es\"},{\"@type\":\"WebPage\",\"@id\":\"https:\/\/www.mpppst.gob.ve\/mpppstweb\/index.php\/2017\/06\/29\/pueblo-ratifico-en-miraflores-compromiso-con-la-paz\/\",\"url\":\"https:\/\/www.mpppst.gob.ve\/mpppstweb\/index.php\/2017\/06\/29\/pueblo-ratifico-en-miraflores-compromiso-con-la-paz\/\",\"name\":\"Pueblo ratific\u00f3 en Miraflores compromiso con la paz - MPPPST\",\"isPartOf\":{\"@id\":\"https:\/\/www.mpppst.gob.ve\/mpppstweb\/#website\"},\"primaryImageOfPage\":{\"@id\":\"https:\/\/www.mpppst.gob.ve\/mpppstweb\/index.php\/2017\/06\/29\/pueblo-ratifico-en-miraflores-compromiso-con-la-paz\/#primaryimage\"},\"image\":{\"@id\":\"https:\/\/www.mpppst.gob.ve\/mpppstweb\/index.php\/2017\/06\/29\/pueblo-ratifico-en-miraflores-compromiso-con-la-paz\/#primaryimage\"},\"thumbnailUrl\":\"https:\/\/www.mpppst.gob.ve\/mpppstweb\/wp-content\/uploads\/2017\/06\/mg_4532ab1498683704.jpg\",\"datePublished\":\"2017-06-29T15:47:40+00:00\",\"dateModified\":\"2017-06-29T15:47:40+00:00\",\"breadcrumb\":{\"@id\":\"https:\/\/www.mpppst.gob.ve\/mpppstweb\/index.php\/2017\/06\/29\/pueblo-ratifico-en-miraflores-compromiso-con-la-paz\/#breadcrumb\"},\"inLanguage\":\"es\",\"potentialAction\":[{\"@type\":\"ReadAction\",\"target\":[\"https:\/\/www.mpppst.gob.ve\/mpppstweb\/index.php\/2017\/06\/29\/pueblo-ratifico-en-miraflores-compromiso-con-la-paz\/\"]}]},{\"@type\":\"ImageObject\",\"inLanguage\":\"es\",\"@id\":\"https:\/\/www.mpppst.gob.ve\/mpppstweb\/index.php\/2017\/06\/29\/pueblo-ratifico-en-miraflores-compromiso-con-la-paz\/#primaryimage\",\"url\":\"https:\/\/www.mpppst.gob.ve\/mpppstweb\/wp-content\/uploads\/2017\/06\/mg_4532ab1498683704.jpg\",\"contentUrl\":\"https:\/\/www.mpppst.gob.ve\/mpppstweb\/wp-content\/uploads\/2017\/06\/mg_4532ab1498683704.jpg\",\"width\":800,\"height\":445},{\"@type\":\"BreadcrumbList\",\"@id\":\"https:\/\/www.mpppst.gob.ve\/mpppstweb\/index.php\/2017\/06\/29\/pueblo-ratifico-en-miraflores-compromiso-con-la-paz\/#breadcrumb\",\"itemListElement\":[{\"@type\":\"ListItem\",\"position\":1,\"name\":\"Home\",\"item\":\"https:\/\/www.mpppst.gob.ve\/mpppstweb\/\"},{\"@type\":\"ListItem\",\"position\":2,\"name\":\"Pueblo ratific\u00f3 en Miraflores compromiso con la paz\"}]},{\"@type\":\"WebSite\",\"@id\":\"https:\/\/www.mpppst.gob.ve\/mpppstweb\/#website\",\"url\":\"https:\/\/www.mpppst.gob.ve\/mpppstweb\/\",\"name\":\"MPPPST\",\"description\":\"Ministerio del Poder Popular para el Proceso Social de Trabajo\",\"publisher\":{\"@id\":\"https:\/\/www.mpppst.gob.ve\/mpppstweb\/#organization\"},\"potentialAction\":[{\"@type\":\"SearchAction\",\"target\":{\"@type\":\"EntryPoint\",\"urlTemplate\":\"https:\/\/www.mpppst.gob.ve\/mpppstweb\/?s={search_term_string}\"},\"query-input\":\"required name=search_term_string\"}],\"inLanguage\":\"es\"},{\"@type\":\"Organization\",\"@id\":\"https:\/\/www.mpppst.gob.ve\/mpppstweb\/#organization\",\"name\":\"mpppst\",\"url\":\"https:\/\/www.mpppst.gob.ve\/mpppstweb\/\",\"logo\":{\"@type\":\"ImageObject\",\"inLanguage\":\"es\",\"@id\":\"https:\/\/www.mpppst.gob.ve\/mpppstweb\/#\/schema\/logo\/image\/\",\"url\":\"https:\/\/www.mpppst.gob.ve\/mpppstweb\/wp-content\/uploads\/2025\/07\/cropped-cropped-g910.png\",\"contentUrl\":\"https:\/\/www.mpppst.gob.ve\/mpppstweb\/wp-content\/uploads\/2025\/07\/cropped-cropped-g910.png\",\"width\":1080,\"height\":241,\"caption\":\"mpppst\"},\"image\":{\"@id\":\"https:\/\/www.mpppst.gob.ve\/mpppstweb\/#\/schema\/logo\/image\/\"}},{\"@type\":\"Person\",\"@id\":\"https:\/\/www.mpppst.gob.ve\/mpppstweb\/#\/schema\/person\/fc187ee8ead412bd4c9304b62f900ea4\",\"name\":\"MPPPST Prensa\",\"url\":\"https:\/\/www.mpppst.gob.ve\/mpppstweb\/index.php\/author\/prensa-mpppst\/\"}]}<\/script>\n<!-- \/ Yoast SEO plugin. -->","yoast_head_json":{"title":"Pueblo ratific\u00f3 en Miraflores compromiso con la paz - MPPPST","robots":{"index":"index","follow":"follow","max-snippet":"max-snippet:-1","max-image-preview":"max-image-preview:large","max-video-preview":"max-video-preview:-1"},"canonical":"https:\/\/www.mpppst.gob.ve\/mpppstweb\/index.php\/2017\/06\/29\/pueblo-ratifico-en-miraflores-compromiso-con-la-paz\/","og_locale":"es_ES","og_type":"article","og_title":"Pueblo ratific\u00f3 en Miraflores compromiso con la paz - MPPPST","og_description":"AVN.- Miembros de\u00a0organizaciones sociales, voceros del\u00a0poder popular, dirigentes pol\u00edticos y candidatos a la\u00a0Asamblea Nacional Constituyente\u00a0ratificaron su &hellip; Pueblo ratific\u00f3 en Miraflores compromiso con la pazRead more","og_url":"https:\/\/www.mpppst.gob.ve\/mpppstweb\/index.php\/2017\/06\/29\/pueblo-ratifico-en-miraflores-compromiso-con-la-paz\/","og_site_name":"MPPPST","article_published_time":"2017-06-29T15:47:40+00:00","og_image":[{"width":800,"height":445,"url":"https:\/\/www.mpppst.gob.ve\/mpppstweb\/wp-content\/uploads\/2017\/06\/mg_4532ab1498683704.jpg","type":"image\/jpeg"}],"author":"MPPPST Prensa","twitter_card":"summary_large_image","twitter_misc":{"Escrito por":"MPPPST Prensa","Tiempo de lectura":"2 minutos"},"schema":{"@context":"https:\/\/schema.org","@graph":[{"@type":"Article","@id":"https:\/\/www.mpppst.gob.ve\/mpppstweb\/index.php\/2017\/06\/29\/pueblo-ratifico-en-miraflores-compromiso-con-la-paz\/#article","isPartOf":{"@id":"https:\/\/www.mpppst.gob.ve\/mpppstweb\/index.php\/2017\/06\/29\/pueblo-ratifico-en-miraflores-compromiso-con-la-paz\/"},"author":{"name":"MPPPST Prensa","@id":"https:\/\/www.mpppst.gob.ve\/mpppstweb\/#\/schema\/person\/fc187ee8ead412bd4c9304b62f900ea4"},"headline":"Pueblo ratific\u00f3 en Miraflores compromiso con la paz","datePublished":"2017-06-29T15:47:40+00:00","dateModified":"2017-06-29T15:47:40+00:00","mainEntityOfPage":{"@id":"https:\/\/www.mpppst.gob.ve\/mpppstweb\/index.php\/2017\/06\/29\/pueblo-ratifico-en-miraflores-compromiso-con-la-paz\/"},"wordCount":445,"publisher":{"@id":"https:\/\/www.mpppst.gob.ve\/mpppstweb\/#organization"},"image":{"@id":"https:\/\/www.mpppst.gob.ve\/mpppstweb\/index.php\/2017\/06\/29\/pueblo-ratifico-en-miraflores-compromiso-con-la-paz\/#primaryimage"},"thumbnailUrl":"https:\/\/www.mpppst.gob.ve\/mpppstweb\/wp-content\/uploads\/2017\/06\/mg_4532ab1498683704.jpg","articleSection":["Gobierno Nacional","Noticias"],"inLanguage":"es"},{"@type":"WebPage","@id":"https:\/\/www.mpppst.gob.ve\/mpppstweb\/index.php\/2017\/06\/29\/pueblo-ratifico-en-miraflores-compromiso-con-la-paz\/","url":"https:\/\/www.mpppst.gob.ve\/mpppstweb\/index.php\/2017\/06\/29\/pueblo-ratifico-en-miraflores-compromiso-con-la-paz\/","name":"Pueblo ratific\u00f3 en Miraflores compromiso con la paz - MPPPST","isPartOf":{"@id":"https:\/\/www.mpppst.gob.ve\/mpppstweb\/#website"},"primaryImageOfPage":{"@id":"https:\/\/www.mpppst.gob.ve\/mpppstweb\/index.php\/2017\/06\/29\/pueblo-ratifico-en-miraflores-compromiso-con-la-paz\/#primaryimage"},"image":{"@id":"https:\/\/www.mpppst.gob.ve\/mpppstweb\/index.php\/2017\/06\/29\/pueblo-ratifico-en-miraflores-compromiso-con-la-paz\/#primaryimage"},"thumbnailUrl":"https:\/\/www.mpppst.gob.ve\/mpppstweb\/wp-content\/uploads\/2017\/06\/mg_4532ab1498683704.jpg","datePublished":"2017-06-29T15:47:40+00:00","dateModified":"2017-06-29T15:47:40+00:00","breadcrumb":{"@id":"https:\/\/www.mpppst.gob.ve\/mpppstweb\/index.php\/2017\/06\/29\/pueblo-ratifico-en-miraflores-compromiso-con-la-paz\/#breadcrumb"},"inLanguage":"es","potentialAction":[{"@type":"ReadAction","target":["https:\/\/www.mpppst.gob.ve\/mpppstweb\/index.php\/2017\/06\/29\/pueblo-ratifico-en-miraflores-compromiso-con-la-paz\/"]}]},{"@type":"ImageObject","inLanguage":"es","@id":"https:\/\/www.mpppst.gob.ve\/mpppstweb\/index.php\/2017\/06\/29\/pueblo-ratifico-en-miraflores-compromiso-con-la-paz\/#primaryimage","url":"https:\/\/www.mpppst.gob.ve\/mpppstweb\/wp-content\/uploads\/2017\/06\/mg_4532ab1498683704.jpg","contentUrl":"https:\/\/www.mpppst.gob.ve\/mpppstweb\/wp-content\/uploads\/2017\/06\/mg_4532ab1498683704.jpg","width":800,"height":445},{"@type":"BreadcrumbList","@id":"https:\/\/www.mpppst.gob.ve\/mpppstweb\/index.php\/2017\/06\/29\/pueblo-ratifico-en-miraflores-compromiso-con-la-paz\/#breadcrumb","itemListElement":[{"@type":"ListItem","position":1,"name":"Home","item":"https:\/\/www.mpppst.gob.ve\/mpppstweb\/"},{"@type":"ListItem","position":2,"name":"Pueblo ratific\u00f3 en Miraflores compromiso con la paz"}]},{"@type":"WebSite","@id":"https:\/\/www.mpppst.gob.ve\/mpppstweb\/#website","url":"https:\/\/www.mpppst.gob.ve\/mpppstweb\/","name":"MPPPST","description":"Ministerio del Poder Popular para el Proceso Social de Trabajo","publisher":{"@id":"https:\/\/www.mpppst.gob.ve\/mpppstweb\/#organization"},"potentialAction":[{"@type":"SearchAction","target":{"@type":"EntryPoint","urlTemplate":"https:\/\/www.mpppst.gob.ve\/mpppstweb\/?s={search_term_string}"},"query-input":"required name=search_term_string"}],"inLanguage":"es"},{"@type":"Organization","@id":"https:\/\/www.mpppst.gob.ve\/mpppstweb\/#organization","name":"mpppst","url":"https:\/\/www.mpppst.gob.ve\/mpppstweb\/","logo":{"@type":"ImageObject","inLanguage":"es","@id":"https:\/\/www.mpppst.gob.ve\/mpppstweb\/#\/schema\/logo\/image\/","url":"https:\/\/www.mpppst.gob.ve\/mpppstweb\/wp-content\/uploads\/2025\/07\/cropped-cropped-g910.png","contentUrl":"https:\/\/www.mpppst.gob.ve\/mpppstweb\/wp-content\/uploads\/2025\/07\/cropped-cropped-g910.png","width":1080,"height":241,"caption":"mpppst"},"image":{"@id":"https:\/\/www.mpppst.gob.ve\/mpppstweb\/#\/schema\/logo\/image\/"}},{"@type":"Person","@id":"https:\/\/www.mpppst.gob.ve\/mpppstweb\/#\/schema\/person\/fc187ee8ead412bd4c9304b62f900ea4","name":"MPPPST Prensa","url":"https:\/\/www.mpppst.gob.ve\/mpppstweb\/index.php\/author\/prensa-mpppst\/"}]}},"_links":{"self":[{"href":"https:\/\/www.mpppst.gob.ve\/mpppstweb\/index.php\/wp-json\/wp\/v2\/posts\/12023"}],"collection":[{"href":"https:\/\/www.mpppst.gob.ve\/mpppstweb\/index.php\/wp-json\/wp\/v2\/posts"}],"about":[{"href":"https:\/\/www.mpppst.gob.ve\/mpppstweb\/index.php\/wp-json\/wp\/v2\/types\/post"}],"author":[{"embeddable":true,"href":"https:\/\/www.mpppst.gob.ve\/mpppstweb\/index.php\/wp-json\/wp\/v2\/users\/25"}],"replies":[{"embeddable":true,"href":"https:\/\/www.mpppst.gob.ve\/mpppstweb\/index.php\/wp-json\/wp\/v2\/comments?post=12023"}],"version-history":[{"count":1,"href":"https:\/\/www.mpppst.gob.ve\/mpppstweb\/index.php\/wp-json\/wp\/v2\/posts\/12023\/revisions"}],"predecessor-version":[{"id":12025,"href":"https:\/\/www.mpppst.gob.ve\/mpppstweb\/index.php\/wp-json\/wp\/v2\/posts\/12023\/revisions\/12025"}],"wp:featuredmedia":[{"embeddable":true,"href":"https:\/\/www.mpppst.gob.ve\/mpppstweb\/index.php\/wp-json\/wp\/v2\/media\/12024"}],"wp:attachment":[{"href":"https:\/\/www.mpppst.gob.ve\/mpppstweb\/index.php\/wp-json\/wp\/v2\/media?parent=12023"}],"wp:term":[{"taxonomy":"category","embeddable":true,"href":"https:\/\/www.mpppst.gob.ve\/mpppstweb\/index.php\/wp-json\/wp\/v2\/categories?post=12023"},{"taxonomy":"post_tag","embeddable":true,"href":"https:\/\/www.mpppst.gob.ve\/mpppstweb\/index.php\/wp-json\/wp\/v2\/tags?post=12023"}],"curies":[{"name":"wp","href":"https:\/\/api.w.org\/{rel}","templated":true}]}}