{"id":12029,"date":"2017-06-29T11:56:38","date_gmt":"2017-06-29T15:56:38","guid":{"rendered":"http:\/\/www.mpppst.gob.ve\/mpppstweb\/?p=12029"},"modified":"2017-06-29T11:56:38","modified_gmt":"2017-06-29T15:56:38","slug":"autoridades-coordinan-acciones-para-garantizar-pleno-ejercicio-del-voto-el-30-de-julio","status":"publish","type":"post","link":"https:\/\/www.mpppst.gob.ve\/mpppstweb\/index.php\/2017\/06\/29\/autoridades-coordinan-acciones-para-garantizar-pleno-ejercicio-del-voto-el-30-de-julio\/","title":{"rendered":"Autoridades coordinan acciones para garantizar pleno ejercicio del voto el 30 de julio"},"content":{"rendered":"<p>AVN.- Representantes de los Poderes P\u00fablicos coordinan acciones para que el proceso comicial del pr\u00f3ximo 30 de julio, cuando se elijan 537 miembros de la Asamblea Nacional Constituyente, siga su normal desarrollo, indic\u00f3 la presidenta del Consejo Nacional Electoral (CNE), Tibisay Lucena.<\/p>\n<p>\u00abEstamos tomando todas las medidas para que el pueblo de Venezuela, el 30 de julio, ejerza su derecho al sufragio, que no es otra cosa que un derecho humano para decidir de forma c\u00edvica y pac\u00edfica los destinos del pa\u00eds\u00bb, inform\u00f3.<\/p>\n<p>Tras reunirse con los principales representantes de los Poderes P\u00fablicos, Lucena asegur\u00f3 que se est\u00e1n tomando medidas de seguridad para garantizar el orden p\u00fablico durante los comicios.<\/p>\n<p>Precis\u00f3 que el CNE solicitar\u00e1 al Ministerio para la Defensa que los centros de votaci\u00f3n sean declarados zonas de seguridad.<\/p>\n<p>\u00abDamos la seguridad y las garant\u00edas de que el proceso electoral, tal como lo hemos hecho siempre, se est\u00e1 desarrollando en perfecta normalidad a pesar de todos los malos deseos\u00bb, expres\u00f3 Lucena, quien detall\u00f3, adem\u00e1s, que se han evaluado aspectos concernientes al resguardo de los centros electorales y de las m\u00e1quinas de votaci\u00f3n.<\/p>\n<p>Una de las acciones a tomar por el CNE ser\u00e1 solicitar al Ministerio para la Defensa que los centros de votaci\u00f3n sean declarados zonas de seguridad.<\/p>\n<p>La petici\u00f3n se inscribe en una serie de recomendaciones para garantizar el proceso electoral venidero, ante sectores que pretenden impedir la participaci\u00f3n electoral en esa jornada, explic\u00f3 la rectora este mi\u00e9rcoles tras una reuni\u00f3n con el vicepresidente Ejecutivo, Tareck El Aissami; el defensor del Pueblo, Tarek William Saab, y el presidente del Tribunal Supremo de Justicia (TSJ), Maikel Moreno.<\/p>\n<p>Tras el encuentro, Lucena inform\u00f3 que otra de las medidas previstas es aumentar el per\u00edmetro de seguridad de los centros de votaci\u00f3n, de 50 a 100 metros.<\/p>\n<p>Adem\u00e1s, \u00abhemos acordado coadyuvar con el Poder Ciudadano y Judicial las actuaciones necesarias contra aquellas personas que pretenden cometer delitos electorales el d\u00eda de la elecci\u00f3n\u00bb, expres\u00f3 Lucena.<\/p>\n<p>La presidenta del CNE tambi\u00e9n ratific\u00f3 el compromiso de ese organismo con el normal desarrollo del proceso comicial ante estas \u00abpretendidas acciones para impedir que un proceso constitucional y democr\u00e1tico se lleve a cabo. Este Poder Electoral garantiza el perfecto ejercicio del sufragio. Vamos a trabajar con un gran compromiso, seriedad y con gran responsabilidad y apoyo del Estado venezolano, para que podamos ir a votar el 30 de julio y tengamos un proceso electoral en paz\u00bb, garantiz\u00f3.<\/p>\n<p>\u00abA pesar de las amenazas, nada nos intimida\u00bb, sostuvo Lucena, quien reiter\u00f3 que no existir\u00e1n obst\u00e1culos que impidan que \u00abVenezuela, a trav\u00e9s del voto, decida que lo que queremos es la continuidad de la paz, por la vida y la tranquilidad del pueblo\u00bb.<\/p>\n<p>Lucena repudi\u00f3 la posici\u00f3n de algunos sectores que intentan crear un clima de temor en la poblaci\u00f3n frente a la jornada electoral, hecho que catalog\u00f3 de antidemocr\u00e1tico y antivenezolano.<\/p>\n<p>\u00abTambi\u00e9n contra eso tomaremos las medidas. El proceso, como siempre, se llevar\u00e1 en paz porque estamos trabajando en conjunto para que eso suceda\u00bb, refiri\u00f3.<\/p>\n<p>La titular del Poder Electoral sostuvo que si un grupo de personas o de organizaciones pol\u00edticas no est\u00e1 de acuerdo con el proceso previsto pueden manifestarse e incluso abstenerse, porque es un derecho.<\/p>\n<p>\u00abLo que no pueden es impedir un proceso constitucional, electoral, un proceso profundamente democr\u00e1tico y, por supuesto, no pueden impedir el ejercicio de los derechos humanos y electorales, como lo es el derecho al sufragio\u00bb, agreg\u00f3.<\/p>\n<p>Destac\u00f3 que las diferencias se deben resolver a trav\u00e9s de procesos electorales y no mediante violencia y atropellos.<\/p>\n<p>\u00abNo (se resuelven) con estas pol\u00edticas de asustar, de atemorizar al pueblo todo. No es as\u00ed como se deciden los destinos del pa\u00eds\u00bb, a\u00f1adi\u00f3.<\/p>\n<p><strong>Repudio al terrorismo<\/strong><\/p>\n<p>Lucena repudi\u00f3 los\u00a0ataques perpetrados contra el Tribunal Supremo de Justicia (TSJ)\u00a0y el Ministerio de Relaciones Interiores, Justicia y Paz este martes.<\/p>\n<p>\u00abRechazamos todos los actos de violencia y especialmente todos aquellos ataques que se hicieron\u00bb tambi\u00e9n contra otras instancias como \u00abla Defensor\u00eda del Pueblo y los que ha tenido el mismo Poder Electoral en sus sedes regionales\u00bb, dijo.<\/p>\n<p>Advirti\u00f3 que estos ataques perpetrados contra las instituciones del Estado son intentos sediciosos que buscan socavar el orden institucional.<\/p>\n<p>\u00abUn grupo peque\u00f1o muy violento se ha dedicado a atacar las instituciones del Estado y otros grupos terroristas, como los que vimos en la noche de ayer, atacando los poderes p\u00fablicos. El Poder Electoral rechaza categ\u00f3ricamente estos intentos sediciosos de subvertir el orden p\u00fablico\u00bb, asever\u00f3.<\/p>\n<p>Lucena se reuni\u00f3 este mi\u00e9rcoles con representantes de los Poder P\u00fablicos para garantizar el pleno ejercicio del voto en las elecciones de la Asamblea Nacional Constituyente, previstas para el 30 de julio.<\/p>\n","protected":false},"excerpt":{"rendered":"<p>AVN.- Representantes de los Poderes P\u00fablicos coordinan acciones para que el proceso comicial del pr\u00f3ximo 30 &hellip; <a title=\"Autoridades coordinan acciones para garantizar pleno ejercicio del voto el 30 de julio\" class=\"hm-read-more\" href=\"https:\/\/www.mpppst.gob.ve\/mpppstweb\/index.php\/2017\/06\/29\/autoridades-coordinan-acciones-para-garantizar-pleno-ejercicio-del-voto-el-30-de-julio\/\"><span class=\"screen-reader-text\">Autoridades coordinan acciones para garantizar pleno ejercicio del voto el 30 de julio<\/span>Read more<\/a><\/p>\n","protected":false},"author":25,"featured_media":12030,"comment_status":"closed","ping_status":"closed","sticky":false,"template":"","format":"standard","meta":{"footnotes":""},"categories":[82,163],"tags":[],"yoast_head":"<!-- This site is optimized with the Yoast SEO plugin v22.5 - https:\/\/yoast.com\/wordpress\/plugins\/seo\/ -->\n<title>Autoridades coordinan acciones para garantizar pleno ejercicio del voto el 30 de julio - MPPPST<\/title>\n<meta name=\"robots\" content=\"index, follow, max-snippet:-1, max-image-preview:large, max-video-preview:-1\" \/>\n<link rel=\"canonical\" href=\"https:\/\/www.mpppst.gob.ve\/mpppstweb\/index.php\/2017\/06\/29\/autoridades-coordinan-acciones-para-garantizar-pleno-ejercicio-del-voto-el-30-de-julio\/\" \/>\n<meta property=\"og:locale\" content=\"es_ES\" \/>\n<meta property=\"og:type\" content=\"article\" \/>\n<meta property=\"og:title\" content=\"Autoridades coordinan acciones para garantizar pleno ejercicio del voto el 30 de julio - MPPPST\" \/>\n<meta property=\"og:description\" content=\"AVN.- Representantes de los Poderes P\u00fablicos coordinan acciones para que el proceso comicial del pr\u00f3ximo 30 &hellip; Autoridades coordinan acciones para garantizar pleno ejercicio del voto el 30 de julioRead more\" \/>\n<meta property=\"og:url\" content=\"https:\/\/www.mpppst.gob.ve\/mpppstweb\/index.php\/2017\/06\/29\/autoridades-coordinan-acciones-para-garantizar-pleno-ejercicio-del-voto-el-30-de-julio\/\" \/>\n<meta property=\"og:site_name\" content=\"MPPPST\" \/>\n<meta property=\"article:published_time\" content=\"2017-06-29T15:56:38+00:00\" \/>\n<meta property=\"og:image\" content=\"https:\/\/www.mpppst.gob.ve\/mpppstweb\/wp-content\/uploads\/2017\/06\/img_5153ft1498676591.jpg\" \/>\n\t<meta property=\"og:image:width\" content=\"800\" \/>\n\t<meta property=\"og:image:height\" content=\"445\" \/>\n\t<meta property=\"og:image:type\" content=\"image\/jpeg\" \/>\n<meta name=\"author\" content=\"MPPPST Prensa\" \/>\n<meta name=\"twitter:card\" content=\"summary_large_image\" \/>\n<meta name=\"twitter:label1\" content=\"Escrito por\" \/>\n\t<meta name=\"twitter:data1\" content=\"MPPPST Prensa\" \/>\n\t<meta name=\"twitter:label2\" content=\"Tiempo de lectura\" \/>\n\t<meta name=\"twitter:data2\" content=\"4 minutos\" \/>\n<script type=\"application\/ld+json\" class=\"yoast-schema-graph\">{\"@context\":\"https:\/\/schema.org\",\"@graph\":[{\"@type\":\"Article\",\"@id\":\"https:\/\/www.mpppst.gob.ve\/mpppstweb\/index.php\/2017\/06\/29\/autoridades-coordinan-acciones-para-garantizar-pleno-ejercicio-del-voto-el-30-de-julio\/#article\",\"isPartOf\":{\"@id\":\"https:\/\/www.mpppst.gob.ve\/mpppstweb\/index.php\/2017\/06\/29\/autoridades-coordinan-acciones-para-garantizar-pleno-ejercicio-del-voto-el-30-de-julio\/\"},\"author\":{\"name\":\"MPPPST Prensa\",\"@id\":\"https:\/\/www.mpppst.gob.ve\/mpppstweb\/#\/schema\/person\/fc187ee8ead412bd4c9304b62f900ea4\"},\"headline\":\"Autoridades coordinan acciones para garantizar pleno ejercicio del voto el 30 de julio\",\"datePublished\":\"2017-06-29T15:56:38+00:00\",\"dateModified\":\"2017-06-29T15:56:38+00:00\",\"mainEntityOfPage\":{\"@id\":\"https:\/\/www.mpppst.gob.ve\/mpppstweb\/index.php\/2017\/06\/29\/autoridades-coordinan-acciones-para-garantizar-pleno-ejercicio-del-voto-el-30-de-julio\/\"},\"wordCount\":819,\"publisher\":{\"@id\":\"https:\/\/www.mpppst.gob.ve\/mpppstweb\/#organization\"},\"image\":{\"@id\":\"https:\/\/www.mpppst.gob.ve\/mpppstweb\/index.php\/2017\/06\/29\/autoridades-coordinan-acciones-para-garantizar-pleno-ejercicio-del-voto-el-30-de-julio\/#primaryimage\"},\"thumbnailUrl\":\"https:\/\/www.mpppst.gob.ve\/mpppstweb\/wp-content\/uploads\/2017\/06\/img_5153ft1498676591.jpg\",\"articleSection\":[\"Gobierno Nacional\",\"Noticias\"],\"inLanguage\":\"es\"},{\"@type\":\"WebPage\",\"@id\":\"https:\/\/www.mpppst.gob.ve\/mpppstweb\/index.php\/2017\/06\/29\/autoridades-coordinan-acciones-para-garantizar-pleno-ejercicio-del-voto-el-30-de-julio\/\",\"url\":\"https:\/\/www.mpppst.gob.ve\/mpppstweb\/index.php\/2017\/06\/29\/autoridades-coordinan-acciones-para-garantizar-pleno-ejercicio-del-voto-el-30-de-julio\/\",\"name\":\"Autoridades coordinan acciones para garantizar pleno ejercicio del voto el 30 de julio - MPPPST\",\"isPartOf\":{\"@id\":\"https:\/\/www.mpppst.gob.ve\/mpppstweb\/#website\"},\"primaryImageOfPage\":{\"@id\":\"https:\/\/www.mpppst.gob.ve\/mpppstweb\/index.php\/2017\/06\/29\/autoridades-coordinan-acciones-para-garantizar-pleno-ejercicio-del-voto-el-30-de-julio\/#primaryimage\"},\"image\":{\"@id\":\"https:\/\/www.mpppst.gob.ve\/mpppstweb\/index.php\/2017\/06\/29\/autoridades-coordinan-acciones-para-garantizar-pleno-ejercicio-del-voto-el-30-de-julio\/#primaryimage\"},\"thumbnailUrl\":\"https:\/\/www.mpppst.gob.ve\/mpppstweb\/wp-content\/uploads\/2017\/06\/img_5153ft1498676591.jpg\",\"datePublished\":\"2017-06-29T15:56:38+00:00\",\"dateModified\":\"2017-06-29T15:56:38+00:00\",\"breadcrumb\":{\"@id\":\"https:\/\/www.mpppst.gob.ve\/mpppstweb\/index.php\/2017\/06\/29\/autoridades-coordinan-acciones-para-garantizar-pleno-ejercicio-del-voto-el-30-de-julio\/#breadcrumb\"},\"inLanguage\":\"es\",\"potentialAction\":[{\"@type\":\"ReadAction\",\"target\":[\"https:\/\/www.mpppst.gob.ve\/mpppstweb\/index.php\/2017\/06\/29\/autoridades-coordinan-acciones-para-garantizar-pleno-ejercicio-del-voto-el-30-de-julio\/\"]}]},{\"@type\":\"ImageObject\",\"inLanguage\":\"es\",\"@id\":\"https:\/\/www.mpppst.gob.ve\/mpppstweb\/index.php\/2017\/06\/29\/autoridades-coordinan-acciones-para-garantizar-pleno-ejercicio-del-voto-el-30-de-julio\/#primaryimage\",\"url\":\"https:\/\/www.mpppst.gob.ve\/mpppstweb\/wp-content\/uploads\/2017\/06\/img_5153ft1498676591.jpg\",\"contentUrl\":\"https:\/\/www.mpppst.gob.ve\/mpppstweb\/wp-content\/uploads\/2017\/06\/img_5153ft1498676591.jpg\",\"width\":800,\"height\":445},{\"@type\":\"BreadcrumbList\",\"@id\":\"https:\/\/www.mpppst.gob.ve\/mpppstweb\/index.php\/2017\/06\/29\/autoridades-coordinan-acciones-para-garantizar-pleno-ejercicio-del-voto-el-30-de-julio\/#breadcrumb\",\"itemListElement\":[{\"@type\":\"ListItem\",\"position\":1,\"name\":\"Home\",\"item\":\"https:\/\/www.mpppst.gob.ve\/mpppstweb\/\"},{\"@type\":\"ListItem\",\"position\":2,\"name\":\"Autoridades coordinan acciones para garantizar pleno ejercicio del voto el 30 de julio\"}]},{\"@type\":\"WebSite\",\"@id\":\"https:\/\/www.mpppst.gob.ve\/mpppstweb\/#website\",\"url\":\"https:\/\/www.mpppst.gob.ve\/mpppstweb\/\",\"name\":\"MPPPST\",\"description\":\"Ministerio del Poder Popular para el Proceso Social de Trabajo\",\"publisher\":{\"@id\":\"https:\/\/www.mpppst.gob.ve\/mpppstweb\/#organization\"},\"potentialAction\":[{\"@type\":\"SearchAction\",\"target\":{\"@type\":\"EntryPoint\",\"urlTemplate\":\"https:\/\/www.mpppst.gob.ve\/mpppstweb\/?s={search_term_string}\"},\"query-input\":\"required name=search_term_string\"}],\"inLanguage\":\"es\"},{\"@type\":\"Organization\",\"@id\":\"https:\/\/www.mpppst.gob.ve\/mpppstweb\/#organization\",\"name\":\"mpppst\",\"url\":\"https:\/\/www.mpppst.gob.ve\/mpppstweb\/\",\"logo\":{\"@type\":\"ImageObject\",\"inLanguage\":\"es\",\"@id\":\"https:\/\/www.mpppst.gob.ve\/mpppstweb\/#\/schema\/logo\/image\/\",\"url\":\"https:\/\/www.mpppst.gob.ve\/mpppstweb\/wp-content\/uploads\/2025\/07\/cropped-cropped-g910.png\",\"contentUrl\":\"https:\/\/www.mpppst.gob.ve\/mpppstweb\/wp-content\/uploads\/2025\/07\/cropped-cropped-g910.png\",\"width\":1080,\"height\":241,\"caption\":\"mpppst\"},\"image\":{\"@id\":\"https:\/\/www.mpppst.gob.ve\/mpppstweb\/#\/schema\/logo\/image\/\"}},{\"@type\":\"Person\",\"@id\":\"https:\/\/www.mpppst.gob.ve\/mpppstweb\/#\/schema\/person\/fc187ee8ead412bd4c9304b62f900ea4\",\"name\":\"MPPPST Prensa\",\"url\":\"https:\/\/www.mpppst.gob.ve\/mpppstweb\/index.php\/author\/prensa-mpppst\/\"}]}<\/script>\n<!-- \/ Yoast SEO plugin. -->","yoast_head_json":{"title":"Autoridades coordinan acciones para garantizar pleno ejercicio del voto el 30 de julio - MPPPST","robots":{"index":"index","follow":"follow","max-snippet":"max-snippet:-1","max-image-preview":"max-image-preview:large","max-video-preview":"max-video-preview:-1"},"canonical":"https:\/\/www.mpppst.gob.ve\/mpppstweb\/index.php\/2017\/06\/29\/autoridades-coordinan-acciones-para-garantizar-pleno-ejercicio-del-voto-el-30-de-julio\/","og_locale":"es_ES","og_type":"article","og_title":"Autoridades coordinan acciones para garantizar pleno ejercicio del voto el 30 de julio - MPPPST","og_description":"AVN.- Representantes de los Poderes P\u00fablicos coordinan acciones para que el proceso comicial del pr\u00f3ximo 30 &hellip; Autoridades coordinan acciones para garantizar pleno ejercicio del voto el 30 de julioRead more","og_url":"https:\/\/www.mpppst.gob.ve\/mpppstweb\/index.php\/2017\/06\/29\/autoridades-coordinan-acciones-para-garantizar-pleno-ejercicio-del-voto-el-30-de-julio\/","og_site_name":"MPPPST","article_published_time":"2017-06-29T15:56:38+00:00","og_image":[{"width":800,"height":445,"url":"https:\/\/www.mpppst.gob.ve\/mpppstweb\/wp-content\/uploads\/2017\/06\/img_5153ft1498676591.jpg","type":"image\/jpeg"}],"author":"MPPPST Prensa","twitter_card":"summary_large_image","twitter_misc":{"Escrito por":"MPPPST Prensa","Tiempo de lectura":"4 minutos"},"schema":{"@context":"https:\/\/schema.org","@graph":[{"@type":"Article","@id":"https:\/\/www.mpppst.gob.ve\/mpppstweb\/index.php\/2017\/06\/29\/autoridades-coordinan-acciones-para-garantizar-pleno-ejercicio-del-voto-el-30-de-julio\/#article","isPartOf":{"@id":"https:\/\/www.mpppst.gob.ve\/mpppstweb\/index.php\/2017\/06\/29\/autoridades-coordinan-acciones-para-garantizar-pleno-ejercicio-del-voto-el-30-de-julio\/"},"author":{"name":"MPPPST Prensa","@id":"https:\/\/www.mpppst.gob.ve\/mpppstweb\/#\/schema\/person\/fc187ee8ead412bd4c9304b62f900ea4"},"headline":"Autoridades coordinan acciones para garantizar pleno ejercicio del voto el 30 de julio","datePublished":"2017-06-29T15:56:38+00:00","dateModified":"2017-06-29T15:56:38+00:00","mainEntityOfPage":{"@id":"https:\/\/www.mpppst.gob.ve\/mpppstweb\/index.php\/2017\/06\/29\/autoridades-coordinan-acciones-para-garantizar-pleno-ejercicio-del-voto-el-30-de-julio\/"},"wordCount":819,"publisher":{"@id":"https:\/\/www.mpppst.gob.ve\/mpppstweb\/#organization"},"image":{"@id":"https:\/\/www.mpppst.gob.ve\/mpppstweb\/index.php\/2017\/06\/29\/autoridades-coordinan-acciones-para-garantizar-pleno-ejercicio-del-voto-el-30-de-julio\/#primaryimage"},"thumbnailUrl":"https:\/\/www.mpppst.gob.ve\/mpppstweb\/wp-content\/uploads\/2017\/06\/img_5153ft1498676591.jpg","articleSection":["Gobierno Nacional","Noticias"],"inLanguage":"es"},{"@type":"WebPage","@id":"https:\/\/www.mpppst.gob.ve\/mpppstweb\/index.php\/2017\/06\/29\/autoridades-coordinan-acciones-para-garantizar-pleno-ejercicio-del-voto-el-30-de-julio\/","url":"https:\/\/www.mpppst.gob.ve\/mpppstweb\/index.php\/2017\/06\/29\/autoridades-coordinan-acciones-para-garantizar-pleno-ejercicio-del-voto-el-30-de-julio\/","name":"Autoridades coordinan acciones para garantizar pleno ejercicio del voto el 30 de julio - MPPPST","isPartOf":{"@id":"https:\/\/www.mpppst.gob.ve\/mpppstweb\/#website"},"primaryImageOfPage":{"@id":"https:\/\/www.mpppst.gob.ve\/mpppstweb\/index.php\/2017\/06\/29\/autoridades-coordinan-acciones-para-garantizar-pleno-ejercicio-del-voto-el-30-de-julio\/#primaryimage"},"image":{"@id":"https:\/\/www.mpppst.gob.ve\/mpppstweb\/index.php\/2017\/06\/29\/autoridades-coordinan-acciones-para-garantizar-pleno-ejercicio-del-voto-el-30-de-julio\/#primaryimage"},"thumbnailUrl":"https:\/\/www.mpppst.gob.ve\/mpppstweb\/wp-content\/uploads\/2017\/06\/img_5153ft1498676591.jpg","datePublished":"2017-06-29T15:56:38+00:00","dateModified":"2017-06-29T15:56:38+00:00","breadcrumb":{"@id":"https:\/\/www.mpppst.gob.ve\/mpppstweb\/index.php\/2017\/06\/29\/autoridades-coordinan-acciones-para-garantizar-pleno-ejercicio-del-voto-el-30-de-julio\/#breadcrumb"},"inLanguage":"es","potentialAction":[{"@type":"ReadAction","target":["https:\/\/www.mpppst.gob.ve\/mpppstweb\/index.php\/2017\/06\/29\/autoridades-coordinan-acciones-para-garantizar-pleno-ejercicio-del-voto-el-30-de-julio\/"]}]},{"@type":"ImageObject","inLanguage":"es","@id":"https:\/\/www.mpppst.gob.ve\/mpppstweb\/index.php\/2017\/06\/29\/autoridades-coordinan-acciones-para-garantizar-pleno-ejercicio-del-voto-el-30-de-julio\/#primaryimage","url":"https:\/\/www.mpppst.gob.ve\/mpppstweb\/wp-content\/uploads\/2017\/06\/img_5153ft1498676591.jpg","contentUrl":"https:\/\/www.mpppst.gob.ve\/mpppstweb\/wp-content\/uploads\/2017\/06\/img_5153ft1498676591.jpg","width":800,"height":445},{"@type":"BreadcrumbList","@id":"https:\/\/www.mpppst.gob.ve\/mpppstweb\/index.php\/2017\/06\/29\/autoridades-coordinan-acciones-para-garantizar-pleno-ejercicio-del-voto-el-30-de-julio\/#breadcrumb","itemListElement":[{"@type":"ListItem","position":1,"name":"Home","item":"https:\/\/www.mpppst.gob.ve\/mpppstweb\/"},{"@type":"ListItem","position":2,"name":"Autoridades coordinan acciones para garantizar pleno ejercicio del voto el 30 de julio"}]},{"@type":"WebSite","@id":"https:\/\/www.mpppst.gob.ve\/mpppstweb\/#website","url":"https:\/\/www.mpppst.gob.ve\/mpppstweb\/","name":"MPPPST","description":"Ministerio del Poder Popular para el Proceso Social de Trabajo","publisher":{"@id":"https:\/\/www.mpppst.gob.ve\/mpppstweb\/#organization"},"potentialAction":[{"@type":"SearchAction","target":{"@type":"EntryPoint","urlTemplate":"https:\/\/www.mpppst.gob.ve\/mpppstweb\/?s={search_term_string}"},"query-input":"required name=search_term_string"}],"inLanguage":"es"},{"@type":"Organization","@id":"https:\/\/www.mpppst.gob.ve\/mpppstweb\/#organization","name":"mpppst","url":"https:\/\/www.mpppst.gob.ve\/mpppstweb\/","logo":{"@type":"ImageObject","inLanguage":"es","@id":"https:\/\/www.mpppst.gob.ve\/mpppstweb\/#\/schema\/logo\/image\/","url":"https:\/\/www.mpppst.gob.ve\/mpppstweb\/wp-content\/uploads\/2025\/07\/cropped-cropped-g910.png","contentUrl":"https:\/\/www.mpppst.gob.ve\/mpppstweb\/wp-content\/uploads\/2025\/07\/cropped-cropped-g910.png","width":1080,"height":241,"caption":"mpppst"},"image":{"@id":"https:\/\/www.mpppst.gob.ve\/mpppstweb\/#\/schema\/logo\/image\/"}},{"@type":"Person","@id":"https:\/\/www.mpppst.gob.ve\/mpppstweb\/#\/schema\/person\/fc187ee8ead412bd4c9304b62f900ea4","name":"MPPPST Prensa","url":"https:\/\/www.mpppst.gob.ve\/mpppstweb\/index.php\/author\/prensa-mpppst\/"}]}},"_links":{"self":[{"href":"https:\/\/www.mpppst.gob.ve\/mpppstweb\/index.php\/wp-json\/wp\/v2\/posts\/12029"}],"collection":[{"href":"https:\/\/www.mpppst.gob.ve\/mpppstweb\/index.php\/wp-json\/wp\/v2\/posts"}],"about":[{"href":"https:\/\/www.mpppst.gob.ve\/mpppstweb\/index.php\/wp-json\/wp\/v2\/types\/post"}],"author":[{"embeddable":true,"href":"https:\/\/www.mpppst.gob.ve\/mpppstweb\/index.php\/wp-json\/wp\/v2\/users\/25"}],"replies":[{"embeddable":true,"href":"https:\/\/www.mpppst.gob.ve\/mpppstweb\/index.php\/wp-json\/wp\/v2\/comments?post=12029"}],"version-history":[{"count":1,"href":"https:\/\/www.mpppst.gob.ve\/mpppstweb\/index.php\/wp-json\/wp\/v2\/posts\/12029\/revisions"}],"predecessor-version":[{"id":12031,"href":"https:\/\/www.mpppst.gob.ve\/mpppstweb\/index.php\/wp-json\/wp\/v2\/posts\/12029\/revisions\/12031"}],"wp:featuredmedia":[{"embeddable":true,"href":"https:\/\/www.mpppst.gob.ve\/mpppstweb\/index.php\/wp-json\/wp\/v2\/media\/12030"}],"wp:attachment":[{"href":"https:\/\/www.mpppst.gob.ve\/mpppstweb\/index.php\/wp-json\/wp\/v2\/media?parent=12029"}],"wp:term":[{"taxonomy":"category","embeddable":true,"href":"https:\/\/www.mpppst.gob.ve\/mpppstweb\/index.php\/wp-json\/wp\/v2\/categories?post=12029"},{"taxonomy":"post_tag","embeddable":true,"href":"https:\/\/www.mpppst.gob.ve\/mpppstweb\/index.php\/wp-json\/wp\/v2\/tags?post=12029"}],"curies":[{"name":"wp","href":"https:\/\/api.w.org\/{rel}","templated":true}]}}