{"id":12032,"date":"2017-06-29T12:03:03","date_gmt":"2017-06-29T16:03:03","guid":{"rendered":"http:\/\/www.mpppst.gob.ve\/mpppstweb\/?p=12032"},"modified":"2017-06-29T12:03:03","modified_gmt":"2017-06-29T16:03:03","slug":"venezuela-rechaza-comunicado-de-la-cidh","status":"publish","type":"post","link":"https:\/\/www.mpppst.gob.ve\/mpppstweb\/index.php\/2017\/06\/29\/venezuela-rechaza-comunicado-de-la-cidh\/","title":{"rendered":"Venezuela rechaza comunicado de la CIDH"},"content":{"rendered":"<p>Minci<\/p>\n<p>La misi\u00f3n permanente de Venezuela ante la Organizaci\u00f3n de Estados Americanos expres\u00f3 el\u00a0rechazo de Venezuela ante el comunicado de la Comisi\u00f3n Interamericana de Derechos Humanos\u00a0(CIDH), por considerar que\u00a0este organismo desconoce los esfuerzos del Estado venezolano por garantizar la paz y la seguridad en el pa\u00eds.<\/p>\n<p>El 27 de junio, la CIDH divulg\u00f3 un documento \u201ctendencioso, carente de toda objetividad\u201d, en el cual expresa su \u201ccondena\u201d ante\u00a0lo que llaman \u201coperativos militares de represi\u00f3n indiscriminada en Venezuela\u201d, sin investigar \u201ccon ponderaci\u00f3n, equilibrio y rigurosidad los hechos acontecidos\u201d en el pa\u00eds.<\/p>\n<p><strong>A continuaci\u00f3n el texto del comunicado:<\/strong><\/p>\n<p>Comunicado en rechazo al comunicado emitido por la Comisi\u00f3n Interamericana de Derechos Humanos (CIDH)<\/p>\n<p>La Misi\u00f3n Permanente de la Rep\u00fablica Bolivariana de Venezuela ante la Organizaci\u00f3n de los Estados Americanos (OEA) una vez m\u00e1s expresa su profundo rechazo al comunicado emitido por la Comisi\u00f3n Interamericana de Derechos Humanos (CIDH), en fecha 27 de junio de 2017.<\/p>\n<p>La CIDH reincide en la pr\u00e1ctica de emitir juicios tendenciosos, carentes de toda objetividad y difunde sus conclusiones sin investigar con ponderaci\u00f3n, equilibrio y rigurosidad los hechos acontecidos. La Comisi\u00f3n desconoce los esfuerzos del Estado venezolano por garantizar la paz y la seguridad en el pa\u00eds.<\/p>\n<p>La CIDH desatiende su funci\u00f3n de promoci\u00f3n y protecci\u00f3n de los derechos humanos al no emitir un pronunciamiento que llame a los grupos violentos en Venezuela a deponer su actitud. Reiteramos que esta deliberada omisi\u00f3n es una clara transgresi\u00f3n a la legalidad internacional que debe regir el funcionamiento de la CIDH y se constituye en un respaldo a los sectores que intentan socavar la estabilidad democr\u00e1tica en Venezuela a trav\u00e9s del uso de la violencia y vandalismo generalizado.<\/p>\n<p>El Gobierno de la Rep\u00fablica Bolivariana de Venezuela respeta el derecho a la protesta pac\u00edfica y sin armas, a la libertad de expresi\u00f3n y reafirma su compromiso con los derechos humanos de todos quienes habitan en su Naci\u00f3n. En raz\u00f3n a ello, adelanta todas las acciones necesarias, apegadas al debido proceso, para sancionar a los responsables, sean estos civiles o pertenecientes a los cuerpos de seguridad del Estado.<\/p>\n<p>Washington DC, 27 de junio de 2017<\/p>\n","protected":false},"excerpt":{"rendered":"<p>Minci La misi\u00f3n permanente de Venezuela ante la Organizaci\u00f3n de Estados Americanos expres\u00f3 el\u00a0rechazo de Venezuela &hellip; <a title=\"Venezuela rechaza comunicado de la CIDH\" class=\"hm-read-more\" href=\"https:\/\/www.mpppst.gob.ve\/mpppstweb\/index.php\/2017\/06\/29\/venezuela-rechaza-comunicado-de-la-cidh\/\"><span class=\"screen-reader-text\">Venezuela rechaza comunicado de la CIDH<\/span>Read more<\/a><\/p>\n","protected":false},"author":25,"featured_media":12033,"comment_status":"closed","ping_status":"closed","sticky":false,"template":"","format":"standard","meta":{"footnotes":""},"categories":[82,163],"tags":[],"yoast_head":"<!-- This site is optimized with the Yoast SEO plugin v22.5 - https:\/\/yoast.com\/wordpress\/plugins\/seo\/ -->\n<title>Venezuela rechaza comunicado de la CIDH - MPPPST<\/title>\n<meta name=\"robots\" content=\"index, follow, max-snippet:-1, max-image-preview:large, max-video-preview:-1\" \/>\n<link rel=\"canonical\" href=\"https:\/\/www.mpppst.gob.ve\/mpppstweb\/index.php\/2017\/06\/29\/venezuela-rechaza-comunicado-de-la-cidh\/\" \/>\n<meta property=\"og:locale\" content=\"es_ES\" \/>\n<meta property=\"og:type\" content=\"article\" \/>\n<meta property=\"og:title\" content=\"Venezuela rechaza comunicado de la CIDH - MPPPST\" \/>\n<meta property=\"og:description\" content=\"Minci La misi\u00f3n permanente de Venezuela ante la Organizaci\u00f3n de Estados Americanos expres\u00f3 el\u00a0rechazo de Venezuela &hellip; Venezuela rechaza comunicado de la CIDHRead more\" \/>\n<meta property=\"og:url\" content=\"https:\/\/www.mpppst.gob.ve\/mpppstweb\/index.php\/2017\/06\/29\/venezuela-rechaza-comunicado-de-la-cidh\/\" \/>\n<meta property=\"og:site_name\" content=\"MPPPST\" \/>\n<meta property=\"article:published_time\" content=\"2017-06-29T16:03:03+00:00\" \/>\n<meta property=\"og:image\" content=\"https:\/\/www.mpppst.gob.ve\/mpppstweb\/wp-content\/uploads\/2017\/06\/cidh.jpg\" \/>\n\t<meta property=\"og:image:width\" content=\"800\" \/>\n\t<meta property=\"og:image:height\" content=\"445\" \/>\n\t<meta property=\"og:image:type\" content=\"image\/jpeg\" \/>\n<meta name=\"author\" content=\"MPPPST Prensa\" \/>\n<meta name=\"twitter:card\" content=\"summary_large_image\" \/>\n<meta name=\"twitter:label1\" content=\"Escrito por\" \/>\n\t<meta name=\"twitter:data1\" content=\"MPPPST Prensa\" \/>\n\t<meta name=\"twitter:label2\" content=\"Tiempo de lectura\" \/>\n\t<meta name=\"twitter:data2\" content=\"2 minutos\" \/>\n<script type=\"application\/ld+json\" class=\"yoast-schema-graph\">{\"@context\":\"https:\/\/schema.org\",\"@graph\":[{\"@type\":\"Article\",\"@id\":\"https:\/\/www.mpppst.gob.ve\/mpppstweb\/index.php\/2017\/06\/29\/venezuela-rechaza-comunicado-de-la-cidh\/#article\",\"isPartOf\":{\"@id\":\"https:\/\/www.mpppst.gob.ve\/mpppstweb\/index.php\/2017\/06\/29\/venezuela-rechaza-comunicado-de-la-cidh\/\"},\"author\":{\"name\":\"MPPPST Prensa\",\"@id\":\"https:\/\/www.mpppst.gob.ve\/mpppstweb\/#\/schema\/person\/fc187ee8ead412bd4c9304b62f900ea4\"},\"headline\":\"Venezuela rechaza comunicado de la CIDH\",\"datePublished\":\"2017-06-29T16:03:03+00:00\",\"dateModified\":\"2017-06-29T16:03:03+00:00\",\"mainEntityOfPage\":{\"@id\":\"https:\/\/www.mpppst.gob.ve\/mpppstweb\/index.php\/2017\/06\/29\/venezuela-rechaza-comunicado-de-la-cidh\/\"},\"wordCount\":385,\"publisher\":{\"@id\":\"https:\/\/www.mpppst.gob.ve\/mpppstweb\/#organization\"},\"image\":{\"@id\":\"https:\/\/www.mpppst.gob.ve\/mpppstweb\/index.php\/2017\/06\/29\/venezuela-rechaza-comunicado-de-la-cidh\/#primaryimage\"},\"thumbnailUrl\":\"https:\/\/www.mpppst.gob.ve\/mpppstweb\/wp-content\/uploads\/2017\/06\/cidh.jpg\",\"articleSection\":[\"Gobierno Nacional\",\"Noticias\"],\"inLanguage\":\"es\"},{\"@type\":\"WebPage\",\"@id\":\"https:\/\/www.mpppst.gob.ve\/mpppstweb\/index.php\/2017\/06\/29\/venezuela-rechaza-comunicado-de-la-cidh\/\",\"url\":\"https:\/\/www.mpppst.gob.ve\/mpppstweb\/index.php\/2017\/06\/29\/venezuela-rechaza-comunicado-de-la-cidh\/\",\"name\":\"Venezuela rechaza comunicado de la CIDH - MPPPST\",\"isPartOf\":{\"@id\":\"https:\/\/www.mpppst.gob.ve\/mpppstweb\/#website\"},\"primaryImageOfPage\":{\"@id\":\"https:\/\/www.mpppst.gob.ve\/mpppstweb\/index.php\/2017\/06\/29\/venezuela-rechaza-comunicado-de-la-cidh\/#primaryimage\"},\"image\":{\"@id\":\"https:\/\/www.mpppst.gob.ve\/mpppstweb\/index.php\/2017\/06\/29\/venezuela-rechaza-comunicado-de-la-cidh\/#primaryimage\"},\"thumbnailUrl\":\"https:\/\/www.mpppst.gob.ve\/mpppstweb\/wp-content\/uploads\/2017\/06\/cidh.jpg\",\"datePublished\":\"2017-06-29T16:03:03+00:00\",\"dateModified\":\"2017-06-29T16:03:03+00:00\",\"breadcrumb\":{\"@id\":\"https:\/\/www.mpppst.gob.ve\/mpppstweb\/index.php\/2017\/06\/29\/venezuela-rechaza-comunicado-de-la-cidh\/#breadcrumb\"},\"inLanguage\":\"es\",\"potentialAction\":[{\"@type\":\"ReadAction\",\"target\":[\"https:\/\/www.mpppst.gob.ve\/mpppstweb\/index.php\/2017\/06\/29\/venezuela-rechaza-comunicado-de-la-cidh\/\"]}]},{\"@type\":\"ImageObject\",\"inLanguage\":\"es\",\"@id\":\"https:\/\/www.mpppst.gob.ve\/mpppstweb\/index.php\/2017\/06\/29\/venezuela-rechaza-comunicado-de-la-cidh\/#primaryimage\",\"url\":\"https:\/\/www.mpppst.gob.ve\/mpppstweb\/wp-content\/uploads\/2017\/06\/cidh.jpg\",\"contentUrl\":\"https:\/\/www.mpppst.gob.ve\/mpppstweb\/wp-content\/uploads\/2017\/06\/cidh.jpg\",\"width\":800,\"height\":445},{\"@type\":\"BreadcrumbList\",\"@id\":\"https:\/\/www.mpppst.gob.ve\/mpppstweb\/index.php\/2017\/06\/29\/venezuela-rechaza-comunicado-de-la-cidh\/#breadcrumb\",\"itemListElement\":[{\"@type\":\"ListItem\",\"position\":1,\"name\":\"Home\",\"item\":\"https:\/\/www.mpppst.gob.ve\/mpppstweb\/\"},{\"@type\":\"ListItem\",\"position\":2,\"name\":\"Venezuela rechaza comunicado de la CIDH\"}]},{\"@type\":\"WebSite\",\"@id\":\"https:\/\/www.mpppst.gob.ve\/mpppstweb\/#website\",\"url\":\"https:\/\/www.mpppst.gob.ve\/mpppstweb\/\",\"name\":\"MPPPST\",\"description\":\"Ministerio del Poder Popular para el Proceso Social de Trabajo\",\"publisher\":{\"@id\":\"https:\/\/www.mpppst.gob.ve\/mpppstweb\/#organization\"},\"potentialAction\":[{\"@type\":\"SearchAction\",\"target\":{\"@type\":\"EntryPoint\",\"urlTemplate\":\"https:\/\/www.mpppst.gob.ve\/mpppstweb\/?s={search_term_string}\"},\"query-input\":\"required name=search_term_string\"}],\"inLanguage\":\"es\"},{\"@type\":\"Organization\",\"@id\":\"https:\/\/www.mpppst.gob.ve\/mpppstweb\/#organization\",\"name\":\"mpppst\",\"url\":\"https:\/\/www.mpppst.gob.ve\/mpppstweb\/\",\"logo\":{\"@type\":\"ImageObject\",\"inLanguage\":\"es\",\"@id\":\"https:\/\/www.mpppst.gob.ve\/mpppstweb\/#\/schema\/logo\/image\/\",\"url\":\"https:\/\/www.mpppst.gob.ve\/mpppstweb\/wp-content\/uploads\/2025\/07\/cropped-cropped-g910.png\",\"contentUrl\":\"https:\/\/www.mpppst.gob.ve\/mpppstweb\/wp-content\/uploads\/2025\/07\/cropped-cropped-g910.png\",\"width\":1080,\"height\":241,\"caption\":\"mpppst\"},\"image\":{\"@id\":\"https:\/\/www.mpppst.gob.ve\/mpppstweb\/#\/schema\/logo\/image\/\"}},{\"@type\":\"Person\",\"@id\":\"https:\/\/www.mpppst.gob.ve\/mpppstweb\/#\/schema\/person\/fc187ee8ead412bd4c9304b62f900ea4\",\"name\":\"MPPPST Prensa\",\"url\":\"https:\/\/www.mpppst.gob.ve\/mpppstweb\/index.php\/author\/prensa-mpppst\/\"}]}<\/script>\n<!-- \/ Yoast SEO plugin. -->","yoast_head_json":{"title":"Venezuela rechaza comunicado de la CIDH - MPPPST","robots":{"index":"index","follow":"follow","max-snippet":"max-snippet:-1","max-image-preview":"max-image-preview:large","max-video-preview":"max-video-preview:-1"},"canonical":"https:\/\/www.mpppst.gob.ve\/mpppstweb\/index.php\/2017\/06\/29\/venezuela-rechaza-comunicado-de-la-cidh\/","og_locale":"es_ES","og_type":"article","og_title":"Venezuela rechaza comunicado de la CIDH - MPPPST","og_description":"Minci La misi\u00f3n permanente de Venezuela ante la Organizaci\u00f3n de Estados Americanos expres\u00f3 el\u00a0rechazo de Venezuela &hellip; Venezuela rechaza comunicado de la CIDHRead more","og_url":"https:\/\/www.mpppst.gob.ve\/mpppstweb\/index.php\/2017\/06\/29\/venezuela-rechaza-comunicado-de-la-cidh\/","og_site_name":"MPPPST","article_published_time":"2017-06-29T16:03:03+00:00","og_image":[{"width":800,"height":445,"url":"https:\/\/www.mpppst.gob.ve\/mpppstweb\/wp-content\/uploads\/2017\/06\/cidh.jpg","type":"image\/jpeg"}],"author":"MPPPST Prensa","twitter_card":"summary_large_image","twitter_misc":{"Escrito por":"MPPPST Prensa","Tiempo de lectura":"2 minutos"},"schema":{"@context":"https:\/\/schema.org","@graph":[{"@type":"Article","@id":"https:\/\/www.mpppst.gob.ve\/mpppstweb\/index.php\/2017\/06\/29\/venezuela-rechaza-comunicado-de-la-cidh\/#article","isPartOf":{"@id":"https:\/\/www.mpppst.gob.ve\/mpppstweb\/index.php\/2017\/06\/29\/venezuela-rechaza-comunicado-de-la-cidh\/"},"author":{"name":"MPPPST Prensa","@id":"https:\/\/www.mpppst.gob.ve\/mpppstweb\/#\/schema\/person\/fc187ee8ead412bd4c9304b62f900ea4"},"headline":"Venezuela rechaza comunicado de la CIDH","datePublished":"2017-06-29T16:03:03+00:00","dateModified":"2017-06-29T16:03:03+00:00","mainEntityOfPage":{"@id":"https:\/\/www.mpppst.gob.ve\/mpppstweb\/index.php\/2017\/06\/29\/venezuela-rechaza-comunicado-de-la-cidh\/"},"wordCount":385,"publisher":{"@id":"https:\/\/www.mpppst.gob.ve\/mpppstweb\/#organization"},"image":{"@id":"https:\/\/www.mpppst.gob.ve\/mpppstweb\/index.php\/2017\/06\/29\/venezuela-rechaza-comunicado-de-la-cidh\/#primaryimage"},"thumbnailUrl":"https:\/\/www.mpppst.gob.ve\/mpppstweb\/wp-content\/uploads\/2017\/06\/cidh.jpg","articleSection":["Gobierno Nacional","Noticias"],"inLanguage":"es"},{"@type":"WebPage","@id":"https:\/\/www.mpppst.gob.ve\/mpppstweb\/index.php\/2017\/06\/29\/venezuela-rechaza-comunicado-de-la-cidh\/","url":"https:\/\/www.mpppst.gob.ve\/mpppstweb\/index.php\/2017\/06\/29\/venezuela-rechaza-comunicado-de-la-cidh\/","name":"Venezuela rechaza comunicado de la CIDH - MPPPST","isPartOf":{"@id":"https:\/\/www.mpppst.gob.ve\/mpppstweb\/#website"},"primaryImageOfPage":{"@id":"https:\/\/www.mpppst.gob.ve\/mpppstweb\/index.php\/2017\/06\/29\/venezuela-rechaza-comunicado-de-la-cidh\/#primaryimage"},"image":{"@id":"https:\/\/www.mpppst.gob.ve\/mpppstweb\/index.php\/2017\/06\/29\/venezuela-rechaza-comunicado-de-la-cidh\/#primaryimage"},"thumbnailUrl":"https:\/\/www.mpppst.gob.ve\/mpppstweb\/wp-content\/uploads\/2017\/06\/cidh.jpg","datePublished":"2017-06-29T16:03:03+00:00","dateModified":"2017-06-29T16:03:03+00:00","breadcrumb":{"@id":"https:\/\/www.mpppst.gob.ve\/mpppstweb\/index.php\/2017\/06\/29\/venezuela-rechaza-comunicado-de-la-cidh\/#breadcrumb"},"inLanguage":"es","potentialAction":[{"@type":"ReadAction","target":["https:\/\/www.mpppst.gob.ve\/mpppstweb\/index.php\/2017\/06\/29\/venezuela-rechaza-comunicado-de-la-cidh\/"]}]},{"@type":"ImageObject","inLanguage":"es","@id":"https:\/\/www.mpppst.gob.ve\/mpppstweb\/index.php\/2017\/06\/29\/venezuela-rechaza-comunicado-de-la-cidh\/#primaryimage","url":"https:\/\/www.mpppst.gob.ve\/mpppstweb\/wp-content\/uploads\/2017\/06\/cidh.jpg","contentUrl":"https:\/\/www.mpppst.gob.ve\/mpppstweb\/wp-content\/uploads\/2017\/06\/cidh.jpg","width":800,"height":445},{"@type":"BreadcrumbList","@id":"https:\/\/www.mpppst.gob.ve\/mpppstweb\/index.php\/2017\/06\/29\/venezuela-rechaza-comunicado-de-la-cidh\/#breadcrumb","itemListElement":[{"@type":"ListItem","position":1,"name":"Home","item":"https:\/\/www.mpppst.gob.ve\/mpppstweb\/"},{"@type":"ListItem","position":2,"name":"Venezuela rechaza comunicado de la CIDH"}]},{"@type":"WebSite","@id":"https:\/\/www.mpppst.gob.ve\/mpppstweb\/#website","url":"https:\/\/www.mpppst.gob.ve\/mpppstweb\/","name":"MPPPST","description":"Ministerio del Poder Popular para el Proceso Social de Trabajo","publisher":{"@id":"https:\/\/www.mpppst.gob.ve\/mpppstweb\/#organization"},"potentialAction":[{"@type":"SearchAction","target":{"@type":"EntryPoint","urlTemplate":"https:\/\/www.mpppst.gob.ve\/mpppstweb\/?s={search_term_string}"},"query-input":"required name=search_term_string"}],"inLanguage":"es"},{"@type":"Organization","@id":"https:\/\/www.mpppst.gob.ve\/mpppstweb\/#organization","name":"mpppst","url":"https:\/\/www.mpppst.gob.ve\/mpppstweb\/","logo":{"@type":"ImageObject","inLanguage":"es","@id":"https:\/\/www.mpppst.gob.ve\/mpppstweb\/#\/schema\/logo\/image\/","url":"https:\/\/www.mpppst.gob.ve\/mpppstweb\/wp-content\/uploads\/2025\/07\/cropped-cropped-g910.png","contentUrl":"https:\/\/www.mpppst.gob.ve\/mpppstweb\/wp-content\/uploads\/2025\/07\/cropped-cropped-g910.png","width":1080,"height":241,"caption":"mpppst"},"image":{"@id":"https:\/\/www.mpppst.gob.ve\/mpppstweb\/#\/schema\/logo\/image\/"}},{"@type":"Person","@id":"https:\/\/www.mpppst.gob.ve\/mpppstweb\/#\/schema\/person\/fc187ee8ead412bd4c9304b62f900ea4","name":"MPPPST Prensa","url":"https:\/\/www.mpppst.gob.ve\/mpppstweb\/index.php\/author\/prensa-mpppst\/"}]}},"_links":{"self":[{"href":"https:\/\/www.mpppst.gob.ve\/mpppstweb\/index.php\/wp-json\/wp\/v2\/posts\/12032"}],"collection":[{"href":"https:\/\/www.mpppst.gob.ve\/mpppstweb\/index.php\/wp-json\/wp\/v2\/posts"}],"about":[{"href":"https:\/\/www.mpppst.gob.ve\/mpppstweb\/index.php\/wp-json\/wp\/v2\/types\/post"}],"author":[{"embeddable":true,"href":"https:\/\/www.mpppst.gob.ve\/mpppstweb\/index.php\/wp-json\/wp\/v2\/users\/25"}],"replies":[{"embeddable":true,"href":"https:\/\/www.mpppst.gob.ve\/mpppstweb\/index.php\/wp-json\/wp\/v2\/comments?post=12032"}],"version-history":[{"count":1,"href":"https:\/\/www.mpppst.gob.ve\/mpppstweb\/index.php\/wp-json\/wp\/v2\/posts\/12032\/revisions"}],"predecessor-version":[{"id":12034,"href":"https:\/\/www.mpppst.gob.ve\/mpppstweb\/index.php\/wp-json\/wp\/v2\/posts\/12032\/revisions\/12034"}],"wp:featuredmedia":[{"embeddable":true,"href":"https:\/\/www.mpppst.gob.ve\/mpppstweb\/index.php\/wp-json\/wp\/v2\/media\/12033"}],"wp:attachment":[{"href":"https:\/\/www.mpppst.gob.ve\/mpppstweb\/index.php\/wp-json\/wp\/v2\/media?parent=12032"}],"wp:term":[{"taxonomy":"category","embeddable":true,"href":"https:\/\/www.mpppst.gob.ve\/mpppstweb\/index.php\/wp-json\/wp\/v2\/categories?post=12032"},{"taxonomy":"post_tag","embeddable":true,"href":"https:\/\/www.mpppst.gob.ve\/mpppstweb\/index.php\/wp-json\/wp\/v2\/tags?post=12032"}],"curies":[{"name":"wp","href":"https:\/\/api.w.org\/{rel}","templated":true}]}}