{"id":12066,"date":"2017-07-03T14:27:07","date_gmt":"2017-07-03T18:27:07","guid":{"rendered":"http:\/\/www.mpppst.gob.ve\/mpppstweb\/?p=12066"},"modified":"2017-07-03T14:27:07","modified_gmt":"2017-07-03T18:27:07","slug":"presidente-maduro-sobre-la-anc-votos-si-balas-no","status":"publish","type":"post","link":"https:\/\/www.mpppst.gob.ve\/mpppstweb\/index.php\/2017\/07\/03\/presidente-maduro-sobre-la-anc-votos-si-balas-no\/","title":{"rendered":"Presidente Maduro sobre la ANC: \u00ab\u00a1Votos s\u00ed, balas no!\u00bb"},"content":{"rendered":"<p>Minci<\/p>\n<p>El presidente venezolano, Nicol\u00e1s Maduro, en la Plaza Bol\u00edvar de Caracas, destac\u00f3 que todos los sectores de la poblaci\u00f3n tendr\u00e1n participaci\u00f3n activa en el proceso de la Asamblea Nacional Constituyente, as\u00ed lo expres\u00f3 desde la plaza Bol\u00edvar de Caracas.<\/p>\n<p>Los aspirantes tendr\u00e1n la posibilidad de llevar sus mensajes a todo el pa\u00eds y a sus comunidades. La comisi\u00f3n de la Asamblea Nacional Constituyente cumplir\u00e1 instrucciones presidenciales para que se ejecute esta acci\u00f3n.<\/p>\n<p>\u00abSe debe canalizar para que se ponga al servicio de todos los candidatos los medios de difusi\u00f3n, para que en cada pueblo sepan cu\u00e1les son las propuestas hechas de cara al Proceso Constituyente\u00bb, indic\u00f3 el Primer Mandatario<\/p>\n<p>El jefe de Estado sentenci\u00f3 que la oposici\u00f3n luego de atacar al Comandante Ch\u00e1vez, ahora se escudan en la defensa de la Constituci\u00f3n que \u00e9l impuls\u00f3. El presidente Maduro recalc\u00f3 que las Carta Magna de 1999 se va a perfeccionar con esta convocatoria del Poder Originario.<\/p>\n<p>\u00ab24 constituyentes ser\u00e1n elegidos por el \u00e1mbito universitario, por primera vez los j\u00f3venes son tomados en cuenta, como nunca antes\u00bb, expres\u00f3 que solo la Revoluci\u00f3n Bolivariana le da participaci\u00f3n al pueblo de forma inclusiva.<\/p>\n<p>El Presidente tambi\u00e9n declar\u00f3 que los trabajadores tendr\u00e1n 79 constituyentes: \u00abPrimera vez en la historia que los obreros van a dejar su huella con el Poder Originario. \u00a1Votos s\u00ed, balas no!, esa es la consigna de la paz, es la consigna del Poder Originario Popular\u00bb.<\/p>\n<p>Tambi\u00e9n recalc\u00f3 que mediante el uso del tel\u00e9fono celular se puede verificar cu\u00e1les son los datos de votaci\u00f3n de cara al Proceso Constituyente, enviando un mensaje al 2406, colocando el n\u00famero de c\u00e9dula para recibir los datos correspondientes.<\/p>\n<p>Adem\u00e1s rese\u00f1\u00f3 que los venezolanos que obtuvieron el Carnet de la Patria, son fundamentales para el \u00e9xito de la paz nacional: \u00abEs un buen paso al futuro, evitemos el salto al pasado, eso no va a pasar, que nadie tenga excusas\u00bb.<\/p>\n","protected":false},"excerpt":{"rendered":"<p>Minci El presidente venezolano, Nicol\u00e1s Maduro, en la Plaza Bol\u00edvar de Caracas, destac\u00f3 que todos los &hellip; <a title=\"Presidente Maduro sobre la ANC: \u00ab\u00a1Votos s\u00ed, balas no!\u00bb\" class=\"hm-read-more\" href=\"https:\/\/www.mpppst.gob.ve\/mpppstweb\/index.php\/2017\/07\/03\/presidente-maduro-sobre-la-anc-votos-si-balas-no\/\"><span class=\"screen-reader-text\">Presidente Maduro sobre la ANC: \u00ab\u00a1Votos s\u00ed, balas no!\u00bb<\/span>Read more<\/a><\/p>\n","protected":false},"author":25,"featured_media":12067,"comment_status":"closed","ping_status":"closed","sticky":false,"template":"","format":"standard","meta":{"footnotes":""},"categories":[82,163],"tags":[],"yoast_head":"<!-- This site is optimized with the Yoast SEO plugin v22.5 - https:\/\/yoast.com\/wordpress\/plugins\/seo\/ -->\n<title>Presidente Maduro sobre la ANC: &quot;\u00a1Votos s\u00ed, balas no!&quot; - MPPPST<\/title>\n<meta name=\"robots\" content=\"index, follow, max-snippet:-1, max-image-preview:large, max-video-preview:-1\" \/>\n<link rel=\"canonical\" href=\"https:\/\/www.mpppst.gob.ve\/mpppstweb\/index.php\/2017\/07\/03\/presidente-maduro-sobre-la-anc-votos-si-balas-no\/\" \/>\n<meta property=\"og:locale\" content=\"es_ES\" \/>\n<meta property=\"og:type\" content=\"article\" \/>\n<meta property=\"og:title\" content=\"Presidente Maduro sobre la ANC: &quot;\u00a1Votos s\u00ed, balas no!&quot; - MPPPST\" \/>\n<meta property=\"og:description\" content=\"Minci El presidente venezolano, Nicol\u00e1s Maduro, en la Plaza Bol\u00edvar de Caracas, destac\u00f3 que todos los &hellip; Presidente Maduro sobre la ANC: \u00ab\u00a1Votos s\u00ed, balas no!\u00bbRead more\" \/>\n<meta property=\"og:url\" content=\"https:\/\/www.mpppst.gob.ve\/mpppstweb\/index.php\/2017\/07\/03\/presidente-maduro-sobre-la-anc-votos-si-balas-no\/\" \/>\n<meta property=\"og:site_name\" content=\"MPPPST\" \/>\n<meta property=\"article:published_time\" content=\"2017-07-03T18:27:07+00:00\" \/>\n<meta property=\"og:image\" content=\"https:\/\/www.mpppst.gob.ve\/mpppstweb\/wp-content\/uploads\/2017\/07\/FS__W-15.jpg\" \/>\n\t<meta property=\"og:image:width\" content=\"800\" \/>\n\t<meta property=\"og:image:height\" content=\"445\" \/>\n\t<meta property=\"og:image:type\" content=\"image\/jpeg\" \/>\n<meta name=\"author\" content=\"MPPPST Prensa\" \/>\n<meta name=\"twitter:card\" content=\"summary_large_image\" \/>\n<meta name=\"twitter:label1\" content=\"Escrito por\" \/>\n\t<meta name=\"twitter:data1\" content=\"MPPPST Prensa\" \/>\n\t<meta name=\"twitter:label2\" content=\"Tiempo de lectura\" \/>\n\t<meta name=\"twitter:data2\" content=\"2 minutos\" \/>\n<script type=\"application\/ld+json\" class=\"yoast-schema-graph\">{\"@context\":\"https:\/\/schema.org\",\"@graph\":[{\"@type\":\"Article\",\"@id\":\"https:\/\/www.mpppst.gob.ve\/mpppstweb\/index.php\/2017\/07\/03\/presidente-maduro-sobre-la-anc-votos-si-balas-no\/#article\",\"isPartOf\":{\"@id\":\"https:\/\/www.mpppst.gob.ve\/mpppstweb\/index.php\/2017\/07\/03\/presidente-maduro-sobre-la-anc-votos-si-balas-no\/\"},\"author\":{\"name\":\"MPPPST Prensa\",\"@id\":\"https:\/\/www.mpppst.gob.ve\/mpppstweb\/#\/schema\/person\/fc187ee8ead412bd4c9304b62f900ea4\"},\"headline\":\"Presidente Maduro sobre la ANC: \u00ab\u00a1Votos s\u00ed, balas no!\u00bb\",\"datePublished\":\"2017-07-03T18:27:07+00:00\",\"dateModified\":\"2017-07-03T18:27:07+00:00\",\"mainEntityOfPage\":{\"@id\":\"https:\/\/www.mpppst.gob.ve\/mpppstweb\/index.php\/2017\/07\/03\/presidente-maduro-sobre-la-anc-votos-si-balas-no\/\"},\"wordCount\":347,\"publisher\":{\"@id\":\"https:\/\/www.mpppst.gob.ve\/mpppstweb\/#organization\"},\"image\":{\"@id\":\"https:\/\/www.mpppst.gob.ve\/mpppstweb\/index.php\/2017\/07\/03\/presidente-maduro-sobre-la-anc-votos-si-balas-no\/#primaryimage\"},\"thumbnailUrl\":\"https:\/\/www.mpppst.gob.ve\/mpppstweb\/wp-content\/uploads\/2017\/07\/FS__W-15.jpg\",\"articleSection\":[\"Gobierno Nacional\",\"Noticias\"],\"inLanguage\":\"es\"},{\"@type\":\"WebPage\",\"@id\":\"https:\/\/www.mpppst.gob.ve\/mpppstweb\/index.php\/2017\/07\/03\/presidente-maduro-sobre-la-anc-votos-si-balas-no\/\",\"url\":\"https:\/\/www.mpppst.gob.ve\/mpppstweb\/index.php\/2017\/07\/03\/presidente-maduro-sobre-la-anc-votos-si-balas-no\/\",\"name\":\"Presidente Maduro sobre la ANC: \\\"\u00a1Votos s\u00ed, balas no!\\\" - MPPPST\",\"isPartOf\":{\"@id\":\"https:\/\/www.mpppst.gob.ve\/mpppstweb\/#website\"},\"primaryImageOfPage\":{\"@id\":\"https:\/\/www.mpppst.gob.ve\/mpppstweb\/index.php\/2017\/07\/03\/presidente-maduro-sobre-la-anc-votos-si-balas-no\/#primaryimage\"},\"image\":{\"@id\":\"https:\/\/www.mpppst.gob.ve\/mpppstweb\/index.php\/2017\/07\/03\/presidente-maduro-sobre-la-anc-votos-si-balas-no\/#primaryimage\"},\"thumbnailUrl\":\"https:\/\/www.mpppst.gob.ve\/mpppstweb\/wp-content\/uploads\/2017\/07\/FS__W-15.jpg\",\"datePublished\":\"2017-07-03T18:27:07+00:00\",\"dateModified\":\"2017-07-03T18:27:07+00:00\",\"breadcrumb\":{\"@id\":\"https:\/\/www.mpppst.gob.ve\/mpppstweb\/index.php\/2017\/07\/03\/presidente-maduro-sobre-la-anc-votos-si-balas-no\/#breadcrumb\"},\"inLanguage\":\"es\",\"potentialAction\":[{\"@type\":\"ReadAction\",\"target\":[\"https:\/\/www.mpppst.gob.ve\/mpppstweb\/index.php\/2017\/07\/03\/presidente-maduro-sobre-la-anc-votos-si-balas-no\/\"]}]},{\"@type\":\"ImageObject\",\"inLanguage\":\"es\",\"@id\":\"https:\/\/www.mpppst.gob.ve\/mpppstweb\/index.php\/2017\/07\/03\/presidente-maduro-sobre-la-anc-votos-si-balas-no\/#primaryimage\",\"url\":\"https:\/\/www.mpppst.gob.ve\/mpppstweb\/wp-content\/uploads\/2017\/07\/FS__W-15.jpg\",\"contentUrl\":\"https:\/\/www.mpppst.gob.ve\/mpppstweb\/wp-content\/uploads\/2017\/07\/FS__W-15.jpg\",\"width\":800,\"height\":445},{\"@type\":\"BreadcrumbList\",\"@id\":\"https:\/\/www.mpppst.gob.ve\/mpppstweb\/index.php\/2017\/07\/03\/presidente-maduro-sobre-la-anc-votos-si-balas-no\/#breadcrumb\",\"itemListElement\":[{\"@type\":\"ListItem\",\"position\":1,\"name\":\"Home\",\"item\":\"https:\/\/www.mpppst.gob.ve\/mpppstweb\/\"},{\"@type\":\"ListItem\",\"position\":2,\"name\":\"Presidente Maduro sobre la ANC: \u00ab\u00a1Votos s\u00ed, balas no!\u00bb\"}]},{\"@type\":\"WebSite\",\"@id\":\"https:\/\/www.mpppst.gob.ve\/mpppstweb\/#website\",\"url\":\"https:\/\/www.mpppst.gob.ve\/mpppstweb\/\",\"name\":\"MPPPST\",\"description\":\"Ministerio del Poder Popular para el Proceso Social de Trabajo\",\"publisher\":{\"@id\":\"https:\/\/www.mpppst.gob.ve\/mpppstweb\/#organization\"},\"potentialAction\":[{\"@type\":\"SearchAction\",\"target\":{\"@type\":\"EntryPoint\",\"urlTemplate\":\"https:\/\/www.mpppst.gob.ve\/mpppstweb\/?s={search_term_string}\"},\"query-input\":\"required name=search_term_string\"}],\"inLanguage\":\"es\"},{\"@type\":\"Organization\",\"@id\":\"https:\/\/www.mpppst.gob.ve\/mpppstweb\/#organization\",\"name\":\"mpppst\",\"url\":\"https:\/\/www.mpppst.gob.ve\/mpppstweb\/\",\"logo\":{\"@type\":\"ImageObject\",\"inLanguage\":\"es\",\"@id\":\"https:\/\/www.mpppst.gob.ve\/mpppstweb\/#\/schema\/logo\/image\/\",\"url\":\"https:\/\/www.mpppst.gob.ve\/mpppstweb\/wp-content\/uploads\/2025\/07\/cropped-cropped-g910.png\",\"contentUrl\":\"https:\/\/www.mpppst.gob.ve\/mpppstweb\/wp-content\/uploads\/2025\/07\/cropped-cropped-g910.png\",\"width\":1080,\"height\":241,\"caption\":\"mpppst\"},\"image\":{\"@id\":\"https:\/\/www.mpppst.gob.ve\/mpppstweb\/#\/schema\/logo\/image\/\"}},{\"@type\":\"Person\",\"@id\":\"https:\/\/www.mpppst.gob.ve\/mpppstweb\/#\/schema\/person\/fc187ee8ead412bd4c9304b62f900ea4\",\"name\":\"MPPPST Prensa\",\"url\":\"https:\/\/www.mpppst.gob.ve\/mpppstweb\/index.php\/author\/prensa-mpppst\/\"}]}<\/script>\n<!-- \/ Yoast SEO plugin. -->","yoast_head_json":{"title":"Presidente Maduro sobre la ANC: \"\u00a1Votos s\u00ed, balas no!\" - MPPPST","robots":{"index":"index","follow":"follow","max-snippet":"max-snippet:-1","max-image-preview":"max-image-preview:large","max-video-preview":"max-video-preview:-1"},"canonical":"https:\/\/www.mpppst.gob.ve\/mpppstweb\/index.php\/2017\/07\/03\/presidente-maduro-sobre-la-anc-votos-si-balas-no\/","og_locale":"es_ES","og_type":"article","og_title":"Presidente Maduro sobre la ANC: \"\u00a1Votos s\u00ed, balas no!\" - MPPPST","og_description":"Minci El presidente venezolano, Nicol\u00e1s Maduro, en la Plaza Bol\u00edvar de Caracas, destac\u00f3 que todos los &hellip; Presidente Maduro sobre la ANC: \u00ab\u00a1Votos s\u00ed, balas no!\u00bbRead more","og_url":"https:\/\/www.mpppst.gob.ve\/mpppstweb\/index.php\/2017\/07\/03\/presidente-maduro-sobre-la-anc-votos-si-balas-no\/","og_site_name":"MPPPST","article_published_time":"2017-07-03T18:27:07+00:00","og_image":[{"width":800,"height":445,"url":"https:\/\/www.mpppst.gob.ve\/mpppstweb\/wp-content\/uploads\/2017\/07\/FS__W-15.jpg","type":"image\/jpeg"}],"author":"MPPPST Prensa","twitter_card":"summary_large_image","twitter_misc":{"Escrito por":"MPPPST Prensa","Tiempo de lectura":"2 minutos"},"schema":{"@context":"https:\/\/schema.org","@graph":[{"@type":"Article","@id":"https:\/\/www.mpppst.gob.ve\/mpppstweb\/index.php\/2017\/07\/03\/presidente-maduro-sobre-la-anc-votos-si-balas-no\/#article","isPartOf":{"@id":"https:\/\/www.mpppst.gob.ve\/mpppstweb\/index.php\/2017\/07\/03\/presidente-maduro-sobre-la-anc-votos-si-balas-no\/"},"author":{"name":"MPPPST Prensa","@id":"https:\/\/www.mpppst.gob.ve\/mpppstweb\/#\/schema\/person\/fc187ee8ead412bd4c9304b62f900ea4"},"headline":"Presidente Maduro sobre la ANC: \u00ab\u00a1Votos s\u00ed, balas no!\u00bb","datePublished":"2017-07-03T18:27:07+00:00","dateModified":"2017-07-03T18:27:07+00:00","mainEntityOfPage":{"@id":"https:\/\/www.mpppst.gob.ve\/mpppstweb\/index.php\/2017\/07\/03\/presidente-maduro-sobre-la-anc-votos-si-balas-no\/"},"wordCount":347,"publisher":{"@id":"https:\/\/www.mpppst.gob.ve\/mpppstweb\/#organization"},"image":{"@id":"https:\/\/www.mpppst.gob.ve\/mpppstweb\/index.php\/2017\/07\/03\/presidente-maduro-sobre-la-anc-votos-si-balas-no\/#primaryimage"},"thumbnailUrl":"https:\/\/www.mpppst.gob.ve\/mpppstweb\/wp-content\/uploads\/2017\/07\/FS__W-15.jpg","articleSection":["Gobierno Nacional","Noticias"],"inLanguage":"es"},{"@type":"WebPage","@id":"https:\/\/www.mpppst.gob.ve\/mpppstweb\/index.php\/2017\/07\/03\/presidente-maduro-sobre-la-anc-votos-si-balas-no\/","url":"https:\/\/www.mpppst.gob.ve\/mpppstweb\/index.php\/2017\/07\/03\/presidente-maduro-sobre-la-anc-votos-si-balas-no\/","name":"Presidente Maduro sobre la ANC: \"\u00a1Votos s\u00ed, balas no!\" - MPPPST","isPartOf":{"@id":"https:\/\/www.mpppst.gob.ve\/mpppstweb\/#website"},"primaryImageOfPage":{"@id":"https:\/\/www.mpppst.gob.ve\/mpppstweb\/index.php\/2017\/07\/03\/presidente-maduro-sobre-la-anc-votos-si-balas-no\/#primaryimage"},"image":{"@id":"https:\/\/www.mpppst.gob.ve\/mpppstweb\/index.php\/2017\/07\/03\/presidente-maduro-sobre-la-anc-votos-si-balas-no\/#primaryimage"},"thumbnailUrl":"https:\/\/www.mpppst.gob.ve\/mpppstweb\/wp-content\/uploads\/2017\/07\/FS__W-15.jpg","datePublished":"2017-07-03T18:27:07+00:00","dateModified":"2017-07-03T18:27:07+00:00","breadcrumb":{"@id":"https:\/\/www.mpppst.gob.ve\/mpppstweb\/index.php\/2017\/07\/03\/presidente-maduro-sobre-la-anc-votos-si-balas-no\/#breadcrumb"},"inLanguage":"es","potentialAction":[{"@type":"ReadAction","target":["https:\/\/www.mpppst.gob.ve\/mpppstweb\/index.php\/2017\/07\/03\/presidente-maduro-sobre-la-anc-votos-si-balas-no\/"]}]},{"@type":"ImageObject","inLanguage":"es","@id":"https:\/\/www.mpppst.gob.ve\/mpppstweb\/index.php\/2017\/07\/03\/presidente-maduro-sobre-la-anc-votos-si-balas-no\/#primaryimage","url":"https:\/\/www.mpppst.gob.ve\/mpppstweb\/wp-content\/uploads\/2017\/07\/FS__W-15.jpg","contentUrl":"https:\/\/www.mpppst.gob.ve\/mpppstweb\/wp-content\/uploads\/2017\/07\/FS__W-15.jpg","width":800,"height":445},{"@type":"BreadcrumbList","@id":"https:\/\/www.mpppst.gob.ve\/mpppstweb\/index.php\/2017\/07\/03\/presidente-maduro-sobre-la-anc-votos-si-balas-no\/#breadcrumb","itemListElement":[{"@type":"ListItem","position":1,"name":"Home","item":"https:\/\/www.mpppst.gob.ve\/mpppstweb\/"},{"@type":"ListItem","position":2,"name":"Presidente Maduro sobre la ANC: \u00ab\u00a1Votos s\u00ed, balas no!\u00bb"}]},{"@type":"WebSite","@id":"https:\/\/www.mpppst.gob.ve\/mpppstweb\/#website","url":"https:\/\/www.mpppst.gob.ve\/mpppstweb\/","name":"MPPPST","description":"Ministerio del Poder Popular para el Proceso Social de Trabajo","publisher":{"@id":"https:\/\/www.mpppst.gob.ve\/mpppstweb\/#organization"},"potentialAction":[{"@type":"SearchAction","target":{"@type":"EntryPoint","urlTemplate":"https:\/\/www.mpppst.gob.ve\/mpppstweb\/?s={search_term_string}"},"query-input":"required name=search_term_string"}],"inLanguage":"es"},{"@type":"Organization","@id":"https:\/\/www.mpppst.gob.ve\/mpppstweb\/#organization","name":"mpppst","url":"https:\/\/www.mpppst.gob.ve\/mpppstweb\/","logo":{"@type":"ImageObject","inLanguage":"es","@id":"https:\/\/www.mpppst.gob.ve\/mpppstweb\/#\/schema\/logo\/image\/","url":"https:\/\/www.mpppst.gob.ve\/mpppstweb\/wp-content\/uploads\/2025\/07\/cropped-cropped-g910.png","contentUrl":"https:\/\/www.mpppst.gob.ve\/mpppstweb\/wp-content\/uploads\/2025\/07\/cropped-cropped-g910.png","width":1080,"height":241,"caption":"mpppst"},"image":{"@id":"https:\/\/www.mpppst.gob.ve\/mpppstweb\/#\/schema\/logo\/image\/"}},{"@type":"Person","@id":"https:\/\/www.mpppst.gob.ve\/mpppstweb\/#\/schema\/person\/fc187ee8ead412bd4c9304b62f900ea4","name":"MPPPST Prensa","url":"https:\/\/www.mpppst.gob.ve\/mpppstweb\/index.php\/author\/prensa-mpppst\/"}]}},"_links":{"self":[{"href":"https:\/\/www.mpppst.gob.ve\/mpppstweb\/index.php\/wp-json\/wp\/v2\/posts\/12066"}],"collection":[{"href":"https:\/\/www.mpppst.gob.ve\/mpppstweb\/index.php\/wp-json\/wp\/v2\/posts"}],"about":[{"href":"https:\/\/www.mpppst.gob.ve\/mpppstweb\/index.php\/wp-json\/wp\/v2\/types\/post"}],"author":[{"embeddable":true,"href":"https:\/\/www.mpppst.gob.ve\/mpppstweb\/index.php\/wp-json\/wp\/v2\/users\/25"}],"replies":[{"embeddable":true,"href":"https:\/\/www.mpppst.gob.ve\/mpppstweb\/index.php\/wp-json\/wp\/v2\/comments?post=12066"}],"version-history":[{"count":1,"href":"https:\/\/www.mpppst.gob.ve\/mpppstweb\/index.php\/wp-json\/wp\/v2\/posts\/12066\/revisions"}],"predecessor-version":[{"id":12068,"href":"https:\/\/www.mpppst.gob.ve\/mpppstweb\/index.php\/wp-json\/wp\/v2\/posts\/12066\/revisions\/12068"}],"wp:featuredmedia":[{"embeddable":true,"href":"https:\/\/www.mpppst.gob.ve\/mpppstweb\/index.php\/wp-json\/wp\/v2\/media\/12067"}],"wp:attachment":[{"href":"https:\/\/www.mpppst.gob.ve\/mpppstweb\/index.php\/wp-json\/wp\/v2\/media?parent=12066"}],"wp:term":[{"taxonomy":"category","embeddable":true,"href":"https:\/\/www.mpppst.gob.ve\/mpppstweb\/index.php\/wp-json\/wp\/v2\/categories?post=12066"},{"taxonomy":"post_tag","embeddable":true,"href":"https:\/\/www.mpppst.gob.ve\/mpppstweb\/index.php\/wp-json\/wp\/v2\/tags?post=12066"}],"curies":[{"name":"wp","href":"https:\/\/api.w.org\/{rel}","templated":true}]}}