{"id":12076,"date":"2017-07-04T11:54:49","date_gmt":"2017-07-04T15:54:49","guid":{"rendered":"http:\/\/www.mpppst.gob.ve\/mpppstweb\/?p=12076"},"modified":"2017-07-04T11:54:49","modified_gmt":"2017-07-04T15:54:49","slug":"katherine-harrington-es-designada-vicefiscal-de-la-republica","status":"publish","type":"post","link":"https:\/\/www.mpppst.gob.ve\/mpppstweb\/index.php\/2017\/07\/04\/katherine-harrington-es-designada-vicefiscal-de-la-republica\/","title":{"rendered":"Katherine Harrington es designada vicefiscal de la Rep\u00fablica"},"content":{"rendered":"<p>AVN.- La\u00a0Sala Constitucional del Tribunal Supremo de Justicia\u00a0(TSJ) nombr\u00f3 este martes a\u00a0K\u00e1therine H\u00e1rrington\u00a0como\u00a0vicefiscal de la Rep\u00fablica, luego de que el m\u00e1ximo tribunal del pa\u00eds declarara la nulidad absoluta de la designaci\u00f3n -efectuada en abril pasado- del abogado Rafel Gonz\u00e1lez Arias para ejercer dicho cargo, indic\u00f3 el vicepresidente del TSJ, Juan Mendoza.<\/p>\n<p>Mendoza aclar\u00f3 que la designaci\u00f3n de Gonz\u00e1lez Arias que realiz\u00f3 la fiscal General de la Rep\u00fablica, Luisa Ortega D\u00edaz, es contraria a la Constituci\u00f3n y a las leyes de la Rep\u00fablica, pues se debe contar con el respaldo de la mayor\u00eda de la Asamblea Nacional (AN), declarada en desacato por el TSJ.<\/p>\n<p>\u00abTal designaci\u00f3n debe contar con la previa autorizaci\u00f3n de la mayor\u00eda del \u00f3rgano legislativo nacional y al estar y mantenerse este \u00f3rgano, la Asamblea Nacional, en desacato frente a las decisiones de este alto tribunal del pa\u00eds, lo conducente dentro del Estado de Derecho y de Justicia era que la ciudadana fiscal General de la Rep\u00fablica acudiera a la Sala Constitucional, dada la situaci\u00f3n de anormalidad existente que choca con el Estado de Derecho, como lo han efectuado otros \u00f3rganos del Poder P\u00fablico al estar deslegitimada la Asamblea Nacional para ejercer las competencias constitucionales previstas en el articulo 187 (de la Constituci\u00f3n)\u00bb, dijo.<\/p>\n<p>Dado que el procedimiento no fue consultado al TSJ, la Sala Constitucional declar\u00f3 nula la designaci\u00f3n de Gonz\u00e1lez Arias como vicefiscal.<\/p>\n","protected":false},"excerpt":{"rendered":"<p>AVN.- La\u00a0Sala Constitucional del Tribunal Supremo de Justicia\u00a0(TSJ) nombr\u00f3 este martes a\u00a0K\u00e1therine H\u00e1rrington\u00a0como\u00a0vicefiscal de la Rep\u00fablica, &hellip; <a title=\"Katherine Harrington es designada vicefiscal de la Rep\u00fablica\" class=\"hm-read-more\" href=\"https:\/\/www.mpppst.gob.ve\/mpppstweb\/index.php\/2017\/07\/04\/katherine-harrington-es-designada-vicefiscal-de-la-republica\/\"><span class=\"screen-reader-text\">Katherine Harrington es designada vicefiscal de la Rep\u00fablica<\/span>Read more<\/a><\/p>\n","protected":false},"author":25,"featured_media":12077,"comment_status":"closed","ping_status":"closed","sticky":false,"template":"","format":"standard","meta":{"footnotes":""},"categories":[82,163],"tags":[],"yoast_head":"<!-- This site is optimized with the Yoast SEO plugin v22.5 - https:\/\/yoast.com\/wordpress\/plugins\/seo\/ -->\n<title>Katherine Harrington es designada vicefiscal de la Rep\u00fablica - MPPPST<\/title>\n<meta name=\"robots\" content=\"index, follow, max-snippet:-1, max-image-preview:large, max-video-preview:-1\" \/>\n<link rel=\"canonical\" href=\"https:\/\/www.mpppst.gob.ve\/mpppstweb\/index.php\/2017\/07\/04\/katherine-harrington-es-designada-vicefiscal-de-la-republica\/\" \/>\n<meta property=\"og:locale\" content=\"es_ES\" \/>\n<meta property=\"og:type\" content=\"article\" \/>\n<meta property=\"og:title\" content=\"Katherine Harrington es designada vicefiscal de la Rep\u00fablica - MPPPST\" \/>\n<meta property=\"og:description\" content=\"AVN.- La\u00a0Sala Constitucional del Tribunal Supremo de Justicia\u00a0(TSJ) nombr\u00f3 este martes a\u00a0K\u00e1therine H\u00e1rrington\u00a0como\u00a0vicefiscal de la Rep\u00fablica, &hellip; Katherine Harrington es designada vicefiscal de la Rep\u00fablicaRead more\" \/>\n<meta property=\"og:url\" content=\"https:\/\/www.mpppst.gob.ve\/mpppstweb\/index.php\/2017\/07\/04\/katherine-harrington-es-designada-vicefiscal-de-la-republica\/\" \/>\n<meta property=\"og:site_name\" content=\"MPPPST\" \/>\n<meta property=\"article:published_time\" content=\"2017-07-04T15:54:49+00:00\" \/>\n<meta property=\"og:image\" content=\"https:\/\/www.mpppst.gob.ve\/mpppstweb\/wp-content\/uploads\/2017\/07\/katherine_harringtonvicefiscal1499179293.jpg\" \/>\n\t<meta property=\"og:image:width\" content=\"800\" \/>\n\t<meta property=\"og:image:height\" content=\"445\" \/>\n\t<meta property=\"og:image:type\" content=\"image\/jpeg\" \/>\n<meta name=\"author\" content=\"MPPPST Prensa\" \/>\n<meta name=\"twitter:card\" content=\"summary_large_image\" \/>\n<meta name=\"twitter:label1\" content=\"Escrito por\" \/>\n\t<meta name=\"twitter:data1\" content=\"MPPPST Prensa\" \/>\n\t<meta name=\"twitter:label2\" content=\"Tiempo de lectura\" \/>\n\t<meta name=\"twitter:data2\" content=\"1 minuto\" \/>\n<script type=\"application\/ld+json\" class=\"yoast-schema-graph\">{\"@context\":\"https:\/\/schema.org\",\"@graph\":[{\"@type\":\"Article\",\"@id\":\"https:\/\/www.mpppst.gob.ve\/mpppstweb\/index.php\/2017\/07\/04\/katherine-harrington-es-designada-vicefiscal-de-la-republica\/#article\",\"isPartOf\":{\"@id\":\"https:\/\/www.mpppst.gob.ve\/mpppstweb\/index.php\/2017\/07\/04\/katherine-harrington-es-designada-vicefiscal-de-la-republica\/\"},\"author\":{\"name\":\"MPPPST Prensa\",\"@id\":\"https:\/\/www.mpppst.gob.ve\/mpppstweb\/#\/schema\/person\/fc187ee8ead412bd4c9304b62f900ea4\"},\"headline\":\"Katherine Harrington es designada vicefiscal de la Rep\u00fablica\",\"datePublished\":\"2017-07-04T15:54:49+00:00\",\"dateModified\":\"2017-07-04T15:54:49+00:00\",\"mainEntityOfPage\":{\"@id\":\"https:\/\/www.mpppst.gob.ve\/mpppstweb\/index.php\/2017\/07\/04\/katherine-harrington-es-designada-vicefiscal-de-la-republica\/\"},\"wordCount\":265,\"publisher\":{\"@id\":\"https:\/\/www.mpppst.gob.ve\/mpppstweb\/#organization\"},\"image\":{\"@id\":\"https:\/\/www.mpppst.gob.ve\/mpppstweb\/index.php\/2017\/07\/04\/katherine-harrington-es-designada-vicefiscal-de-la-republica\/#primaryimage\"},\"thumbnailUrl\":\"https:\/\/www.mpppst.gob.ve\/mpppstweb\/wp-content\/uploads\/2017\/07\/katherine_harringtonvicefiscal1499179293.jpg\",\"articleSection\":[\"Gobierno Nacional\",\"Noticias\"],\"inLanguage\":\"es\"},{\"@type\":\"WebPage\",\"@id\":\"https:\/\/www.mpppst.gob.ve\/mpppstweb\/index.php\/2017\/07\/04\/katherine-harrington-es-designada-vicefiscal-de-la-republica\/\",\"url\":\"https:\/\/www.mpppst.gob.ve\/mpppstweb\/index.php\/2017\/07\/04\/katherine-harrington-es-designada-vicefiscal-de-la-republica\/\",\"name\":\"Katherine Harrington es designada vicefiscal de la Rep\u00fablica - MPPPST\",\"isPartOf\":{\"@id\":\"https:\/\/www.mpppst.gob.ve\/mpppstweb\/#website\"},\"primaryImageOfPage\":{\"@id\":\"https:\/\/www.mpppst.gob.ve\/mpppstweb\/index.php\/2017\/07\/04\/katherine-harrington-es-designada-vicefiscal-de-la-republica\/#primaryimage\"},\"image\":{\"@id\":\"https:\/\/www.mpppst.gob.ve\/mpppstweb\/index.php\/2017\/07\/04\/katherine-harrington-es-designada-vicefiscal-de-la-republica\/#primaryimage\"},\"thumbnailUrl\":\"https:\/\/www.mpppst.gob.ve\/mpppstweb\/wp-content\/uploads\/2017\/07\/katherine_harringtonvicefiscal1499179293.jpg\",\"datePublished\":\"2017-07-04T15:54:49+00:00\",\"dateModified\":\"2017-07-04T15:54:49+00:00\",\"breadcrumb\":{\"@id\":\"https:\/\/www.mpppst.gob.ve\/mpppstweb\/index.php\/2017\/07\/04\/katherine-harrington-es-designada-vicefiscal-de-la-republica\/#breadcrumb\"},\"inLanguage\":\"es\",\"potentialAction\":[{\"@type\":\"ReadAction\",\"target\":[\"https:\/\/www.mpppst.gob.ve\/mpppstweb\/index.php\/2017\/07\/04\/katherine-harrington-es-designada-vicefiscal-de-la-republica\/\"]}]},{\"@type\":\"ImageObject\",\"inLanguage\":\"es\",\"@id\":\"https:\/\/www.mpppst.gob.ve\/mpppstweb\/index.php\/2017\/07\/04\/katherine-harrington-es-designada-vicefiscal-de-la-republica\/#primaryimage\",\"url\":\"https:\/\/www.mpppst.gob.ve\/mpppstweb\/wp-content\/uploads\/2017\/07\/katherine_harringtonvicefiscal1499179293.jpg\",\"contentUrl\":\"https:\/\/www.mpppst.gob.ve\/mpppstweb\/wp-content\/uploads\/2017\/07\/katherine_harringtonvicefiscal1499179293.jpg\",\"width\":800,\"height\":445},{\"@type\":\"BreadcrumbList\",\"@id\":\"https:\/\/www.mpppst.gob.ve\/mpppstweb\/index.php\/2017\/07\/04\/katherine-harrington-es-designada-vicefiscal-de-la-republica\/#breadcrumb\",\"itemListElement\":[{\"@type\":\"ListItem\",\"position\":1,\"name\":\"Home\",\"item\":\"https:\/\/www.mpppst.gob.ve\/mpppstweb\/\"},{\"@type\":\"ListItem\",\"position\":2,\"name\":\"Katherine Harrington es designada vicefiscal de la Rep\u00fablica\"}]},{\"@type\":\"WebSite\",\"@id\":\"https:\/\/www.mpppst.gob.ve\/mpppstweb\/#website\",\"url\":\"https:\/\/www.mpppst.gob.ve\/mpppstweb\/\",\"name\":\"MPPPST\",\"description\":\"Ministerio del Poder Popular para el Proceso Social de Trabajo\",\"publisher\":{\"@id\":\"https:\/\/www.mpppst.gob.ve\/mpppstweb\/#organization\"},\"potentialAction\":[{\"@type\":\"SearchAction\",\"target\":{\"@type\":\"EntryPoint\",\"urlTemplate\":\"https:\/\/www.mpppst.gob.ve\/mpppstweb\/?s={search_term_string}\"},\"query-input\":\"required name=search_term_string\"}],\"inLanguage\":\"es\"},{\"@type\":\"Organization\",\"@id\":\"https:\/\/www.mpppst.gob.ve\/mpppstweb\/#organization\",\"name\":\"mpppst\",\"url\":\"https:\/\/www.mpppst.gob.ve\/mpppstweb\/\",\"logo\":{\"@type\":\"ImageObject\",\"inLanguage\":\"es\",\"@id\":\"https:\/\/www.mpppst.gob.ve\/mpppstweb\/#\/schema\/logo\/image\/\",\"url\":\"https:\/\/www.mpppst.gob.ve\/mpppstweb\/wp-content\/uploads\/2025\/07\/cropped-cropped-g910.png\",\"contentUrl\":\"https:\/\/www.mpppst.gob.ve\/mpppstweb\/wp-content\/uploads\/2025\/07\/cropped-cropped-g910.png\",\"width\":1080,\"height\":241,\"caption\":\"mpppst\"},\"image\":{\"@id\":\"https:\/\/www.mpppst.gob.ve\/mpppstweb\/#\/schema\/logo\/image\/\"}},{\"@type\":\"Person\",\"@id\":\"https:\/\/www.mpppst.gob.ve\/mpppstweb\/#\/schema\/person\/fc187ee8ead412bd4c9304b62f900ea4\",\"name\":\"MPPPST Prensa\",\"url\":\"https:\/\/www.mpppst.gob.ve\/mpppstweb\/index.php\/author\/prensa-mpppst\/\"}]}<\/script>\n<!-- \/ Yoast SEO plugin. -->","yoast_head_json":{"title":"Katherine Harrington es designada vicefiscal de la Rep\u00fablica - MPPPST","robots":{"index":"index","follow":"follow","max-snippet":"max-snippet:-1","max-image-preview":"max-image-preview:large","max-video-preview":"max-video-preview:-1"},"canonical":"https:\/\/www.mpppst.gob.ve\/mpppstweb\/index.php\/2017\/07\/04\/katherine-harrington-es-designada-vicefiscal-de-la-republica\/","og_locale":"es_ES","og_type":"article","og_title":"Katherine Harrington es designada vicefiscal de la Rep\u00fablica - MPPPST","og_description":"AVN.- La\u00a0Sala Constitucional del Tribunal Supremo de Justicia\u00a0(TSJ) nombr\u00f3 este martes a\u00a0K\u00e1therine H\u00e1rrington\u00a0como\u00a0vicefiscal de la Rep\u00fablica, &hellip; Katherine Harrington es designada vicefiscal de la Rep\u00fablicaRead more","og_url":"https:\/\/www.mpppst.gob.ve\/mpppstweb\/index.php\/2017\/07\/04\/katherine-harrington-es-designada-vicefiscal-de-la-republica\/","og_site_name":"MPPPST","article_published_time":"2017-07-04T15:54:49+00:00","og_image":[{"width":800,"height":445,"url":"https:\/\/www.mpppst.gob.ve\/mpppstweb\/wp-content\/uploads\/2017\/07\/katherine_harringtonvicefiscal1499179293.jpg","type":"image\/jpeg"}],"author":"MPPPST Prensa","twitter_card":"summary_large_image","twitter_misc":{"Escrito por":"MPPPST Prensa","Tiempo de lectura":"1 minuto"},"schema":{"@context":"https:\/\/schema.org","@graph":[{"@type":"Article","@id":"https:\/\/www.mpppst.gob.ve\/mpppstweb\/index.php\/2017\/07\/04\/katherine-harrington-es-designada-vicefiscal-de-la-republica\/#article","isPartOf":{"@id":"https:\/\/www.mpppst.gob.ve\/mpppstweb\/index.php\/2017\/07\/04\/katherine-harrington-es-designada-vicefiscal-de-la-republica\/"},"author":{"name":"MPPPST Prensa","@id":"https:\/\/www.mpppst.gob.ve\/mpppstweb\/#\/schema\/person\/fc187ee8ead412bd4c9304b62f900ea4"},"headline":"Katherine Harrington es designada vicefiscal de la Rep\u00fablica","datePublished":"2017-07-04T15:54:49+00:00","dateModified":"2017-07-04T15:54:49+00:00","mainEntityOfPage":{"@id":"https:\/\/www.mpppst.gob.ve\/mpppstweb\/index.php\/2017\/07\/04\/katherine-harrington-es-designada-vicefiscal-de-la-republica\/"},"wordCount":265,"publisher":{"@id":"https:\/\/www.mpppst.gob.ve\/mpppstweb\/#organization"},"image":{"@id":"https:\/\/www.mpppst.gob.ve\/mpppstweb\/index.php\/2017\/07\/04\/katherine-harrington-es-designada-vicefiscal-de-la-republica\/#primaryimage"},"thumbnailUrl":"https:\/\/www.mpppst.gob.ve\/mpppstweb\/wp-content\/uploads\/2017\/07\/katherine_harringtonvicefiscal1499179293.jpg","articleSection":["Gobierno Nacional","Noticias"],"inLanguage":"es"},{"@type":"WebPage","@id":"https:\/\/www.mpppst.gob.ve\/mpppstweb\/index.php\/2017\/07\/04\/katherine-harrington-es-designada-vicefiscal-de-la-republica\/","url":"https:\/\/www.mpppst.gob.ve\/mpppstweb\/index.php\/2017\/07\/04\/katherine-harrington-es-designada-vicefiscal-de-la-republica\/","name":"Katherine Harrington es designada vicefiscal de la Rep\u00fablica - MPPPST","isPartOf":{"@id":"https:\/\/www.mpppst.gob.ve\/mpppstweb\/#website"},"primaryImageOfPage":{"@id":"https:\/\/www.mpppst.gob.ve\/mpppstweb\/index.php\/2017\/07\/04\/katherine-harrington-es-designada-vicefiscal-de-la-republica\/#primaryimage"},"image":{"@id":"https:\/\/www.mpppst.gob.ve\/mpppstweb\/index.php\/2017\/07\/04\/katherine-harrington-es-designada-vicefiscal-de-la-republica\/#primaryimage"},"thumbnailUrl":"https:\/\/www.mpppst.gob.ve\/mpppstweb\/wp-content\/uploads\/2017\/07\/katherine_harringtonvicefiscal1499179293.jpg","datePublished":"2017-07-04T15:54:49+00:00","dateModified":"2017-07-04T15:54:49+00:00","breadcrumb":{"@id":"https:\/\/www.mpppst.gob.ve\/mpppstweb\/index.php\/2017\/07\/04\/katherine-harrington-es-designada-vicefiscal-de-la-republica\/#breadcrumb"},"inLanguage":"es","potentialAction":[{"@type":"ReadAction","target":["https:\/\/www.mpppst.gob.ve\/mpppstweb\/index.php\/2017\/07\/04\/katherine-harrington-es-designada-vicefiscal-de-la-republica\/"]}]},{"@type":"ImageObject","inLanguage":"es","@id":"https:\/\/www.mpppst.gob.ve\/mpppstweb\/index.php\/2017\/07\/04\/katherine-harrington-es-designada-vicefiscal-de-la-republica\/#primaryimage","url":"https:\/\/www.mpppst.gob.ve\/mpppstweb\/wp-content\/uploads\/2017\/07\/katherine_harringtonvicefiscal1499179293.jpg","contentUrl":"https:\/\/www.mpppst.gob.ve\/mpppstweb\/wp-content\/uploads\/2017\/07\/katherine_harringtonvicefiscal1499179293.jpg","width":800,"height":445},{"@type":"BreadcrumbList","@id":"https:\/\/www.mpppst.gob.ve\/mpppstweb\/index.php\/2017\/07\/04\/katherine-harrington-es-designada-vicefiscal-de-la-republica\/#breadcrumb","itemListElement":[{"@type":"ListItem","position":1,"name":"Home","item":"https:\/\/www.mpppst.gob.ve\/mpppstweb\/"},{"@type":"ListItem","position":2,"name":"Katherine Harrington es designada vicefiscal de la Rep\u00fablica"}]},{"@type":"WebSite","@id":"https:\/\/www.mpppst.gob.ve\/mpppstweb\/#website","url":"https:\/\/www.mpppst.gob.ve\/mpppstweb\/","name":"MPPPST","description":"Ministerio del Poder Popular para el Proceso Social de Trabajo","publisher":{"@id":"https:\/\/www.mpppst.gob.ve\/mpppstweb\/#organization"},"potentialAction":[{"@type":"SearchAction","target":{"@type":"EntryPoint","urlTemplate":"https:\/\/www.mpppst.gob.ve\/mpppstweb\/?s={search_term_string}"},"query-input":"required name=search_term_string"}],"inLanguage":"es"},{"@type":"Organization","@id":"https:\/\/www.mpppst.gob.ve\/mpppstweb\/#organization","name":"mpppst","url":"https:\/\/www.mpppst.gob.ve\/mpppstweb\/","logo":{"@type":"ImageObject","inLanguage":"es","@id":"https:\/\/www.mpppst.gob.ve\/mpppstweb\/#\/schema\/logo\/image\/","url":"https:\/\/www.mpppst.gob.ve\/mpppstweb\/wp-content\/uploads\/2025\/07\/cropped-cropped-g910.png","contentUrl":"https:\/\/www.mpppst.gob.ve\/mpppstweb\/wp-content\/uploads\/2025\/07\/cropped-cropped-g910.png","width":1080,"height":241,"caption":"mpppst"},"image":{"@id":"https:\/\/www.mpppst.gob.ve\/mpppstweb\/#\/schema\/logo\/image\/"}},{"@type":"Person","@id":"https:\/\/www.mpppst.gob.ve\/mpppstweb\/#\/schema\/person\/fc187ee8ead412bd4c9304b62f900ea4","name":"MPPPST Prensa","url":"https:\/\/www.mpppst.gob.ve\/mpppstweb\/index.php\/author\/prensa-mpppst\/"}]}},"_links":{"self":[{"href":"https:\/\/www.mpppst.gob.ve\/mpppstweb\/index.php\/wp-json\/wp\/v2\/posts\/12076"}],"collection":[{"href":"https:\/\/www.mpppst.gob.ve\/mpppstweb\/index.php\/wp-json\/wp\/v2\/posts"}],"about":[{"href":"https:\/\/www.mpppst.gob.ve\/mpppstweb\/index.php\/wp-json\/wp\/v2\/types\/post"}],"author":[{"embeddable":true,"href":"https:\/\/www.mpppst.gob.ve\/mpppstweb\/index.php\/wp-json\/wp\/v2\/users\/25"}],"replies":[{"embeddable":true,"href":"https:\/\/www.mpppst.gob.ve\/mpppstweb\/index.php\/wp-json\/wp\/v2\/comments?post=12076"}],"version-history":[{"count":1,"href":"https:\/\/www.mpppst.gob.ve\/mpppstweb\/index.php\/wp-json\/wp\/v2\/posts\/12076\/revisions"}],"predecessor-version":[{"id":12078,"href":"https:\/\/www.mpppst.gob.ve\/mpppstweb\/index.php\/wp-json\/wp\/v2\/posts\/12076\/revisions\/12078"}],"wp:featuredmedia":[{"embeddable":true,"href":"https:\/\/www.mpppst.gob.ve\/mpppstweb\/index.php\/wp-json\/wp\/v2\/media\/12077"}],"wp:attachment":[{"href":"https:\/\/www.mpppst.gob.ve\/mpppstweb\/index.php\/wp-json\/wp\/v2\/media?parent=12076"}],"wp:term":[{"taxonomy":"category","embeddable":true,"href":"https:\/\/www.mpppst.gob.ve\/mpppstweb\/index.php\/wp-json\/wp\/v2\/categories?post=12076"},{"taxonomy":"post_tag","embeddable":true,"href":"https:\/\/www.mpppst.gob.ve\/mpppstweb\/index.php\/wp-json\/wp\/v2\/tags?post=12076"}],"curies":[{"name":"wp","href":"https:\/\/api.w.org\/{rel}","templated":true}]}}