{"id":12080,"date":"2017-07-04T14:20:44","date_gmt":"2017-07-04T18:20:44","guid":{"rendered":"http:\/\/www.mpppst.gob.ve\/mpppstweb\/?p=12080"},"modified":"2017-07-04T14:20:44","modified_gmt":"2017-07-04T18:20:44","slug":"maikel-moreno-ortega-diaz-ha-incurrido-en-responsabilidad-de-caracter-etico-o-moral","status":"publish","type":"post","link":"https:\/\/www.mpppst.gob.ve\/mpppstweb\/index.php\/2017\/07\/04\/maikel-moreno-ortega-diaz-ha-incurrido-en-responsabilidad-de-caracter-etico-o-moral\/","title":{"rendered":"Maikel Moreno: Ortega D\u00edaz ha incurrido en responsabilidad de car\u00e1cter \u00e9tico o moral"},"content":{"rendered":"<p>El presidente del TSJ,\u00a0Maikel Moreno, se\u00f1al\u00f3 que\u00a0est\u00e1n\u00a0ce\u00f1ido a lo que dispone el art\u00edculo 179 de Constituci\u00f3n de la Rep\u00fablica Bolivariana de Venezuela y del art\u00edculo 22 de la Ley Org\u00e1nica del Poder Ciudadano, el procedimiento previsto para establecer si la ciudadana\u00a0Luisa Ortega D\u00edaz ha incurrido en responsabilidad de car\u00e1cter \u00e9tico o moral\u201c.<\/p>\n<p>Destac\u00f3 que ha decidido como punto previo hacer algunas consideraciones sobre la naturaleza del procedimiento de antejuicio de m\u00e9rito, \u201cm\u00e1s cuando se trata del\u00a0hist\u00f3rico e in\u00e9dito caso en el cual recae sobre la alta investidura de la m\u00e1xima autoridad en materia de titularidad de la acci\u00f3n penal, como es la figura de la Fiscal General de la Rep\u00fablica\u201d.<\/p>\n<p>La Fiscal General\u00a0Luisa Ortega D\u00edaz, no se present\u00f3 a la audiencia. Por tanto, se le design\u00f3 un defensor p\u00fablico.<\/p>\n<p>Las declaraciones las ofreci\u00f3 durante el inicio de la\u00a0audiencia prevista para el antejuicio de m\u00e9rito contra la Fiscal General de la Rep\u00fablica, Luisa Ortega D\u00edaz, por la presunta comisi\u00f3n de faltas graves cometidas durante su gesti\u00f3n ante esa instancia del Poder Ciudadano.<\/p>\n<p>En la actividad tambi\u00e9n participan el diputado Pedro Carre\u00f1o, quien solicit\u00f3 el procedimiento ante el Poder Judicial, y el presidente del Consejo Moral Republicano, Tarek William Saab.<\/p>\n","protected":false},"excerpt":{"rendered":"<p>El presidente del TSJ,\u00a0Maikel Moreno, se\u00f1al\u00f3 que\u00a0est\u00e1n\u00a0ce\u00f1ido a lo que dispone el art\u00edculo 179 de Constituci\u00f3n &hellip; <a title=\"Maikel Moreno: Ortega D\u00edaz ha incurrido en responsabilidad de car\u00e1cter \u00e9tico o moral\" class=\"hm-read-more\" href=\"https:\/\/www.mpppst.gob.ve\/mpppstweb\/index.php\/2017\/07\/04\/maikel-moreno-ortega-diaz-ha-incurrido-en-responsabilidad-de-caracter-etico-o-moral\/\"><span class=\"screen-reader-text\">Maikel Moreno: Ortega D\u00edaz ha incurrido en responsabilidad de car\u00e1cter \u00e9tico o moral<\/span>Read more<\/a><\/p>\n","protected":false},"author":25,"featured_media":12081,"comment_status":"closed","ping_status":"closed","sticky":false,"template":"","format":"standard","meta":{"footnotes":""},"categories":[82,163],"tags":[],"yoast_head":"<!-- This site is optimized with the Yoast SEO plugin v22.5 - https:\/\/yoast.com\/wordpress\/plugins\/seo\/ -->\n<title>Maikel Moreno: Ortega D\u00edaz ha incurrido en responsabilidad de car\u00e1cter \u00e9tico o moral - MPPPST<\/title>\n<meta name=\"robots\" content=\"index, follow, max-snippet:-1, max-image-preview:large, max-video-preview:-1\" \/>\n<link rel=\"canonical\" href=\"https:\/\/www.mpppst.gob.ve\/mpppstweb\/index.php\/2017\/07\/04\/maikel-moreno-ortega-diaz-ha-incurrido-en-responsabilidad-de-caracter-etico-o-moral\/\" \/>\n<meta property=\"og:locale\" content=\"es_ES\" \/>\n<meta property=\"og:type\" content=\"article\" \/>\n<meta property=\"og:title\" content=\"Maikel Moreno: Ortega D\u00edaz ha incurrido en responsabilidad de car\u00e1cter \u00e9tico o moral - MPPPST\" \/>\n<meta property=\"og:description\" content=\"El presidente del TSJ,\u00a0Maikel Moreno, se\u00f1al\u00f3 que\u00a0est\u00e1n\u00a0ce\u00f1ido a lo que dispone el art\u00edculo 179 de Constituci\u00f3n &hellip; Maikel Moreno: Ortega D\u00edaz ha incurrido en responsabilidad de car\u00e1cter \u00e9tico o moralRead more\" \/>\n<meta property=\"og:url\" content=\"https:\/\/www.mpppst.gob.ve\/mpppstweb\/index.php\/2017\/07\/04\/maikel-moreno-ortega-diaz-ha-incurrido-en-responsabilidad-de-caracter-etico-o-moral\/\" \/>\n<meta property=\"og:site_name\" content=\"MPPPST\" \/>\n<meta property=\"article:published_time\" content=\"2017-07-04T18:20:44+00:00\" \/>\n<meta property=\"og:image\" content=\"https:\/\/www.mpppst.gob.ve\/mpppstweb\/wp-content\/uploads\/2017\/07\/692b2cbc70094e0f9f99222afb55bad1.jpg\" \/>\n\t<meta property=\"og:image:width\" content=\"800\" \/>\n\t<meta property=\"og:image:height\" content=\"445\" \/>\n\t<meta property=\"og:image:type\" content=\"image\/jpeg\" \/>\n<meta name=\"author\" content=\"MPPPST Prensa\" \/>\n<meta name=\"twitter:card\" content=\"summary_large_image\" \/>\n<meta name=\"twitter:label1\" content=\"Escrito por\" \/>\n\t<meta name=\"twitter:data1\" content=\"MPPPST Prensa\" \/>\n\t<meta name=\"twitter:label2\" content=\"Tiempo de lectura\" \/>\n\t<meta name=\"twitter:data2\" content=\"1 minuto\" \/>\n<script type=\"application\/ld+json\" class=\"yoast-schema-graph\">{\"@context\":\"https:\/\/schema.org\",\"@graph\":[{\"@type\":\"Article\",\"@id\":\"https:\/\/www.mpppst.gob.ve\/mpppstweb\/index.php\/2017\/07\/04\/maikel-moreno-ortega-diaz-ha-incurrido-en-responsabilidad-de-caracter-etico-o-moral\/#article\",\"isPartOf\":{\"@id\":\"https:\/\/www.mpppst.gob.ve\/mpppstweb\/index.php\/2017\/07\/04\/maikel-moreno-ortega-diaz-ha-incurrido-en-responsabilidad-de-caracter-etico-o-moral\/\"},\"author\":{\"name\":\"MPPPST Prensa\",\"@id\":\"https:\/\/www.mpppst.gob.ve\/mpppstweb\/#\/schema\/person\/fc187ee8ead412bd4c9304b62f900ea4\"},\"headline\":\"Maikel Moreno: Ortega D\u00edaz ha incurrido en responsabilidad de car\u00e1cter \u00e9tico o moral\",\"datePublished\":\"2017-07-04T18:20:44+00:00\",\"dateModified\":\"2017-07-04T18:20:44+00:00\",\"mainEntityOfPage\":{\"@id\":\"https:\/\/www.mpppst.gob.ve\/mpppstweb\/index.php\/2017\/07\/04\/maikel-moreno-ortega-diaz-ha-incurrido-en-responsabilidad-de-caracter-etico-o-moral\/\"},\"wordCount\":244,\"publisher\":{\"@id\":\"https:\/\/www.mpppst.gob.ve\/mpppstweb\/#organization\"},\"image\":{\"@id\":\"https:\/\/www.mpppst.gob.ve\/mpppstweb\/index.php\/2017\/07\/04\/maikel-moreno-ortega-diaz-ha-incurrido-en-responsabilidad-de-caracter-etico-o-moral\/#primaryimage\"},\"thumbnailUrl\":\"https:\/\/www.mpppst.gob.ve\/mpppstweb\/wp-content\/uploads\/2017\/07\/692b2cbc70094e0f9f99222afb55bad1.jpg\",\"articleSection\":[\"Gobierno Nacional\",\"Noticias\"],\"inLanguage\":\"es\"},{\"@type\":\"WebPage\",\"@id\":\"https:\/\/www.mpppst.gob.ve\/mpppstweb\/index.php\/2017\/07\/04\/maikel-moreno-ortega-diaz-ha-incurrido-en-responsabilidad-de-caracter-etico-o-moral\/\",\"url\":\"https:\/\/www.mpppst.gob.ve\/mpppstweb\/index.php\/2017\/07\/04\/maikel-moreno-ortega-diaz-ha-incurrido-en-responsabilidad-de-caracter-etico-o-moral\/\",\"name\":\"Maikel Moreno: Ortega D\u00edaz ha incurrido en responsabilidad de car\u00e1cter \u00e9tico o moral - MPPPST\",\"isPartOf\":{\"@id\":\"https:\/\/www.mpppst.gob.ve\/mpppstweb\/#website\"},\"primaryImageOfPage\":{\"@id\":\"https:\/\/www.mpppst.gob.ve\/mpppstweb\/index.php\/2017\/07\/04\/maikel-moreno-ortega-diaz-ha-incurrido-en-responsabilidad-de-caracter-etico-o-moral\/#primaryimage\"},\"image\":{\"@id\":\"https:\/\/www.mpppst.gob.ve\/mpppstweb\/index.php\/2017\/07\/04\/maikel-moreno-ortega-diaz-ha-incurrido-en-responsabilidad-de-caracter-etico-o-moral\/#primaryimage\"},\"thumbnailUrl\":\"https:\/\/www.mpppst.gob.ve\/mpppstweb\/wp-content\/uploads\/2017\/07\/692b2cbc70094e0f9f99222afb55bad1.jpg\",\"datePublished\":\"2017-07-04T18:20:44+00:00\",\"dateModified\":\"2017-07-04T18:20:44+00:00\",\"breadcrumb\":{\"@id\":\"https:\/\/www.mpppst.gob.ve\/mpppstweb\/index.php\/2017\/07\/04\/maikel-moreno-ortega-diaz-ha-incurrido-en-responsabilidad-de-caracter-etico-o-moral\/#breadcrumb\"},\"inLanguage\":\"es\",\"potentialAction\":[{\"@type\":\"ReadAction\",\"target\":[\"https:\/\/www.mpppst.gob.ve\/mpppstweb\/index.php\/2017\/07\/04\/maikel-moreno-ortega-diaz-ha-incurrido-en-responsabilidad-de-caracter-etico-o-moral\/\"]}]},{\"@type\":\"ImageObject\",\"inLanguage\":\"es\",\"@id\":\"https:\/\/www.mpppst.gob.ve\/mpppstweb\/index.php\/2017\/07\/04\/maikel-moreno-ortega-diaz-ha-incurrido-en-responsabilidad-de-caracter-etico-o-moral\/#primaryimage\",\"url\":\"https:\/\/www.mpppst.gob.ve\/mpppstweb\/wp-content\/uploads\/2017\/07\/692b2cbc70094e0f9f99222afb55bad1.jpg\",\"contentUrl\":\"https:\/\/www.mpppst.gob.ve\/mpppstweb\/wp-content\/uploads\/2017\/07\/692b2cbc70094e0f9f99222afb55bad1.jpg\",\"width\":800,\"height\":445},{\"@type\":\"BreadcrumbList\",\"@id\":\"https:\/\/www.mpppst.gob.ve\/mpppstweb\/index.php\/2017\/07\/04\/maikel-moreno-ortega-diaz-ha-incurrido-en-responsabilidad-de-caracter-etico-o-moral\/#breadcrumb\",\"itemListElement\":[{\"@type\":\"ListItem\",\"position\":1,\"name\":\"Home\",\"item\":\"https:\/\/www.mpppst.gob.ve\/mpppstweb\/\"},{\"@type\":\"ListItem\",\"position\":2,\"name\":\"Maikel Moreno: Ortega D\u00edaz ha incurrido en responsabilidad de car\u00e1cter \u00e9tico o moral\"}]},{\"@type\":\"WebSite\",\"@id\":\"https:\/\/www.mpppst.gob.ve\/mpppstweb\/#website\",\"url\":\"https:\/\/www.mpppst.gob.ve\/mpppstweb\/\",\"name\":\"MPPPST\",\"description\":\"Ministerio del Poder Popular para el Proceso Social de Trabajo\",\"publisher\":{\"@id\":\"https:\/\/www.mpppst.gob.ve\/mpppstweb\/#organization\"},\"potentialAction\":[{\"@type\":\"SearchAction\",\"target\":{\"@type\":\"EntryPoint\",\"urlTemplate\":\"https:\/\/www.mpppst.gob.ve\/mpppstweb\/?s={search_term_string}\"},\"query-input\":\"required name=search_term_string\"}],\"inLanguage\":\"es\"},{\"@type\":\"Organization\",\"@id\":\"https:\/\/www.mpppst.gob.ve\/mpppstweb\/#organization\",\"name\":\"mpppst\",\"url\":\"https:\/\/www.mpppst.gob.ve\/mpppstweb\/\",\"logo\":{\"@type\":\"ImageObject\",\"inLanguage\":\"es\",\"@id\":\"https:\/\/www.mpppst.gob.ve\/mpppstweb\/#\/schema\/logo\/image\/\",\"url\":\"https:\/\/www.mpppst.gob.ve\/mpppstweb\/wp-content\/uploads\/2025\/07\/cropped-cropped-g910.png\",\"contentUrl\":\"https:\/\/www.mpppst.gob.ve\/mpppstweb\/wp-content\/uploads\/2025\/07\/cropped-cropped-g910.png\",\"width\":1080,\"height\":241,\"caption\":\"mpppst\"},\"image\":{\"@id\":\"https:\/\/www.mpppst.gob.ve\/mpppstweb\/#\/schema\/logo\/image\/\"}},{\"@type\":\"Person\",\"@id\":\"https:\/\/www.mpppst.gob.ve\/mpppstweb\/#\/schema\/person\/fc187ee8ead412bd4c9304b62f900ea4\",\"name\":\"MPPPST Prensa\",\"url\":\"https:\/\/www.mpppst.gob.ve\/mpppstweb\/index.php\/author\/prensa-mpppst\/\"}]}<\/script>\n<!-- \/ Yoast SEO plugin. -->","yoast_head_json":{"title":"Maikel Moreno: Ortega D\u00edaz ha incurrido en responsabilidad de car\u00e1cter \u00e9tico o moral - MPPPST","robots":{"index":"index","follow":"follow","max-snippet":"max-snippet:-1","max-image-preview":"max-image-preview:large","max-video-preview":"max-video-preview:-1"},"canonical":"https:\/\/www.mpppst.gob.ve\/mpppstweb\/index.php\/2017\/07\/04\/maikel-moreno-ortega-diaz-ha-incurrido-en-responsabilidad-de-caracter-etico-o-moral\/","og_locale":"es_ES","og_type":"article","og_title":"Maikel Moreno: Ortega D\u00edaz ha incurrido en responsabilidad de car\u00e1cter \u00e9tico o moral - MPPPST","og_description":"El presidente del TSJ,\u00a0Maikel Moreno, se\u00f1al\u00f3 que\u00a0est\u00e1n\u00a0ce\u00f1ido a lo que dispone el art\u00edculo 179 de Constituci\u00f3n &hellip; Maikel Moreno: Ortega D\u00edaz ha incurrido en responsabilidad de car\u00e1cter \u00e9tico o moralRead more","og_url":"https:\/\/www.mpppst.gob.ve\/mpppstweb\/index.php\/2017\/07\/04\/maikel-moreno-ortega-diaz-ha-incurrido-en-responsabilidad-de-caracter-etico-o-moral\/","og_site_name":"MPPPST","article_published_time":"2017-07-04T18:20:44+00:00","og_image":[{"width":800,"height":445,"url":"https:\/\/www.mpppst.gob.ve\/mpppstweb\/wp-content\/uploads\/2017\/07\/692b2cbc70094e0f9f99222afb55bad1.jpg","type":"image\/jpeg"}],"author":"MPPPST Prensa","twitter_card":"summary_large_image","twitter_misc":{"Escrito por":"MPPPST Prensa","Tiempo de lectura":"1 minuto"},"schema":{"@context":"https:\/\/schema.org","@graph":[{"@type":"Article","@id":"https:\/\/www.mpppst.gob.ve\/mpppstweb\/index.php\/2017\/07\/04\/maikel-moreno-ortega-diaz-ha-incurrido-en-responsabilidad-de-caracter-etico-o-moral\/#article","isPartOf":{"@id":"https:\/\/www.mpppst.gob.ve\/mpppstweb\/index.php\/2017\/07\/04\/maikel-moreno-ortega-diaz-ha-incurrido-en-responsabilidad-de-caracter-etico-o-moral\/"},"author":{"name":"MPPPST Prensa","@id":"https:\/\/www.mpppst.gob.ve\/mpppstweb\/#\/schema\/person\/fc187ee8ead412bd4c9304b62f900ea4"},"headline":"Maikel Moreno: Ortega D\u00edaz ha incurrido en responsabilidad de car\u00e1cter \u00e9tico o moral","datePublished":"2017-07-04T18:20:44+00:00","dateModified":"2017-07-04T18:20:44+00:00","mainEntityOfPage":{"@id":"https:\/\/www.mpppst.gob.ve\/mpppstweb\/index.php\/2017\/07\/04\/maikel-moreno-ortega-diaz-ha-incurrido-en-responsabilidad-de-caracter-etico-o-moral\/"},"wordCount":244,"publisher":{"@id":"https:\/\/www.mpppst.gob.ve\/mpppstweb\/#organization"},"image":{"@id":"https:\/\/www.mpppst.gob.ve\/mpppstweb\/index.php\/2017\/07\/04\/maikel-moreno-ortega-diaz-ha-incurrido-en-responsabilidad-de-caracter-etico-o-moral\/#primaryimage"},"thumbnailUrl":"https:\/\/www.mpppst.gob.ve\/mpppstweb\/wp-content\/uploads\/2017\/07\/692b2cbc70094e0f9f99222afb55bad1.jpg","articleSection":["Gobierno Nacional","Noticias"],"inLanguage":"es"},{"@type":"WebPage","@id":"https:\/\/www.mpppst.gob.ve\/mpppstweb\/index.php\/2017\/07\/04\/maikel-moreno-ortega-diaz-ha-incurrido-en-responsabilidad-de-caracter-etico-o-moral\/","url":"https:\/\/www.mpppst.gob.ve\/mpppstweb\/index.php\/2017\/07\/04\/maikel-moreno-ortega-diaz-ha-incurrido-en-responsabilidad-de-caracter-etico-o-moral\/","name":"Maikel Moreno: Ortega D\u00edaz ha incurrido en responsabilidad de car\u00e1cter \u00e9tico o moral - MPPPST","isPartOf":{"@id":"https:\/\/www.mpppst.gob.ve\/mpppstweb\/#website"},"primaryImageOfPage":{"@id":"https:\/\/www.mpppst.gob.ve\/mpppstweb\/index.php\/2017\/07\/04\/maikel-moreno-ortega-diaz-ha-incurrido-en-responsabilidad-de-caracter-etico-o-moral\/#primaryimage"},"image":{"@id":"https:\/\/www.mpppst.gob.ve\/mpppstweb\/index.php\/2017\/07\/04\/maikel-moreno-ortega-diaz-ha-incurrido-en-responsabilidad-de-caracter-etico-o-moral\/#primaryimage"},"thumbnailUrl":"https:\/\/www.mpppst.gob.ve\/mpppstweb\/wp-content\/uploads\/2017\/07\/692b2cbc70094e0f9f99222afb55bad1.jpg","datePublished":"2017-07-04T18:20:44+00:00","dateModified":"2017-07-04T18:20:44+00:00","breadcrumb":{"@id":"https:\/\/www.mpppst.gob.ve\/mpppstweb\/index.php\/2017\/07\/04\/maikel-moreno-ortega-diaz-ha-incurrido-en-responsabilidad-de-caracter-etico-o-moral\/#breadcrumb"},"inLanguage":"es","potentialAction":[{"@type":"ReadAction","target":["https:\/\/www.mpppst.gob.ve\/mpppstweb\/index.php\/2017\/07\/04\/maikel-moreno-ortega-diaz-ha-incurrido-en-responsabilidad-de-caracter-etico-o-moral\/"]}]},{"@type":"ImageObject","inLanguage":"es","@id":"https:\/\/www.mpppst.gob.ve\/mpppstweb\/index.php\/2017\/07\/04\/maikel-moreno-ortega-diaz-ha-incurrido-en-responsabilidad-de-caracter-etico-o-moral\/#primaryimage","url":"https:\/\/www.mpppst.gob.ve\/mpppstweb\/wp-content\/uploads\/2017\/07\/692b2cbc70094e0f9f99222afb55bad1.jpg","contentUrl":"https:\/\/www.mpppst.gob.ve\/mpppstweb\/wp-content\/uploads\/2017\/07\/692b2cbc70094e0f9f99222afb55bad1.jpg","width":800,"height":445},{"@type":"BreadcrumbList","@id":"https:\/\/www.mpppst.gob.ve\/mpppstweb\/index.php\/2017\/07\/04\/maikel-moreno-ortega-diaz-ha-incurrido-en-responsabilidad-de-caracter-etico-o-moral\/#breadcrumb","itemListElement":[{"@type":"ListItem","position":1,"name":"Home","item":"https:\/\/www.mpppst.gob.ve\/mpppstweb\/"},{"@type":"ListItem","position":2,"name":"Maikel Moreno: Ortega D\u00edaz ha incurrido en responsabilidad de car\u00e1cter \u00e9tico o moral"}]},{"@type":"WebSite","@id":"https:\/\/www.mpppst.gob.ve\/mpppstweb\/#website","url":"https:\/\/www.mpppst.gob.ve\/mpppstweb\/","name":"MPPPST","description":"Ministerio del Poder Popular para el Proceso Social de Trabajo","publisher":{"@id":"https:\/\/www.mpppst.gob.ve\/mpppstweb\/#organization"},"potentialAction":[{"@type":"SearchAction","target":{"@type":"EntryPoint","urlTemplate":"https:\/\/www.mpppst.gob.ve\/mpppstweb\/?s={search_term_string}"},"query-input":"required name=search_term_string"}],"inLanguage":"es"},{"@type":"Organization","@id":"https:\/\/www.mpppst.gob.ve\/mpppstweb\/#organization","name":"mpppst","url":"https:\/\/www.mpppst.gob.ve\/mpppstweb\/","logo":{"@type":"ImageObject","inLanguage":"es","@id":"https:\/\/www.mpppst.gob.ve\/mpppstweb\/#\/schema\/logo\/image\/","url":"https:\/\/www.mpppst.gob.ve\/mpppstweb\/wp-content\/uploads\/2025\/07\/cropped-cropped-g910.png","contentUrl":"https:\/\/www.mpppst.gob.ve\/mpppstweb\/wp-content\/uploads\/2025\/07\/cropped-cropped-g910.png","width":1080,"height":241,"caption":"mpppst"},"image":{"@id":"https:\/\/www.mpppst.gob.ve\/mpppstweb\/#\/schema\/logo\/image\/"}},{"@type":"Person","@id":"https:\/\/www.mpppst.gob.ve\/mpppstweb\/#\/schema\/person\/fc187ee8ead412bd4c9304b62f900ea4","name":"MPPPST Prensa","url":"https:\/\/www.mpppst.gob.ve\/mpppstweb\/index.php\/author\/prensa-mpppst\/"}]}},"_links":{"self":[{"href":"https:\/\/www.mpppst.gob.ve\/mpppstweb\/index.php\/wp-json\/wp\/v2\/posts\/12080"}],"collection":[{"href":"https:\/\/www.mpppst.gob.ve\/mpppstweb\/index.php\/wp-json\/wp\/v2\/posts"}],"about":[{"href":"https:\/\/www.mpppst.gob.ve\/mpppstweb\/index.php\/wp-json\/wp\/v2\/types\/post"}],"author":[{"embeddable":true,"href":"https:\/\/www.mpppst.gob.ve\/mpppstweb\/index.php\/wp-json\/wp\/v2\/users\/25"}],"replies":[{"embeddable":true,"href":"https:\/\/www.mpppst.gob.ve\/mpppstweb\/index.php\/wp-json\/wp\/v2\/comments?post=12080"}],"version-history":[{"count":1,"href":"https:\/\/www.mpppst.gob.ve\/mpppstweb\/index.php\/wp-json\/wp\/v2\/posts\/12080\/revisions"}],"predecessor-version":[{"id":12082,"href":"https:\/\/www.mpppst.gob.ve\/mpppstweb\/index.php\/wp-json\/wp\/v2\/posts\/12080\/revisions\/12082"}],"wp:featuredmedia":[{"embeddable":true,"href":"https:\/\/www.mpppst.gob.ve\/mpppstweb\/index.php\/wp-json\/wp\/v2\/media\/12081"}],"wp:attachment":[{"href":"https:\/\/www.mpppst.gob.ve\/mpppstweb\/index.php\/wp-json\/wp\/v2\/media?parent=12080"}],"wp:term":[{"taxonomy":"category","embeddable":true,"href":"https:\/\/www.mpppst.gob.ve\/mpppstweb\/index.php\/wp-json\/wp\/v2\/categories?post=12080"},{"taxonomy":"post_tag","embeddable":true,"href":"https:\/\/www.mpppst.gob.ve\/mpppstweb\/index.php\/wp-json\/wp\/v2\/tags?post=12080"}],"curies":[{"name":"wp","href":"https:\/\/api.w.org\/{rel}","templated":true}]}}