{"id":12083,"date":"2017-07-04T16:10:44","date_gmt":"2017-07-04T20:10:44","guid":{"rendered":"http:\/\/www.mpppst.gob.ve\/mpppstweb\/?p=12083"},"modified":"2017-07-04T16:10:44","modified_gmt":"2017-07-04T20:10:44","slug":"franklin-rondon-solicito-acompanamiento-masivo-y-en-paz-a-los-trabajadores-de-la-administracion-publica-el-proximo-30-de-julio","status":"publish","type":"post","link":"https:\/\/www.mpppst.gob.ve\/mpppstweb\/index.php\/2017\/07\/04\/franklin-rondon-solicito-acompanamiento-masivo-y-en-paz-a-los-trabajadores-de-la-administracion-publica-el-proximo-30-de-julio\/","title":{"rendered":"Franklin Rond\u00f3n solicit\u00f3 acompa\u00f1amiento masivo y en paz a los trabajadores de la administraci\u00f3n p\u00fablica el pr\u00f3ximo 30 de julio"},"content":{"rendered":"<p>Por Marbelys Mav\u00e1rez Laguna<\/p>\n<p>El presidente de la Federaci\u00f3n Nacional de Trabajadores del Sector P\u00fablico (Fentrasep), Franklin Rond\u00f3n, invit\u00f3 a los trabajadores y trabajadoras de la administraci\u00f3n p\u00fablica nacional a participar de forma masiva y en paz en las elecciones del 30 de julio donde ser\u00e1n electos 545 constituyentistas del pa\u00eds. Manifest\u00f3 que los candidatos est\u00e1n llevando un mensaje a las gobernaciones, empresas, instituciones del Estado, Ministerios, alcald\u00edas, con la finalidad de promover la participaci\u00f3n democr\u00e1tica en el seno de las elecciones.<\/p>\n<p>Rond\u00f3n record\u00f3 el pronunciamiento hecho por la periodista Patricia Poleo, quien puso de manifiesto que en la administraci\u00f3n p\u00fablica del Estado venezolano no deber\u00eda quedar ning\u00fan trabajador, ni siquiera una secretaria. De esta forma, Rond\u00f3n argument\u00f3 que de lo que se trata es de aniquilar a la administraci\u00f3n p\u00fablica venezolana por la v\u00eda de la fuerza.<\/p>\n<p><strong>Propuestas <\/strong><\/p>\n<p>Entre las propuestas que los trabajadores han pensado discutir en el seno de la Asamblea Nacional Constituyente se encuentran las siguientes:<\/p>\n<ol>\n<li>Transformar el Estado venezolano, lo que significa hacer el Estado m\u00e1s eficiente, m\u00e1s eficaz y m\u00e1s moderno<\/li>\n<li>Contribuir con la construcci\u00f3n del poder popular<\/li>\n<li>Tambi\u00e9n dijo que propondr\u00e1n que las jubilaciones que se otorguen a los trabajadores y trabajadoras se aprueben con el \u00faltimo salario que est\u00e9 devengando el trabajador(a)<\/li>\n<li>En torno a las cotizaciones del Seguro Social se\u00f1al\u00f3 que la propuesta consiste en que luego de las 750 cotizaciones vayan a un fondo del Seguro Social para que sirvan de base para el c\u00f3nyuge o para un familiar que se encuentre en el primer grado de consanguinidad.<\/li>\n<\/ol>\n<p>Finalmente, ratific\u00f3 su llamado a los m\u00e1s de 3 millones de trabajadores de la administraci\u00f3n p\u00fablica nacional\u00a0\u00a0 con el fin de que participen de forma activa el pr\u00f3ximo 30 de julio.<\/p>\n","protected":false},"excerpt":{"rendered":"<p>Por Marbelys Mav\u00e1rez Laguna El presidente de la Federaci\u00f3n Nacional de Trabajadores del Sector P\u00fablico (Fentrasep), &hellip; <a title=\"Franklin Rond\u00f3n solicit\u00f3 acompa\u00f1amiento masivo y en paz a los trabajadores de la administraci\u00f3n p\u00fablica el pr\u00f3ximo 30 de julio\" class=\"hm-read-more\" href=\"https:\/\/www.mpppst.gob.ve\/mpppstweb\/index.php\/2017\/07\/04\/franklin-rondon-solicito-acompanamiento-masivo-y-en-paz-a-los-trabajadores-de-la-administracion-publica-el-proximo-30-de-julio\/\"><span class=\"screen-reader-text\">Franklin Rond\u00f3n solicit\u00f3 acompa\u00f1amiento masivo y en paz a los trabajadores de la administraci\u00f3n p\u00fablica el pr\u00f3ximo 30 de julio<\/span>Read more<\/a><\/p>\n","protected":false},"author":25,"featured_media":12084,"comment_status":"closed","ping_status":"closed","sticky":false,"template":"","format":"standard","meta":{"footnotes":""},"categories":[82,163],"tags":[],"yoast_head":"<!-- This site is optimized with the Yoast SEO plugin v22.5 - https:\/\/yoast.com\/wordpress\/plugins\/seo\/ -->\n<title>Franklin Rond\u00f3n solicit\u00f3 acompa\u00f1amiento masivo y en paz a los trabajadores de la administraci\u00f3n p\u00fablica el pr\u00f3ximo 30 de julio - MPPPST<\/title>\n<meta name=\"robots\" content=\"index, follow, max-snippet:-1, max-image-preview:large, max-video-preview:-1\" \/>\n<link rel=\"canonical\" href=\"https:\/\/www.mpppst.gob.ve\/mpppstweb\/index.php\/2017\/07\/04\/franklin-rondon-solicito-acompanamiento-masivo-y-en-paz-a-los-trabajadores-de-la-administracion-publica-el-proximo-30-de-julio\/\" \/>\n<meta property=\"og:locale\" content=\"es_ES\" \/>\n<meta property=\"og:type\" content=\"article\" \/>\n<meta property=\"og:title\" content=\"Franklin Rond\u00f3n solicit\u00f3 acompa\u00f1amiento masivo y en paz a los trabajadores de la administraci\u00f3n p\u00fablica el pr\u00f3ximo 30 de julio - MPPPST\" \/>\n<meta property=\"og:description\" content=\"Por Marbelys Mav\u00e1rez Laguna El presidente de la Federaci\u00f3n Nacional de Trabajadores del Sector P\u00fablico (Fentrasep), &hellip; Franklin Rond\u00f3n solicit\u00f3 acompa\u00f1amiento masivo y en paz a los trabajadores de la administraci\u00f3n p\u00fablica el pr\u00f3ximo 30 de julioRead more\" \/>\n<meta property=\"og:url\" content=\"https:\/\/www.mpppst.gob.ve\/mpppstweb\/index.php\/2017\/07\/04\/franklin-rondon-solicito-acompanamiento-masivo-y-en-paz-a-los-trabajadores-de-la-administracion-publica-el-proximo-30-de-julio\/\" \/>\n<meta property=\"og:site_name\" content=\"MPPPST\" \/>\n<meta property=\"article:published_time\" content=\"2017-07-04T20:10:44+00:00\" \/>\n<meta property=\"og:image\" content=\"https:\/\/www.mpppst.gob.ve\/mpppstweb\/wp-content\/uploads\/2017\/07\/IMG_3687.jpg\" \/>\n\t<meta property=\"og:image:width\" content=\"800\" \/>\n\t<meta property=\"og:image:height\" content=\"445\" \/>\n\t<meta property=\"og:image:type\" content=\"image\/jpeg\" \/>\n<meta name=\"author\" content=\"MPPPST Prensa\" \/>\n<meta name=\"twitter:card\" content=\"summary_large_image\" \/>\n<meta name=\"twitter:label1\" content=\"Escrito por\" \/>\n\t<meta name=\"twitter:data1\" content=\"MPPPST Prensa\" \/>\n\t<meta name=\"twitter:label2\" content=\"Tiempo de lectura\" \/>\n\t<meta name=\"twitter:data2\" content=\"2 minutos\" \/>\n<script type=\"application\/ld+json\" class=\"yoast-schema-graph\">{\"@context\":\"https:\/\/schema.org\",\"@graph\":[{\"@type\":\"Article\",\"@id\":\"https:\/\/www.mpppst.gob.ve\/mpppstweb\/index.php\/2017\/07\/04\/franklin-rondon-solicito-acompanamiento-masivo-y-en-paz-a-los-trabajadores-de-la-administracion-publica-el-proximo-30-de-julio\/#article\",\"isPartOf\":{\"@id\":\"https:\/\/www.mpppst.gob.ve\/mpppstweb\/index.php\/2017\/07\/04\/franklin-rondon-solicito-acompanamiento-masivo-y-en-paz-a-los-trabajadores-de-la-administracion-publica-el-proximo-30-de-julio\/\"},\"author\":{\"name\":\"MPPPST Prensa\",\"@id\":\"https:\/\/www.mpppst.gob.ve\/mpppstweb\/#\/schema\/person\/fc187ee8ead412bd4c9304b62f900ea4\"},\"headline\":\"Franklin Rond\u00f3n solicit\u00f3 acompa\u00f1amiento masivo y en paz a los trabajadores de la administraci\u00f3n p\u00fablica el pr\u00f3ximo 30 de julio\",\"datePublished\":\"2017-07-04T20:10:44+00:00\",\"dateModified\":\"2017-07-04T20:10:44+00:00\",\"mainEntityOfPage\":{\"@id\":\"https:\/\/www.mpppst.gob.ve\/mpppstweb\/index.php\/2017\/07\/04\/franklin-rondon-solicito-acompanamiento-masivo-y-en-paz-a-los-trabajadores-de-la-administracion-publica-el-proximo-30-de-julio\/\"},\"wordCount\":342,\"publisher\":{\"@id\":\"https:\/\/www.mpppst.gob.ve\/mpppstweb\/#organization\"},\"image\":{\"@id\":\"https:\/\/www.mpppst.gob.ve\/mpppstweb\/index.php\/2017\/07\/04\/franklin-rondon-solicito-acompanamiento-masivo-y-en-paz-a-los-trabajadores-de-la-administracion-publica-el-proximo-30-de-julio\/#primaryimage\"},\"thumbnailUrl\":\"https:\/\/www.mpppst.gob.ve\/mpppstweb\/wp-content\/uploads\/2017\/07\/IMG_3687.jpg\",\"articleSection\":[\"Gobierno Nacional\",\"Noticias\"],\"inLanguage\":\"es\"},{\"@type\":\"WebPage\",\"@id\":\"https:\/\/www.mpppst.gob.ve\/mpppstweb\/index.php\/2017\/07\/04\/franklin-rondon-solicito-acompanamiento-masivo-y-en-paz-a-los-trabajadores-de-la-administracion-publica-el-proximo-30-de-julio\/\",\"url\":\"https:\/\/www.mpppst.gob.ve\/mpppstweb\/index.php\/2017\/07\/04\/franklin-rondon-solicito-acompanamiento-masivo-y-en-paz-a-los-trabajadores-de-la-administracion-publica-el-proximo-30-de-julio\/\",\"name\":\"Franklin Rond\u00f3n solicit\u00f3 acompa\u00f1amiento masivo y en paz a los trabajadores de la administraci\u00f3n p\u00fablica el pr\u00f3ximo 30 de julio - MPPPST\",\"isPartOf\":{\"@id\":\"https:\/\/www.mpppst.gob.ve\/mpppstweb\/#website\"},\"primaryImageOfPage\":{\"@id\":\"https:\/\/www.mpppst.gob.ve\/mpppstweb\/index.php\/2017\/07\/04\/franklin-rondon-solicito-acompanamiento-masivo-y-en-paz-a-los-trabajadores-de-la-administracion-publica-el-proximo-30-de-julio\/#primaryimage\"},\"image\":{\"@id\":\"https:\/\/www.mpppst.gob.ve\/mpppstweb\/index.php\/2017\/07\/04\/franklin-rondon-solicito-acompanamiento-masivo-y-en-paz-a-los-trabajadores-de-la-administracion-publica-el-proximo-30-de-julio\/#primaryimage\"},\"thumbnailUrl\":\"https:\/\/www.mpppst.gob.ve\/mpppstweb\/wp-content\/uploads\/2017\/07\/IMG_3687.jpg\",\"datePublished\":\"2017-07-04T20:10:44+00:00\",\"dateModified\":\"2017-07-04T20:10:44+00:00\",\"breadcrumb\":{\"@id\":\"https:\/\/www.mpppst.gob.ve\/mpppstweb\/index.php\/2017\/07\/04\/franklin-rondon-solicito-acompanamiento-masivo-y-en-paz-a-los-trabajadores-de-la-administracion-publica-el-proximo-30-de-julio\/#breadcrumb\"},\"inLanguage\":\"es\",\"potentialAction\":[{\"@type\":\"ReadAction\",\"target\":[\"https:\/\/www.mpppst.gob.ve\/mpppstweb\/index.php\/2017\/07\/04\/franklin-rondon-solicito-acompanamiento-masivo-y-en-paz-a-los-trabajadores-de-la-administracion-publica-el-proximo-30-de-julio\/\"]}]},{\"@type\":\"ImageObject\",\"inLanguage\":\"es\",\"@id\":\"https:\/\/www.mpppst.gob.ve\/mpppstweb\/index.php\/2017\/07\/04\/franklin-rondon-solicito-acompanamiento-masivo-y-en-paz-a-los-trabajadores-de-la-administracion-publica-el-proximo-30-de-julio\/#primaryimage\",\"url\":\"https:\/\/www.mpppst.gob.ve\/mpppstweb\/wp-content\/uploads\/2017\/07\/IMG_3687.jpg\",\"contentUrl\":\"https:\/\/www.mpppst.gob.ve\/mpppstweb\/wp-content\/uploads\/2017\/07\/IMG_3687.jpg\",\"width\":800,\"height\":445},{\"@type\":\"BreadcrumbList\",\"@id\":\"https:\/\/www.mpppst.gob.ve\/mpppstweb\/index.php\/2017\/07\/04\/franklin-rondon-solicito-acompanamiento-masivo-y-en-paz-a-los-trabajadores-de-la-administracion-publica-el-proximo-30-de-julio\/#breadcrumb\",\"itemListElement\":[{\"@type\":\"ListItem\",\"position\":1,\"name\":\"Home\",\"item\":\"https:\/\/www.mpppst.gob.ve\/mpppstweb\/\"},{\"@type\":\"ListItem\",\"position\":2,\"name\":\"Franklin Rond\u00f3n solicit\u00f3 acompa\u00f1amiento masivo y en paz a los trabajadores de la administraci\u00f3n p\u00fablica el pr\u00f3ximo 30 de julio\"}]},{\"@type\":\"WebSite\",\"@id\":\"https:\/\/www.mpppst.gob.ve\/mpppstweb\/#website\",\"url\":\"https:\/\/www.mpppst.gob.ve\/mpppstweb\/\",\"name\":\"MPPPST\",\"description\":\"Ministerio del Poder Popular para el Proceso Social de Trabajo\",\"publisher\":{\"@id\":\"https:\/\/www.mpppst.gob.ve\/mpppstweb\/#organization\"},\"potentialAction\":[{\"@type\":\"SearchAction\",\"target\":{\"@type\":\"EntryPoint\",\"urlTemplate\":\"https:\/\/www.mpppst.gob.ve\/mpppstweb\/?s={search_term_string}\"},\"query-input\":\"required name=search_term_string\"}],\"inLanguage\":\"es\"},{\"@type\":\"Organization\",\"@id\":\"https:\/\/www.mpppst.gob.ve\/mpppstweb\/#organization\",\"name\":\"mpppst\",\"url\":\"https:\/\/www.mpppst.gob.ve\/mpppstweb\/\",\"logo\":{\"@type\":\"ImageObject\",\"inLanguage\":\"es\",\"@id\":\"https:\/\/www.mpppst.gob.ve\/mpppstweb\/#\/schema\/logo\/image\/\",\"url\":\"https:\/\/www.mpppst.gob.ve\/mpppstweb\/wp-content\/uploads\/2025\/07\/cropped-cropped-g910.png\",\"contentUrl\":\"https:\/\/www.mpppst.gob.ve\/mpppstweb\/wp-content\/uploads\/2025\/07\/cropped-cropped-g910.png\",\"width\":1080,\"height\":241,\"caption\":\"mpppst\"},\"image\":{\"@id\":\"https:\/\/www.mpppst.gob.ve\/mpppstweb\/#\/schema\/logo\/image\/\"}},{\"@type\":\"Person\",\"@id\":\"https:\/\/www.mpppst.gob.ve\/mpppstweb\/#\/schema\/person\/fc187ee8ead412bd4c9304b62f900ea4\",\"name\":\"MPPPST Prensa\",\"url\":\"https:\/\/www.mpppst.gob.ve\/mpppstweb\/index.php\/author\/prensa-mpppst\/\"}]}<\/script>\n<!-- \/ Yoast SEO plugin. -->","yoast_head_json":{"title":"Franklin Rond\u00f3n solicit\u00f3 acompa\u00f1amiento masivo y en paz a los trabajadores de la administraci\u00f3n p\u00fablica el pr\u00f3ximo 30 de julio - MPPPST","robots":{"index":"index","follow":"follow","max-snippet":"max-snippet:-1","max-image-preview":"max-image-preview:large","max-video-preview":"max-video-preview:-1"},"canonical":"https:\/\/www.mpppst.gob.ve\/mpppstweb\/index.php\/2017\/07\/04\/franklin-rondon-solicito-acompanamiento-masivo-y-en-paz-a-los-trabajadores-de-la-administracion-publica-el-proximo-30-de-julio\/","og_locale":"es_ES","og_type":"article","og_title":"Franklin Rond\u00f3n solicit\u00f3 acompa\u00f1amiento masivo y en paz a los trabajadores de la administraci\u00f3n p\u00fablica el pr\u00f3ximo 30 de julio - MPPPST","og_description":"Por Marbelys Mav\u00e1rez Laguna El presidente de la Federaci\u00f3n Nacional de Trabajadores del Sector P\u00fablico (Fentrasep), &hellip; Franklin Rond\u00f3n solicit\u00f3 acompa\u00f1amiento masivo y en paz a los trabajadores de la administraci\u00f3n p\u00fablica el pr\u00f3ximo 30 de julioRead more","og_url":"https:\/\/www.mpppst.gob.ve\/mpppstweb\/index.php\/2017\/07\/04\/franklin-rondon-solicito-acompanamiento-masivo-y-en-paz-a-los-trabajadores-de-la-administracion-publica-el-proximo-30-de-julio\/","og_site_name":"MPPPST","article_published_time":"2017-07-04T20:10:44+00:00","og_image":[{"width":800,"height":445,"url":"https:\/\/www.mpppst.gob.ve\/mpppstweb\/wp-content\/uploads\/2017\/07\/IMG_3687.jpg","type":"image\/jpeg"}],"author":"MPPPST Prensa","twitter_card":"summary_large_image","twitter_misc":{"Escrito por":"MPPPST Prensa","Tiempo de lectura":"2 minutos"},"schema":{"@context":"https:\/\/schema.org","@graph":[{"@type":"Article","@id":"https:\/\/www.mpppst.gob.ve\/mpppstweb\/index.php\/2017\/07\/04\/franklin-rondon-solicito-acompanamiento-masivo-y-en-paz-a-los-trabajadores-de-la-administracion-publica-el-proximo-30-de-julio\/#article","isPartOf":{"@id":"https:\/\/www.mpppst.gob.ve\/mpppstweb\/index.php\/2017\/07\/04\/franklin-rondon-solicito-acompanamiento-masivo-y-en-paz-a-los-trabajadores-de-la-administracion-publica-el-proximo-30-de-julio\/"},"author":{"name":"MPPPST Prensa","@id":"https:\/\/www.mpppst.gob.ve\/mpppstweb\/#\/schema\/person\/fc187ee8ead412bd4c9304b62f900ea4"},"headline":"Franklin Rond\u00f3n solicit\u00f3 acompa\u00f1amiento masivo y en paz a los trabajadores de la administraci\u00f3n p\u00fablica el pr\u00f3ximo 30 de julio","datePublished":"2017-07-04T20:10:44+00:00","dateModified":"2017-07-04T20:10:44+00:00","mainEntityOfPage":{"@id":"https:\/\/www.mpppst.gob.ve\/mpppstweb\/index.php\/2017\/07\/04\/franklin-rondon-solicito-acompanamiento-masivo-y-en-paz-a-los-trabajadores-de-la-administracion-publica-el-proximo-30-de-julio\/"},"wordCount":342,"publisher":{"@id":"https:\/\/www.mpppst.gob.ve\/mpppstweb\/#organization"},"image":{"@id":"https:\/\/www.mpppst.gob.ve\/mpppstweb\/index.php\/2017\/07\/04\/franklin-rondon-solicito-acompanamiento-masivo-y-en-paz-a-los-trabajadores-de-la-administracion-publica-el-proximo-30-de-julio\/#primaryimage"},"thumbnailUrl":"https:\/\/www.mpppst.gob.ve\/mpppstweb\/wp-content\/uploads\/2017\/07\/IMG_3687.jpg","articleSection":["Gobierno Nacional","Noticias"],"inLanguage":"es"},{"@type":"WebPage","@id":"https:\/\/www.mpppst.gob.ve\/mpppstweb\/index.php\/2017\/07\/04\/franklin-rondon-solicito-acompanamiento-masivo-y-en-paz-a-los-trabajadores-de-la-administracion-publica-el-proximo-30-de-julio\/","url":"https:\/\/www.mpppst.gob.ve\/mpppstweb\/index.php\/2017\/07\/04\/franklin-rondon-solicito-acompanamiento-masivo-y-en-paz-a-los-trabajadores-de-la-administracion-publica-el-proximo-30-de-julio\/","name":"Franklin Rond\u00f3n solicit\u00f3 acompa\u00f1amiento masivo y en paz a los trabajadores de la administraci\u00f3n p\u00fablica el pr\u00f3ximo 30 de julio - MPPPST","isPartOf":{"@id":"https:\/\/www.mpppst.gob.ve\/mpppstweb\/#website"},"primaryImageOfPage":{"@id":"https:\/\/www.mpppst.gob.ve\/mpppstweb\/index.php\/2017\/07\/04\/franklin-rondon-solicito-acompanamiento-masivo-y-en-paz-a-los-trabajadores-de-la-administracion-publica-el-proximo-30-de-julio\/#primaryimage"},"image":{"@id":"https:\/\/www.mpppst.gob.ve\/mpppstweb\/index.php\/2017\/07\/04\/franklin-rondon-solicito-acompanamiento-masivo-y-en-paz-a-los-trabajadores-de-la-administracion-publica-el-proximo-30-de-julio\/#primaryimage"},"thumbnailUrl":"https:\/\/www.mpppst.gob.ve\/mpppstweb\/wp-content\/uploads\/2017\/07\/IMG_3687.jpg","datePublished":"2017-07-04T20:10:44+00:00","dateModified":"2017-07-04T20:10:44+00:00","breadcrumb":{"@id":"https:\/\/www.mpppst.gob.ve\/mpppstweb\/index.php\/2017\/07\/04\/franklin-rondon-solicito-acompanamiento-masivo-y-en-paz-a-los-trabajadores-de-la-administracion-publica-el-proximo-30-de-julio\/#breadcrumb"},"inLanguage":"es","potentialAction":[{"@type":"ReadAction","target":["https:\/\/www.mpppst.gob.ve\/mpppstweb\/index.php\/2017\/07\/04\/franklin-rondon-solicito-acompanamiento-masivo-y-en-paz-a-los-trabajadores-de-la-administracion-publica-el-proximo-30-de-julio\/"]}]},{"@type":"ImageObject","inLanguage":"es","@id":"https:\/\/www.mpppst.gob.ve\/mpppstweb\/index.php\/2017\/07\/04\/franklin-rondon-solicito-acompanamiento-masivo-y-en-paz-a-los-trabajadores-de-la-administracion-publica-el-proximo-30-de-julio\/#primaryimage","url":"https:\/\/www.mpppst.gob.ve\/mpppstweb\/wp-content\/uploads\/2017\/07\/IMG_3687.jpg","contentUrl":"https:\/\/www.mpppst.gob.ve\/mpppstweb\/wp-content\/uploads\/2017\/07\/IMG_3687.jpg","width":800,"height":445},{"@type":"BreadcrumbList","@id":"https:\/\/www.mpppst.gob.ve\/mpppstweb\/index.php\/2017\/07\/04\/franklin-rondon-solicito-acompanamiento-masivo-y-en-paz-a-los-trabajadores-de-la-administracion-publica-el-proximo-30-de-julio\/#breadcrumb","itemListElement":[{"@type":"ListItem","position":1,"name":"Home","item":"https:\/\/www.mpppst.gob.ve\/mpppstweb\/"},{"@type":"ListItem","position":2,"name":"Franklin Rond\u00f3n solicit\u00f3 acompa\u00f1amiento masivo y en paz a los trabajadores de la administraci\u00f3n p\u00fablica el pr\u00f3ximo 30 de julio"}]},{"@type":"WebSite","@id":"https:\/\/www.mpppst.gob.ve\/mpppstweb\/#website","url":"https:\/\/www.mpppst.gob.ve\/mpppstweb\/","name":"MPPPST","description":"Ministerio del Poder Popular para el Proceso Social de Trabajo","publisher":{"@id":"https:\/\/www.mpppst.gob.ve\/mpppstweb\/#organization"},"potentialAction":[{"@type":"SearchAction","target":{"@type":"EntryPoint","urlTemplate":"https:\/\/www.mpppst.gob.ve\/mpppstweb\/?s={search_term_string}"},"query-input":"required name=search_term_string"}],"inLanguage":"es"},{"@type":"Organization","@id":"https:\/\/www.mpppst.gob.ve\/mpppstweb\/#organization","name":"mpppst","url":"https:\/\/www.mpppst.gob.ve\/mpppstweb\/","logo":{"@type":"ImageObject","inLanguage":"es","@id":"https:\/\/www.mpppst.gob.ve\/mpppstweb\/#\/schema\/logo\/image\/","url":"https:\/\/www.mpppst.gob.ve\/mpppstweb\/wp-content\/uploads\/2025\/07\/cropped-cropped-g910.png","contentUrl":"https:\/\/www.mpppst.gob.ve\/mpppstweb\/wp-content\/uploads\/2025\/07\/cropped-cropped-g910.png","width":1080,"height":241,"caption":"mpppst"},"image":{"@id":"https:\/\/www.mpppst.gob.ve\/mpppstweb\/#\/schema\/logo\/image\/"}},{"@type":"Person","@id":"https:\/\/www.mpppst.gob.ve\/mpppstweb\/#\/schema\/person\/fc187ee8ead412bd4c9304b62f900ea4","name":"MPPPST Prensa","url":"https:\/\/www.mpppst.gob.ve\/mpppstweb\/index.php\/author\/prensa-mpppst\/"}]}},"_links":{"self":[{"href":"https:\/\/www.mpppst.gob.ve\/mpppstweb\/index.php\/wp-json\/wp\/v2\/posts\/12083"}],"collection":[{"href":"https:\/\/www.mpppst.gob.ve\/mpppstweb\/index.php\/wp-json\/wp\/v2\/posts"}],"about":[{"href":"https:\/\/www.mpppst.gob.ve\/mpppstweb\/index.php\/wp-json\/wp\/v2\/types\/post"}],"author":[{"embeddable":true,"href":"https:\/\/www.mpppst.gob.ve\/mpppstweb\/index.php\/wp-json\/wp\/v2\/users\/25"}],"replies":[{"embeddable":true,"href":"https:\/\/www.mpppst.gob.ve\/mpppstweb\/index.php\/wp-json\/wp\/v2\/comments?post=12083"}],"version-history":[{"count":1,"href":"https:\/\/www.mpppst.gob.ve\/mpppstweb\/index.php\/wp-json\/wp\/v2\/posts\/12083\/revisions"}],"predecessor-version":[{"id":12085,"href":"https:\/\/www.mpppst.gob.ve\/mpppstweb\/index.php\/wp-json\/wp\/v2\/posts\/12083\/revisions\/12085"}],"wp:featuredmedia":[{"embeddable":true,"href":"https:\/\/www.mpppst.gob.ve\/mpppstweb\/index.php\/wp-json\/wp\/v2\/media\/12084"}],"wp:attachment":[{"href":"https:\/\/www.mpppst.gob.ve\/mpppstweb\/index.php\/wp-json\/wp\/v2\/media?parent=12083"}],"wp:term":[{"taxonomy":"category","embeddable":true,"href":"https:\/\/www.mpppst.gob.ve\/mpppstweb\/index.php\/wp-json\/wp\/v2\/categories?post=12083"},{"taxonomy":"post_tag","embeddable":true,"href":"https:\/\/www.mpppst.gob.ve\/mpppstweb\/index.php\/wp-json\/wp\/v2\/tags?post=12083"}],"curies":[{"name":"wp","href":"https:\/\/api.w.org\/{rel}","templated":true}]}}