{"id":12086,"date":"2017-07-04T16:25:01","date_gmt":"2017-07-04T20:25:01","guid":{"rendered":"http:\/\/www.mpppst.gob.ve\/mpppstweb\/?p=12086"},"modified":"2017-07-04T16:25:01","modified_gmt":"2017-07-04T20:25:01","slug":"francisco-torrealba-no-se-justifica-que-comerciantes-incrementen-precios-por-aumento-salarial","status":"publish","type":"post","link":"https:\/\/www.mpppst.gob.ve\/mpppstweb\/index.php\/2017\/07\/04\/francisco-torrealba-no-se-justifica-que-comerciantes-incrementen-precios-por-aumento-salarial\/","title":{"rendered":"Francisco Torrealba: no se justifica que comerciantes incrementen precios por aumento salarial"},"content":{"rendered":"<p>Durante el programa Noticias Globovisi\u00f3n Econom\u00eda, el vicepresidente de la Central Bolivariana Socialista de Trabajadores y candidato a la Asamblea Nacional Constituyente, Francisco Torrealba, dijo que frente a la Guerra Econ\u00f3mica, el presidente Nicol\u00e1s Maduro, ten\u00eda dos opciones, una era no aumentar el salario y la otra era hacerlo, lo que al final llev\u00f3 a cabo.<\/p>\n<p>En el mismo contexto, Torrealba asever\u00f3 que la estructura econ\u00f3mica de un trabajador no es la misma a la del producto, por lo que no se justifica que, tras el incremento salarial en 50%, los comerciantes suban los precios con el mismo porcentaje.<\/p>\n<p>El candidato a la Constituyente, Francisco Torrealba, dijo que no est\u00e1 planteado eliminar la retroactividad de las pensiones.\u00a0 Por otro lado, dijo que la idea de la realizaci\u00f3n de la Asamblea Nacional Constituyente permitir\u00e1 otorgarle al Estado poderes extraordinarios para dictar medidas que logren frenar la especulaci\u00f3n, contrabando de extracci\u00f3n y la inflaci\u00f3n en el pa\u00eds.<\/p>\n","protected":false},"excerpt":{"rendered":"<p>Durante el programa Noticias Globovisi\u00f3n Econom\u00eda, el vicepresidente de la Central Bolivariana Socialista de Trabajadores y &hellip; <a title=\"Francisco Torrealba: no se justifica que comerciantes incrementen precios por aumento salarial\" class=\"hm-read-more\" href=\"https:\/\/www.mpppst.gob.ve\/mpppstweb\/index.php\/2017\/07\/04\/francisco-torrealba-no-se-justifica-que-comerciantes-incrementen-precios-por-aumento-salarial\/\"><span class=\"screen-reader-text\">Francisco Torrealba: no se justifica que comerciantes incrementen precios por aumento salarial<\/span>Read more<\/a><\/p>\n","protected":false},"author":25,"featured_media":12087,"comment_status":"closed","ping_status":"closed","sticky":false,"template":"","format":"standard","meta":{"footnotes":""},"categories":[82,163],"tags":[],"yoast_head":"<!-- This site is optimized with the Yoast SEO plugin v22.5 - https:\/\/yoast.com\/wordpress\/plugins\/seo\/ -->\n<title>Francisco Torrealba: no se justifica que comerciantes incrementen precios por aumento salarial - MPPPST<\/title>\n<meta name=\"robots\" content=\"index, follow, max-snippet:-1, max-image-preview:large, max-video-preview:-1\" \/>\n<link rel=\"canonical\" href=\"https:\/\/www.mpppst.gob.ve\/mpppstweb\/index.php\/2017\/07\/04\/francisco-torrealba-no-se-justifica-que-comerciantes-incrementen-precios-por-aumento-salarial\/\" \/>\n<meta property=\"og:locale\" content=\"es_ES\" \/>\n<meta property=\"og:type\" content=\"article\" \/>\n<meta property=\"og:title\" content=\"Francisco Torrealba: no se justifica que comerciantes incrementen precios por aumento salarial - MPPPST\" \/>\n<meta property=\"og:description\" content=\"Durante el programa Noticias Globovisi\u00f3n Econom\u00eda, el vicepresidente de la Central Bolivariana Socialista de Trabajadores y &hellip; Francisco Torrealba: no se justifica que comerciantes incrementen precios por aumento salarialRead more\" \/>\n<meta property=\"og:url\" content=\"https:\/\/www.mpppst.gob.ve\/mpppstweb\/index.php\/2017\/07\/04\/francisco-torrealba-no-se-justifica-que-comerciantes-incrementen-precios-por-aumento-salarial\/\" \/>\n<meta property=\"og:site_name\" content=\"MPPPST\" \/>\n<meta property=\"article:published_time\" content=\"2017-07-04T20:25:01+00:00\" \/>\n<meta property=\"og:image\" content=\"https:\/\/www.mpppst.gob.ve\/mpppstweb\/wp-content\/uploads\/2017\/07\/1463666039429.jpg\" \/>\n\t<meta property=\"og:image:width\" content=\"800\" \/>\n\t<meta property=\"og:image:height\" content=\"445\" \/>\n\t<meta property=\"og:image:type\" content=\"image\/jpeg\" \/>\n<meta name=\"author\" content=\"MPPPST Prensa\" \/>\n<meta name=\"twitter:card\" content=\"summary_large_image\" \/>\n<meta name=\"twitter:label1\" content=\"Escrito por\" \/>\n\t<meta name=\"twitter:data1\" content=\"MPPPST Prensa\" \/>\n\t<meta name=\"twitter:label2\" content=\"Tiempo de lectura\" \/>\n\t<meta name=\"twitter:data2\" content=\"1 minuto\" \/>\n<script type=\"application\/ld+json\" class=\"yoast-schema-graph\">{\"@context\":\"https:\/\/schema.org\",\"@graph\":[{\"@type\":\"Article\",\"@id\":\"https:\/\/www.mpppst.gob.ve\/mpppstweb\/index.php\/2017\/07\/04\/francisco-torrealba-no-se-justifica-que-comerciantes-incrementen-precios-por-aumento-salarial\/#article\",\"isPartOf\":{\"@id\":\"https:\/\/www.mpppst.gob.ve\/mpppstweb\/index.php\/2017\/07\/04\/francisco-torrealba-no-se-justifica-que-comerciantes-incrementen-precios-por-aumento-salarial\/\"},\"author\":{\"name\":\"MPPPST Prensa\",\"@id\":\"https:\/\/www.mpppst.gob.ve\/mpppstweb\/#\/schema\/person\/fc187ee8ead412bd4c9304b62f900ea4\"},\"headline\":\"Francisco Torrealba: no se justifica que comerciantes incrementen precios por aumento salarial\",\"datePublished\":\"2017-07-04T20:25:01+00:00\",\"dateModified\":\"2017-07-04T20:25:01+00:00\",\"mainEntityOfPage\":{\"@id\":\"https:\/\/www.mpppst.gob.ve\/mpppstweb\/index.php\/2017\/07\/04\/francisco-torrealba-no-se-justifica-que-comerciantes-incrementen-precios-por-aumento-salarial\/\"},\"wordCount\":177,\"publisher\":{\"@id\":\"https:\/\/www.mpppst.gob.ve\/mpppstweb\/#organization\"},\"image\":{\"@id\":\"https:\/\/www.mpppst.gob.ve\/mpppstweb\/index.php\/2017\/07\/04\/francisco-torrealba-no-se-justifica-que-comerciantes-incrementen-precios-por-aumento-salarial\/#primaryimage\"},\"thumbnailUrl\":\"https:\/\/www.mpppst.gob.ve\/mpppstweb\/wp-content\/uploads\/2017\/07\/1463666039429.jpg\",\"articleSection\":[\"Gobierno Nacional\",\"Noticias\"],\"inLanguage\":\"es\"},{\"@type\":\"WebPage\",\"@id\":\"https:\/\/www.mpppst.gob.ve\/mpppstweb\/index.php\/2017\/07\/04\/francisco-torrealba-no-se-justifica-que-comerciantes-incrementen-precios-por-aumento-salarial\/\",\"url\":\"https:\/\/www.mpppst.gob.ve\/mpppstweb\/index.php\/2017\/07\/04\/francisco-torrealba-no-se-justifica-que-comerciantes-incrementen-precios-por-aumento-salarial\/\",\"name\":\"Francisco Torrealba: no se justifica que comerciantes incrementen precios por aumento salarial - MPPPST\",\"isPartOf\":{\"@id\":\"https:\/\/www.mpppst.gob.ve\/mpppstweb\/#website\"},\"primaryImageOfPage\":{\"@id\":\"https:\/\/www.mpppst.gob.ve\/mpppstweb\/index.php\/2017\/07\/04\/francisco-torrealba-no-se-justifica-que-comerciantes-incrementen-precios-por-aumento-salarial\/#primaryimage\"},\"image\":{\"@id\":\"https:\/\/www.mpppst.gob.ve\/mpppstweb\/index.php\/2017\/07\/04\/francisco-torrealba-no-se-justifica-que-comerciantes-incrementen-precios-por-aumento-salarial\/#primaryimage\"},\"thumbnailUrl\":\"https:\/\/www.mpppst.gob.ve\/mpppstweb\/wp-content\/uploads\/2017\/07\/1463666039429.jpg\",\"datePublished\":\"2017-07-04T20:25:01+00:00\",\"dateModified\":\"2017-07-04T20:25:01+00:00\",\"breadcrumb\":{\"@id\":\"https:\/\/www.mpppst.gob.ve\/mpppstweb\/index.php\/2017\/07\/04\/francisco-torrealba-no-se-justifica-que-comerciantes-incrementen-precios-por-aumento-salarial\/#breadcrumb\"},\"inLanguage\":\"es\",\"potentialAction\":[{\"@type\":\"ReadAction\",\"target\":[\"https:\/\/www.mpppst.gob.ve\/mpppstweb\/index.php\/2017\/07\/04\/francisco-torrealba-no-se-justifica-que-comerciantes-incrementen-precios-por-aumento-salarial\/\"]}]},{\"@type\":\"ImageObject\",\"inLanguage\":\"es\",\"@id\":\"https:\/\/www.mpppst.gob.ve\/mpppstweb\/index.php\/2017\/07\/04\/francisco-torrealba-no-se-justifica-que-comerciantes-incrementen-precios-por-aumento-salarial\/#primaryimage\",\"url\":\"https:\/\/www.mpppst.gob.ve\/mpppstweb\/wp-content\/uploads\/2017\/07\/1463666039429.jpg\",\"contentUrl\":\"https:\/\/www.mpppst.gob.ve\/mpppstweb\/wp-content\/uploads\/2017\/07\/1463666039429.jpg\",\"width\":800,\"height\":445},{\"@type\":\"BreadcrumbList\",\"@id\":\"https:\/\/www.mpppst.gob.ve\/mpppstweb\/index.php\/2017\/07\/04\/francisco-torrealba-no-se-justifica-que-comerciantes-incrementen-precios-por-aumento-salarial\/#breadcrumb\",\"itemListElement\":[{\"@type\":\"ListItem\",\"position\":1,\"name\":\"Home\",\"item\":\"https:\/\/www.mpppst.gob.ve\/mpppstweb\/\"},{\"@type\":\"ListItem\",\"position\":2,\"name\":\"Francisco Torrealba: no se justifica que comerciantes incrementen precios por aumento salarial\"}]},{\"@type\":\"WebSite\",\"@id\":\"https:\/\/www.mpppst.gob.ve\/mpppstweb\/#website\",\"url\":\"https:\/\/www.mpppst.gob.ve\/mpppstweb\/\",\"name\":\"MPPPST\",\"description\":\"Ministerio del Poder Popular para el Proceso Social de Trabajo\",\"publisher\":{\"@id\":\"https:\/\/www.mpppst.gob.ve\/mpppstweb\/#organization\"},\"potentialAction\":[{\"@type\":\"SearchAction\",\"target\":{\"@type\":\"EntryPoint\",\"urlTemplate\":\"https:\/\/www.mpppst.gob.ve\/mpppstweb\/?s={search_term_string}\"},\"query-input\":\"required name=search_term_string\"}],\"inLanguage\":\"es\"},{\"@type\":\"Organization\",\"@id\":\"https:\/\/www.mpppst.gob.ve\/mpppstweb\/#organization\",\"name\":\"mpppst\",\"url\":\"https:\/\/www.mpppst.gob.ve\/mpppstweb\/\",\"logo\":{\"@type\":\"ImageObject\",\"inLanguage\":\"es\",\"@id\":\"https:\/\/www.mpppst.gob.ve\/mpppstweb\/#\/schema\/logo\/image\/\",\"url\":\"https:\/\/www.mpppst.gob.ve\/mpppstweb\/wp-content\/uploads\/2025\/07\/cropped-cropped-g910.png\",\"contentUrl\":\"https:\/\/www.mpppst.gob.ve\/mpppstweb\/wp-content\/uploads\/2025\/07\/cropped-cropped-g910.png\",\"width\":1080,\"height\":241,\"caption\":\"mpppst\"},\"image\":{\"@id\":\"https:\/\/www.mpppst.gob.ve\/mpppstweb\/#\/schema\/logo\/image\/\"}},{\"@type\":\"Person\",\"@id\":\"https:\/\/www.mpppst.gob.ve\/mpppstweb\/#\/schema\/person\/fc187ee8ead412bd4c9304b62f900ea4\",\"name\":\"MPPPST Prensa\",\"url\":\"https:\/\/www.mpppst.gob.ve\/mpppstweb\/index.php\/author\/prensa-mpppst\/\"}]}<\/script>\n<!-- \/ Yoast SEO plugin. -->","yoast_head_json":{"title":"Francisco Torrealba: no se justifica que comerciantes incrementen precios por aumento salarial - MPPPST","robots":{"index":"index","follow":"follow","max-snippet":"max-snippet:-1","max-image-preview":"max-image-preview:large","max-video-preview":"max-video-preview:-1"},"canonical":"https:\/\/www.mpppst.gob.ve\/mpppstweb\/index.php\/2017\/07\/04\/francisco-torrealba-no-se-justifica-que-comerciantes-incrementen-precios-por-aumento-salarial\/","og_locale":"es_ES","og_type":"article","og_title":"Francisco Torrealba: no se justifica que comerciantes incrementen precios por aumento salarial - MPPPST","og_description":"Durante el programa Noticias Globovisi\u00f3n Econom\u00eda, el vicepresidente de la Central Bolivariana Socialista de Trabajadores y &hellip; Francisco Torrealba: no se justifica que comerciantes incrementen precios por aumento salarialRead more","og_url":"https:\/\/www.mpppst.gob.ve\/mpppstweb\/index.php\/2017\/07\/04\/francisco-torrealba-no-se-justifica-que-comerciantes-incrementen-precios-por-aumento-salarial\/","og_site_name":"MPPPST","article_published_time":"2017-07-04T20:25:01+00:00","og_image":[{"width":800,"height":445,"url":"https:\/\/www.mpppst.gob.ve\/mpppstweb\/wp-content\/uploads\/2017\/07\/1463666039429.jpg","type":"image\/jpeg"}],"author":"MPPPST Prensa","twitter_card":"summary_large_image","twitter_misc":{"Escrito por":"MPPPST Prensa","Tiempo de lectura":"1 minuto"},"schema":{"@context":"https:\/\/schema.org","@graph":[{"@type":"Article","@id":"https:\/\/www.mpppst.gob.ve\/mpppstweb\/index.php\/2017\/07\/04\/francisco-torrealba-no-se-justifica-que-comerciantes-incrementen-precios-por-aumento-salarial\/#article","isPartOf":{"@id":"https:\/\/www.mpppst.gob.ve\/mpppstweb\/index.php\/2017\/07\/04\/francisco-torrealba-no-se-justifica-que-comerciantes-incrementen-precios-por-aumento-salarial\/"},"author":{"name":"MPPPST Prensa","@id":"https:\/\/www.mpppst.gob.ve\/mpppstweb\/#\/schema\/person\/fc187ee8ead412bd4c9304b62f900ea4"},"headline":"Francisco Torrealba: no se justifica que comerciantes incrementen precios por aumento salarial","datePublished":"2017-07-04T20:25:01+00:00","dateModified":"2017-07-04T20:25:01+00:00","mainEntityOfPage":{"@id":"https:\/\/www.mpppst.gob.ve\/mpppstweb\/index.php\/2017\/07\/04\/francisco-torrealba-no-se-justifica-que-comerciantes-incrementen-precios-por-aumento-salarial\/"},"wordCount":177,"publisher":{"@id":"https:\/\/www.mpppst.gob.ve\/mpppstweb\/#organization"},"image":{"@id":"https:\/\/www.mpppst.gob.ve\/mpppstweb\/index.php\/2017\/07\/04\/francisco-torrealba-no-se-justifica-que-comerciantes-incrementen-precios-por-aumento-salarial\/#primaryimage"},"thumbnailUrl":"https:\/\/www.mpppst.gob.ve\/mpppstweb\/wp-content\/uploads\/2017\/07\/1463666039429.jpg","articleSection":["Gobierno Nacional","Noticias"],"inLanguage":"es"},{"@type":"WebPage","@id":"https:\/\/www.mpppst.gob.ve\/mpppstweb\/index.php\/2017\/07\/04\/francisco-torrealba-no-se-justifica-que-comerciantes-incrementen-precios-por-aumento-salarial\/","url":"https:\/\/www.mpppst.gob.ve\/mpppstweb\/index.php\/2017\/07\/04\/francisco-torrealba-no-se-justifica-que-comerciantes-incrementen-precios-por-aumento-salarial\/","name":"Francisco Torrealba: no se justifica que comerciantes incrementen precios por aumento salarial - MPPPST","isPartOf":{"@id":"https:\/\/www.mpppst.gob.ve\/mpppstweb\/#website"},"primaryImageOfPage":{"@id":"https:\/\/www.mpppst.gob.ve\/mpppstweb\/index.php\/2017\/07\/04\/francisco-torrealba-no-se-justifica-que-comerciantes-incrementen-precios-por-aumento-salarial\/#primaryimage"},"image":{"@id":"https:\/\/www.mpppst.gob.ve\/mpppstweb\/index.php\/2017\/07\/04\/francisco-torrealba-no-se-justifica-que-comerciantes-incrementen-precios-por-aumento-salarial\/#primaryimage"},"thumbnailUrl":"https:\/\/www.mpppst.gob.ve\/mpppstweb\/wp-content\/uploads\/2017\/07\/1463666039429.jpg","datePublished":"2017-07-04T20:25:01+00:00","dateModified":"2017-07-04T20:25:01+00:00","breadcrumb":{"@id":"https:\/\/www.mpppst.gob.ve\/mpppstweb\/index.php\/2017\/07\/04\/francisco-torrealba-no-se-justifica-que-comerciantes-incrementen-precios-por-aumento-salarial\/#breadcrumb"},"inLanguage":"es","potentialAction":[{"@type":"ReadAction","target":["https:\/\/www.mpppst.gob.ve\/mpppstweb\/index.php\/2017\/07\/04\/francisco-torrealba-no-se-justifica-que-comerciantes-incrementen-precios-por-aumento-salarial\/"]}]},{"@type":"ImageObject","inLanguage":"es","@id":"https:\/\/www.mpppst.gob.ve\/mpppstweb\/index.php\/2017\/07\/04\/francisco-torrealba-no-se-justifica-que-comerciantes-incrementen-precios-por-aumento-salarial\/#primaryimage","url":"https:\/\/www.mpppst.gob.ve\/mpppstweb\/wp-content\/uploads\/2017\/07\/1463666039429.jpg","contentUrl":"https:\/\/www.mpppst.gob.ve\/mpppstweb\/wp-content\/uploads\/2017\/07\/1463666039429.jpg","width":800,"height":445},{"@type":"BreadcrumbList","@id":"https:\/\/www.mpppst.gob.ve\/mpppstweb\/index.php\/2017\/07\/04\/francisco-torrealba-no-se-justifica-que-comerciantes-incrementen-precios-por-aumento-salarial\/#breadcrumb","itemListElement":[{"@type":"ListItem","position":1,"name":"Home","item":"https:\/\/www.mpppst.gob.ve\/mpppstweb\/"},{"@type":"ListItem","position":2,"name":"Francisco Torrealba: no se justifica que comerciantes incrementen precios por aumento salarial"}]},{"@type":"WebSite","@id":"https:\/\/www.mpppst.gob.ve\/mpppstweb\/#website","url":"https:\/\/www.mpppst.gob.ve\/mpppstweb\/","name":"MPPPST","description":"Ministerio del Poder Popular para el Proceso Social de Trabajo","publisher":{"@id":"https:\/\/www.mpppst.gob.ve\/mpppstweb\/#organization"},"potentialAction":[{"@type":"SearchAction","target":{"@type":"EntryPoint","urlTemplate":"https:\/\/www.mpppst.gob.ve\/mpppstweb\/?s={search_term_string}"},"query-input":"required name=search_term_string"}],"inLanguage":"es"},{"@type":"Organization","@id":"https:\/\/www.mpppst.gob.ve\/mpppstweb\/#organization","name":"mpppst","url":"https:\/\/www.mpppst.gob.ve\/mpppstweb\/","logo":{"@type":"ImageObject","inLanguage":"es","@id":"https:\/\/www.mpppst.gob.ve\/mpppstweb\/#\/schema\/logo\/image\/","url":"https:\/\/www.mpppst.gob.ve\/mpppstweb\/wp-content\/uploads\/2025\/07\/cropped-cropped-g910.png","contentUrl":"https:\/\/www.mpppst.gob.ve\/mpppstweb\/wp-content\/uploads\/2025\/07\/cropped-cropped-g910.png","width":1080,"height":241,"caption":"mpppst"},"image":{"@id":"https:\/\/www.mpppst.gob.ve\/mpppstweb\/#\/schema\/logo\/image\/"}},{"@type":"Person","@id":"https:\/\/www.mpppst.gob.ve\/mpppstweb\/#\/schema\/person\/fc187ee8ead412bd4c9304b62f900ea4","name":"MPPPST Prensa","url":"https:\/\/www.mpppst.gob.ve\/mpppstweb\/index.php\/author\/prensa-mpppst\/"}]}},"_links":{"self":[{"href":"https:\/\/www.mpppst.gob.ve\/mpppstweb\/index.php\/wp-json\/wp\/v2\/posts\/12086"}],"collection":[{"href":"https:\/\/www.mpppst.gob.ve\/mpppstweb\/index.php\/wp-json\/wp\/v2\/posts"}],"about":[{"href":"https:\/\/www.mpppst.gob.ve\/mpppstweb\/index.php\/wp-json\/wp\/v2\/types\/post"}],"author":[{"embeddable":true,"href":"https:\/\/www.mpppst.gob.ve\/mpppstweb\/index.php\/wp-json\/wp\/v2\/users\/25"}],"replies":[{"embeddable":true,"href":"https:\/\/www.mpppst.gob.ve\/mpppstweb\/index.php\/wp-json\/wp\/v2\/comments?post=12086"}],"version-history":[{"count":1,"href":"https:\/\/www.mpppst.gob.ve\/mpppstweb\/index.php\/wp-json\/wp\/v2\/posts\/12086\/revisions"}],"predecessor-version":[{"id":12088,"href":"https:\/\/www.mpppst.gob.ve\/mpppstweb\/index.php\/wp-json\/wp\/v2\/posts\/12086\/revisions\/12088"}],"wp:featuredmedia":[{"embeddable":true,"href":"https:\/\/www.mpppst.gob.ve\/mpppstweb\/index.php\/wp-json\/wp\/v2\/media\/12087"}],"wp:attachment":[{"href":"https:\/\/www.mpppst.gob.ve\/mpppstweb\/index.php\/wp-json\/wp\/v2\/media?parent=12086"}],"wp:term":[{"taxonomy":"category","embeddable":true,"href":"https:\/\/www.mpppst.gob.ve\/mpppstweb\/index.php\/wp-json\/wp\/v2\/categories?post=12086"},{"taxonomy":"post_tag","embeddable":true,"href":"https:\/\/www.mpppst.gob.ve\/mpppstweb\/index.php\/wp-json\/wp\/v2\/tags?post=12086"}],"curies":[{"name":"wp","href":"https:\/\/api.w.org\/{rel}","templated":true}]}}