{"id":12089,"date":"2017-07-06T16:03:10","date_gmt":"2017-07-06T20:03:10","guid":{"rendered":"http:\/\/www.mpppst.gob.ve\/mpppstweb\/?p=12089"},"modified":"2017-07-12T08:58:18","modified_gmt":"2017-07-12T12:58:18","slug":"en-dos-procesos-seran-electos-los-545-miembros-de-asamblea-nacional-constituyente","status":"publish","type":"post","link":"https:\/\/www.mpppst.gob.ve\/mpppstweb\/index.php\/2017\/07\/06\/en-dos-procesos-seran-electos-los-545-miembros-de-asamblea-nacional-constituyente\/","title":{"rendered":"En dos procesos ser\u00e1n electos los 545 miembros de Asamblea Nacional Constituyente"},"content":{"rendered":"<p>AVN.- La elecci\u00f3n de los 545 candidatos que integrar\u00e1n la Asamblea Nacional Constituyente se realizar\u00e1 en dos procesos: uno previsto el 23 de julio, cuando se realizar\u00e1n tres asambleas regionales para elegir a los ocho diputados de los pueblos ind\u00edgenas, y otro pautado para el 30 de julio, cuando se escojan en elecciones 537 candidatos territoriales y sectoriales.<\/p>\n<p>Las asambleas, que contar\u00e1n con la participaci\u00f3n de miembros del Poder Electoral, se realizar\u00e1n en la regi\u00f3n occidental, compuesta por los estados Zulia, M\u00e9rida y Trujillo, donde se escoger\u00e1n cuatro constituyentes; en la regi\u00f3n oriental, integrada por Anzo\u00e1tegui, Bol\u00edvar, Delta Amacuro, Monagas y Sucre, donde se elegir\u00e1n tres; y en la regi\u00f3n sur, que incluye a Amazonas y Apure, donde ser\u00e1 votado uno.<\/p>\n<p>Los participantes de estos encuentros fueron electos en 3.473 asambleas comunitarias. En cada una se suscribi\u00f3 un acta suministrada por el Consejo Nacional Electoral (CNE), en donde se detall\u00f3 la fecha y hora de la reuni\u00f3n, as\u00ed como el nombre de la etnia ind\u00edgena, la comunidad, municipio, estado de ubicaci\u00f3n y el n\u00famero de asistentes que participaron y aprobaron la votaci\u00f3n.<\/p>\n<p>El 30 de julio, se llevar\u00e1 a cabo la elecci\u00f3n de los otros 537 constituyentes: 173 miembros sectoriales \u2014entre trabajadores, estudiantes, comunas, campesinos y pescadores, pensionados, personas con discapacidad y empresarios\u2014 y 364 territoriales, a raz\u00f3n de uno por municipio, dos por capitales de estado y siete por Distrito Capital.<\/p>\n<p>De acuerdo a informaci\u00f3n del Poder Electoral, fueron admitidas 6.120 candidaturas, de las cuales 3.546 son aspirantes en la modalidad territorial, mientras que 2.574 participar\u00e1n en la elecci\u00f3n de sectores sociales.<\/p>\n","protected":false},"excerpt":{"rendered":"<p>AVN.- La elecci\u00f3n de los 545 candidatos que integrar\u00e1n la Asamblea Nacional Constituyente se realizar\u00e1 en &hellip; <a title=\"En dos procesos ser\u00e1n electos los 545 miembros de Asamblea Nacional Constituyente\" class=\"hm-read-more\" href=\"https:\/\/www.mpppst.gob.ve\/mpppstweb\/index.php\/2017\/07\/06\/en-dos-procesos-seran-electos-los-545-miembros-de-asamblea-nacional-constituyente\/\"><span class=\"screen-reader-text\">En dos procesos ser\u00e1n electos los 545 miembros de Asamblea Nacional Constituyente<\/span>Read more<\/a><\/p>\n","protected":false},"author":25,"featured_media":12116,"comment_status":"closed","ping_status":"closed","sticky":false,"template":"","format":"standard","meta":{"footnotes":""},"categories":[395,82,163],"tags":[],"yoast_head":"<!-- This site is optimized with the Yoast SEO plugin v22.5 - https:\/\/yoast.com\/wordpress\/plugins\/seo\/ -->\n<title>En dos procesos ser\u00e1n electos los 545 miembros de Asamblea Nacional Constituyente - MPPPST<\/title>\n<meta name=\"robots\" content=\"index, follow, max-snippet:-1, max-image-preview:large, max-video-preview:-1\" \/>\n<link rel=\"canonical\" href=\"https:\/\/www.mpppst.gob.ve\/mpppstweb\/index.php\/2017\/07\/06\/en-dos-procesos-seran-electos-los-545-miembros-de-asamblea-nacional-constituyente\/\" \/>\n<meta property=\"og:locale\" content=\"es_ES\" \/>\n<meta property=\"og:type\" content=\"article\" \/>\n<meta property=\"og:title\" content=\"En dos procesos ser\u00e1n electos los 545 miembros de Asamblea Nacional Constituyente - MPPPST\" \/>\n<meta property=\"og:description\" content=\"AVN.- La elecci\u00f3n de los 545 candidatos que integrar\u00e1n la Asamblea Nacional Constituyente se realizar\u00e1 en &hellip; En dos procesos ser\u00e1n electos los 545 miembros de Asamblea Nacional ConstituyenteRead more\" \/>\n<meta property=\"og:url\" content=\"https:\/\/www.mpppst.gob.ve\/mpppstweb\/index.php\/2017\/07\/06\/en-dos-procesos-seran-electos-los-545-miembros-de-asamblea-nacional-constituyente\/\" \/>\n<meta property=\"og:site_name\" content=\"MPPPST\" \/>\n<meta property=\"article:published_time\" content=\"2017-07-06T20:03:10+00:00\" \/>\n<meta property=\"article:modified_time\" content=\"2017-07-12T12:58:18+00:00\" \/>\n<meta property=\"og:image\" content=\"https:\/\/www.mpppst.gob.ve\/mpppstweb\/wp-content\/uploads\/2017\/07\/CNE-1.jpg\" \/>\n\t<meta property=\"og:image:width\" content=\"800\" \/>\n\t<meta property=\"og:image:height\" content=\"445\" \/>\n\t<meta property=\"og:image:type\" content=\"image\/jpeg\" \/>\n<meta name=\"author\" content=\"MPPPST Prensa\" \/>\n<meta name=\"twitter:card\" content=\"summary_large_image\" \/>\n<meta name=\"twitter:label1\" content=\"Escrito por\" \/>\n\t<meta name=\"twitter:data1\" content=\"MPPPST Prensa\" \/>\n\t<meta name=\"twitter:label2\" content=\"Tiempo de lectura\" \/>\n\t<meta name=\"twitter:data2\" content=\"1 minuto\" \/>\n<script type=\"application\/ld+json\" class=\"yoast-schema-graph\">{\"@context\":\"https:\/\/schema.org\",\"@graph\":[{\"@type\":\"Article\",\"@id\":\"https:\/\/www.mpppst.gob.ve\/mpppstweb\/index.php\/2017\/07\/06\/en-dos-procesos-seran-electos-los-545-miembros-de-asamblea-nacional-constituyente\/#article\",\"isPartOf\":{\"@id\":\"https:\/\/www.mpppst.gob.ve\/mpppstweb\/index.php\/2017\/07\/06\/en-dos-procesos-seran-electos-los-545-miembros-de-asamblea-nacional-constituyente\/\"},\"author\":{\"name\":\"MPPPST Prensa\",\"@id\":\"https:\/\/www.mpppst.gob.ve\/mpppstweb\/#\/schema\/person\/fc187ee8ead412bd4c9304b62f900ea4\"},\"headline\":\"En dos procesos ser\u00e1n electos los 545 miembros de Asamblea Nacional Constituyente\",\"datePublished\":\"2017-07-06T20:03:10+00:00\",\"dateModified\":\"2017-07-12T12:58:18+00:00\",\"mainEntityOfPage\":{\"@id\":\"https:\/\/www.mpppst.gob.ve\/mpppstweb\/index.php\/2017\/07\/06\/en-dos-procesos-seran-electos-los-545-miembros-de-asamblea-nacional-constituyente\/\"},\"wordCount\":289,\"publisher\":{\"@id\":\"https:\/\/www.mpppst.gob.ve\/mpppstweb\/#organization\"},\"image\":{\"@id\":\"https:\/\/www.mpppst.gob.ve\/mpppstweb\/index.php\/2017\/07\/06\/en-dos-procesos-seran-electos-los-545-miembros-de-asamblea-nacional-constituyente\/#primaryimage\"},\"thumbnailUrl\":\"https:\/\/www.mpppst.gob.ve\/mpppstweb\/wp-content\/uploads\/2017\/07\/CNE-1.jpg\",\"articleSection\":[\"CNE\",\"Gobierno Nacional\",\"Noticias\"],\"inLanguage\":\"es\"},{\"@type\":\"WebPage\",\"@id\":\"https:\/\/www.mpppst.gob.ve\/mpppstweb\/index.php\/2017\/07\/06\/en-dos-procesos-seran-electos-los-545-miembros-de-asamblea-nacional-constituyente\/\",\"url\":\"https:\/\/www.mpppst.gob.ve\/mpppstweb\/index.php\/2017\/07\/06\/en-dos-procesos-seran-electos-los-545-miembros-de-asamblea-nacional-constituyente\/\",\"name\":\"En dos procesos ser\u00e1n electos los 545 miembros de Asamblea Nacional Constituyente - MPPPST\",\"isPartOf\":{\"@id\":\"https:\/\/www.mpppst.gob.ve\/mpppstweb\/#website\"},\"primaryImageOfPage\":{\"@id\":\"https:\/\/www.mpppst.gob.ve\/mpppstweb\/index.php\/2017\/07\/06\/en-dos-procesos-seran-electos-los-545-miembros-de-asamblea-nacional-constituyente\/#primaryimage\"},\"image\":{\"@id\":\"https:\/\/www.mpppst.gob.ve\/mpppstweb\/index.php\/2017\/07\/06\/en-dos-procesos-seran-electos-los-545-miembros-de-asamblea-nacional-constituyente\/#primaryimage\"},\"thumbnailUrl\":\"https:\/\/www.mpppst.gob.ve\/mpppstweb\/wp-content\/uploads\/2017\/07\/CNE-1.jpg\",\"datePublished\":\"2017-07-06T20:03:10+00:00\",\"dateModified\":\"2017-07-12T12:58:18+00:00\",\"breadcrumb\":{\"@id\":\"https:\/\/www.mpppst.gob.ve\/mpppstweb\/index.php\/2017\/07\/06\/en-dos-procesos-seran-electos-los-545-miembros-de-asamblea-nacional-constituyente\/#breadcrumb\"},\"inLanguage\":\"es\",\"potentialAction\":[{\"@type\":\"ReadAction\",\"target\":[\"https:\/\/www.mpppst.gob.ve\/mpppstweb\/index.php\/2017\/07\/06\/en-dos-procesos-seran-electos-los-545-miembros-de-asamblea-nacional-constituyente\/\"]}]},{\"@type\":\"ImageObject\",\"inLanguage\":\"es\",\"@id\":\"https:\/\/www.mpppst.gob.ve\/mpppstweb\/index.php\/2017\/07\/06\/en-dos-procesos-seran-electos-los-545-miembros-de-asamblea-nacional-constituyente\/#primaryimage\",\"url\":\"https:\/\/www.mpppst.gob.ve\/mpppstweb\/wp-content\/uploads\/2017\/07\/CNE-1.jpg\",\"contentUrl\":\"https:\/\/www.mpppst.gob.ve\/mpppstweb\/wp-content\/uploads\/2017\/07\/CNE-1.jpg\",\"width\":800,\"height\":445},{\"@type\":\"BreadcrumbList\",\"@id\":\"https:\/\/www.mpppst.gob.ve\/mpppstweb\/index.php\/2017\/07\/06\/en-dos-procesos-seran-electos-los-545-miembros-de-asamblea-nacional-constituyente\/#breadcrumb\",\"itemListElement\":[{\"@type\":\"ListItem\",\"position\":1,\"name\":\"Home\",\"item\":\"https:\/\/www.mpppst.gob.ve\/mpppstweb\/\"},{\"@type\":\"ListItem\",\"position\":2,\"name\":\"En dos procesos ser\u00e1n electos los 545 miembros de Asamblea Nacional Constituyente\"}]},{\"@type\":\"WebSite\",\"@id\":\"https:\/\/www.mpppst.gob.ve\/mpppstweb\/#website\",\"url\":\"https:\/\/www.mpppst.gob.ve\/mpppstweb\/\",\"name\":\"MPPPST\",\"description\":\"Ministerio del Poder Popular para el Proceso Social de Trabajo\",\"publisher\":{\"@id\":\"https:\/\/www.mpppst.gob.ve\/mpppstweb\/#organization\"},\"potentialAction\":[{\"@type\":\"SearchAction\",\"target\":{\"@type\":\"EntryPoint\",\"urlTemplate\":\"https:\/\/www.mpppst.gob.ve\/mpppstweb\/?s={search_term_string}\"},\"query-input\":\"required name=search_term_string\"}],\"inLanguage\":\"es\"},{\"@type\":\"Organization\",\"@id\":\"https:\/\/www.mpppst.gob.ve\/mpppstweb\/#organization\",\"name\":\"mpppst\",\"url\":\"https:\/\/www.mpppst.gob.ve\/mpppstweb\/\",\"logo\":{\"@type\":\"ImageObject\",\"inLanguage\":\"es\",\"@id\":\"https:\/\/www.mpppst.gob.ve\/mpppstweb\/#\/schema\/logo\/image\/\",\"url\":\"https:\/\/www.mpppst.gob.ve\/mpppstweb\/wp-content\/uploads\/2025\/07\/cropped-cropped-g910.png\",\"contentUrl\":\"https:\/\/www.mpppst.gob.ve\/mpppstweb\/wp-content\/uploads\/2025\/07\/cropped-cropped-g910.png\",\"width\":1080,\"height\":241,\"caption\":\"mpppst\"},\"image\":{\"@id\":\"https:\/\/www.mpppst.gob.ve\/mpppstweb\/#\/schema\/logo\/image\/\"}},{\"@type\":\"Person\",\"@id\":\"https:\/\/www.mpppst.gob.ve\/mpppstweb\/#\/schema\/person\/fc187ee8ead412bd4c9304b62f900ea4\",\"name\":\"MPPPST Prensa\",\"url\":\"https:\/\/www.mpppst.gob.ve\/mpppstweb\/index.php\/author\/prensa-mpppst\/\"}]}<\/script>\n<!-- \/ Yoast SEO plugin. -->","yoast_head_json":{"title":"En dos procesos ser\u00e1n electos los 545 miembros de Asamblea Nacional Constituyente - MPPPST","robots":{"index":"index","follow":"follow","max-snippet":"max-snippet:-1","max-image-preview":"max-image-preview:large","max-video-preview":"max-video-preview:-1"},"canonical":"https:\/\/www.mpppst.gob.ve\/mpppstweb\/index.php\/2017\/07\/06\/en-dos-procesos-seran-electos-los-545-miembros-de-asamblea-nacional-constituyente\/","og_locale":"es_ES","og_type":"article","og_title":"En dos procesos ser\u00e1n electos los 545 miembros de Asamblea Nacional Constituyente - MPPPST","og_description":"AVN.- La elecci\u00f3n de los 545 candidatos que integrar\u00e1n la Asamblea Nacional Constituyente se realizar\u00e1 en &hellip; En dos procesos ser\u00e1n electos los 545 miembros de Asamblea Nacional ConstituyenteRead more","og_url":"https:\/\/www.mpppst.gob.ve\/mpppstweb\/index.php\/2017\/07\/06\/en-dos-procesos-seran-electos-los-545-miembros-de-asamblea-nacional-constituyente\/","og_site_name":"MPPPST","article_published_time":"2017-07-06T20:03:10+00:00","article_modified_time":"2017-07-12T12:58:18+00:00","og_image":[{"width":800,"height":445,"url":"https:\/\/www.mpppst.gob.ve\/mpppstweb\/wp-content\/uploads\/2017\/07\/CNE-1.jpg","type":"image\/jpeg"}],"author":"MPPPST Prensa","twitter_card":"summary_large_image","twitter_misc":{"Escrito por":"MPPPST Prensa","Tiempo de lectura":"1 minuto"},"schema":{"@context":"https:\/\/schema.org","@graph":[{"@type":"Article","@id":"https:\/\/www.mpppst.gob.ve\/mpppstweb\/index.php\/2017\/07\/06\/en-dos-procesos-seran-electos-los-545-miembros-de-asamblea-nacional-constituyente\/#article","isPartOf":{"@id":"https:\/\/www.mpppst.gob.ve\/mpppstweb\/index.php\/2017\/07\/06\/en-dos-procesos-seran-electos-los-545-miembros-de-asamblea-nacional-constituyente\/"},"author":{"name":"MPPPST Prensa","@id":"https:\/\/www.mpppst.gob.ve\/mpppstweb\/#\/schema\/person\/fc187ee8ead412bd4c9304b62f900ea4"},"headline":"En dos procesos ser\u00e1n electos los 545 miembros de Asamblea Nacional Constituyente","datePublished":"2017-07-06T20:03:10+00:00","dateModified":"2017-07-12T12:58:18+00:00","mainEntityOfPage":{"@id":"https:\/\/www.mpppst.gob.ve\/mpppstweb\/index.php\/2017\/07\/06\/en-dos-procesos-seran-electos-los-545-miembros-de-asamblea-nacional-constituyente\/"},"wordCount":289,"publisher":{"@id":"https:\/\/www.mpppst.gob.ve\/mpppstweb\/#organization"},"image":{"@id":"https:\/\/www.mpppst.gob.ve\/mpppstweb\/index.php\/2017\/07\/06\/en-dos-procesos-seran-electos-los-545-miembros-de-asamblea-nacional-constituyente\/#primaryimage"},"thumbnailUrl":"https:\/\/www.mpppst.gob.ve\/mpppstweb\/wp-content\/uploads\/2017\/07\/CNE-1.jpg","articleSection":["CNE","Gobierno Nacional","Noticias"],"inLanguage":"es"},{"@type":"WebPage","@id":"https:\/\/www.mpppst.gob.ve\/mpppstweb\/index.php\/2017\/07\/06\/en-dos-procesos-seran-electos-los-545-miembros-de-asamblea-nacional-constituyente\/","url":"https:\/\/www.mpppst.gob.ve\/mpppstweb\/index.php\/2017\/07\/06\/en-dos-procesos-seran-electos-los-545-miembros-de-asamblea-nacional-constituyente\/","name":"En dos procesos ser\u00e1n electos los 545 miembros de Asamblea Nacional Constituyente - MPPPST","isPartOf":{"@id":"https:\/\/www.mpppst.gob.ve\/mpppstweb\/#website"},"primaryImageOfPage":{"@id":"https:\/\/www.mpppst.gob.ve\/mpppstweb\/index.php\/2017\/07\/06\/en-dos-procesos-seran-electos-los-545-miembros-de-asamblea-nacional-constituyente\/#primaryimage"},"image":{"@id":"https:\/\/www.mpppst.gob.ve\/mpppstweb\/index.php\/2017\/07\/06\/en-dos-procesos-seran-electos-los-545-miembros-de-asamblea-nacional-constituyente\/#primaryimage"},"thumbnailUrl":"https:\/\/www.mpppst.gob.ve\/mpppstweb\/wp-content\/uploads\/2017\/07\/CNE-1.jpg","datePublished":"2017-07-06T20:03:10+00:00","dateModified":"2017-07-12T12:58:18+00:00","breadcrumb":{"@id":"https:\/\/www.mpppst.gob.ve\/mpppstweb\/index.php\/2017\/07\/06\/en-dos-procesos-seran-electos-los-545-miembros-de-asamblea-nacional-constituyente\/#breadcrumb"},"inLanguage":"es","potentialAction":[{"@type":"ReadAction","target":["https:\/\/www.mpppst.gob.ve\/mpppstweb\/index.php\/2017\/07\/06\/en-dos-procesos-seran-electos-los-545-miembros-de-asamblea-nacional-constituyente\/"]}]},{"@type":"ImageObject","inLanguage":"es","@id":"https:\/\/www.mpppst.gob.ve\/mpppstweb\/index.php\/2017\/07\/06\/en-dos-procesos-seran-electos-los-545-miembros-de-asamblea-nacional-constituyente\/#primaryimage","url":"https:\/\/www.mpppst.gob.ve\/mpppstweb\/wp-content\/uploads\/2017\/07\/CNE-1.jpg","contentUrl":"https:\/\/www.mpppst.gob.ve\/mpppstweb\/wp-content\/uploads\/2017\/07\/CNE-1.jpg","width":800,"height":445},{"@type":"BreadcrumbList","@id":"https:\/\/www.mpppst.gob.ve\/mpppstweb\/index.php\/2017\/07\/06\/en-dos-procesos-seran-electos-los-545-miembros-de-asamblea-nacional-constituyente\/#breadcrumb","itemListElement":[{"@type":"ListItem","position":1,"name":"Home","item":"https:\/\/www.mpppst.gob.ve\/mpppstweb\/"},{"@type":"ListItem","position":2,"name":"En dos procesos ser\u00e1n electos los 545 miembros de Asamblea Nacional Constituyente"}]},{"@type":"WebSite","@id":"https:\/\/www.mpppst.gob.ve\/mpppstweb\/#website","url":"https:\/\/www.mpppst.gob.ve\/mpppstweb\/","name":"MPPPST","description":"Ministerio del Poder Popular para el Proceso Social de Trabajo","publisher":{"@id":"https:\/\/www.mpppst.gob.ve\/mpppstweb\/#organization"},"potentialAction":[{"@type":"SearchAction","target":{"@type":"EntryPoint","urlTemplate":"https:\/\/www.mpppst.gob.ve\/mpppstweb\/?s={search_term_string}"},"query-input":"required name=search_term_string"}],"inLanguage":"es"},{"@type":"Organization","@id":"https:\/\/www.mpppst.gob.ve\/mpppstweb\/#organization","name":"mpppst","url":"https:\/\/www.mpppst.gob.ve\/mpppstweb\/","logo":{"@type":"ImageObject","inLanguage":"es","@id":"https:\/\/www.mpppst.gob.ve\/mpppstweb\/#\/schema\/logo\/image\/","url":"https:\/\/www.mpppst.gob.ve\/mpppstweb\/wp-content\/uploads\/2025\/07\/cropped-cropped-g910.png","contentUrl":"https:\/\/www.mpppst.gob.ve\/mpppstweb\/wp-content\/uploads\/2025\/07\/cropped-cropped-g910.png","width":1080,"height":241,"caption":"mpppst"},"image":{"@id":"https:\/\/www.mpppst.gob.ve\/mpppstweb\/#\/schema\/logo\/image\/"}},{"@type":"Person","@id":"https:\/\/www.mpppst.gob.ve\/mpppstweb\/#\/schema\/person\/fc187ee8ead412bd4c9304b62f900ea4","name":"MPPPST Prensa","url":"https:\/\/www.mpppst.gob.ve\/mpppstweb\/index.php\/author\/prensa-mpppst\/"}]}},"_links":{"self":[{"href":"https:\/\/www.mpppst.gob.ve\/mpppstweb\/index.php\/wp-json\/wp\/v2\/posts\/12089"}],"collection":[{"href":"https:\/\/www.mpppst.gob.ve\/mpppstweb\/index.php\/wp-json\/wp\/v2\/posts"}],"about":[{"href":"https:\/\/www.mpppst.gob.ve\/mpppstweb\/index.php\/wp-json\/wp\/v2\/types\/post"}],"author":[{"embeddable":true,"href":"https:\/\/www.mpppst.gob.ve\/mpppstweb\/index.php\/wp-json\/wp\/v2\/users\/25"}],"replies":[{"embeddable":true,"href":"https:\/\/www.mpppst.gob.ve\/mpppstweb\/index.php\/wp-json\/wp\/v2\/comments?post=12089"}],"version-history":[{"count":1,"href":"https:\/\/www.mpppst.gob.ve\/mpppstweb\/index.php\/wp-json\/wp\/v2\/posts\/12089\/revisions"}],"predecessor-version":[{"id":12091,"href":"https:\/\/www.mpppst.gob.ve\/mpppstweb\/index.php\/wp-json\/wp\/v2\/posts\/12089\/revisions\/12091"}],"wp:featuredmedia":[{"embeddable":true,"href":"https:\/\/www.mpppst.gob.ve\/mpppstweb\/index.php\/wp-json\/wp\/v2\/media\/12116"}],"wp:attachment":[{"href":"https:\/\/www.mpppst.gob.ve\/mpppstweb\/index.php\/wp-json\/wp\/v2\/media?parent=12089"}],"wp:term":[{"taxonomy":"category","embeddable":true,"href":"https:\/\/www.mpppst.gob.ve\/mpppstweb\/index.php\/wp-json\/wp\/v2\/categories?post=12089"},{"taxonomy":"post_tag","embeddable":true,"href":"https:\/\/www.mpppst.gob.ve\/mpppstweb\/index.php\/wp-json\/wp\/v2\/tags?post=12089"}],"curies":[{"name":"wp","href":"https:\/\/api.w.org\/{rel}","templated":true}]}}