{"id":12092,"date":"2017-07-06T16:14:39","date_gmt":"2017-07-06T20:14:39","guid":{"rendered":"http:\/\/www.mpppst.gob.ve\/mpppstweb\/?p=12092"},"modified":"2017-07-06T16:14:39","modified_gmt":"2017-07-06T20:14:39","slug":"clase-obrera-respalda-aumento-de-salario-decretado-por-el-presidente-maduro","status":"publish","type":"post","link":"https:\/\/www.mpppst.gob.ve\/mpppstweb\/index.php\/2017\/07\/06\/clase-obrera-respalda-aumento-de-salario-decretado-por-el-presidente-maduro\/","title":{"rendered":"Clase Obrera respalda aumento de salario decretado por el presidente Maduro"},"content":{"rendered":"<p>Por Marbelys Mav\u00e1rez Laguna<\/p>\n<p>Desde el Ministerio del Poder Popular para la Agricultura Productiva y Tierras (MPPAPT), Franklin Rond\u00f3n, presidente de la Federaci\u00f3n Nacional de Trabajadores del Sector P\u00fablico (Fentrasep) se\u00f1al\u00f3 que la clase obrera venezolana respalda la medida de incremento salarial decretada por el presidente obrero Nicol\u00e1s Maduro Moros con el fin de proteger los ingresos de los trabajadores y trabajadoras del pa\u00eds.<\/p>\n<p>Rond\u00f3n manifest\u00f3 que en Venezuela se aumenta el salario pensando en la salvaguarda del pueblo, quien ha sido atacado por la guerra econ\u00f3mica.<\/p>\n<p>Se\u00f1al\u00f3 que pa\u00edses como Argentina han sido despedidos 200 mil empleados del sector p\u00fablico, en contraste con las medidas de protecci\u00f3n asumidas por el Gobierno venezolano.<\/p>\n<p>Asimismo, invit\u00f3 a los empleados del sector p\u00fablico del pa\u00eds a participar en el proceso Constituyente, en virtud de que es primera vez en la historia que ser\u00e1n elegidos 79 candidatos a la Constituyente por el sector trabajadores.<\/p>\n","protected":false},"excerpt":{"rendered":"<p>Por Marbelys Mav\u00e1rez Laguna Desde el Ministerio del Poder Popular para la Agricultura Productiva y Tierras &hellip; <a title=\"Clase Obrera respalda aumento de salario decretado por el presidente Maduro\" class=\"hm-read-more\" href=\"https:\/\/www.mpppst.gob.ve\/mpppstweb\/index.php\/2017\/07\/06\/clase-obrera-respalda-aumento-de-salario-decretado-por-el-presidente-maduro\/\"><span class=\"screen-reader-text\">Clase Obrera respalda aumento de salario decretado por el presidente Maduro<\/span>Read more<\/a><\/p>\n","protected":false},"author":25,"featured_media":12093,"comment_status":"closed","ping_status":"closed","sticky":false,"template":"","format":"standard","meta":{"footnotes":""},"categories":[82,163],"tags":[],"yoast_head":"<!-- This site is optimized with the Yoast SEO plugin v22.5 - https:\/\/yoast.com\/wordpress\/plugins\/seo\/ -->\n<title>Clase Obrera respalda aumento de salario decretado por el presidente Maduro - MPPPST<\/title>\n<meta name=\"robots\" content=\"index, follow, max-snippet:-1, max-image-preview:large, max-video-preview:-1\" \/>\n<link rel=\"canonical\" href=\"https:\/\/www.mpppst.gob.ve\/mpppstweb\/index.php\/2017\/07\/06\/clase-obrera-respalda-aumento-de-salario-decretado-por-el-presidente-maduro\/\" \/>\n<meta property=\"og:locale\" content=\"es_ES\" \/>\n<meta property=\"og:type\" content=\"article\" \/>\n<meta property=\"og:title\" content=\"Clase Obrera respalda aumento de salario decretado por el presidente Maduro - MPPPST\" \/>\n<meta property=\"og:description\" content=\"Por Marbelys Mav\u00e1rez Laguna Desde el Ministerio del Poder Popular para la Agricultura Productiva y Tierras &hellip; Clase Obrera respalda aumento de salario decretado por el presidente MaduroRead more\" \/>\n<meta property=\"og:url\" content=\"https:\/\/www.mpppst.gob.ve\/mpppstweb\/index.php\/2017\/07\/06\/clase-obrera-respalda-aumento-de-salario-decretado-por-el-presidente-maduro\/\" \/>\n<meta property=\"og:site_name\" content=\"MPPPST\" \/>\n<meta property=\"article:published_time\" content=\"2017-07-06T20:14:39+00:00\" \/>\n<meta property=\"og:image\" content=\"https:\/\/www.mpppst.gob.ve\/mpppstweb\/wp-content\/uploads\/2017\/07\/2061798d-7578-424f-a88f-88e35f0605bd.jpg\" \/>\n\t<meta property=\"og:image:width\" content=\"800\" \/>\n\t<meta property=\"og:image:height\" content=\"445\" \/>\n\t<meta property=\"og:image:type\" content=\"image\/jpeg\" \/>\n<meta name=\"author\" content=\"MPPPST Prensa\" \/>\n<meta name=\"twitter:card\" content=\"summary_large_image\" \/>\n<meta name=\"twitter:label1\" content=\"Escrito por\" \/>\n\t<meta name=\"twitter:data1\" content=\"MPPPST Prensa\" \/>\n\t<meta name=\"twitter:label2\" content=\"Tiempo de lectura\" \/>\n\t<meta name=\"twitter:data2\" content=\"1 minuto\" \/>\n<script type=\"application\/ld+json\" class=\"yoast-schema-graph\">{\"@context\":\"https:\/\/schema.org\",\"@graph\":[{\"@type\":\"Article\",\"@id\":\"https:\/\/www.mpppst.gob.ve\/mpppstweb\/index.php\/2017\/07\/06\/clase-obrera-respalda-aumento-de-salario-decretado-por-el-presidente-maduro\/#article\",\"isPartOf\":{\"@id\":\"https:\/\/www.mpppst.gob.ve\/mpppstweb\/index.php\/2017\/07\/06\/clase-obrera-respalda-aumento-de-salario-decretado-por-el-presidente-maduro\/\"},\"author\":{\"name\":\"MPPPST Prensa\",\"@id\":\"https:\/\/www.mpppst.gob.ve\/mpppstweb\/#\/schema\/person\/fc187ee8ead412bd4c9304b62f900ea4\"},\"headline\":\"Clase Obrera respalda aumento de salario decretado por el presidente Maduro\",\"datePublished\":\"2017-07-06T20:14:39+00:00\",\"dateModified\":\"2017-07-06T20:14:39+00:00\",\"mainEntityOfPage\":{\"@id\":\"https:\/\/www.mpppst.gob.ve\/mpppstweb\/index.php\/2017\/07\/06\/clase-obrera-respalda-aumento-de-salario-decretado-por-el-presidente-maduro\/\"},\"wordCount\":176,\"publisher\":{\"@id\":\"https:\/\/www.mpppst.gob.ve\/mpppstweb\/#organization\"},\"image\":{\"@id\":\"https:\/\/www.mpppst.gob.ve\/mpppstweb\/index.php\/2017\/07\/06\/clase-obrera-respalda-aumento-de-salario-decretado-por-el-presidente-maduro\/#primaryimage\"},\"thumbnailUrl\":\"https:\/\/www.mpppst.gob.ve\/mpppstweb\/wp-content\/uploads\/2017\/07\/2061798d-7578-424f-a88f-88e35f0605bd.jpg\",\"articleSection\":[\"Gobierno Nacional\",\"Noticias\"],\"inLanguage\":\"es\"},{\"@type\":\"WebPage\",\"@id\":\"https:\/\/www.mpppst.gob.ve\/mpppstweb\/index.php\/2017\/07\/06\/clase-obrera-respalda-aumento-de-salario-decretado-por-el-presidente-maduro\/\",\"url\":\"https:\/\/www.mpppst.gob.ve\/mpppstweb\/index.php\/2017\/07\/06\/clase-obrera-respalda-aumento-de-salario-decretado-por-el-presidente-maduro\/\",\"name\":\"Clase Obrera respalda aumento de salario decretado por el presidente Maduro - MPPPST\",\"isPartOf\":{\"@id\":\"https:\/\/www.mpppst.gob.ve\/mpppstweb\/#website\"},\"primaryImageOfPage\":{\"@id\":\"https:\/\/www.mpppst.gob.ve\/mpppstweb\/index.php\/2017\/07\/06\/clase-obrera-respalda-aumento-de-salario-decretado-por-el-presidente-maduro\/#primaryimage\"},\"image\":{\"@id\":\"https:\/\/www.mpppst.gob.ve\/mpppstweb\/index.php\/2017\/07\/06\/clase-obrera-respalda-aumento-de-salario-decretado-por-el-presidente-maduro\/#primaryimage\"},\"thumbnailUrl\":\"https:\/\/www.mpppst.gob.ve\/mpppstweb\/wp-content\/uploads\/2017\/07\/2061798d-7578-424f-a88f-88e35f0605bd.jpg\",\"datePublished\":\"2017-07-06T20:14:39+00:00\",\"dateModified\":\"2017-07-06T20:14:39+00:00\",\"breadcrumb\":{\"@id\":\"https:\/\/www.mpppst.gob.ve\/mpppstweb\/index.php\/2017\/07\/06\/clase-obrera-respalda-aumento-de-salario-decretado-por-el-presidente-maduro\/#breadcrumb\"},\"inLanguage\":\"es\",\"potentialAction\":[{\"@type\":\"ReadAction\",\"target\":[\"https:\/\/www.mpppst.gob.ve\/mpppstweb\/index.php\/2017\/07\/06\/clase-obrera-respalda-aumento-de-salario-decretado-por-el-presidente-maduro\/\"]}]},{\"@type\":\"ImageObject\",\"inLanguage\":\"es\",\"@id\":\"https:\/\/www.mpppst.gob.ve\/mpppstweb\/index.php\/2017\/07\/06\/clase-obrera-respalda-aumento-de-salario-decretado-por-el-presidente-maduro\/#primaryimage\",\"url\":\"https:\/\/www.mpppst.gob.ve\/mpppstweb\/wp-content\/uploads\/2017\/07\/2061798d-7578-424f-a88f-88e35f0605bd.jpg\",\"contentUrl\":\"https:\/\/www.mpppst.gob.ve\/mpppstweb\/wp-content\/uploads\/2017\/07\/2061798d-7578-424f-a88f-88e35f0605bd.jpg\",\"width\":800,\"height\":445},{\"@type\":\"BreadcrumbList\",\"@id\":\"https:\/\/www.mpppst.gob.ve\/mpppstweb\/index.php\/2017\/07\/06\/clase-obrera-respalda-aumento-de-salario-decretado-por-el-presidente-maduro\/#breadcrumb\",\"itemListElement\":[{\"@type\":\"ListItem\",\"position\":1,\"name\":\"Home\",\"item\":\"https:\/\/www.mpppst.gob.ve\/mpppstweb\/\"},{\"@type\":\"ListItem\",\"position\":2,\"name\":\"Clase Obrera respalda aumento de salario decretado por el presidente Maduro\"}]},{\"@type\":\"WebSite\",\"@id\":\"https:\/\/www.mpppst.gob.ve\/mpppstweb\/#website\",\"url\":\"https:\/\/www.mpppst.gob.ve\/mpppstweb\/\",\"name\":\"MPPPST\",\"description\":\"Ministerio del Poder Popular para el Proceso Social de Trabajo\",\"publisher\":{\"@id\":\"https:\/\/www.mpppst.gob.ve\/mpppstweb\/#organization\"},\"potentialAction\":[{\"@type\":\"SearchAction\",\"target\":{\"@type\":\"EntryPoint\",\"urlTemplate\":\"https:\/\/www.mpppst.gob.ve\/mpppstweb\/?s={search_term_string}\"},\"query-input\":\"required name=search_term_string\"}],\"inLanguage\":\"es\"},{\"@type\":\"Organization\",\"@id\":\"https:\/\/www.mpppst.gob.ve\/mpppstweb\/#organization\",\"name\":\"mpppst\",\"url\":\"https:\/\/www.mpppst.gob.ve\/mpppstweb\/\",\"logo\":{\"@type\":\"ImageObject\",\"inLanguage\":\"es\",\"@id\":\"https:\/\/www.mpppst.gob.ve\/mpppstweb\/#\/schema\/logo\/image\/\",\"url\":\"https:\/\/www.mpppst.gob.ve\/mpppstweb\/wp-content\/uploads\/2025\/07\/cropped-cropped-g910.png\",\"contentUrl\":\"https:\/\/www.mpppst.gob.ve\/mpppstweb\/wp-content\/uploads\/2025\/07\/cropped-cropped-g910.png\",\"width\":1080,\"height\":241,\"caption\":\"mpppst\"},\"image\":{\"@id\":\"https:\/\/www.mpppst.gob.ve\/mpppstweb\/#\/schema\/logo\/image\/\"}},{\"@type\":\"Person\",\"@id\":\"https:\/\/www.mpppst.gob.ve\/mpppstweb\/#\/schema\/person\/fc187ee8ead412bd4c9304b62f900ea4\",\"name\":\"MPPPST Prensa\",\"url\":\"https:\/\/www.mpppst.gob.ve\/mpppstweb\/index.php\/author\/prensa-mpppst\/\"}]}<\/script>\n<!-- \/ Yoast SEO plugin. -->","yoast_head_json":{"title":"Clase Obrera respalda aumento de salario decretado por el presidente Maduro - MPPPST","robots":{"index":"index","follow":"follow","max-snippet":"max-snippet:-1","max-image-preview":"max-image-preview:large","max-video-preview":"max-video-preview:-1"},"canonical":"https:\/\/www.mpppst.gob.ve\/mpppstweb\/index.php\/2017\/07\/06\/clase-obrera-respalda-aumento-de-salario-decretado-por-el-presidente-maduro\/","og_locale":"es_ES","og_type":"article","og_title":"Clase Obrera respalda aumento de salario decretado por el presidente Maduro - MPPPST","og_description":"Por Marbelys Mav\u00e1rez Laguna Desde el Ministerio del Poder Popular para la Agricultura Productiva y Tierras &hellip; Clase Obrera respalda aumento de salario decretado por el presidente MaduroRead more","og_url":"https:\/\/www.mpppst.gob.ve\/mpppstweb\/index.php\/2017\/07\/06\/clase-obrera-respalda-aumento-de-salario-decretado-por-el-presidente-maduro\/","og_site_name":"MPPPST","article_published_time":"2017-07-06T20:14:39+00:00","og_image":[{"width":800,"height":445,"url":"https:\/\/www.mpppst.gob.ve\/mpppstweb\/wp-content\/uploads\/2017\/07\/2061798d-7578-424f-a88f-88e35f0605bd.jpg","type":"image\/jpeg"}],"author":"MPPPST Prensa","twitter_card":"summary_large_image","twitter_misc":{"Escrito por":"MPPPST Prensa","Tiempo de lectura":"1 minuto"},"schema":{"@context":"https:\/\/schema.org","@graph":[{"@type":"Article","@id":"https:\/\/www.mpppst.gob.ve\/mpppstweb\/index.php\/2017\/07\/06\/clase-obrera-respalda-aumento-de-salario-decretado-por-el-presidente-maduro\/#article","isPartOf":{"@id":"https:\/\/www.mpppst.gob.ve\/mpppstweb\/index.php\/2017\/07\/06\/clase-obrera-respalda-aumento-de-salario-decretado-por-el-presidente-maduro\/"},"author":{"name":"MPPPST Prensa","@id":"https:\/\/www.mpppst.gob.ve\/mpppstweb\/#\/schema\/person\/fc187ee8ead412bd4c9304b62f900ea4"},"headline":"Clase Obrera respalda aumento de salario decretado por el presidente Maduro","datePublished":"2017-07-06T20:14:39+00:00","dateModified":"2017-07-06T20:14:39+00:00","mainEntityOfPage":{"@id":"https:\/\/www.mpppst.gob.ve\/mpppstweb\/index.php\/2017\/07\/06\/clase-obrera-respalda-aumento-de-salario-decretado-por-el-presidente-maduro\/"},"wordCount":176,"publisher":{"@id":"https:\/\/www.mpppst.gob.ve\/mpppstweb\/#organization"},"image":{"@id":"https:\/\/www.mpppst.gob.ve\/mpppstweb\/index.php\/2017\/07\/06\/clase-obrera-respalda-aumento-de-salario-decretado-por-el-presidente-maduro\/#primaryimage"},"thumbnailUrl":"https:\/\/www.mpppst.gob.ve\/mpppstweb\/wp-content\/uploads\/2017\/07\/2061798d-7578-424f-a88f-88e35f0605bd.jpg","articleSection":["Gobierno Nacional","Noticias"],"inLanguage":"es"},{"@type":"WebPage","@id":"https:\/\/www.mpppst.gob.ve\/mpppstweb\/index.php\/2017\/07\/06\/clase-obrera-respalda-aumento-de-salario-decretado-por-el-presidente-maduro\/","url":"https:\/\/www.mpppst.gob.ve\/mpppstweb\/index.php\/2017\/07\/06\/clase-obrera-respalda-aumento-de-salario-decretado-por-el-presidente-maduro\/","name":"Clase Obrera respalda aumento de salario decretado por el presidente Maduro - MPPPST","isPartOf":{"@id":"https:\/\/www.mpppst.gob.ve\/mpppstweb\/#website"},"primaryImageOfPage":{"@id":"https:\/\/www.mpppst.gob.ve\/mpppstweb\/index.php\/2017\/07\/06\/clase-obrera-respalda-aumento-de-salario-decretado-por-el-presidente-maduro\/#primaryimage"},"image":{"@id":"https:\/\/www.mpppst.gob.ve\/mpppstweb\/index.php\/2017\/07\/06\/clase-obrera-respalda-aumento-de-salario-decretado-por-el-presidente-maduro\/#primaryimage"},"thumbnailUrl":"https:\/\/www.mpppst.gob.ve\/mpppstweb\/wp-content\/uploads\/2017\/07\/2061798d-7578-424f-a88f-88e35f0605bd.jpg","datePublished":"2017-07-06T20:14:39+00:00","dateModified":"2017-07-06T20:14:39+00:00","breadcrumb":{"@id":"https:\/\/www.mpppst.gob.ve\/mpppstweb\/index.php\/2017\/07\/06\/clase-obrera-respalda-aumento-de-salario-decretado-por-el-presidente-maduro\/#breadcrumb"},"inLanguage":"es","potentialAction":[{"@type":"ReadAction","target":["https:\/\/www.mpppst.gob.ve\/mpppstweb\/index.php\/2017\/07\/06\/clase-obrera-respalda-aumento-de-salario-decretado-por-el-presidente-maduro\/"]}]},{"@type":"ImageObject","inLanguage":"es","@id":"https:\/\/www.mpppst.gob.ve\/mpppstweb\/index.php\/2017\/07\/06\/clase-obrera-respalda-aumento-de-salario-decretado-por-el-presidente-maduro\/#primaryimage","url":"https:\/\/www.mpppst.gob.ve\/mpppstweb\/wp-content\/uploads\/2017\/07\/2061798d-7578-424f-a88f-88e35f0605bd.jpg","contentUrl":"https:\/\/www.mpppst.gob.ve\/mpppstweb\/wp-content\/uploads\/2017\/07\/2061798d-7578-424f-a88f-88e35f0605bd.jpg","width":800,"height":445},{"@type":"BreadcrumbList","@id":"https:\/\/www.mpppst.gob.ve\/mpppstweb\/index.php\/2017\/07\/06\/clase-obrera-respalda-aumento-de-salario-decretado-por-el-presidente-maduro\/#breadcrumb","itemListElement":[{"@type":"ListItem","position":1,"name":"Home","item":"https:\/\/www.mpppst.gob.ve\/mpppstweb\/"},{"@type":"ListItem","position":2,"name":"Clase Obrera respalda aumento de salario decretado por el presidente Maduro"}]},{"@type":"WebSite","@id":"https:\/\/www.mpppst.gob.ve\/mpppstweb\/#website","url":"https:\/\/www.mpppst.gob.ve\/mpppstweb\/","name":"MPPPST","description":"Ministerio del Poder Popular para el Proceso Social de Trabajo","publisher":{"@id":"https:\/\/www.mpppst.gob.ve\/mpppstweb\/#organization"},"potentialAction":[{"@type":"SearchAction","target":{"@type":"EntryPoint","urlTemplate":"https:\/\/www.mpppst.gob.ve\/mpppstweb\/?s={search_term_string}"},"query-input":"required name=search_term_string"}],"inLanguage":"es"},{"@type":"Organization","@id":"https:\/\/www.mpppst.gob.ve\/mpppstweb\/#organization","name":"mpppst","url":"https:\/\/www.mpppst.gob.ve\/mpppstweb\/","logo":{"@type":"ImageObject","inLanguage":"es","@id":"https:\/\/www.mpppst.gob.ve\/mpppstweb\/#\/schema\/logo\/image\/","url":"https:\/\/www.mpppst.gob.ve\/mpppstweb\/wp-content\/uploads\/2025\/07\/cropped-cropped-g910.png","contentUrl":"https:\/\/www.mpppst.gob.ve\/mpppstweb\/wp-content\/uploads\/2025\/07\/cropped-cropped-g910.png","width":1080,"height":241,"caption":"mpppst"},"image":{"@id":"https:\/\/www.mpppst.gob.ve\/mpppstweb\/#\/schema\/logo\/image\/"}},{"@type":"Person","@id":"https:\/\/www.mpppst.gob.ve\/mpppstweb\/#\/schema\/person\/fc187ee8ead412bd4c9304b62f900ea4","name":"MPPPST Prensa","url":"https:\/\/www.mpppst.gob.ve\/mpppstweb\/index.php\/author\/prensa-mpppst\/"}]}},"_links":{"self":[{"href":"https:\/\/www.mpppst.gob.ve\/mpppstweb\/index.php\/wp-json\/wp\/v2\/posts\/12092"}],"collection":[{"href":"https:\/\/www.mpppst.gob.ve\/mpppstweb\/index.php\/wp-json\/wp\/v2\/posts"}],"about":[{"href":"https:\/\/www.mpppst.gob.ve\/mpppstweb\/index.php\/wp-json\/wp\/v2\/types\/post"}],"author":[{"embeddable":true,"href":"https:\/\/www.mpppst.gob.ve\/mpppstweb\/index.php\/wp-json\/wp\/v2\/users\/25"}],"replies":[{"embeddable":true,"href":"https:\/\/www.mpppst.gob.ve\/mpppstweb\/index.php\/wp-json\/wp\/v2\/comments?post=12092"}],"version-history":[{"count":1,"href":"https:\/\/www.mpppst.gob.ve\/mpppstweb\/index.php\/wp-json\/wp\/v2\/posts\/12092\/revisions"}],"predecessor-version":[{"id":12094,"href":"https:\/\/www.mpppst.gob.ve\/mpppstweb\/index.php\/wp-json\/wp\/v2\/posts\/12092\/revisions\/12094"}],"wp:featuredmedia":[{"embeddable":true,"href":"https:\/\/www.mpppst.gob.ve\/mpppstweb\/index.php\/wp-json\/wp\/v2\/media\/12093"}],"wp:attachment":[{"href":"https:\/\/www.mpppst.gob.ve\/mpppstweb\/index.php\/wp-json\/wp\/v2\/media?parent=12092"}],"wp:term":[{"taxonomy":"category","embeddable":true,"href":"https:\/\/www.mpppst.gob.ve\/mpppstweb\/index.php\/wp-json\/wp\/v2\/categories?post=12092"},{"taxonomy":"post_tag","embeddable":true,"href":"https:\/\/www.mpppst.gob.ve\/mpppstweb\/index.php\/wp-json\/wp\/v2\/tags?post=12092"}],"curies":[{"name":"wp","href":"https:\/\/api.w.org\/{rel}","templated":true}]}}