{"id":12106,"date":"2017-07-11T15:41:13","date_gmt":"2017-07-11T19:41:13","guid":{"rendered":"http:\/\/www.mpppst.gob.ve\/mpppstweb\/?p=12106"},"modified":"2017-07-11T15:41:13","modified_gmt":"2017-07-11T19:41:13","slug":"constituyente-la-opcion-para-el-dialogo-nacional-por-la-paz","status":"publish","type":"post","link":"https:\/\/www.mpppst.gob.ve\/mpppstweb\/index.php\/2017\/07\/11\/constituyente-la-opcion-para-el-dialogo-nacional-por-la-paz\/","title":{"rendered":"Constituyente, la opci\u00f3n para el di\u00e1logo nacional por la paz"},"content":{"rendered":"<div class=\"encabezado\">\n<p>Caracas, 11 Jul. AVN.- En Venezuela se celebrar\u00e1 este 30 de julio una nueva elecci\u00f3n. Es la n\u00famero 21 que se efect\u00faa en los \u00faltimos 18 a\u00f1os, y en esta oportunidad ha sido convocada para la conformaci\u00f3n de la Asamblea Nacional Constituyente (ANC).<\/p>\n<p>Fue emplazada por el presidente de la Rep\u00fablica, Nicol\u00e1s Maduro, como herramienta para anteponer la v\u00eda democr\u00e1tica, c\u00edvica y pac\u00edfica ante la decisi\u00f3n de sectores de la oposici\u00f3n de optar por la violencia para crear un clima de ingobernabilidad y as\u00ed hacerse del poder, a trav\u00e9s de un plan golpista denunciado por el Estado.<\/p>\n<p>Pese a los reiterados llamados realizados a estos sectores por el Ejecutivo para dirimir las diferencias, la respuesta fue abandonar esos espacios y activar un plan golpista desde abril, el cual ha dejado 97 fallecidos, de acuerdo con una recopilaci\u00f3n del Ministerio para la Comunicaci\u00f3n y la Informaci\u00f3n, m\u00e1s de 1.400 lesionados y da\u00f1os a bienes p\u00fablicos y privados.<\/p>\n<p>\u00abVenezuela entera sabe muy bien mi perseverancia en la fe que tengo en el di\u00e1logo pol\u00edtico como \u00fanica forma de poder andar los caminos de la paz, la democracia y la soberan\u00eda nacional (&#8230;) Lamentablemente, los sectores que dirigen los partidos pol\u00edticos de la oposici\u00f3n se negaron a hablar sobre los temas fundamentales del pa\u00eds, sobre la paz, sobre la democracia y sobre la econom\u00eda\u00bb, subray\u00f3 el 23 de mayo el presidente Maduro, durante la entrega al Poder Electoral de las propuestas de las bases comiciales a la Constituyente.<\/p>\n<p>Ante esas pretensiones, el rumbo pac\u00edfico est\u00e1 marcado. Un total de 19 millones 805.002 venezolanos est\u00e1n convocados a participar en estas elecciones, que abren espacios para que representantes de sectores sociales y dirigentes de base construyan un nuevo liderazgo que promueva transformaciones profundas en el pa\u00eds.<\/p>\n<p>Para ello, se proponen nueve l\u00edneas de acci\u00f3n dentro del mecanismo del Poder Originario: sellar la paz como necesidad, derecho y anhelo de la naci\u00f3n; dar rango constitucional al sistema de misiones; ampliar y perfeccionar el sistema econ\u00f3mico venezolano; ampliar las competencias del Sistema de Justicia, Seguridad y Protecci\u00f3n del Pueblo; constitucionalizar el Poder Comunal; defensa de la soberan\u00eda e integridad de la naci\u00f3n; reivindicaci\u00f3n del car\u00e1cter pluricultural del pa\u00eds; garant\u00eda de futuro de la juventud venezolana y preservaci\u00f3n de la vida en el planeta.<\/p>\n<p>La ANC estar\u00e1 integrada por 364 constituyentes territoriales y 181 sectoriales, que quedar\u00e1n distribuidos de la siguiente manera: ind\u00edgenas (8 representantes); trabajadores (79); campesinos y pescadores (8); empresarios (5); pensionados (28); personas con discapacidad (5); estudiantes (24); y consejos comunales y comunas (24).<\/p>\n<p>En los comicios del 30 de julio se escoger\u00e1n los constituyentes territoriales y sectoriales, para un total de 537. Los ocho constituyentes de los pueblos ind\u00edgenas ser\u00e1n electos en Asambleas Generales, a efectuarse el 1\u00ba de agosto.<\/p>\n<p>\u00abSue\u00f1o con el d\u00eda que el pueblo elija con voto directo, como el pueblo va a elegir, con voto directo, secreto y universal, bajo la rector\u00eda del Poder Electoral, a los integrantes de la Asamblea Nacional Constituyente. Se abrir\u00e1n las compuertas del gran di\u00e1logo. Le abriremos los horizontes a la convivencia\u00bb, dijo el jefe de Estado el 7 de mayo, a seis d\u00edas de haber anunciado la activaci\u00f3n de la ANC.<\/p>\n<\/div>\n","protected":false},"excerpt":{"rendered":"<p>Caracas, 11 Jul. AVN.- En Venezuela se celebrar\u00e1 este 30 de julio una nueva elecci\u00f3n. Es &hellip; <a title=\"Constituyente, la opci\u00f3n para el di\u00e1logo nacional por la paz\" class=\"hm-read-more\" href=\"https:\/\/www.mpppst.gob.ve\/mpppstweb\/index.php\/2017\/07\/11\/constituyente-la-opcion-para-el-dialogo-nacional-por-la-paz\/\"><span class=\"screen-reader-text\">Constituyente, la opci\u00f3n para el di\u00e1logo nacional por la paz<\/span>Leer m\u00e1s<\/a><\/p>\n","protected":false},"author":25,"featured_media":12107,"comment_status":"closed","ping_status":"closed","sticky":false,"template":"","format":"standard","meta":{"footnotes":""},"categories":[82,163],"tags":[393],"class_list":["post-12106","post","type-post","status-publish","format-standard","has-post-thumbnail","hentry","category-gobierno-nacional","category-noticias","tag-cne"],"yoast_head":"<!-- This site is optimized with the Yoast SEO plugin v28.4 - https:\/\/yoast.com\/product\/yoast-seo-wordpress\/ -->\n<title>Constituyente, la opci\u00f3n para el di\u00e1logo nacional por la paz - MPPPST<\/title>\n<meta name=\"robots\" content=\"index, follow, max-snippet:-1, max-image-preview:large, max-video-preview:-1\" \/>\n<link rel=\"canonical\" href=\"https:\/\/www.mpppst.gob.ve\/mpppstweb\/index.php\/2017\/07\/11\/constituyente-la-opcion-para-el-dialogo-nacional-por-la-paz\/\" \/>\n<meta property=\"og:locale\" content=\"es_ES\" \/>\n<meta property=\"og:type\" content=\"article\" \/>\n<meta property=\"og:title\" content=\"Constituyente, la opci\u00f3n para el di\u00e1logo nacional por la paz - MPPPST\" \/>\n<meta property=\"og:description\" content=\"Caracas, 11 Jul. AVN.- En Venezuela se celebrar\u00e1 este 30 de julio una nueva elecci\u00f3n. Es &hellip; Constituyente, la opci\u00f3n para el di\u00e1logo nacional por la pazLeer m\u00e1s\" \/>\n<meta property=\"og:url\" content=\"https:\/\/www.mpppst.gob.ve\/mpppstweb\/index.php\/2017\/07\/11\/constituyente-la-opcion-para-el-dialogo-nacional-por-la-paz\/\" \/>\n<meta property=\"og:site_name\" content=\"MPPPST\" \/>\n<meta property=\"article:publisher\" content=\"https:\/\/www.facebook.com\/mintrabajo_ve\" \/>\n<meta property=\"article:published_time\" content=\"2017-07-11T19:41:13+00:00\" \/>\n<meta property=\"og:image\" content=\"https:\/\/www.mpppst.gob.ve\/mpppstweb\/wp-content\/uploads\/2017\/07\/CNE.jpg\" \/>\n\t<meta property=\"og:image:width\" content=\"800\" \/>\n\t<meta property=\"og:image:height\" content=\"445\" \/>\n\t<meta property=\"og:image:type\" content=\"image\/jpeg\" \/>\n<meta name=\"author\" content=\"MPPPST Prensa\" \/>\n<meta name=\"twitter:card\" content=\"summary_large_image\" \/>\n<script type=\"application\/ld+json\" class=\"yoast-schema-graph\">{\"@context\":\"https:\\\/\\\/schema.org\",\"@graph\":[{\"@type\":\"Article\",\"@id\":\"https:\\\/\\\/www.mpppst.gob.ve\\\/mpppstweb\\\/index.php\\\/2017\\\/07\\\/11\\\/constituyente-la-opcion-para-el-dialogo-nacional-por-la-paz\\\/#article\",\"isPartOf\":{\"@id\":\"https:\\\/\\\/www.mpppst.gob.ve\\\/mpppstweb\\\/index.php\\\/2017\\\/07\\\/11\\\/constituyente-la-opcion-para-el-dialogo-nacional-por-la-paz\\\/\"},\"author\":{\"name\":\"MPPPST Prensa\",\"@id\":\"https:\\\/\\\/www.mpppst.gob.ve\\\/mpppstweb\\\/#\\\/schema\\\/person\\\/fc187ee8ead412bd4c9304b62f900ea4\"},\"headline\":\"Constituyente, la opci\u00f3n para el di\u00e1logo nacional por la paz\",\"datePublished\":\"2017-07-11T19:41:13+00:00\",\"mainEntityOfPage\":{\"@id\":\"https:\\\/\\\/www.mpppst.gob.ve\\\/mpppstweb\\\/index.php\\\/2017\\\/07\\\/11\\\/constituyente-la-opcion-para-el-dialogo-nacional-por-la-paz\\\/\"},\"wordCount\":570,\"publisher\":{\"@id\":\"https:\\\/\\\/www.mpppst.gob.ve\\\/mpppstweb\\\/#organization\"},\"image\":{\"@id\":\"https:\\\/\\\/www.mpppst.gob.ve\\\/mpppstweb\\\/index.php\\\/2017\\\/07\\\/11\\\/constituyente-la-opcion-para-el-dialogo-nacional-por-la-paz\\\/#primaryimage\"},\"thumbnailUrl\":\"https:\\\/\\\/www.mpppst.gob.ve\\\/mpppstweb\\\/wp-content\\\/uploads\\\/2017\\\/07\\\/CNE.jpg\",\"keywords\":[\"CNE\"],\"articleSection\":[\"Gobierno Nacional\",\"Noticias\"],\"inLanguage\":\"es\"},{\"@type\":\"WebPage\",\"@id\":\"https:\\\/\\\/www.mpppst.gob.ve\\\/mpppstweb\\\/index.php\\\/2017\\\/07\\\/11\\\/constituyente-la-opcion-para-el-dialogo-nacional-por-la-paz\\\/\",\"url\":\"https:\\\/\\\/www.mpppst.gob.ve\\\/mpppstweb\\\/index.php\\\/2017\\\/07\\\/11\\\/constituyente-la-opcion-para-el-dialogo-nacional-por-la-paz\\\/\",\"name\":\"Constituyente, la opci\u00f3n para el di\u00e1logo nacional por la paz - MPPPST\",\"isPartOf\":{\"@id\":\"https:\\\/\\\/www.mpppst.gob.ve\\\/mpppstweb\\\/#website\"},\"primaryImageOfPage\":{\"@id\":\"https:\\\/\\\/www.mpppst.gob.ve\\\/mpppstweb\\\/index.php\\\/2017\\\/07\\\/11\\\/constituyente-la-opcion-para-el-dialogo-nacional-por-la-paz\\\/#primaryimage\"},\"image\":{\"@id\":\"https:\\\/\\\/www.mpppst.gob.ve\\\/mpppstweb\\\/index.php\\\/2017\\\/07\\\/11\\\/constituyente-la-opcion-para-el-dialogo-nacional-por-la-paz\\\/#primaryimage\"},\"thumbnailUrl\":\"https:\\\/\\\/www.mpppst.gob.ve\\\/mpppstweb\\\/wp-content\\\/uploads\\\/2017\\\/07\\\/CNE.jpg\",\"datePublished\":\"2017-07-11T19:41:13+00:00\",\"breadcrumb\":{\"@id\":\"https:\\\/\\\/www.mpppst.gob.ve\\\/mpppstweb\\\/index.php\\\/2017\\\/07\\\/11\\\/constituyente-la-opcion-para-el-dialogo-nacional-por-la-paz\\\/#breadcrumb\"},\"inLanguage\":\"es\",\"potentialAction\":[{\"@type\":\"ReadAction\",\"target\":[\"https:\\\/\\\/www.mpppst.gob.ve\\\/mpppstweb\\\/index.php\\\/2017\\\/07\\\/11\\\/constituyente-la-opcion-para-el-dialogo-nacional-por-la-paz\\\/\"]}]},{\"@type\":\"ImageObject\",\"inLanguage\":\"es\",\"@id\":\"https:\\\/\\\/www.mpppst.gob.ve\\\/mpppstweb\\\/index.php\\\/2017\\\/07\\\/11\\\/constituyente-la-opcion-para-el-dialogo-nacional-por-la-paz\\\/#primaryimage\",\"url\":\"https:\\\/\\\/www.mpppst.gob.ve\\\/mpppstweb\\\/wp-content\\\/uploads\\\/2017\\\/07\\\/CNE.jpg\",\"contentUrl\":\"https:\\\/\\\/www.mpppst.gob.ve\\\/mpppstweb\\\/wp-content\\\/uploads\\\/2017\\\/07\\\/CNE.jpg\",\"width\":800,\"height\":445},{\"@type\":\"BreadcrumbList\",\"@id\":\"https:\\\/\\\/www.mpppst.gob.ve\\\/mpppstweb\\\/index.php\\\/2017\\\/07\\\/11\\\/constituyente-la-opcion-para-el-dialogo-nacional-por-la-paz\\\/#breadcrumb\",\"itemListElement\":[{\"@type\":\"ListItem\",\"position\":1,\"name\":\"Home\",\"item\":\"https:\\\/\\\/www.mpppst.gob.ve\\\/mpppstweb\\\/\"},{\"@type\":\"ListItem\",\"position\":2,\"name\":\"Constituyente, la opci\u00f3n para el di\u00e1logo nacional por la paz\"}]},{\"@type\":\"WebSite\",\"@id\":\"https:\\\/\\\/www.mpppst.gob.ve\\\/mpppstweb\\\/#website\",\"url\":\"https:\\\/\\\/www.mpppst.gob.ve\\\/mpppstweb\\\/\",\"name\":\"MPPPST\",\"description\":\"Sitio web oficial del Ministerio del Poder Popular para el Proceso Social de Trabajo\",\"publisher\":{\"@id\":\"https:\\\/\\\/www.mpppst.gob.ve\\\/mpppstweb\\\/#organization\"},\"alternateName\":\"Ministerio del Poder Popular para el Proceso Social de Trabajo\",\"potentialAction\":[{\"@type\":\"SearchAction\",\"target\":{\"@type\":\"EntryPoint\",\"urlTemplate\":\"https:\\\/\\\/www.mpppst.gob.ve\\\/mpppstweb\\\/?s={search_term_string}\"},\"query-input\":{\"@type\":\"PropertyValueSpecification\",\"valueRequired\":true,\"valueName\":\"search_term_string\"}}],\"inLanguage\":\"es\"},{\"@type\":\"Organization\",\"@id\":\"https:\\\/\\\/www.mpppst.gob.ve\\\/mpppstweb\\\/#organization\",\"name\":\"Ministerio del Poder Popular para el Proceso Social de Trabajo\",\"alternateName\":\"MPPPST\",\"url\":\"https:\\\/\\\/www.mpppst.gob.ve\\\/mpppstweb\\\/\",\"logo\":{\"@type\":\"ImageObject\",\"inLanguage\":\"es\",\"@id\":\"https:\\\/\\\/www.mpppst.gob.ve\\\/mpppstweb\\\/#\\\/schema\\\/logo\\\/image\\\/\",\"url\":\"https:\\\/\\\/www.mpppst.gob.ve\\\/mpppstweb\\\/wp-content\\\/uploads\\\/2025\\\/07\\\/cropped-cropped-g910.png\",\"contentUrl\":\"https:\\\/\\\/www.mpppst.gob.ve\\\/mpppstweb\\\/wp-content\\\/uploads\\\/2025\\\/07\\\/cropped-cropped-g910.png\",\"width\":1080,\"height\":241,\"caption\":\"Ministerio del Poder Popular para el Proceso Social de Trabajo\"},\"image\":{\"@id\":\"https:\\\/\\\/www.mpppst.gob.ve\\\/mpppstweb\\\/#\\\/schema\\\/logo\\\/image\\\/\"},\"sameAs\":[\"https:\\\/\\\/www.facebook.com\\\/mintrabajo_ve\",\"https:\\\/\\\/www.instagram.com\\\/mintrabajo_ve\\\/\",\"https:\\\/\\\/www.tiktok.com\\\/@mintrabajo_ve\",\"https:\\\/\\\/t.me\\\/mpppst\"]},{\"@type\":\"Person\",\"@id\":\"https:\\\/\\\/www.mpppst.gob.ve\\\/mpppstweb\\\/#\\\/schema\\\/person\\\/fc187ee8ead412bd4c9304b62f900ea4\",\"name\":\"MPPPST Prensa\",\"url\":\"https:\\\/\\\/www.mpppst.gob.ve\\\/mpppstweb\\\/index.php\\\/author\\\/prensa-mpppst\\\/\"}]}<\/script>\n<!-- \/ Yoast SEO plugin. -->","yoast_head_json":{"title":"Constituyente, la opci\u00f3n para el di\u00e1logo nacional por la paz - MPPPST","robots":{"index":"index","follow":"follow","max-snippet":"max-snippet:-1","max-image-preview":"max-image-preview:large","max-video-preview":"max-video-preview:-1"},"canonical":"https:\/\/www.mpppst.gob.ve\/mpppstweb\/index.php\/2017\/07\/11\/constituyente-la-opcion-para-el-dialogo-nacional-por-la-paz\/","og_locale":"es_ES","og_type":"article","og_title":"Constituyente, la opci\u00f3n para el di\u00e1logo nacional por la paz - MPPPST","og_description":"Caracas, 11 Jul. AVN.- En Venezuela se celebrar\u00e1 este 30 de julio una nueva elecci\u00f3n. Es &hellip; Constituyente, la opci\u00f3n para el di\u00e1logo nacional por la pazLeer m\u00e1s","og_url":"https:\/\/www.mpppst.gob.ve\/mpppstweb\/index.php\/2017\/07\/11\/constituyente-la-opcion-para-el-dialogo-nacional-por-la-paz\/","og_site_name":"MPPPST","article_publisher":"https:\/\/www.facebook.com\/mintrabajo_ve","article_published_time":"2017-07-11T19:41:13+00:00","og_image":[{"width":800,"height":445,"url":"https:\/\/www.mpppst.gob.ve\/mpppstweb\/wp-content\/uploads\/2017\/07\/CNE.jpg","type":"image\/jpeg"}],"author":"MPPPST Prensa","twitter_card":"summary_large_image","schema":{"@context":"https:\/\/schema.org","@graph":[{"@type":"Article","@id":"https:\/\/www.mpppst.gob.ve\/mpppstweb\/index.php\/2017\/07\/11\/constituyente-la-opcion-para-el-dialogo-nacional-por-la-paz\/#article","isPartOf":{"@id":"https:\/\/www.mpppst.gob.ve\/mpppstweb\/index.php\/2017\/07\/11\/constituyente-la-opcion-para-el-dialogo-nacional-por-la-paz\/"},"author":{"name":"MPPPST Prensa","@id":"https:\/\/www.mpppst.gob.ve\/mpppstweb\/#\/schema\/person\/fc187ee8ead412bd4c9304b62f900ea4"},"headline":"Constituyente, la opci\u00f3n para el di\u00e1logo nacional por la paz","datePublished":"2017-07-11T19:41:13+00:00","mainEntityOfPage":{"@id":"https:\/\/www.mpppst.gob.ve\/mpppstweb\/index.php\/2017\/07\/11\/constituyente-la-opcion-para-el-dialogo-nacional-por-la-paz\/"},"wordCount":570,"publisher":{"@id":"https:\/\/www.mpppst.gob.ve\/mpppstweb\/#organization"},"image":{"@id":"https:\/\/www.mpppst.gob.ve\/mpppstweb\/index.php\/2017\/07\/11\/constituyente-la-opcion-para-el-dialogo-nacional-por-la-paz\/#primaryimage"},"thumbnailUrl":"https:\/\/www.mpppst.gob.ve\/mpppstweb\/wp-content\/uploads\/2017\/07\/CNE.jpg","keywords":["CNE"],"articleSection":["Gobierno Nacional","Noticias"],"inLanguage":"es"},{"@type":"WebPage","@id":"https:\/\/www.mpppst.gob.ve\/mpppstweb\/index.php\/2017\/07\/11\/constituyente-la-opcion-para-el-dialogo-nacional-por-la-paz\/","url":"https:\/\/www.mpppst.gob.ve\/mpppstweb\/index.php\/2017\/07\/11\/constituyente-la-opcion-para-el-dialogo-nacional-por-la-paz\/","name":"Constituyente, la opci\u00f3n para el di\u00e1logo nacional por la paz - MPPPST","isPartOf":{"@id":"https:\/\/www.mpppst.gob.ve\/mpppstweb\/#website"},"primaryImageOfPage":{"@id":"https:\/\/www.mpppst.gob.ve\/mpppstweb\/index.php\/2017\/07\/11\/constituyente-la-opcion-para-el-dialogo-nacional-por-la-paz\/#primaryimage"},"image":{"@id":"https:\/\/www.mpppst.gob.ve\/mpppstweb\/index.php\/2017\/07\/11\/constituyente-la-opcion-para-el-dialogo-nacional-por-la-paz\/#primaryimage"},"thumbnailUrl":"https:\/\/www.mpppst.gob.ve\/mpppstweb\/wp-content\/uploads\/2017\/07\/CNE.jpg","datePublished":"2017-07-11T19:41:13+00:00","breadcrumb":{"@id":"https:\/\/www.mpppst.gob.ve\/mpppstweb\/index.php\/2017\/07\/11\/constituyente-la-opcion-para-el-dialogo-nacional-por-la-paz\/#breadcrumb"},"inLanguage":"es","potentialAction":[{"@type":"ReadAction","target":["https:\/\/www.mpppst.gob.ve\/mpppstweb\/index.php\/2017\/07\/11\/constituyente-la-opcion-para-el-dialogo-nacional-por-la-paz\/"]}]},{"@type":"ImageObject","inLanguage":"es","@id":"https:\/\/www.mpppst.gob.ve\/mpppstweb\/index.php\/2017\/07\/11\/constituyente-la-opcion-para-el-dialogo-nacional-por-la-paz\/#primaryimage","url":"https:\/\/www.mpppst.gob.ve\/mpppstweb\/wp-content\/uploads\/2017\/07\/CNE.jpg","contentUrl":"https:\/\/www.mpppst.gob.ve\/mpppstweb\/wp-content\/uploads\/2017\/07\/CNE.jpg","width":800,"height":445},{"@type":"BreadcrumbList","@id":"https:\/\/www.mpppst.gob.ve\/mpppstweb\/index.php\/2017\/07\/11\/constituyente-la-opcion-para-el-dialogo-nacional-por-la-paz\/#breadcrumb","itemListElement":[{"@type":"ListItem","position":1,"name":"Home","item":"https:\/\/www.mpppst.gob.ve\/mpppstweb\/"},{"@type":"ListItem","position":2,"name":"Constituyente, la opci\u00f3n para el di\u00e1logo nacional por la paz"}]},{"@type":"WebSite","@id":"https:\/\/www.mpppst.gob.ve\/mpppstweb\/#website","url":"https:\/\/www.mpppst.gob.ve\/mpppstweb\/","name":"MPPPST","description":"Sitio web oficial del Ministerio del Poder Popular para el Proceso Social de Trabajo","publisher":{"@id":"https:\/\/www.mpppst.gob.ve\/mpppstweb\/#organization"},"alternateName":"Ministerio del Poder Popular para el Proceso Social de Trabajo","potentialAction":[{"@type":"SearchAction","target":{"@type":"EntryPoint","urlTemplate":"https:\/\/www.mpppst.gob.ve\/mpppstweb\/?s={search_term_string}"},"query-input":{"@type":"PropertyValueSpecification","valueRequired":true,"valueName":"search_term_string"}}],"inLanguage":"es"},{"@type":"Organization","@id":"https:\/\/www.mpppst.gob.ve\/mpppstweb\/#organization","name":"Ministerio del Poder Popular para el Proceso Social de Trabajo","alternateName":"MPPPST","url":"https:\/\/www.mpppst.gob.ve\/mpppstweb\/","logo":{"@type":"ImageObject","inLanguage":"es","@id":"https:\/\/www.mpppst.gob.ve\/mpppstweb\/#\/schema\/logo\/image\/","url":"https:\/\/www.mpppst.gob.ve\/mpppstweb\/wp-content\/uploads\/2025\/07\/cropped-cropped-g910.png","contentUrl":"https:\/\/www.mpppst.gob.ve\/mpppstweb\/wp-content\/uploads\/2025\/07\/cropped-cropped-g910.png","width":1080,"height":241,"caption":"Ministerio del Poder Popular para el Proceso Social de Trabajo"},"image":{"@id":"https:\/\/www.mpppst.gob.ve\/mpppstweb\/#\/schema\/logo\/image\/"},"sameAs":["https:\/\/www.facebook.com\/mintrabajo_ve","https:\/\/www.instagram.com\/mintrabajo_ve\/","https:\/\/www.tiktok.com\/@mintrabajo_ve","https:\/\/t.me\/mpppst"]},{"@type":"Person","@id":"https:\/\/www.mpppst.gob.ve\/mpppstweb\/#\/schema\/person\/fc187ee8ead412bd4c9304b62f900ea4","name":"MPPPST Prensa","url":"https:\/\/www.mpppst.gob.ve\/mpppstweb\/index.php\/author\/prensa-mpppst\/"}]}},"_links":{"self":[{"href":"https:\/\/www.mpppst.gob.ve\/mpppstweb\/index.php\/wp-json\/wp\/v2\/posts\/12106","targetHints":{"allow":["GET"]}}],"collection":[{"href":"https:\/\/www.mpppst.gob.ve\/mpppstweb\/index.php\/wp-json\/wp\/v2\/posts"}],"about":[{"href":"https:\/\/www.mpppst.gob.ve\/mpppstweb\/index.php\/wp-json\/wp\/v2\/types\/post"}],"author":[{"embeddable":true,"href":"https:\/\/www.mpppst.gob.ve\/mpppstweb\/index.php\/wp-json\/wp\/v2\/users\/25"}],"replies":[{"embeddable":true,"href":"https:\/\/www.mpppst.gob.ve\/mpppstweb\/index.php\/wp-json\/wp\/v2\/comments?post=12106"}],"version-history":[{"count":1,"href":"https:\/\/www.mpppst.gob.ve\/mpppstweb\/index.php\/wp-json\/wp\/v2\/posts\/12106\/revisions"}],"predecessor-version":[{"id":12108,"href":"https:\/\/www.mpppst.gob.ve\/mpppstweb\/index.php\/wp-json\/wp\/v2\/posts\/12106\/revisions\/12108"}],"wp:featuredmedia":[{"embeddable":true,"href":"https:\/\/www.mpppst.gob.ve\/mpppstweb\/index.php\/wp-json\/wp\/v2\/media\/12107"}],"wp:attachment":[{"href":"https:\/\/www.mpppst.gob.ve\/mpppstweb\/index.php\/wp-json\/wp\/v2\/media?parent=12106"}],"wp:term":[{"taxonomy":"category","embeddable":true,"href":"https:\/\/www.mpppst.gob.ve\/mpppstweb\/index.php\/wp-json\/wp\/v2\/categories?post=12106"},{"taxonomy":"post_tag","embeddable":true,"href":"https:\/\/www.mpppst.gob.ve\/mpppstweb\/index.php\/wp-json\/wp\/v2\/tags?post=12106"}],"curies":[{"name":"wp","href":"https:\/\/api.w.org\/{rel}","templated":true}]}}