{"id":12113,"date":"2017-07-11T16:25:00","date_gmt":"2017-07-11T20:25:00","guid":{"rendered":"http:\/\/www.mpppst.gob.ve\/mpppstweb\/?p=12113"},"modified":"2017-07-11T16:25:00","modified_gmt":"2017-07-11T20:25:00","slug":"se-juramenta-comite-constituyente-obrero-del-metro-de-caracas","status":"publish","type":"post","link":"https:\/\/www.mpppst.gob.ve\/mpppstweb\/index.php\/2017\/07\/11\/se-juramenta-comite-constituyente-obrero-del-metro-de-caracas\/","title":{"rendered":"Se juramenta Comit\u00e9 Constituyente Obrero del Metro de Caracas"},"content":{"rendered":"<p>Gina Garc\u00eda.- Trabajadores del Metro de Caracas participaron en el acto de juramentaci\u00f3n del Comit\u00e9 Constituyente Obrero, rumbo a las elecciones de la ANC que se realizar\u00e1n el 30 de julio.<\/p>\n<p>Los trabajadores ratificaron su disposici\u00f3n a participar en la Asamblea Nacional Constituyente (ANC) para repotenciar los planes sociales reivindicativos, as\u00ed como a construir a la paz del pa\u00eds.<\/p>\n<p>Al acto asistieron los candidatos a la Asamblea Nacional Constituyente: Delcy Rodr\u00edguez, Cilia Flores, Edison Alvarado, Francisco Torrealba, Diosdado Cabello, entre otros.<\/p>\n<p><strong>Planes\u00a0 a futuro <\/strong><\/p>\n<p>Edison Alvarado, candidato constituyente y miembro del Sindicato de Trabajadores del Metro de Caracas (Sitrameca), mencion\u00f3 que entre las propuestas se encuentran: impulsar la Universidad del Transporte para certificar y acreditar saberes de los trabajadores de m\u00e1s de 20 a\u00f1os en el oficio, incluir a los m\u00e1s de 437.000 transportistas registrados en la Misi\u00f3n Transporte y m\u00e1s de 60.000 motorizados en un fondo mixto con el Estado, \u00abcreamos el Banco de los Transportistas para poder repotenciar los transportes, impulsar la recreaci\u00f3n y la vivienda\u00bb, dijo Alvarado.<\/p>\n<p>Por otra parte, Cilia Flores destac\u00f3 \u201ceste es el camino, no m\u00e1s balas, no m\u00e1s violencia, queremos Constituyente, el di\u00e1logo es el camino, la mesa de di\u00e1logo ser\u00e1 la Asamblea Nacional Constituyente donde debatir\u00e1 el pueblo y lo que diga eso ser\u00e1\u201d, dijo la candidata.<\/p>\n<p>&nbsp;<\/p>\n","protected":false},"excerpt":{"rendered":"<p>Gina Garc\u00eda.- Trabajadores del Metro de Caracas participaron en el acto de juramentaci\u00f3n del Comit\u00e9 Constituyente &hellip; <a title=\"Se juramenta Comit\u00e9 Constituyente Obrero del Metro de Caracas\" class=\"hm-read-more\" href=\"https:\/\/www.mpppst.gob.ve\/mpppstweb\/index.php\/2017\/07\/11\/se-juramenta-comite-constituyente-obrero-del-metro-de-caracas\/\"><span class=\"screen-reader-text\">Se juramenta Comit\u00e9 Constituyente Obrero del Metro de Caracas<\/span>Read more<\/a><\/p>\n","protected":false},"author":25,"featured_media":12114,"comment_status":"closed","ping_status":"closed","sticky":false,"template":"","format":"standard","meta":{"footnotes":""},"categories":[82,163],"tags":[],"yoast_head":"<!-- This site is optimized with the Yoast SEO plugin v22.5 - https:\/\/yoast.com\/wordpress\/plugins\/seo\/ -->\n<title>Se juramenta Comit\u00e9 Constituyente Obrero del Metro de Caracas - MPPPST<\/title>\n<meta name=\"robots\" content=\"index, follow, max-snippet:-1, max-image-preview:large, max-video-preview:-1\" \/>\n<link rel=\"canonical\" href=\"https:\/\/www.mpppst.gob.ve\/mpppstweb\/index.php\/2017\/07\/11\/se-juramenta-comite-constituyente-obrero-del-metro-de-caracas\/\" \/>\n<meta property=\"og:locale\" content=\"es_ES\" \/>\n<meta property=\"og:type\" content=\"article\" \/>\n<meta property=\"og:title\" content=\"Se juramenta Comit\u00e9 Constituyente Obrero del Metro de Caracas - MPPPST\" \/>\n<meta property=\"og:description\" content=\"Gina Garc\u00eda.- Trabajadores del Metro de Caracas participaron en el acto de juramentaci\u00f3n del Comit\u00e9 Constituyente &hellip; Se juramenta Comit\u00e9 Constituyente Obrero del Metro de CaracasRead more\" \/>\n<meta property=\"og:url\" content=\"https:\/\/www.mpppst.gob.ve\/mpppstweb\/index.php\/2017\/07\/11\/se-juramenta-comite-constituyente-obrero-del-metro-de-caracas\/\" \/>\n<meta property=\"og:site_name\" content=\"MPPPST\" \/>\n<meta property=\"article:published_time\" content=\"2017-07-11T20:25:00+00:00\" \/>\n<meta property=\"og:image\" content=\"https:\/\/www.mpppst.gob.ve\/mpppstweb\/wp-content\/uploads\/2017\/07\/IMG_7491.jpg\" \/>\n\t<meta property=\"og:image:width\" content=\"800\" \/>\n\t<meta property=\"og:image:height\" content=\"445\" \/>\n\t<meta property=\"og:image:type\" content=\"image\/jpeg\" \/>\n<meta name=\"author\" content=\"MPPPST Prensa\" \/>\n<meta name=\"twitter:card\" content=\"summary_large_image\" \/>\n<meta name=\"twitter:label1\" content=\"Escrito por\" \/>\n\t<meta name=\"twitter:data1\" content=\"MPPPST Prensa\" \/>\n\t<meta name=\"twitter:label2\" content=\"Tiempo de lectura\" \/>\n\t<meta name=\"twitter:data2\" content=\"1 minuto\" \/>\n<script type=\"application\/ld+json\" class=\"yoast-schema-graph\">{\"@context\":\"https:\/\/schema.org\",\"@graph\":[{\"@type\":\"Article\",\"@id\":\"https:\/\/www.mpppst.gob.ve\/mpppstweb\/index.php\/2017\/07\/11\/se-juramenta-comite-constituyente-obrero-del-metro-de-caracas\/#article\",\"isPartOf\":{\"@id\":\"https:\/\/www.mpppst.gob.ve\/mpppstweb\/index.php\/2017\/07\/11\/se-juramenta-comite-constituyente-obrero-del-metro-de-caracas\/\"},\"author\":{\"name\":\"MPPPST Prensa\",\"@id\":\"https:\/\/www.mpppst.gob.ve\/mpppstweb\/#\/schema\/person\/fc187ee8ead412bd4c9304b62f900ea4\"},\"headline\":\"Se juramenta Comit\u00e9 Constituyente Obrero del Metro de Caracas\",\"datePublished\":\"2017-07-11T20:25:00+00:00\",\"dateModified\":\"2017-07-11T20:25:00+00:00\",\"mainEntityOfPage\":{\"@id\":\"https:\/\/www.mpppst.gob.ve\/mpppstweb\/index.php\/2017\/07\/11\/se-juramenta-comite-constituyente-obrero-del-metro-de-caracas\/\"},\"wordCount\":238,\"publisher\":{\"@id\":\"https:\/\/www.mpppst.gob.ve\/mpppstweb\/#organization\"},\"image\":{\"@id\":\"https:\/\/www.mpppst.gob.ve\/mpppstweb\/index.php\/2017\/07\/11\/se-juramenta-comite-constituyente-obrero-del-metro-de-caracas\/#primaryimage\"},\"thumbnailUrl\":\"https:\/\/www.mpppst.gob.ve\/mpppstweb\/wp-content\/uploads\/2017\/07\/IMG_7491.jpg\",\"articleSection\":[\"Gobierno Nacional\",\"Noticias\"],\"inLanguage\":\"es\"},{\"@type\":\"WebPage\",\"@id\":\"https:\/\/www.mpppst.gob.ve\/mpppstweb\/index.php\/2017\/07\/11\/se-juramenta-comite-constituyente-obrero-del-metro-de-caracas\/\",\"url\":\"https:\/\/www.mpppst.gob.ve\/mpppstweb\/index.php\/2017\/07\/11\/se-juramenta-comite-constituyente-obrero-del-metro-de-caracas\/\",\"name\":\"Se juramenta Comit\u00e9 Constituyente Obrero del Metro de Caracas - MPPPST\",\"isPartOf\":{\"@id\":\"https:\/\/www.mpppst.gob.ve\/mpppstweb\/#website\"},\"primaryImageOfPage\":{\"@id\":\"https:\/\/www.mpppst.gob.ve\/mpppstweb\/index.php\/2017\/07\/11\/se-juramenta-comite-constituyente-obrero-del-metro-de-caracas\/#primaryimage\"},\"image\":{\"@id\":\"https:\/\/www.mpppst.gob.ve\/mpppstweb\/index.php\/2017\/07\/11\/se-juramenta-comite-constituyente-obrero-del-metro-de-caracas\/#primaryimage\"},\"thumbnailUrl\":\"https:\/\/www.mpppst.gob.ve\/mpppstweb\/wp-content\/uploads\/2017\/07\/IMG_7491.jpg\",\"datePublished\":\"2017-07-11T20:25:00+00:00\",\"dateModified\":\"2017-07-11T20:25:00+00:00\",\"breadcrumb\":{\"@id\":\"https:\/\/www.mpppst.gob.ve\/mpppstweb\/index.php\/2017\/07\/11\/se-juramenta-comite-constituyente-obrero-del-metro-de-caracas\/#breadcrumb\"},\"inLanguage\":\"es\",\"potentialAction\":[{\"@type\":\"ReadAction\",\"target\":[\"https:\/\/www.mpppst.gob.ve\/mpppstweb\/index.php\/2017\/07\/11\/se-juramenta-comite-constituyente-obrero-del-metro-de-caracas\/\"]}]},{\"@type\":\"ImageObject\",\"inLanguage\":\"es\",\"@id\":\"https:\/\/www.mpppst.gob.ve\/mpppstweb\/index.php\/2017\/07\/11\/se-juramenta-comite-constituyente-obrero-del-metro-de-caracas\/#primaryimage\",\"url\":\"https:\/\/www.mpppst.gob.ve\/mpppstweb\/wp-content\/uploads\/2017\/07\/IMG_7491.jpg\",\"contentUrl\":\"https:\/\/www.mpppst.gob.ve\/mpppstweb\/wp-content\/uploads\/2017\/07\/IMG_7491.jpg\",\"width\":800,\"height\":445},{\"@type\":\"BreadcrumbList\",\"@id\":\"https:\/\/www.mpppst.gob.ve\/mpppstweb\/index.php\/2017\/07\/11\/se-juramenta-comite-constituyente-obrero-del-metro-de-caracas\/#breadcrumb\",\"itemListElement\":[{\"@type\":\"ListItem\",\"position\":1,\"name\":\"Home\",\"item\":\"https:\/\/www.mpppst.gob.ve\/mpppstweb\/\"},{\"@type\":\"ListItem\",\"position\":2,\"name\":\"Se juramenta Comit\u00e9 Constituyente Obrero del Metro de Caracas\"}]},{\"@type\":\"WebSite\",\"@id\":\"https:\/\/www.mpppst.gob.ve\/mpppstweb\/#website\",\"url\":\"https:\/\/www.mpppst.gob.ve\/mpppstweb\/\",\"name\":\"MPPPST\",\"description\":\"Ministerio del Poder Popular para el Proceso Social de Trabajo\",\"publisher\":{\"@id\":\"https:\/\/www.mpppst.gob.ve\/mpppstweb\/#organization\"},\"potentialAction\":[{\"@type\":\"SearchAction\",\"target\":{\"@type\":\"EntryPoint\",\"urlTemplate\":\"https:\/\/www.mpppst.gob.ve\/mpppstweb\/?s={search_term_string}\"},\"query-input\":\"required name=search_term_string\"}],\"inLanguage\":\"es\"},{\"@type\":\"Organization\",\"@id\":\"https:\/\/www.mpppst.gob.ve\/mpppstweb\/#organization\",\"name\":\"mpppst\",\"url\":\"https:\/\/www.mpppst.gob.ve\/mpppstweb\/\",\"logo\":{\"@type\":\"ImageObject\",\"inLanguage\":\"es\",\"@id\":\"https:\/\/www.mpppst.gob.ve\/mpppstweb\/#\/schema\/logo\/image\/\",\"url\":\"https:\/\/www.mpppst.gob.ve\/mpppstweb\/wp-content\/uploads\/2025\/07\/cropped-cropped-g910.png\",\"contentUrl\":\"https:\/\/www.mpppst.gob.ve\/mpppstweb\/wp-content\/uploads\/2025\/07\/cropped-cropped-g910.png\",\"width\":1080,\"height\":241,\"caption\":\"mpppst\"},\"image\":{\"@id\":\"https:\/\/www.mpppst.gob.ve\/mpppstweb\/#\/schema\/logo\/image\/\"}},{\"@type\":\"Person\",\"@id\":\"https:\/\/www.mpppst.gob.ve\/mpppstweb\/#\/schema\/person\/fc187ee8ead412bd4c9304b62f900ea4\",\"name\":\"MPPPST Prensa\",\"url\":\"https:\/\/www.mpppst.gob.ve\/mpppstweb\/index.php\/author\/prensa-mpppst\/\"}]}<\/script>\n<!-- \/ Yoast SEO plugin. -->","yoast_head_json":{"title":"Se juramenta Comit\u00e9 Constituyente Obrero del Metro de Caracas - MPPPST","robots":{"index":"index","follow":"follow","max-snippet":"max-snippet:-1","max-image-preview":"max-image-preview:large","max-video-preview":"max-video-preview:-1"},"canonical":"https:\/\/www.mpppst.gob.ve\/mpppstweb\/index.php\/2017\/07\/11\/se-juramenta-comite-constituyente-obrero-del-metro-de-caracas\/","og_locale":"es_ES","og_type":"article","og_title":"Se juramenta Comit\u00e9 Constituyente Obrero del Metro de Caracas - MPPPST","og_description":"Gina Garc\u00eda.- Trabajadores del Metro de Caracas participaron en el acto de juramentaci\u00f3n del Comit\u00e9 Constituyente &hellip; Se juramenta Comit\u00e9 Constituyente Obrero del Metro de CaracasRead more","og_url":"https:\/\/www.mpppst.gob.ve\/mpppstweb\/index.php\/2017\/07\/11\/se-juramenta-comite-constituyente-obrero-del-metro-de-caracas\/","og_site_name":"MPPPST","article_published_time":"2017-07-11T20:25:00+00:00","og_image":[{"width":800,"height":445,"url":"https:\/\/www.mpppst.gob.ve\/mpppstweb\/wp-content\/uploads\/2017\/07\/IMG_7491.jpg","type":"image\/jpeg"}],"author":"MPPPST Prensa","twitter_card":"summary_large_image","twitter_misc":{"Escrito por":"MPPPST Prensa","Tiempo de lectura":"1 minuto"},"schema":{"@context":"https:\/\/schema.org","@graph":[{"@type":"Article","@id":"https:\/\/www.mpppst.gob.ve\/mpppstweb\/index.php\/2017\/07\/11\/se-juramenta-comite-constituyente-obrero-del-metro-de-caracas\/#article","isPartOf":{"@id":"https:\/\/www.mpppst.gob.ve\/mpppstweb\/index.php\/2017\/07\/11\/se-juramenta-comite-constituyente-obrero-del-metro-de-caracas\/"},"author":{"name":"MPPPST Prensa","@id":"https:\/\/www.mpppst.gob.ve\/mpppstweb\/#\/schema\/person\/fc187ee8ead412bd4c9304b62f900ea4"},"headline":"Se juramenta Comit\u00e9 Constituyente Obrero del Metro de Caracas","datePublished":"2017-07-11T20:25:00+00:00","dateModified":"2017-07-11T20:25:00+00:00","mainEntityOfPage":{"@id":"https:\/\/www.mpppst.gob.ve\/mpppstweb\/index.php\/2017\/07\/11\/se-juramenta-comite-constituyente-obrero-del-metro-de-caracas\/"},"wordCount":238,"publisher":{"@id":"https:\/\/www.mpppst.gob.ve\/mpppstweb\/#organization"},"image":{"@id":"https:\/\/www.mpppst.gob.ve\/mpppstweb\/index.php\/2017\/07\/11\/se-juramenta-comite-constituyente-obrero-del-metro-de-caracas\/#primaryimage"},"thumbnailUrl":"https:\/\/www.mpppst.gob.ve\/mpppstweb\/wp-content\/uploads\/2017\/07\/IMG_7491.jpg","articleSection":["Gobierno Nacional","Noticias"],"inLanguage":"es"},{"@type":"WebPage","@id":"https:\/\/www.mpppst.gob.ve\/mpppstweb\/index.php\/2017\/07\/11\/se-juramenta-comite-constituyente-obrero-del-metro-de-caracas\/","url":"https:\/\/www.mpppst.gob.ve\/mpppstweb\/index.php\/2017\/07\/11\/se-juramenta-comite-constituyente-obrero-del-metro-de-caracas\/","name":"Se juramenta Comit\u00e9 Constituyente Obrero del Metro de Caracas - MPPPST","isPartOf":{"@id":"https:\/\/www.mpppst.gob.ve\/mpppstweb\/#website"},"primaryImageOfPage":{"@id":"https:\/\/www.mpppst.gob.ve\/mpppstweb\/index.php\/2017\/07\/11\/se-juramenta-comite-constituyente-obrero-del-metro-de-caracas\/#primaryimage"},"image":{"@id":"https:\/\/www.mpppst.gob.ve\/mpppstweb\/index.php\/2017\/07\/11\/se-juramenta-comite-constituyente-obrero-del-metro-de-caracas\/#primaryimage"},"thumbnailUrl":"https:\/\/www.mpppst.gob.ve\/mpppstweb\/wp-content\/uploads\/2017\/07\/IMG_7491.jpg","datePublished":"2017-07-11T20:25:00+00:00","dateModified":"2017-07-11T20:25:00+00:00","breadcrumb":{"@id":"https:\/\/www.mpppst.gob.ve\/mpppstweb\/index.php\/2017\/07\/11\/se-juramenta-comite-constituyente-obrero-del-metro-de-caracas\/#breadcrumb"},"inLanguage":"es","potentialAction":[{"@type":"ReadAction","target":["https:\/\/www.mpppst.gob.ve\/mpppstweb\/index.php\/2017\/07\/11\/se-juramenta-comite-constituyente-obrero-del-metro-de-caracas\/"]}]},{"@type":"ImageObject","inLanguage":"es","@id":"https:\/\/www.mpppst.gob.ve\/mpppstweb\/index.php\/2017\/07\/11\/se-juramenta-comite-constituyente-obrero-del-metro-de-caracas\/#primaryimage","url":"https:\/\/www.mpppst.gob.ve\/mpppstweb\/wp-content\/uploads\/2017\/07\/IMG_7491.jpg","contentUrl":"https:\/\/www.mpppst.gob.ve\/mpppstweb\/wp-content\/uploads\/2017\/07\/IMG_7491.jpg","width":800,"height":445},{"@type":"BreadcrumbList","@id":"https:\/\/www.mpppst.gob.ve\/mpppstweb\/index.php\/2017\/07\/11\/se-juramenta-comite-constituyente-obrero-del-metro-de-caracas\/#breadcrumb","itemListElement":[{"@type":"ListItem","position":1,"name":"Home","item":"https:\/\/www.mpppst.gob.ve\/mpppstweb\/"},{"@type":"ListItem","position":2,"name":"Se juramenta Comit\u00e9 Constituyente Obrero del Metro de Caracas"}]},{"@type":"WebSite","@id":"https:\/\/www.mpppst.gob.ve\/mpppstweb\/#website","url":"https:\/\/www.mpppst.gob.ve\/mpppstweb\/","name":"MPPPST","description":"Ministerio del Poder Popular para el Proceso Social de Trabajo","publisher":{"@id":"https:\/\/www.mpppst.gob.ve\/mpppstweb\/#organization"},"potentialAction":[{"@type":"SearchAction","target":{"@type":"EntryPoint","urlTemplate":"https:\/\/www.mpppst.gob.ve\/mpppstweb\/?s={search_term_string}"},"query-input":"required name=search_term_string"}],"inLanguage":"es"},{"@type":"Organization","@id":"https:\/\/www.mpppst.gob.ve\/mpppstweb\/#organization","name":"mpppst","url":"https:\/\/www.mpppst.gob.ve\/mpppstweb\/","logo":{"@type":"ImageObject","inLanguage":"es","@id":"https:\/\/www.mpppst.gob.ve\/mpppstweb\/#\/schema\/logo\/image\/","url":"https:\/\/www.mpppst.gob.ve\/mpppstweb\/wp-content\/uploads\/2025\/07\/cropped-cropped-g910.png","contentUrl":"https:\/\/www.mpppst.gob.ve\/mpppstweb\/wp-content\/uploads\/2025\/07\/cropped-cropped-g910.png","width":1080,"height":241,"caption":"mpppst"},"image":{"@id":"https:\/\/www.mpppst.gob.ve\/mpppstweb\/#\/schema\/logo\/image\/"}},{"@type":"Person","@id":"https:\/\/www.mpppst.gob.ve\/mpppstweb\/#\/schema\/person\/fc187ee8ead412bd4c9304b62f900ea4","name":"MPPPST Prensa","url":"https:\/\/www.mpppst.gob.ve\/mpppstweb\/index.php\/author\/prensa-mpppst\/"}]}},"_links":{"self":[{"href":"https:\/\/www.mpppst.gob.ve\/mpppstweb\/index.php\/wp-json\/wp\/v2\/posts\/12113"}],"collection":[{"href":"https:\/\/www.mpppst.gob.ve\/mpppstweb\/index.php\/wp-json\/wp\/v2\/posts"}],"about":[{"href":"https:\/\/www.mpppst.gob.ve\/mpppstweb\/index.php\/wp-json\/wp\/v2\/types\/post"}],"author":[{"embeddable":true,"href":"https:\/\/www.mpppst.gob.ve\/mpppstweb\/index.php\/wp-json\/wp\/v2\/users\/25"}],"replies":[{"embeddable":true,"href":"https:\/\/www.mpppst.gob.ve\/mpppstweb\/index.php\/wp-json\/wp\/v2\/comments?post=12113"}],"version-history":[{"count":1,"href":"https:\/\/www.mpppst.gob.ve\/mpppstweb\/index.php\/wp-json\/wp\/v2\/posts\/12113\/revisions"}],"predecessor-version":[{"id":12115,"href":"https:\/\/www.mpppst.gob.ve\/mpppstweb\/index.php\/wp-json\/wp\/v2\/posts\/12113\/revisions\/12115"}],"wp:featuredmedia":[{"embeddable":true,"href":"https:\/\/www.mpppst.gob.ve\/mpppstweb\/index.php\/wp-json\/wp\/v2\/media\/12114"}],"wp:attachment":[{"href":"https:\/\/www.mpppst.gob.ve\/mpppstweb\/index.php\/wp-json\/wp\/v2\/media?parent=12113"}],"wp:term":[{"taxonomy":"category","embeddable":true,"href":"https:\/\/www.mpppst.gob.ve\/mpppstweb\/index.php\/wp-json\/wp\/v2\/categories?post=12113"},{"taxonomy":"post_tag","embeddable":true,"href":"https:\/\/www.mpppst.gob.ve\/mpppstweb\/index.php\/wp-json\/wp\/v2\/tags?post=12113"}],"curies":[{"name":"wp","href":"https:\/\/api.w.org\/{rel}","templated":true}]}}