{"id":12127,"date":"2017-07-12T10:17:19","date_gmt":"2017-07-12T14:17:19","guid":{"rendered":"http:\/\/www.mpppst.gob.ve\/mpppstweb\/?p=12127"},"modified":"2017-07-12T10:17:19","modified_gmt":"2017-07-12T14:17:19","slug":"mas-de-388-mil-jovenes-ya-estan-incorporados-al-plan-chamba-juvenil","status":"publish","type":"post","link":"https:\/\/www.mpppst.gob.ve\/mpppstweb\/index.php\/2017\/07\/12\/mas-de-388-mil-jovenes-ya-estan-incorporados-al-plan-chamba-juvenil\/","title":{"rendered":"M\u00e1s de 388 mil j\u00f3venes ya est\u00e1n incorporados al Plan Chamba Juvenil"},"content":{"rendered":"<p>Minci<\/p>\n<p>Con menos de un mes de haber sido lanzado el Plan Chamba Juvenil, ya m\u00e1s de 388 mil j\u00f3venes est\u00e1n incorporados a esta iniciativa.<\/p>\n<p>As\u00ed lo refiri\u00f3 el presidente de la Rep\u00fablica Bolivariana de Venezuela, Nicol\u00e1s Maduro durante el lanzamiento del Plan Nacional de Parto Humanizado que realiz\u00f3 este martes desde el Palacio de Miraflores.<\/p>\n<p>\u201cHay un voto de confianza, de fe y nosotros estamos apuntando hacia donde es, hacia una necesidad real, la meta este a\u00f1o son 150 mil j\u00f3venes estudiando, todos estudiando y todos chambeando, trabajando, 750 mil j\u00f3venes (\u2026) nosotros no le damos un explosivo, una bomba, le damos estudio, trabajo, amor, futuro y le damos un compromiso de paz\u201d, refiri\u00f3 el Jefe de Estado.<\/p>\n<p>Aprovech\u00f3 para reconocer el trabajo que est\u00e1n realizando los brigadistas de la Misi\u00f3n Somos Venezuela que ya ha visitado a m\u00e1s de 890 mil hogares y contactado a 4 millones 196 mil personas registradas con el Carnet de la Patria.<\/p>\n<p>Pidi\u00f3, eso s\u00ed, mayor dinamismo en el abordaje de la Misi\u00f3n Somos Venezuela en Caracas y los estados Lara, Miranda, T\u00e1chira y Zulia.<\/p>\n<p>El presidente Maduro se mostr\u00f3 complacido con todas estas iniciativas que han surgido de los datos obtenidos a trav\u00e9s del registro del Carnet de la Patria, proyecto iniciado el pasado 20 de enero, y justamente el Plan de Parto Humanizado ve la luz a partir de la data recabada.<br \/>\n\u201cHoy, 11 de julio es el d\u00eda del feliz nacimiento del plan del parto humanizado, del parto feliz, hijo de Carnet de la Patria\u201d, coment\u00f3.<\/p>\n<p>A trav\u00e9s de este programa que se refuerza la pol\u00edtica sanitaria prenatal para garantizar la consulta mensual, medicinas, complementos vitam\u00ednicos, al mayor nivel. Las cifras en Venezuela indican que cada a\u00f1o nacen 500 mil ni\u00f1os, a trav\u00e9s de la Misi\u00f3n Somos Venezuela y bas\u00e1ndose en el Carnet de la Patria, desde el 11 de junio ya han sido contactadas cerca de 4 mil mujeres en estado de gravidez.<\/p>\n<p>En ese sentido, hizo un llamado para que se incorporen a este plan, que incluye una proceso de formaci\u00f3n_ durante 15 semanas_ de 10 mil promotoras comunales del parto humanizado, \u201ces un ej\u00e9rcito que ser\u00e1 gestionado a trav\u00e9s del Plan Chamba Juvenil, para asistir y promover el parto respetuoso\u201d.<\/p>\n","protected":false},"excerpt":{"rendered":"<p>Minci Con menos de un mes de haber sido lanzado el Plan Chamba Juvenil, ya m\u00e1s &hellip; <a title=\"M\u00e1s de 388 mil j\u00f3venes ya est\u00e1n incorporados al Plan Chamba Juvenil\" class=\"hm-read-more\" href=\"https:\/\/www.mpppst.gob.ve\/mpppstweb\/index.php\/2017\/07\/12\/mas-de-388-mil-jovenes-ya-estan-incorporados-al-plan-chamba-juvenil\/\"><span class=\"screen-reader-text\">M\u00e1s de 388 mil j\u00f3venes ya est\u00e1n incorporados al Plan Chamba Juvenil<\/span>Read more<\/a><\/p>\n","protected":false},"author":25,"featured_media":12128,"comment_status":"closed","ping_status":"closed","sticky":false,"template":"","format":"standard","meta":{"footnotes":""},"categories":[82,163],"tags":[],"yoast_head":"<!-- This site is optimized with the Yoast SEO plugin v22.5 - https:\/\/yoast.com\/wordpress\/plugins\/seo\/ -->\n<title>M\u00e1s de 388 mil j\u00f3venes ya est\u00e1n incorporados al Plan Chamba Juvenil - MPPPST<\/title>\n<meta name=\"robots\" content=\"index, follow, max-snippet:-1, max-image-preview:large, max-video-preview:-1\" \/>\n<link rel=\"canonical\" href=\"https:\/\/www.mpppst.gob.ve\/mpppstweb\/index.php\/2017\/07\/12\/mas-de-388-mil-jovenes-ya-estan-incorporados-al-plan-chamba-juvenil\/\" \/>\n<meta property=\"og:locale\" content=\"es_ES\" \/>\n<meta property=\"og:type\" content=\"article\" \/>\n<meta property=\"og:title\" content=\"M\u00e1s de 388 mil j\u00f3venes ya est\u00e1n incorporados al Plan Chamba Juvenil - MPPPST\" \/>\n<meta property=\"og:description\" content=\"Minci Con menos de un mes de haber sido lanzado el Plan Chamba Juvenil, ya m\u00e1s &hellip; M\u00e1s de 388 mil j\u00f3venes ya est\u00e1n incorporados al Plan Chamba JuvenilRead more\" \/>\n<meta property=\"og:url\" content=\"https:\/\/www.mpppst.gob.ve\/mpppstweb\/index.php\/2017\/07\/12\/mas-de-388-mil-jovenes-ya-estan-incorporados-al-plan-chamba-juvenil\/\" \/>\n<meta property=\"og:site_name\" content=\"MPPPST\" \/>\n<meta property=\"article:published_time\" content=\"2017-07-12T14:17:19+00:00\" \/>\n<meta property=\"og:image\" content=\"https:\/\/www.mpppst.gob.ve\/mpppstweb\/wp-content\/uploads\/2017\/07\/FS_2195-1.jpg\" \/>\n\t<meta property=\"og:image:width\" content=\"800\" \/>\n\t<meta property=\"og:image:height\" content=\"445\" \/>\n\t<meta property=\"og:image:type\" content=\"image\/jpeg\" \/>\n<meta name=\"author\" content=\"MPPPST Prensa\" \/>\n<meta name=\"twitter:card\" content=\"summary_large_image\" \/>\n<meta name=\"twitter:label1\" content=\"Escrito por\" \/>\n\t<meta name=\"twitter:data1\" content=\"MPPPST Prensa\" \/>\n\t<meta name=\"twitter:label2\" content=\"Tiempo de lectura\" \/>\n\t<meta name=\"twitter:data2\" content=\"2 minutos\" \/>\n<script type=\"application\/ld+json\" class=\"yoast-schema-graph\">{\"@context\":\"https:\/\/schema.org\",\"@graph\":[{\"@type\":\"Article\",\"@id\":\"https:\/\/www.mpppst.gob.ve\/mpppstweb\/index.php\/2017\/07\/12\/mas-de-388-mil-jovenes-ya-estan-incorporados-al-plan-chamba-juvenil\/#article\",\"isPartOf\":{\"@id\":\"https:\/\/www.mpppst.gob.ve\/mpppstweb\/index.php\/2017\/07\/12\/mas-de-388-mil-jovenes-ya-estan-incorporados-al-plan-chamba-juvenil\/\"},\"author\":{\"name\":\"MPPPST Prensa\",\"@id\":\"https:\/\/www.mpppst.gob.ve\/mpppstweb\/#\/schema\/person\/fc187ee8ead412bd4c9304b62f900ea4\"},\"headline\":\"M\u00e1s de 388 mil j\u00f3venes ya est\u00e1n incorporados al Plan Chamba Juvenil\",\"datePublished\":\"2017-07-12T14:17:19+00:00\",\"dateModified\":\"2017-07-12T14:17:19+00:00\",\"mainEntityOfPage\":{\"@id\":\"https:\/\/www.mpppst.gob.ve\/mpppstweb\/index.php\/2017\/07\/12\/mas-de-388-mil-jovenes-ya-estan-incorporados-al-plan-chamba-juvenil\/\"},\"wordCount\":399,\"publisher\":{\"@id\":\"https:\/\/www.mpppst.gob.ve\/mpppstweb\/#organization\"},\"image\":{\"@id\":\"https:\/\/www.mpppst.gob.ve\/mpppstweb\/index.php\/2017\/07\/12\/mas-de-388-mil-jovenes-ya-estan-incorporados-al-plan-chamba-juvenil\/#primaryimage\"},\"thumbnailUrl\":\"https:\/\/www.mpppst.gob.ve\/mpppstweb\/wp-content\/uploads\/2017\/07\/FS_2195-1.jpg\",\"articleSection\":[\"Gobierno Nacional\",\"Noticias\"],\"inLanguage\":\"es\"},{\"@type\":\"WebPage\",\"@id\":\"https:\/\/www.mpppst.gob.ve\/mpppstweb\/index.php\/2017\/07\/12\/mas-de-388-mil-jovenes-ya-estan-incorporados-al-plan-chamba-juvenil\/\",\"url\":\"https:\/\/www.mpppst.gob.ve\/mpppstweb\/index.php\/2017\/07\/12\/mas-de-388-mil-jovenes-ya-estan-incorporados-al-plan-chamba-juvenil\/\",\"name\":\"M\u00e1s de 388 mil j\u00f3venes ya est\u00e1n incorporados al Plan Chamba Juvenil - MPPPST\",\"isPartOf\":{\"@id\":\"https:\/\/www.mpppst.gob.ve\/mpppstweb\/#website\"},\"primaryImageOfPage\":{\"@id\":\"https:\/\/www.mpppst.gob.ve\/mpppstweb\/index.php\/2017\/07\/12\/mas-de-388-mil-jovenes-ya-estan-incorporados-al-plan-chamba-juvenil\/#primaryimage\"},\"image\":{\"@id\":\"https:\/\/www.mpppst.gob.ve\/mpppstweb\/index.php\/2017\/07\/12\/mas-de-388-mil-jovenes-ya-estan-incorporados-al-plan-chamba-juvenil\/#primaryimage\"},\"thumbnailUrl\":\"https:\/\/www.mpppst.gob.ve\/mpppstweb\/wp-content\/uploads\/2017\/07\/FS_2195-1.jpg\",\"datePublished\":\"2017-07-12T14:17:19+00:00\",\"dateModified\":\"2017-07-12T14:17:19+00:00\",\"breadcrumb\":{\"@id\":\"https:\/\/www.mpppst.gob.ve\/mpppstweb\/index.php\/2017\/07\/12\/mas-de-388-mil-jovenes-ya-estan-incorporados-al-plan-chamba-juvenil\/#breadcrumb\"},\"inLanguage\":\"es\",\"potentialAction\":[{\"@type\":\"ReadAction\",\"target\":[\"https:\/\/www.mpppst.gob.ve\/mpppstweb\/index.php\/2017\/07\/12\/mas-de-388-mil-jovenes-ya-estan-incorporados-al-plan-chamba-juvenil\/\"]}]},{\"@type\":\"ImageObject\",\"inLanguage\":\"es\",\"@id\":\"https:\/\/www.mpppst.gob.ve\/mpppstweb\/index.php\/2017\/07\/12\/mas-de-388-mil-jovenes-ya-estan-incorporados-al-plan-chamba-juvenil\/#primaryimage\",\"url\":\"https:\/\/www.mpppst.gob.ve\/mpppstweb\/wp-content\/uploads\/2017\/07\/FS_2195-1.jpg\",\"contentUrl\":\"https:\/\/www.mpppst.gob.ve\/mpppstweb\/wp-content\/uploads\/2017\/07\/FS_2195-1.jpg\",\"width\":800,\"height\":445},{\"@type\":\"BreadcrumbList\",\"@id\":\"https:\/\/www.mpppst.gob.ve\/mpppstweb\/index.php\/2017\/07\/12\/mas-de-388-mil-jovenes-ya-estan-incorporados-al-plan-chamba-juvenil\/#breadcrumb\",\"itemListElement\":[{\"@type\":\"ListItem\",\"position\":1,\"name\":\"Home\",\"item\":\"https:\/\/www.mpppst.gob.ve\/mpppstweb\/\"},{\"@type\":\"ListItem\",\"position\":2,\"name\":\"M\u00e1s de 388 mil j\u00f3venes ya est\u00e1n incorporados al Plan Chamba Juvenil\"}]},{\"@type\":\"WebSite\",\"@id\":\"https:\/\/www.mpppst.gob.ve\/mpppstweb\/#website\",\"url\":\"https:\/\/www.mpppst.gob.ve\/mpppstweb\/\",\"name\":\"MPPPST\",\"description\":\"Ministerio del Poder Popular para el Proceso Social de Trabajo\",\"publisher\":{\"@id\":\"https:\/\/www.mpppst.gob.ve\/mpppstweb\/#organization\"},\"potentialAction\":[{\"@type\":\"SearchAction\",\"target\":{\"@type\":\"EntryPoint\",\"urlTemplate\":\"https:\/\/www.mpppst.gob.ve\/mpppstweb\/?s={search_term_string}\"},\"query-input\":\"required name=search_term_string\"}],\"inLanguage\":\"es\"},{\"@type\":\"Organization\",\"@id\":\"https:\/\/www.mpppst.gob.ve\/mpppstweb\/#organization\",\"name\":\"mpppst\",\"url\":\"https:\/\/www.mpppst.gob.ve\/mpppstweb\/\",\"logo\":{\"@type\":\"ImageObject\",\"inLanguage\":\"es\",\"@id\":\"https:\/\/www.mpppst.gob.ve\/mpppstweb\/#\/schema\/logo\/image\/\",\"url\":\"https:\/\/www.mpppst.gob.ve\/mpppstweb\/wp-content\/uploads\/2025\/07\/cropped-cropped-g910.png\",\"contentUrl\":\"https:\/\/www.mpppst.gob.ve\/mpppstweb\/wp-content\/uploads\/2025\/07\/cropped-cropped-g910.png\",\"width\":1080,\"height\":241,\"caption\":\"mpppst\"},\"image\":{\"@id\":\"https:\/\/www.mpppst.gob.ve\/mpppstweb\/#\/schema\/logo\/image\/\"}},{\"@type\":\"Person\",\"@id\":\"https:\/\/www.mpppst.gob.ve\/mpppstweb\/#\/schema\/person\/fc187ee8ead412bd4c9304b62f900ea4\",\"name\":\"MPPPST Prensa\",\"url\":\"https:\/\/www.mpppst.gob.ve\/mpppstweb\/index.php\/author\/prensa-mpppst\/\"}]}<\/script>\n<!-- \/ Yoast SEO plugin. -->","yoast_head_json":{"title":"M\u00e1s de 388 mil j\u00f3venes ya est\u00e1n incorporados al Plan Chamba Juvenil - MPPPST","robots":{"index":"index","follow":"follow","max-snippet":"max-snippet:-1","max-image-preview":"max-image-preview:large","max-video-preview":"max-video-preview:-1"},"canonical":"https:\/\/www.mpppst.gob.ve\/mpppstweb\/index.php\/2017\/07\/12\/mas-de-388-mil-jovenes-ya-estan-incorporados-al-plan-chamba-juvenil\/","og_locale":"es_ES","og_type":"article","og_title":"M\u00e1s de 388 mil j\u00f3venes ya est\u00e1n incorporados al Plan Chamba Juvenil - MPPPST","og_description":"Minci Con menos de un mes de haber sido lanzado el Plan Chamba Juvenil, ya m\u00e1s &hellip; M\u00e1s de 388 mil j\u00f3venes ya est\u00e1n incorporados al Plan Chamba JuvenilRead more","og_url":"https:\/\/www.mpppst.gob.ve\/mpppstweb\/index.php\/2017\/07\/12\/mas-de-388-mil-jovenes-ya-estan-incorporados-al-plan-chamba-juvenil\/","og_site_name":"MPPPST","article_published_time":"2017-07-12T14:17:19+00:00","og_image":[{"width":800,"height":445,"url":"https:\/\/www.mpppst.gob.ve\/mpppstweb\/wp-content\/uploads\/2017\/07\/FS_2195-1.jpg","type":"image\/jpeg"}],"author":"MPPPST Prensa","twitter_card":"summary_large_image","twitter_misc":{"Escrito por":"MPPPST Prensa","Tiempo de lectura":"2 minutos"},"schema":{"@context":"https:\/\/schema.org","@graph":[{"@type":"Article","@id":"https:\/\/www.mpppst.gob.ve\/mpppstweb\/index.php\/2017\/07\/12\/mas-de-388-mil-jovenes-ya-estan-incorporados-al-plan-chamba-juvenil\/#article","isPartOf":{"@id":"https:\/\/www.mpppst.gob.ve\/mpppstweb\/index.php\/2017\/07\/12\/mas-de-388-mil-jovenes-ya-estan-incorporados-al-plan-chamba-juvenil\/"},"author":{"name":"MPPPST Prensa","@id":"https:\/\/www.mpppst.gob.ve\/mpppstweb\/#\/schema\/person\/fc187ee8ead412bd4c9304b62f900ea4"},"headline":"M\u00e1s de 388 mil j\u00f3venes ya est\u00e1n incorporados al Plan Chamba Juvenil","datePublished":"2017-07-12T14:17:19+00:00","dateModified":"2017-07-12T14:17:19+00:00","mainEntityOfPage":{"@id":"https:\/\/www.mpppst.gob.ve\/mpppstweb\/index.php\/2017\/07\/12\/mas-de-388-mil-jovenes-ya-estan-incorporados-al-plan-chamba-juvenil\/"},"wordCount":399,"publisher":{"@id":"https:\/\/www.mpppst.gob.ve\/mpppstweb\/#organization"},"image":{"@id":"https:\/\/www.mpppst.gob.ve\/mpppstweb\/index.php\/2017\/07\/12\/mas-de-388-mil-jovenes-ya-estan-incorporados-al-plan-chamba-juvenil\/#primaryimage"},"thumbnailUrl":"https:\/\/www.mpppst.gob.ve\/mpppstweb\/wp-content\/uploads\/2017\/07\/FS_2195-1.jpg","articleSection":["Gobierno Nacional","Noticias"],"inLanguage":"es"},{"@type":"WebPage","@id":"https:\/\/www.mpppst.gob.ve\/mpppstweb\/index.php\/2017\/07\/12\/mas-de-388-mil-jovenes-ya-estan-incorporados-al-plan-chamba-juvenil\/","url":"https:\/\/www.mpppst.gob.ve\/mpppstweb\/index.php\/2017\/07\/12\/mas-de-388-mil-jovenes-ya-estan-incorporados-al-plan-chamba-juvenil\/","name":"M\u00e1s de 388 mil j\u00f3venes ya est\u00e1n incorporados al Plan Chamba Juvenil - MPPPST","isPartOf":{"@id":"https:\/\/www.mpppst.gob.ve\/mpppstweb\/#website"},"primaryImageOfPage":{"@id":"https:\/\/www.mpppst.gob.ve\/mpppstweb\/index.php\/2017\/07\/12\/mas-de-388-mil-jovenes-ya-estan-incorporados-al-plan-chamba-juvenil\/#primaryimage"},"image":{"@id":"https:\/\/www.mpppst.gob.ve\/mpppstweb\/index.php\/2017\/07\/12\/mas-de-388-mil-jovenes-ya-estan-incorporados-al-plan-chamba-juvenil\/#primaryimage"},"thumbnailUrl":"https:\/\/www.mpppst.gob.ve\/mpppstweb\/wp-content\/uploads\/2017\/07\/FS_2195-1.jpg","datePublished":"2017-07-12T14:17:19+00:00","dateModified":"2017-07-12T14:17:19+00:00","breadcrumb":{"@id":"https:\/\/www.mpppst.gob.ve\/mpppstweb\/index.php\/2017\/07\/12\/mas-de-388-mil-jovenes-ya-estan-incorporados-al-plan-chamba-juvenil\/#breadcrumb"},"inLanguage":"es","potentialAction":[{"@type":"ReadAction","target":["https:\/\/www.mpppst.gob.ve\/mpppstweb\/index.php\/2017\/07\/12\/mas-de-388-mil-jovenes-ya-estan-incorporados-al-plan-chamba-juvenil\/"]}]},{"@type":"ImageObject","inLanguage":"es","@id":"https:\/\/www.mpppst.gob.ve\/mpppstweb\/index.php\/2017\/07\/12\/mas-de-388-mil-jovenes-ya-estan-incorporados-al-plan-chamba-juvenil\/#primaryimage","url":"https:\/\/www.mpppst.gob.ve\/mpppstweb\/wp-content\/uploads\/2017\/07\/FS_2195-1.jpg","contentUrl":"https:\/\/www.mpppst.gob.ve\/mpppstweb\/wp-content\/uploads\/2017\/07\/FS_2195-1.jpg","width":800,"height":445},{"@type":"BreadcrumbList","@id":"https:\/\/www.mpppst.gob.ve\/mpppstweb\/index.php\/2017\/07\/12\/mas-de-388-mil-jovenes-ya-estan-incorporados-al-plan-chamba-juvenil\/#breadcrumb","itemListElement":[{"@type":"ListItem","position":1,"name":"Home","item":"https:\/\/www.mpppst.gob.ve\/mpppstweb\/"},{"@type":"ListItem","position":2,"name":"M\u00e1s de 388 mil j\u00f3venes ya est\u00e1n incorporados al Plan Chamba Juvenil"}]},{"@type":"WebSite","@id":"https:\/\/www.mpppst.gob.ve\/mpppstweb\/#website","url":"https:\/\/www.mpppst.gob.ve\/mpppstweb\/","name":"MPPPST","description":"Ministerio del Poder Popular para el Proceso Social de Trabajo","publisher":{"@id":"https:\/\/www.mpppst.gob.ve\/mpppstweb\/#organization"},"potentialAction":[{"@type":"SearchAction","target":{"@type":"EntryPoint","urlTemplate":"https:\/\/www.mpppst.gob.ve\/mpppstweb\/?s={search_term_string}"},"query-input":"required name=search_term_string"}],"inLanguage":"es"},{"@type":"Organization","@id":"https:\/\/www.mpppst.gob.ve\/mpppstweb\/#organization","name":"mpppst","url":"https:\/\/www.mpppst.gob.ve\/mpppstweb\/","logo":{"@type":"ImageObject","inLanguage":"es","@id":"https:\/\/www.mpppst.gob.ve\/mpppstweb\/#\/schema\/logo\/image\/","url":"https:\/\/www.mpppst.gob.ve\/mpppstweb\/wp-content\/uploads\/2025\/07\/cropped-cropped-g910.png","contentUrl":"https:\/\/www.mpppst.gob.ve\/mpppstweb\/wp-content\/uploads\/2025\/07\/cropped-cropped-g910.png","width":1080,"height":241,"caption":"mpppst"},"image":{"@id":"https:\/\/www.mpppst.gob.ve\/mpppstweb\/#\/schema\/logo\/image\/"}},{"@type":"Person","@id":"https:\/\/www.mpppst.gob.ve\/mpppstweb\/#\/schema\/person\/fc187ee8ead412bd4c9304b62f900ea4","name":"MPPPST Prensa","url":"https:\/\/www.mpppst.gob.ve\/mpppstweb\/index.php\/author\/prensa-mpppst\/"}]}},"_links":{"self":[{"href":"https:\/\/www.mpppst.gob.ve\/mpppstweb\/index.php\/wp-json\/wp\/v2\/posts\/12127"}],"collection":[{"href":"https:\/\/www.mpppst.gob.ve\/mpppstweb\/index.php\/wp-json\/wp\/v2\/posts"}],"about":[{"href":"https:\/\/www.mpppst.gob.ve\/mpppstweb\/index.php\/wp-json\/wp\/v2\/types\/post"}],"author":[{"embeddable":true,"href":"https:\/\/www.mpppst.gob.ve\/mpppstweb\/index.php\/wp-json\/wp\/v2\/users\/25"}],"replies":[{"embeddable":true,"href":"https:\/\/www.mpppst.gob.ve\/mpppstweb\/index.php\/wp-json\/wp\/v2\/comments?post=12127"}],"version-history":[{"count":1,"href":"https:\/\/www.mpppst.gob.ve\/mpppstweb\/index.php\/wp-json\/wp\/v2\/posts\/12127\/revisions"}],"predecessor-version":[{"id":12129,"href":"https:\/\/www.mpppst.gob.ve\/mpppstweb\/index.php\/wp-json\/wp\/v2\/posts\/12127\/revisions\/12129"}],"wp:featuredmedia":[{"embeddable":true,"href":"https:\/\/www.mpppst.gob.ve\/mpppstweb\/index.php\/wp-json\/wp\/v2\/media\/12128"}],"wp:attachment":[{"href":"https:\/\/www.mpppst.gob.ve\/mpppstweb\/index.php\/wp-json\/wp\/v2\/media?parent=12127"}],"wp:term":[{"taxonomy":"category","embeddable":true,"href":"https:\/\/www.mpppst.gob.ve\/mpppstweb\/index.php\/wp-json\/wp\/v2\/categories?post=12127"},{"taxonomy":"post_tag","embeddable":true,"href":"https:\/\/www.mpppst.gob.ve\/mpppstweb\/index.php\/wp-json\/wp\/v2\/tags?post=12127"}],"curies":[{"name":"wp","href":"https:\/\/api.w.org\/{rel}","templated":true}]}}