{"id":12135,"date":"2017-07-12T20:42:10","date_gmt":"2017-07-13T00:42:10","guid":{"rendered":"http:\/\/www.mpppst.gob.ve\/mpppstweb\/?p=12135"},"modified":"2017-07-12T20:42:10","modified_gmt":"2017-07-13T00:42:10","slug":"vicepresidencia-de-asuntos-sociales-impulsa-el-4x4-de-cara-al-proceso-constituyente","status":"publish","type":"post","link":"https:\/\/www.mpppst.gob.ve\/mpppstweb\/index.php\/2017\/07\/12\/vicepresidencia-de-asuntos-sociales-impulsa-el-4x4-de-cara-al-proceso-constituyente\/","title":{"rendered":"Vicepresidencia de Asuntos Sociales impulsa el 4&#215;4 de cara al proceso Constituyente\u00a0"},"content":{"rendered":"<p>Por Marbelys Mavarez<\/p>\n<p>La Vicepresidencia de Asuntos Sociales sostuvo una reuni\u00f3n con los directores estadales de los Ministerios del Poder Popular para el Proceso Social de Trabajo, Pueblos Ind\u00edgenas, Mujer y Salud.<\/p>\n<p>El prop\u00f3sito consisti\u00f3 en afinar las estrategias para que el Pueblo se vuelva verdadero poder Constituyente. En otras palabras, que se promueva la verdadera participaci\u00f3n del poder originario, m\u00e1s all\u00e1 de los 545 Constituyentes que ser\u00e1n electos el 30 de julio.<\/p>\n<p>El segundo aspecto abordado fue el relativo al Movimiento Somos Venezuela. Y en tal sentido se hizo referencia al carnet de la Patria, instrumento que lleva registrados m\u00e1s de 14 millones 500 mil venezolanos y venezolanas.<\/p>\n<p>En el seno de la reuni\u00f3n se puso de relieve que esta herramienta posibilita identificar qui\u00e9nes han sido beneficiados con las pol\u00edticas del Estado Revolucionario, las expectativas que tiene el pueblo venezolano en el marco de la Revoluci\u00f3n, entre otros asuntos.<\/p>\n<p>En un contacto telef\u00f3nico, Elias Jaua, vicepresidente de Asuntos Sociales, se\u00f1al\u00f3 que es importante activar la movilizaci\u00f3n el 30 de julio. Se trata de la puesta en marcha de la maquinaria del 4 por 4: los Clap, el Movimiento Somos Venezuela, los Movimientos Sociales y el sistema de Misiones y Grandes Misiones.<\/p>\n","protected":false},"excerpt":{"rendered":"<p>Por Marbelys Mavarez La Vicepresidencia de Asuntos Sociales sostuvo una reuni\u00f3n con los directores estadales de &hellip; <a title=\"Vicepresidencia de Asuntos Sociales impulsa el 4&#215;4 de cara al proceso Constituyente\u00a0\" class=\"hm-read-more\" href=\"https:\/\/www.mpppst.gob.ve\/mpppstweb\/index.php\/2017\/07\/12\/vicepresidencia-de-asuntos-sociales-impulsa-el-4x4-de-cara-al-proceso-constituyente\/\"><span class=\"screen-reader-text\">Vicepresidencia de Asuntos Sociales impulsa el 4&#215;4 de cara al proceso Constituyente\u00a0<\/span>Read more<\/a><\/p>\n","protected":false},"author":25,"featured_media":12137,"comment_status":"closed","ping_status":"closed","sticky":false,"template":"","format":"standard","meta":{"footnotes":""},"categories":[82,163],"tags":[397],"yoast_head":"<!-- This site is optimized with the Yoast SEO plugin v22.5 - https:\/\/yoast.com\/wordpress\/plugins\/seo\/ -->\n<title>Vicepresidencia de Asuntos Sociales impulsa el 4x4 de cara al proceso Constituyente\u00a0 - MPPPST<\/title>\n<meta name=\"robots\" content=\"index, follow, max-snippet:-1, max-image-preview:large, max-video-preview:-1\" \/>\n<link rel=\"canonical\" href=\"https:\/\/www.mpppst.gob.ve\/mpppstweb\/index.php\/2017\/07\/12\/vicepresidencia-de-asuntos-sociales-impulsa-el-4x4-de-cara-al-proceso-constituyente\/\" \/>\n<meta property=\"og:locale\" content=\"es_ES\" \/>\n<meta property=\"og:type\" content=\"article\" \/>\n<meta property=\"og:title\" content=\"Vicepresidencia de Asuntos Sociales impulsa el 4x4 de cara al proceso Constituyente\u00a0 - MPPPST\" \/>\n<meta property=\"og:description\" content=\"Por Marbelys Mavarez La Vicepresidencia de Asuntos Sociales sostuvo una reuni\u00f3n con los directores estadales de &hellip; Vicepresidencia de Asuntos Sociales impulsa el 4&#215;4 de cara al proceso Constituyente\u00a0Read more\" \/>\n<meta property=\"og:url\" content=\"https:\/\/www.mpppst.gob.ve\/mpppstweb\/index.php\/2017\/07\/12\/vicepresidencia-de-asuntos-sociales-impulsa-el-4x4-de-cara-al-proceso-constituyente\/\" \/>\n<meta property=\"og:site_name\" content=\"MPPPST\" \/>\n<meta property=\"article:published_time\" content=\"2017-07-13T00:42:10+00:00\" \/>\n<meta property=\"og:image\" content=\"https:\/\/www.mpppst.gob.ve\/mpppstweb\/wp-content\/uploads\/2017\/07\/ministro-con-directores.jpg\" \/>\n\t<meta property=\"og:image:width\" content=\"800\" \/>\n\t<meta property=\"og:image:height\" content=\"445\" \/>\n\t<meta property=\"og:image:type\" content=\"image\/jpeg\" \/>\n<meta name=\"author\" content=\"MPPPST Prensa\" \/>\n<meta name=\"twitter:card\" content=\"summary_large_image\" \/>\n<meta name=\"twitter:label1\" content=\"Escrito por\" \/>\n\t<meta name=\"twitter:data1\" content=\"MPPPST Prensa\" \/>\n\t<meta name=\"twitter:label2\" content=\"Tiempo de lectura\" \/>\n\t<meta name=\"twitter:data2\" content=\"1 minuto\" \/>\n<script type=\"application\/ld+json\" class=\"yoast-schema-graph\">{\"@context\":\"https:\/\/schema.org\",\"@graph\":[{\"@type\":\"Article\",\"@id\":\"https:\/\/www.mpppst.gob.ve\/mpppstweb\/index.php\/2017\/07\/12\/vicepresidencia-de-asuntos-sociales-impulsa-el-4x4-de-cara-al-proceso-constituyente\/#article\",\"isPartOf\":{\"@id\":\"https:\/\/www.mpppst.gob.ve\/mpppstweb\/index.php\/2017\/07\/12\/vicepresidencia-de-asuntos-sociales-impulsa-el-4x4-de-cara-al-proceso-constituyente\/\"},\"author\":{\"name\":\"MPPPST Prensa\",\"@id\":\"https:\/\/www.mpppst.gob.ve\/mpppstweb\/#\/schema\/person\/fc187ee8ead412bd4c9304b62f900ea4\"},\"headline\":\"Vicepresidencia de Asuntos Sociales impulsa el 4&#215;4 de cara al proceso Constituyente\u00a0\",\"datePublished\":\"2017-07-13T00:42:10+00:00\",\"dateModified\":\"2017-07-13T00:42:10+00:00\",\"mainEntityOfPage\":{\"@id\":\"https:\/\/www.mpppst.gob.ve\/mpppstweb\/index.php\/2017\/07\/12\/vicepresidencia-de-asuntos-sociales-impulsa-el-4x4-de-cara-al-proceso-constituyente\/\"},\"wordCount\":221,\"publisher\":{\"@id\":\"https:\/\/www.mpppst.gob.ve\/mpppstweb\/#organization\"},\"image\":{\"@id\":\"https:\/\/www.mpppst.gob.ve\/mpppstweb\/index.php\/2017\/07\/12\/vicepresidencia-de-asuntos-sociales-impulsa-el-4x4-de-cara-al-proceso-constituyente\/#primaryimage\"},\"thumbnailUrl\":\"https:\/\/www.mpppst.gob.ve\/mpppstweb\/wp-content\/uploads\/2017\/07\/ministro-con-directores.jpg\",\"keywords\":[\"Vicepresidencia Social\"],\"articleSection\":[\"Gobierno Nacional\",\"Noticias\"],\"inLanguage\":\"es\"},{\"@type\":\"WebPage\",\"@id\":\"https:\/\/www.mpppst.gob.ve\/mpppstweb\/index.php\/2017\/07\/12\/vicepresidencia-de-asuntos-sociales-impulsa-el-4x4-de-cara-al-proceso-constituyente\/\",\"url\":\"https:\/\/www.mpppst.gob.ve\/mpppstweb\/index.php\/2017\/07\/12\/vicepresidencia-de-asuntos-sociales-impulsa-el-4x4-de-cara-al-proceso-constituyente\/\",\"name\":\"Vicepresidencia de Asuntos Sociales impulsa el 4x4 de cara al proceso Constituyente\u00a0 - MPPPST\",\"isPartOf\":{\"@id\":\"https:\/\/www.mpppst.gob.ve\/mpppstweb\/#website\"},\"primaryImageOfPage\":{\"@id\":\"https:\/\/www.mpppst.gob.ve\/mpppstweb\/index.php\/2017\/07\/12\/vicepresidencia-de-asuntos-sociales-impulsa-el-4x4-de-cara-al-proceso-constituyente\/#primaryimage\"},\"image\":{\"@id\":\"https:\/\/www.mpppst.gob.ve\/mpppstweb\/index.php\/2017\/07\/12\/vicepresidencia-de-asuntos-sociales-impulsa-el-4x4-de-cara-al-proceso-constituyente\/#primaryimage\"},\"thumbnailUrl\":\"https:\/\/www.mpppst.gob.ve\/mpppstweb\/wp-content\/uploads\/2017\/07\/ministro-con-directores.jpg\",\"datePublished\":\"2017-07-13T00:42:10+00:00\",\"dateModified\":\"2017-07-13T00:42:10+00:00\",\"breadcrumb\":{\"@id\":\"https:\/\/www.mpppst.gob.ve\/mpppstweb\/index.php\/2017\/07\/12\/vicepresidencia-de-asuntos-sociales-impulsa-el-4x4-de-cara-al-proceso-constituyente\/#breadcrumb\"},\"inLanguage\":\"es\",\"potentialAction\":[{\"@type\":\"ReadAction\",\"target\":[\"https:\/\/www.mpppst.gob.ve\/mpppstweb\/index.php\/2017\/07\/12\/vicepresidencia-de-asuntos-sociales-impulsa-el-4x4-de-cara-al-proceso-constituyente\/\"]}]},{\"@type\":\"ImageObject\",\"inLanguage\":\"es\",\"@id\":\"https:\/\/www.mpppst.gob.ve\/mpppstweb\/index.php\/2017\/07\/12\/vicepresidencia-de-asuntos-sociales-impulsa-el-4x4-de-cara-al-proceso-constituyente\/#primaryimage\",\"url\":\"https:\/\/www.mpppst.gob.ve\/mpppstweb\/wp-content\/uploads\/2017\/07\/ministro-con-directores.jpg\",\"contentUrl\":\"https:\/\/www.mpppst.gob.ve\/mpppstweb\/wp-content\/uploads\/2017\/07\/ministro-con-directores.jpg\",\"width\":800,\"height\":445},{\"@type\":\"BreadcrumbList\",\"@id\":\"https:\/\/www.mpppst.gob.ve\/mpppstweb\/index.php\/2017\/07\/12\/vicepresidencia-de-asuntos-sociales-impulsa-el-4x4-de-cara-al-proceso-constituyente\/#breadcrumb\",\"itemListElement\":[{\"@type\":\"ListItem\",\"position\":1,\"name\":\"Home\",\"item\":\"https:\/\/www.mpppst.gob.ve\/mpppstweb\/\"},{\"@type\":\"ListItem\",\"position\":2,\"name\":\"Vicepresidencia de Asuntos Sociales impulsa el 4&#215;4 de cara al proceso Constituyente\u00a0\"}]},{\"@type\":\"WebSite\",\"@id\":\"https:\/\/www.mpppst.gob.ve\/mpppstweb\/#website\",\"url\":\"https:\/\/www.mpppst.gob.ve\/mpppstweb\/\",\"name\":\"MPPPST\",\"description\":\"Ministerio del Poder Popular para el Proceso Social de Trabajo\",\"publisher\":{\"@id\":\"https:\/\/www.mpppst.gob.ve\/mpppstweb\/#organization\"},\"potentialAction\":[{\"@type\":\"SearchAction\",\"target\":{\"@type\":\"EntryPoint\",\"urlTemplate\":\"https:\/\/www.mpppst.gob.ve\/mpppstweb\/?s={search_term_string}\"},\"query-input\":\"required name=search_term_string\"}],\"inLanguage\":\"es\"},{\"@type\":\"Organization\",\"@id\":\"https:\/\/www.mpppst.gob.ve\/mpppstweb\/#organization\",\"name\":\"mpppst\",\"url\":\"https:\/\/www.mpppst.gob.ve\/mpppstweb\/\",\"logo\":{\"@type\":\"ImageObject\",\"inLanguage\":\"es\",\"@id\":\"https:\/\/www.mpppst.gob.ve\/mpppstweb\/#\/schema\/logo\/image\/\",\"url\":\"https:\/\/www.mpppst.gob.ve\/mpppstweb\/wp-content\/uploads\/2025\/07\/cropped-cropped-g910.png\",\"contentUrl\":\"https:\/\/www.mpppst.gob.ve\/mpppstweb\/wp-content\/uploads\/2025\/07\/cropped-cropped-g910.png\",\"width\":1080,\"height\":241,\"caption\":\"mpppst\"},\"image\":{\"@id\":\"https:\/\/www.mpppst.gob.ve\/mpppstweb\/#\/schema\/logo\/image\/\"}},{\"@type\":\"Person\",\"@id\":\"https:\/\/www.mpppst.gob.ve\/mpppstweb\/#\/schema\/person\/fc187ee8ead412bd4c9304b62f900ea4\",\"name\":\"MPPPST Prensa\",\"url\":\"https:\/\/www.mpppst.gob.ve\/mpppstweb\/index.php\/author\/prensa-mpppst\/\"}]}<\/script>\n<!-- \/ Yoast SEO plugin. -->","yoast_head_json":{"title":"Vicepresidencia de Asuntos Sociales impulsa el 4x4 de cara al proceso Constituyente\u00a0 - MPPPST","robots":{"index":"index","follow":"follow","max-snippet":"max-snippet:-1","max-image-preview":"max-image-preview:large","max-video-preview":"max-video-preview:-1"},"canonical":"https:\/\/www.mpppst.gob.ve\/mpppstweb\/index.php\/2017\/07\/12\/vicepresidencia-de-asuntos-sociales-impulsa-el-4x4-de-cara-al-proceso-constituyente\/","og_locale":"es_ES","og_type":"article","og_title":"Vicepresidencia de Asuntos Sociales impulsa el 4x4 de cara al proceso Constituyente\u00a0 - MPPPST","og_description":"Por Marbelys Mavarez La Vicepresidencia de Asuntos Sociales sostuvo una reuni\u00f3n con los directores estadales de &hellip; Vicepresidencia de Asuntos Sociales impulsa el 4&#215;4 de cara al proceso Constituyente\u00a0Read more","og_url":"https:\/\/www.mpppst.gob.ve\/mpppstweb\/index.php\/2017\/07\/12\/vicepresidencia-de-asuntos-sociales-impulsa-el-4x4-de-cara-al-proceso-constituyente\/","og_site_name":"MPPPST","article_published_time":"2017-07-13T00:42:10+00:00","og_image":[{"width":800,"height":445,"url":"https:\/\/www.mpppst.gob.ve\/mpppstweb\/wp-content\/uploads\/2017\/07\/ministro-con-directores.jpg","type":"image\/jpeg"}],"author":"MPPPST Prensa","twitter_card":"summary_large_image","twitter_misc":{"Escrito por":"MPPPST Prensa","Tiempo de lectura":"1 minuto"},"schema":{"@context":"https:\/\/schema.org","@graph":[{"@type":"Article","@id":"https:\/\/www.mpppst.gob.ve\/mpppstweb\/index.php\/2017\/07\/12\/vicepresidencia-de-asuntos-sociales-impulsa-el-4x4-de-cara-al-proceso-constituyente\/#article","isPartOf":{"@id":"https:\/\/www.mpppst.gob.ve\/mpppstweb\/index.php\/2017\/07\/12\/vicepresidencia-de-asuntos-sociales-impulsa-el-4x4-de-cara-al-proceso-constituyente\/"},"author":{"name":"MPPPST Prensa","@id":"https:\/\/www.mpppst.gob.ve\/mpppstweb\/#\/schema\/person\/fc187ee8ead412bd4c9304b62f900ea4"},"headline":"Vicepresidencia de Asuntos Sociales impulsa el 4&#215;4 de cara al proceso Constituyente\u00a0","datePublished":"2017-07-13T00:42:10+00:00","dateModified":"2017-07-13T00:42:10+00:00","mainEntityOfPage":{"@id":"https:\/\/www.mpppst.gob.ve\/mpppstweb\/index.php\/2017\/07\/12\/vicepresidencia-de-asuntos-sociales-impulsa-el-4x4-de-cara-al-proceso-constituyente\/"},"wordCount":221,"publisher":{"@id":"https:\/\/www.mpppst.gob.ve\/mpppstweb\/#organization"},"image":{"@id":"https:\/\/www.mpppst.gob.ve\/mpppstweb\/index.php\/2017\/07\/12\/vicepresidencia-de-asuntos-sociales-impulsa-el-4x4-de-cara-al-proceso-constituyente\/#primaryimage"},"thumbnailUrl":"https:\/\/www.mpppst.gob.ve\/mpppstweb\/wp-content\/uploads\/2017\/07\/ministro-con-directores.jpg","keywords":["Vicepresidencia Social"],"articleSection":["Gobierno Nacional","Noticias"],"inLanguage":"es"},{"@type":"WebPage","@id":"https:\/\/www.mpppst.gob.ve\/mpppstweb\/index.php\/2017\/07\/12\/vicepresidencia-de-asuntos-sociales-impulsa-el-4x4-de-cara-al-proceso-constituyente\/","url":"https:\/\/www.mpppst.gob.ve\/mpppstweb\/index.php\/2017\/07\/12\/vicepresidencia-de-asuntos-sociales-impulsa-el-4x4-de-cara-al-proceso-constituyente\/","name":"Vicepresidencia de Asuntos Sociales impulsa el 4x4 de cara al proceso Constituyente\u00a0 - MPPPST","isPartOf":{"@id":"https:\/\/www.mpppst.gob.ve\/mpppstweb\/#website"},"primaryImageOfPage":{"@id":"https:\/\/www.mpppst.gob.ve\/mpppstweb\/index.php\/2017\/07\/12\/vicepresidencia-de-asuntos-sociales-impulsa-el-4x4-de-cara-al-proceso-constituyente\/#primaryimage"},"image":{"@id":"https:\/\/www.mpppst.gob.ve\/mpppstweb\/index.php\/2017\/07\/12\/vicepresidencia-de-asuntos-sociales-impulsa-el-4x4-de-cara-al-proceso-constituyente\/#primaryimage"},"thumbnailUrl":"https:\/\/www.mpppst.gob.ve\/mpppstweb\/wp-content\/uploads\/2017\/07\/ministro-con-directores.jpg","datePublished":"2017-07-13T00:42:10+00:00","dateModified":"2017-07-13T00:42:10+00:00","breadcrumb":{"@id":"https:\/\/www.mpppst.gob.ve\/mpppstweb\/index.php\/2017\/07\/12\/vicepresidencia-de-asuntos-sociales-impulsa-el-4x4-de-cara-al-proceso-constituyente\/#breadcrumb"},"inLanguage":"es","potentialAction":[{"@type":"ReadAction","target":["https:\/\/www.mpppst.gob.ve\/mpppstweb\/index.php\/2017\/07\/12\/vicepresidencia-de-asuntos-sociales-impulsa-el-4x4-de-cara-al-proceso-constituyente\/"]}]},{"@type":"ImageObject","inLanguage":"es","@id":"https:\/\/www.mpppst.gob.ve\/mpppstweb\/index.php\/2017\/07\/12\/vicepresidencia-de-asuntos-sociales-impulsa-el-4x4-de-cara-al-proceso-constituyente\/#primaryimage","url":"https:\/\/www.mpppst.gob.ve\/mpppstweb\/wp-content\/uploads\/2017\/07\/ministro-con-directores.jpg","contentUrl":"https:\/\/www.mpppst.gob.ve\/mpppstweb\/wp-content\/uploads\/2017\/07\/ministro-con-directores.jpg","width":800,"height":445},{"@type":"BreadcrumbList","@id":"https:\/\/www.mpppst.gob.ve\/mpppstweb\/index.php\/2017\/07\/12\/vicepresidencia-de-asuntos-sociales-impulsa-el-4x4-de-cara-al-proceso-constituyente\/#breadcrumb","itemListElement":[{"@type":"ListItem","position":1,"name":"Home","item":"https:\/\/www.mpppst.gob.ve\/mpppstweb\/"},{"@type":"ListItem","position":2,"name":"Vicepresidencia de Asuntos Sociales impulsa el 4&#215;4 de cara al proceso Constituyente\u00a0"}]},{"@type":"WebSite","@id":"https:\/\/www.mpppst.gob.ve\/mpppstweb\/#website","url":"https:\/\/www.mpppst.gob.ve\/mpppstweb\/","name":"MPPPST","description":"Ministerio del Poder Popular para el Proceso Social de Trabajo","publisher":{"@id":"https:\/\/www.mpppst.gob.ve\/mpppstweb\/#organization"},"potentialAction":[{"@type":"SearchAction","target":{"@type":"EntryPoint","urlTemplate":"https:\/\/www.mpppst.gob.ve\/mpppstweb\/?s={search_term_string}"},"query-input":"required name=search_term_string"}],"inLanguage":"es"},{"@type":"Organization","@id":"https:\/\/www.mpppst.gob.ve\/mpppstweb\/#organization","name":"mpppst","url":"https:\/\/www.mpppst.gob.ve\/mpppstweb\/","logo":{"@type":"ImageObject","inLanguage":"es","@id":"https:\/\/www.mpppst.gob.ve\/mpppstweb\/#\/schema\/logo\/image\/","url":"https:\/\/www.mpppst.gob.ve\/mpppstweb\/wp-content\/uploads\/2025\/07\/cropped-cropped-g910.png","contentUrl":"https:\/\/www.mpppst.gob.ve\/mpppstweb\/wp-content\/uploads\/2025\/07\/cropped-cropped-g910.png","width":1080,"height":241,"caption":"mpppst"},"image":{"@id":"https:\/\/www.mpppst.gob.ve\/mpppstweb\/#\/schema\/logo\/image\/"}},{"@type":"Person","@id":"https:\/\/www.mpppst.gob.ve\/mpppstweb\/#\/schema\/person\/fc187ee8ead412bd4c9304b62f900ea4","name":"MPPPST Prensa","url":"https:\/\/www.mpppst.gob.ve\/mpppstweb\/index.php\/author\/prensa-mpppst\/"}]}},"_links":{"self":[{"href":"https:\/\/www.mpppst.gob.ve\/mpppstweb\/index.php\/wp-json\/wp\/v2\/posts\/12135"}],"collection":[{"href":"https:\/\/www.mpppst.gob.ve\/mpppstweb\/index.php\/wp-json\/wp\/v2\/posts"}],"about":[{"href":"https:\/\/www.mpppst.gob.ve\/mpppstweb\/index.php\/wp-json\/wp\/v2\/types\/post"}],"author":[{"embeddable":true,"href":"https:\/\/www.mpppst.gob.ve\/mpppstweb\/index.php\/wp-json\/wp\/v2\/users\/25"}],"replies":[{"embeddable":true,"href":"https:\/\/www.mpppst.gob.ve\/mpppstweb\/index.php\/wp-json\/wp\/v2\/comments?post=12135"}],"version-history":[{"count":1,"href":"https:\/\/www.mpppst.gob.ve\/mpppstweb\/index.php\/wp-json\/wp\/v2\/posts\/12135\/revisions"}],"predecessor-version":[{"id":12138,"href":"https:\/\/www.mpppst.gob.ve\/mpppstweb\/index.php\/wp-json\/wp\/v2\/posts\/12135\/revisions\/12138"}],"wp:featuredmedia":[{"embeddable":true,"href":"https:\/\/www.mpppst.gob.ve\/mpppstweb\/index.php\/wp-json\/wp\/v2\/media\/12137"}],"wp:attachment":[{"href":"https:\/\/www.mpppst.gob.ve\/mpppstweb\/index.php\/wp-json\/wp\/v2\/media?parent=12135"}],"wp:term":[{"taxonomy":"category","embeddable":true,"href":"https:\/\/www.mpppst.gob.ve\/mpppstweb\/index.php\/wp-json\/wp\/v2\/categories?post=12135"},{"taxonomy":"post_tag","embeddable":true,"href":"https:\/\/www.mpppst.gob.ve\/mpppstweb\/index.php\/wp-json\/wp\/v2\/tags?post=12135"}],"curies":[{"name":"wp","href":"https:\/\/api.w.org\/{rel}","templated":true}]}}