{"id":12139,"date":"2017-07-12T20:58:41","date_gmt":"2017-07-13T00:58:41","guid":{"rendered":"http:\/\/www.mpppst.gob.ve\/mpppstweb\/?p=12139"},"modified":"2017-07-12T20:58:41","modified_gmt":"2017-07-13T00:58:41","slug":"francisco-artigas-para-cambiar-la-sociedad-debemos-dejar-el-capitalismo","status":"publish","type":"post","link":"https:\/\/www.mpppst.gob.ve\/mpppstweb\/index.php\/2017\/07\/12\/francisco-artigas-para-cambiar-la-sociedad-debemos-dejar-el-capitalismo\/","title":{"rendered":"Francisco Artigas: \u201cPara cambiar la sociedad, debemos dejar el capitalismo\u201d"},"content":{"rendered":"<p>Gina Garc\u00eda<\/p>\n<p>El 12 de julio fue llevado a cabo en el Ministerio del Poder Popular para el Proceso Social de Trabajo un conversatorio sobre la Asamblea Nacional Constituyente, proceso que fue \u00a0convocado por el Presidente Nicol\u00e1s Maduro. El objetivo del Foro consisti\u00f3 en \u00a0conocer con m\u00e1s precisi\u00f3n sobre este tema.<\/p>\n<p>El conversatorio fue impartido por el abogado y especialista en derecho constitucional, Francisco Artigas, quien explic\u00f3 que el principal objetivo de este proceso constituyente es garantizar la paz en el pa\u00eds.<\/p>\n<p>Tambi\u00e9n expres\u00f3 que la Asamblea Nacional Constituyente permitir\u00e1 perfeccionar el sistema econ\u00f3mico nacional hacia la Venezuela potencia, deslig\u00e1ndonos as\u00ed de la renta petrolera para establecer un sistema econ\u00f3mico propio y autosustentable.<\/p>\n<p>Artigas expres\u00f3 que actualmente la oposici\u00f3n acude a\u00a0 la destrucci\u00f3n de los valores para acabar con el sistema pol\u00edtico. Agreg\u00f3 que utilizan el consumismo para atacar a la poblaci\u00f3n y as\u00ed poder implantar el capitalismo. Sostuvo adem\u00e1s que proporcionan ataques a la econom\u00eda bloqueando la posibilidad de hacer los pagos a trav\u00e9s del sistema nacional de pagos.<\/p>\n<p>\u201cPara cambiar la sociedad, debemos dejar de manejarnos por el capitalismo. La Constituyente puede solucionar nuestros problemas solo si cambiamos la manera de ver la cosas\u201d, puntualiz\u00f3 el abogado.<\/p>\n<p>&nbsp;<\/p>\n","protected":false},"excerpt":{"rendered":"<p>Gina Garc\u00eda El 12 de julio fue llevado a cabo en el Ministerio del Poder Popular &hellip; <a title=\"Francisco Artigas: \u201cPara cambiar la sociedad, debemos dejar el capitalismo\u201d\" class=\"hm-read-more\" href=\"https:\/\/www.mpppst.gob.ve\/mpppstweb\/index.php\/2017\/07\/12\/francisco-artigas-para-cambiar-la-sociedad-debemos-dejar-el-capitalismo\/\"><span class=\"screen-reader-text\">Francisco Artigas: \u201cPara cambiar la sociedad, debemos dejar el capitalismo\u201d<\/span>Read more<\/a><\/p>\n","protected":false},"author":25,"featured_media":12140,"comment_status":"closed","ping_status":"closed","sticky":false,"template":"","format":"standard","meta":{"footnotes":""},"categories":[82,163],"tags":[384],"yoast_head":"<!-- This site is optimized with the Yoast SEO plugin v22.5 - https:\/\/yoast.com\/wordpress\/plugins\/seo\/ -->\n<title>Francisco Artigas: \u201cPara cambiar la sociedad, debemos dejar el capitalismo\u201d - MPPPST<\/title>\n<meta name=\"robots\" content=\"index, follow, max-snippet:-1, max-image-preview:large, max-video-preview:-1\" \/>\n<link rel=\"canonical\" href=\"https:\/\/www.mpppst.gob.ve\/mpppstweb\/index.php\/2017\/07\/12\/francisco-artigas-para-cambiar-la-sociedad-debemos-dejar-el-capitalismo\/\" \/>\n<meta property=\"og:locale\" content=\"es_ES\" \/>\n<meta property=\"og:type\" content=\"article\" \/>\n<meta property=\"og:title\" content=\"Francisco Artigas: \u201cPara cambiar la sociedad, debemos dejar el capitalismo\u201d - MPPPST\" \/>\n<meta property=\"og:description\" content=\"Gina Garc\u00eda El 12 de julio fue llevado a cabo en el Ministerio del Poder Popular &hellip; Francisco Artigas: \u201cPara cambiar la sociedad, debemos dejar el capitalismo\u201dRead more\" \/>\n<meta property=\"og:url\" content=\"https:\/\/www.mpppst.gob.ve\/mpppstweb\/index.php\/2017\/07\/12\/francisco-artigas-para-cambiar-la-sociedad-debemos-dejar-el-capitalismo\/\" \/>\n<meta property=\"og:site_name\" content=\"MPPPST\" \/>\n<meta property=\"article:published_time\" content=\"2017-07-13T00:58:41+00:00\" \/>\n<meta property=\"og:image\" content=\"https:\/\/www.mpppst.gob.ve\/mpppstweb\/wp-content\/uploads\/2017\/07\/artigas.jpg\" \/>\n\t<meta property=\"og:image:width\" content=\"800\" \/>\n\t<meta property=\"og:image:height\" content=\"445\" \/>\n\t<meta property=\"og:image:type\" content=\"image\/jpeg\" \/>\n<meta name=\"author\" content=\"MPPPST Prensa\" \/>\n<meta name=\"twitter:card\" content=\"summary_large_image\" \/>\n<meta name=\"twitter:label1\" content=\"Escrito por\" \/>\n\t<meta name=\"twitter:data1\" content=\"MPPPST Prensa\" \/>\n\t<meta name=\"twitter:label2\" content=\"Tiempo de lectura\" \/>\n\t<meta name=\"twitter:data2\" content=\"1 minuto\" \/>\n<script type=\"application\/ld+json\" class=\"yoast-schema-graph\">{\"@context\":\"https:\/\/schema.org\",\"@graph\":[{\"@type\":\"Article\",\"@id\":\"https:\/\/www.mpppst.gob.ve\/mpppstweb\/index.php\/2017\/07\/12\/francisco-artigas-para-cambiar-la-sociedad-debemos-dejar-el-capitalismo\/#article\",\"isPartOf\":{\"@id\":\"https:\/\/www.mpppst.gob.ve\/mpppstweb\/index.php\/2017\/07\/12\/francisco-artigas-para-cambiar-la-sociedad-debemos-dejar-el-capitalismo\/\"},\"author\":{\"name\":\"MPPPST Prensa\",\"@id\":\"https:\/\/www.mpppst.gob.ve\/mpppstweb\/#\/schema\/person\/fc187ee8ead412bd4c9304b62f900ea4\"},\"headline\":\"Francisco Artigas: \u201cPara cambiar la sociedad, debemos dejar el capitalismo\u201d\",\"datePublished\":\"2017-07-13T00:58:41+00:00\",\"dateModified\":\"2017-07-13T00:58:41+00:00\",\"mainEntityOfPage\":{\"@id\":\"https:\/\/www.mpppst.gob.ve\/mpppstweb\/index.php\/2017\/07\/12\/francisco-artigas-para-cambiar-la-sociedad-debemos-dejar-el-capitalismo\/\"},\"wordCount\":225,\"publisher\":{\"@id\":\"https:\/\/www.mpppst.gob.ve\/mpppstweb\/#organization\"},\"image\":{\"@id\":\"https:\/\/www.mpppst.gob.ve\/mpppstweb\/index.php\/2017\/07\/12\/francisco-artigas-para-cambiar-la-sociedad-debemos-dejar-el-capitalismo\/#primaryimage\"},\"thumbnailUrl\":\"https:\/\/www.mpppst.gob.ve\/mpppstweb\/wp-content\/uploads\/2017\/07\/artigas.jpg\",\"keywords\":[\"Constituyente\"],\"articleSection\":[\"Gobierno Nacional\",\"Noticias\"],\"inLanguage\":\"es\"},{\"@type\":\"WebPage\",\"@id\":\"https:\/\/www.mpppst.gob.ve\/mpppstweb\/index.php\/2017\/07\/12\/francisco-artigas-para-cambiar-la-sociedad-debemos-dejar-el-capitalismo\/\",\"url\":\"https:\/\/www.mpppst.gob.ve\/mpppstweb\/index.php\/2017\/07\/12\/francisco-artigas-para-cambiar-la-sociedad-debemos-dejar-el-capitalismo\/\",\"name\":\"Francisco Artigas: \u201cPara cambiar la sociedad, debemos dejar el capitalismo\u201d - MPPPST\",\"isPartOf\":{\"@id\":\"https:\/\/www.mpppst.gob.ve\/mpppstweb\/#website\"},\"primaryImageOfPage\":{\"@id\":\"https:\/\/www.mpppst.gob.ve\/mpppstweb\/index.php\/2017\/07\/12\/francisco-artigas-para-cambiar-la-sociedad-debemos-dejar-el-capitalismo\/#primaryimage\"},\"image\":{\"@id\":\"https:\/\/www.mpppst.gob.ve\/mpppstweb\/index.php\/2017\/07\/12\/francisco-artigas-para-cambiar-la-sociedad-debemos-dejar-el-capitalismo\/#primaryimage\"},\"thumbnailUrl\":\"https:\/\/www.mpppst.gob.ve\/mpppstweb\/wp-content\/uploads\/2017\/07\/artigas.jpg\",\"datePublished\":\"2017-07-13T00:58:41+00:00\",\"dateModified\":\"2017-07-13T00:58:41+00:00\",\"breadcrumb\":{\"@id\":\"https:\/\/www.mpppst.gob.ve\/mpppstweb\/index.php\/2017\/07\/12\/francisco-artigas-para-cambiar-la-sociedad-debemos-dejar-el-capitalismo\/#breadcrumb\"},\"inLanguage\":\"es\",\"potentialAction\":[{\"@type\":\"ReadAction\",\"target\":[\"https:\/\/www.mpppst.gob.ve\/mpppstweb\/index.php\/2017\/07\/12\/francisco-artigas-para-cambiar-la-sociedad-debemos-dejar-el-capitalismo\/\"]}]},{\"@type\":\"ImageObject\",\"inLanguage\":\"es\",\"@id\":\"https:\/\/www.mpppst.gob.ve\/mpppstweb\/index.php\/2017\/07\/12\/francisco-artigas-para-cambiar-la-sociedad-debemos-dejar-el-capitalismo\/#primaryimage\",\"url\":\"https:\/\/www.mpppst.gob.ve\/mpppstweb\/wp-content\/uploads\/2017\/07\/artigas.jpg\",\"contentUrl\":\"https:\/\/www.mpppst.gob.ve\/mpppstweb\/wp-content\/uploads\/2017\/07\/artigas.jpg\",\"width\":800,\"height\":445},{\"@type\":\"BreadcrumbList\",\"@id\":\"https:\/\/www.mpppst.gob.ve\/mpppstweb\/index.php\/2017\/07\/12\/francisco-artigas-para-cambiar-la-sociedad-debemos-dejar-el-capitalismo\/#breadcrumb\",\"itemListElement\":[{\"@type\":\"ListItem\",\"position\":1,\"name\":\"Home\",\"item\":\"https:\/\/www.mpppst.gob.ve\/mpppstweb\/\"},{\"@type\":\"ListItem\",\"position\":2,\"name\":\"Francisco Artigas: \u201cPara cambiar la sociedad, debemos dejar el capitalismo\u201d\"}]},{\"@type\":\"WebSite\",\"@id\":\"https:\/\/www.mpppst.gob.ve\/mpppstweb\/#website\",\"url\":\"https:\/\/www.mpppst.gob.ve\/mpppstweb\/\",\"name\":\"MPPPST\",\"description\":\"Ministerio del Poder Popular para el Proceso Social de Trabajo\",\"publisher\":{\"@id\":\"https:\/\/www.mpppst.gob.ve\/mpppstweb\/#organization\"},\"potentialAction\":[{\"@type\":\"SearchAction\",\"target\":{\"@type\":\"EntryPoint\",\"urlTemplate\":\"https:\/\/www.mpppst.gob.ve\/mpppstweb\/?s={search_term_string}\"},\"query-input\":\"required name=search_term_string\"}],\"inLanguage\":\"es\"},{\"@type\":\"Organization\",\"@id\":\"https:\/\/www.mpppst.gob.ve\/mpppstweb\/#organization\",\"name\":\"mpppst\",\"url\":\"https:\/\/www.mpppst.gob.ve\/mpppstweb\/\",\"logo\":{\"@type\":\"ImageObject\",\"inLanguage\":\"es\",\"@id\":\"https:\/\/www.mpppst.gob.ve\/mpppstweb\/#\/schema\/logo\/image\/\",\"url\":\"https:\/\/www.mpppst.gob.ve\/mpppstweb\/wp-content\/uploads\/2025\/07\/cropped-cropped-g910.png\",\"contentUrl\":\"https:\/\/www.mpppst.gob.ve\/mpppstweb\/wp-content\/uploads\/2025\/07\/cropped-cropped-g910.png\",\"width\":1080,\"height\":241,\"caption\":\"mpppst\"},\"image\":{\"@id\":\"https:\/\/www.mpppst.gob.ve\/mpppstweb\/#\/schema\/logo\/image\/\"}},{\"@type\":\"Person\",\"@id\":\"https:\/\/www.mpppst.gob.ve\/mpppstweb\/#\/schema\/person\/fc187ee8ead412bd4c9304b62f900ea4\",\"name\":\"MPPPST Prensa\",\"url\":\"https:\/\/www.mpppst.gob.ve\/mpppstweb\/index.php\/author\/prensa-mpppst\/\"}]}<\/script>\n<!-- \/ Yoast SEO plugin. -->","yoast_head_json":{"title":"Francisco Artigas: \u201cPara cambiar la sociedad, debemos dejar el capitalismo\u201d - MPPPST","robots":{"index":"index","follow":"follow","max-snippet":"max-snippet:-1","max-image-preview":"max-image-preview:large","max-video-preview":"max-video-preview:-1"},"canonical":"https:\/\/www.mpppst.gob.ve\/mpppstweb\/index.php\/2017\/07\/12\/francisco-artigas-para-cambiar-la-sociedad-debemos-dejar-el-capitalismo\/","og_locale":"es_ES","og_type":"article","og_title":"Francisco Artigas: \u201cPara cambiar la sociedad, debemos dejar el capitalismo\u201d - MPPPST","og_description":"Gina Garc\u00eda El 12 de julio fue llevado a cabo en el Ministerio del Poder Popular &hellip; Francisco Artigas: \u201cPara cambiar la sociedad, debemos dejar el capitalismo\u201dRead more","og_url":"https:\/\/www.mpppst.gob.ve\/mpppstweb\/index.php\/2017\/07\/12\/francisco-artigas-para-cambiar-la-sociedad-debemos-dejar-el-capitalismo\/","og_site_name":"MPPPST","article_published_time":"2017-07-13T00:58:41+00:00","og_image":[{"width":800,"height":445,"url":"https:\/\/www.mpppst.gob.ve\/mpppstweb\/wp-content\/uploads\/2017\/07\/artigas.jpg","type":"image\/jpeg"}],"author":"MPPPST Prensa","twitter_card":"summary_large_image","twitter_misc":{"Escrito por":"MPPPST Prensa","Tiempo de lectura":"1 minuto"},"schema":{"@context":"https:\/\/schema.org","@graph":[{"@type":"Article","@id":"https:\/\/www.mpppst.gob.ve\/mpppstweb\/index.php\/2017\/07\/12\/francisco-artigas-para-cambiar-la-sociedad-debemos-dejar-el-capitalismo\/#article","isPartOf":{"@id":"https:\/\/www.mpppst.gob.ve\/mpppstweb\/index.php\/2017\/07\/12\/francisco-artigas-para-cambiar-la-sociedad-debemos-dejar-el-capitalismo\/"},"author":{"name":"MPPPST Prensa","@id":"https:\/\/www.mpppst.gob.ve\/mpppstweb\/#\/schema\/person\/fc187ee8ead412bd4c9304b62f900ea4"},"headline":"Francisco Artigas: \u201cPara cambiar la sociedad, debemos dejar el capitalismo\u201d","datePublished":"2017-07-13T00:58:41+00:00","dateModified":"2017-07-13T00:58:41+00:00","mainEntityOfPage":{"@id":"https:\/\/www.mpppst.gob.ve\/mpppstweb\/index.php\/2017\/07\/12\/francisco-artigas-para-cambiar-la-sociedad-debemos-dejar-el-capitalismo\/"},"wordCount":225,"publisher":{"@id":"https:\/\/www.mpppst.gob.ve\/mpppstweb\/#organization"},"image":{"@id":"https:\/\/www.mpppst.gob.ve\/mpppstweb\/index.php\/2017\/07\/12\/francisco-artigas-para-cambiar-la-sociedad-debemos-dejar-el-capitalismo\/#primaryimage"},"thumbnailUrl":"https:\/\/www.mpppst.gob.ve\/mpppstweb\/wp-content\/uploads\/2017\/07\/artigas.jpg","keywords":["Constituyente"],"articleSection":["Gobierno Nacional","Noticias"],"inLanguage":"es"},{"@type":"WebPage","@id":"https:\/\/www.mpppst.gob.ve\/mpppstweb\/index.php\/2017\/07\/12\/francisco-artigas-para-cambiar-la-sociedad-debemos-dejar-el-capitalismo\/","url":"https:\/\/www.mpppst.gob.ve\/mpppstweb\/index.php\/2017\/07\/12\/francisco-artigas-para-cambiar-la-sociedad-debemos-dejar-el-capitalismo\/","name":"Francisco Artigas: \u201cPara cambiar la sociedad, debemos dejar el capitalismo\u201d - MPPPST","isPartOf":{"@id":"https:\/\/www.mpppst.gob.ve\/mpppstweb\/#website"},"primaryImageOfPage":{"@id":"https:\/\/www.mpppst.gob.ve\/mpppstweb\/index.php\/2017\/07\/12\/francisco-artigas-para-cambiar-la-sociedad-debemos-dejar-el-capitalismo\/#primaryimage"},"image":{"@id":"https:\/\/www.mpppst.gob.ve\/mpppstweb\/index.php\/2017\/07\/12\/francisco-artigas-para-cambiar-la-sociedad-debemos-dejar-el-capitalismo\/#primaryimage"},"thumbnailUrl":"https:\/\/www.mpppst.gob.ve\/mpppstweb\/wp-content\/uploads\/2017\/07\/artigas.jpg","datePublished":"2017-07-13T00:58:41+00:00","dateModified":"2017-07-13T00:58:41+00:00","breadcrumb":{"@id":"https:\/\/www.mpppst.gob.ve\/mpppstweb\/index.php\/2017\/07\/12\/francisco-artigas-para-cambiar-la-sociedad-debemos-dejar-el-capitalismo\/#breadcrumb"},"inLanguage":"es","potentialAction":[{"@type":"ReadAction","target":["https:\/\/www.mpppst.gob.ve\/mpppstweb\/index.php\/2017\/07\/12\/francisco-artigas-para-cambiar-la-sociedad-debemos-dejar-el-capitalismo\/"]}]},{"@type":"ImageObject","inLanguage":"es","@id":"https:\/\/www.mpppst.gob.ve\/mpppstweb\/index.php\/2017\/07\/12\/francisco-artigas-para-cambiar-la-sociedad-debemos-dejar-el-capitalismo\/#primaryimage","url":"https:\/\/www.mpppst.gob.ve\/mpppstweb\/wp-content\/uploads\/2017\/07\/artigas.jpg","contentUrl":"https:\/\/www.mpppst.gob.ve\/mpppstweb\/wp-content\/uploads\/2017\/07\/artigas.jpg","width":800,"height":445},{"@type":"BreadcrumbList","@id":"https:\/\/www.mpppst.gob.ve\/mpppstweb\/index.php\/2017\/07\/12\/francisco-artigas-para-cambiar-la-sociedad-debemos-dejar-el-capitalismo\/#breadcrumb","itemListElement":[{"@type":"ListItem","position":1,"name":"Home","item":"https:\/\/www.mpppst.gob.ve\/mpppstweb\/"},{"@type":"ListItem","position":2,"name":"Francisco Artigas: \u201cPara cambiar la sociedad, debemos dejar el capitalismo\u201d"}]},{"@type":"WebSite","@id":"https:\/\/www.mpppst.gob.ve\/mpppstweb\/#website","url":"https:\/\/www.mpppst.gob.ve\/mpppstweb\/","name":"MPPPST","description":"Ministerio del Poder Popular para el Proceso Social de Trabajo","publisher":{"@id":"https:\/\/www.mpppst.gob.ve\/mpppstweb\/#organization"},"potentialAction":[{"@type":"SearchAction","target":{"@type":"EntryPoint","urlTemplate":"https:\/\/www.mpppst.gob.ve\/mpppstweb\/?s={search_term_string}"},"query-input":"required name=search_term_string"}],"inLanguage":"es"},{"@type":"Organization","@id":"https:\/\/www.mpppst.gob.ve\/mpppstweb\/#organization","name":"mpppst","url":"https:\/\/www.mpppst.gob.ve\/mpppstweb\/","logo":{"@type":"ImageObject","inLanguage":"es","@id":"https:\/\/www.mpppst.gob.ve\/mpppstweb\/#\/schema\/logo\/image\/","url":"https:\/\/www.mpppst.gob.ve\/mpppstweb\/wp-content\/uploads\/2025\/07\/cropped-cropped-g910.png","contentUrl":"https:\/\/www.mpppst.gob.ve\/mpppstweb\/wp-content\/uploads\/2025\/07\/cropped-cropped-g910.png","width":1080,"height":241,"caption":"mpppst"},"image":{"@id":"https:\/\/www.mpppst.gob.ve\/mpppstweb\/#\/schema\/logo\/image\/"}},{"@type":"Person","@id":"https:\/\/www.mpppst.gob.ve\/mpppstweb\/#\/schema\/person\/fc187ee8ead412bd4c9304b62f900ea4","name":"MPPPST Prensa","url":"https:\/\/www.mpppst.gob.ve\/mpppstweb\/index.php\/author\/prensa-mpppst\/"}]}},"_links":{"self":[{"href":"https:\/\/www.mpppst.gob.ve\/mpppstweb\/index.php\/wp-json\/wp\/v2\/posts\/12139"}],"collection":[{"href":"https:\/\/www.mpppst.gob.ve\/mpppstweb\/index.php\/wp-json\/wp\/v2\/posts"}],"about":[{"href":"https:\/\/www.mpppst.gob.ve\/mpppstweb\/index.php\/wp-json\/wp\/v2\/types\/post"}],"author":[{"embeddable":true,"href":"https:\/\/www.mpppst.gob.ve\/mpppstweb\/index.php\/wp-json\/wp\/v2\/users\/25"}],"replies":[{"embeddable":true,"href":"https:\/\/www.mpppst.gob.ve\/mpppstweb\/index.php\/wp-json\/wp\/v2\/comments?post=12139"}],"version-history":[{"count":1,"href":"https:\/\/www.mpppst.gob.ve\/mpppstweb\/index.php\/wp-json\/wp\/v2\/posts\/12139\/revisions"}],"predecessor-version":[{"id":12141,"href":"https:\/\/www.mpppst.gob.ve\/mpppstweb\/index.php\/wp-json\/wp\/v2\/posts\/12139\/revisions\/12141"}],"wp:featuredmedia":[{"embeddable":true,"href":"https:\/\/www.mpppst.gob.ve\/mpppstweb\/index.php\/wp-json\/wp\/v2\/media\/12140"}],"wp:attachment":[{"href":"https:\/\/www.mpppst.gob.ve\/mpppstweb\/index.php\/wp-json\/wp\/v2\/media?parent=12139"}],"wp:term":[{"taxonomy":"category","embeddable":true,"href":"https:\/\/www.mpppst.gob.ve\/mpppstweb\/index.php\/wp-json\/wp\/v2\/categories?post=12139"},{"taxonomy":"post_tag","embeddable":true,"href":"https:\/\/www.mpppst.gob.ve\/mpppstweb\/index.php\/wp-json\/wp\/v2\/tags?post=12139"}],"curies":[{"name":"wp","href":"https:\/\/api.w.org\/{rel}","templated":true}]}}