{"id":12142,"date":"2017-07-13T09:52:03","date_gmt":"2017-07-13T13:52:03","guid":{"rendered":"http:\/\/www.mpppst.gob.ve\/mpppstweb\/?p=12142"},"modified":"2017-07-13T09:56:32","modified_gmt":"2017-07-13T13:56:32","slug":"creado-fondo-especial-para-atencion-integral-de-victimas-de-la-violencia","status":"publish","type":"post","link":"https:\/\/www.mpppst.gob.ve\/mpppstweb\/index.php\/2017\/07\/13\/creado-fondo-especial-para-atencion-integral-de-victimas-de-la-violencia\/","title":{"rendered":"Creado Fondo Especial para atenci\u00f3n integral de v\u00edctimas de la violencia"},"content":{"rendered":"<p>Prensa Presidencial<\/p>\n<p>Casa Amarilla, Caracas. El presidente de la Rep\u00fablica Bolivariana de Venezuela, Nicol\u00e1s Maduro anunci\u00f3 la creaci\u00f3n de un Fondo Especial, de car\u00e1cter nacional, para la atenci\u00f3n integral de las v\u00edctimas de la violencia.<\/p>\n<p>As\u00ed lo anunci\u00f3 este mi\u00e9rcoles durante su encuentro con la Comisi\u00f3n Nacional por la Verdad, la Justicia y la Reparaci\u00f3n de las V\u00edctimas, celebrado en la sede de la Canciller\u00eda venezolana, donde adem\u00e1s refiri\u00f3 que al aprobar el Fondo, deposita un total de 40 mil millones de bol\u00edvares, provenientes del Fondo Independencia.<\/p>\n<p>Asegur\u00f3 que esta iniciativa responde a un planteamiento propuesto por el Canciller de la Rep\u00fablica, Samuel Moncada y la presidenta de la Comisi\u00f3n de la Verdad, Justicia, Reparaci\u00f3n de las V\u00edctimas y Paz, Delcy Rodr\u00edguez.<\/p>\n<p>El presidente Maduro acot\u00f3 que es consciente de que lo que m\u00e1s anhela una v\u00edctima es la justicia, reparaci\u00f3n y compromiso de no repetici\u00f3n, \u201cpero tambi\u00e9n sabemos que el golpe de la p\u00e9rdida de un familiar siempre acarrea golpes materiales, econ\u00f3micos para la familia, yo quiero que se establezca un subsidio, un apoyo monetario integral para las familias de todas las victimas desde el golpe de Estado de 2002 hasta la guarimba de 2017\u201d.<\/p>\n<p>Instruy\u00f3 atender las necesidades de vivienda, transporte, educaci\u00f3n, necesidades integrales, reparaci\u00f3n moral, humana de las v\u00edctimas de la violencia pol\u00edtica.<\/p>\n","protected":false},"excerpt":{"rendered":"<p>Prensa Presidencial Casa Amarilla, Caracas. El presidente de la Rep\u00fablica Bolivariana de Venezuela, Nicol\u00e1s Maduro anunci\u00f3 &hellip; <a title=\"Creado Fondo Especial para atenci\u00f3n integral de v\u00edctimas de la violencia\" class=\"hm-read-more\" href=\"https:\/\/www.mpppst.gob.ve\/mpppstweb\/index.php\/2017\/07\/13\/creado-fondo-especial-para-atencion-integral-de-victimas-de-la-violencia\/\"><span class=\"screen-reader-text\">Creado Fondo Especial para atenci\u00f3n integral de v\u00edctimas de la violencia<\/span>Read more<\/a><\/p>\n","protected":false},"author":25,"featured_media":12144,"comment_status":"closed","ping_status":"closed","sticky":false,"template":"","format":"standard","meta":{"footnotes":""},"categories":[82,163,213],"tags":[285,398],"yoast_head":"<!-- This site is optimized with the Yoast SEO plugin v22.5 - https:\/\/yoast.com\/wordpress\/plugins\/seo\/ -->\n<title>Creado Fondo Especial para atenci\u00f3n integral de v\u00edctimas de la violencia - MPPPST<\/title>\n<meta name=\"robots\" content=\"index, follow, max-snippet:-1, max-image-preview:large, max-video-preview:-1\" \/>\n<link rel=\"canonical\" href=\"https:\/\/www.mpppst.gob.ve\/mpppstweb\/index.php\/2017\/07\/13\/creado-fondo-especial-para-atencion-integral-de-victimas-de-la-violencia\/\" \/>\n<meta property=\"og:locale\" content=\"es_ES\" \/>\n<meta property=\"og:type\" content=\"article\" \/>\n<meta property=\"og:title\" content=\"Creado Fondo Especial para atenci\u00f3n integral de v\u00edctimas de la violencia - MPPPST\" \/>\n<meta property=\"og:description\" content=\"Prensa Presidencial Casa Amarilla, Caracas. El presidente de la Rep\u00fablica Bolivariana de Venezuela, Nicol\u00e1s Maduro anunci\u00f3 &hellip; Creado Fondo Especial para atenci\u00f3n integral de v\u00edctimas de la violenciaRead more\" \/>\n<meta property=\"og:url\" content=\"https:\/\/www.mpppst.gob.ve\/mpppstweb\/index.php\/2017\/07\/13\/creado-fondo-especial-para-atencion-integral-de-victimas-de-la-violencia\/\" \/>\n<meta property=\"og:site_name\" content=\"MPPPST\" \/>\n<meta property=\"article:published_time\" content=\"2017-07-13T13:52:03+00:00\" \/>\n<meta property=\"article:modified_time\" content=\"2017-07-13T13:56:32+00:00\" \/>\n<meta property=\"og:image\" content=\"https:\/\/www.mpppst.gob.ve\/mpppstweb\/wp-content\/uploads\/2017\/07\/atencion-victimas-de-la-violencia-1.jpg\" \/>\n\t<meta property=\"og:image:width\" content=\"800\" \/>\n\t<meta property=\"og:image:height\" content=\"445\" \/>\n\t<meta property=\"og:image:type\" content=\"image\/jpeg\" \/>\n<meta name=\"author\" content=\"MPPPST Prensa\" \/>\n<meta name=\"twitter:card\" content=\"summary_large_image\" \/>\n<meta name=\"twitter:label1\" content=\"Escrito por\" \/>\n\t<meta name=\"twitter:data1\" content=\"MPPPST Prensa\" \/>\n\t<meta name=\"twitter:label2\" content=\"Tiempo de lectura\" \/>\n\t<meta name=\"twitter:data2\" content=\"1 minuto\" \/>\n<script type=\"application\/ld+json\" class=\"yoast-schema-graph\">{\"@context\":\"https:\/\/schema.org\",\"@graph\":[{\"@type\":\"Article\",\"@id\":\"https:\/\/www.mpppst.gob.ve\/mpppstweb\/index.php\/2017\/07\/13\/creado-fondo-especial-para-atencion-integral-de-victimas-de-la-violencia\/#article\",\"isPartOf\":{\"@id\":\"https:\/\/www.mpppst.gob.ve\/mpppstweb\/index.php\/2017\/07\/13\/creado-fondo-especial-para-atencion-integral-de-victimas-de-la-violencia\/\"},\"author\":{\"name\":\"MPPPST Prensa\",\"@id\":\"https:\/\/www.mpppst.gob.ve\/mpppstweb\/#\/schema\/person\/fc187ee8ead412bd4c9304b62f900ea4\"},\"headline\":\"Creado Fondo Especial para atenci\u00f3n integral de v\u00edctimas de la violencia\",\"datePublished\":\"2017-07-13T13:52:03+00:00\",\"dateModified\":\"2017-07-13T13:56:32+00:00\",\"mainEntityOfPage\":{\"@id\":\"https:\/\/www.mpppst.gob.ve\/mpppstweb\/index.php\/2017\/07\/13\/creado-fondo-especial-para-atencion-integral-de-victimas-de-la-violencia\/\"},\"wordCount\":255,\"publisher\":{\"@id\":\"https:\/\/www.mpppst.gob.ve\/mpppstweb\/#organization\"},\"image\":{\"@id\":\"https:\/\/www.mpppst.gob.ve\/mpppstweb\/index.php\/2017\/07\/13\/creado-fondo-especial-para-atencion-integral-de-victimas-de-la-violencia\/#primaryimage\"},\"thumbnailUrl\":\"https:\/\/www.mpppst.gob.ve\/mpppstweb\/wp-content\/uploads\/2017\/07\/atencion-victimas-de-la-violencia-1.jpg\",\"keywords\":[\"Presidente Maduro\",\"V\u00edctimas de la Violencia\"],\"articleSection\":[\"Gobierno Nacional\",\"Noticias\",\"Presidencia de la Rep\u00fablica\"],\"inLanguage\":\"es\"},{\"@type\":\"WebPage\",\"@id\":\"https:\/\/www.mpppst.gob.ve\/mpppstweb\/index.php\/2017\/07\/13\/creado-fondo-especial-para-atencion-integral-de-victimas-de-la-violencia\/\",\"url\":\"https:\/\/www.mpppst.gob.ve\/mpppstweb\/index.php\/2017\/07\/13\/creado-fondo-especial-para-atencion-integral-de-victimas-de-la-violencia\/\",\"name\":\"Creado Fondo Especial para atenci\u00f3n integral de v\u00edctimas de la violencia - MPPPST\",\"isPartOf\":{\"@id\":\"https:\/\/www.mpppst.gob.ve\/mpppstweb\/#website\"},\"primaryImageOfPage\":{\"@id\":\"https:\/\/www.mpppst.gob.ve\/mpppstweb\/index.php\/2017\/07\/13\/creado-fondo-especial-para-atencion-integral-de-victimas-de-la-violencia\/#primaryimage\"},\"image\":{\"@id\":\"https:\/\/www.mpppst.gob.ve\/mpppstweb\/index.php\/2017\/07\/13\/creado-fondo-especial-para-atencion-integral-de-victimas-de-la-violencia\/#primaryimage\"},\"thumbnailUrl\":\"https:\/\/www.mpppst.gob.ve\/mpppstweb\/wp-content\/uploads\/2017\/07\/atencion-victimas-de-la-violencia-1.jpg\",\"datePublished\":\"2017-07-13T13:52:03+00:00\",\"dateModified\":\"2017-07-13T13:56:32+00:00\",\"breadcrumb\":{\"@id\":\"https:\/\/www.mpppst.gob.ve\/mpppstweb\/index.php\/2017\/07\/13\/creado-fondo-especial-para-atencion-integral-de-victimas-de-la-violencia\/#breadcrumb\"},\"inLanguage\":\"es\",\"potentialAction\":[{\"@type\":\"ReadAction\",\"target\":[\"https:\/\/www.mpppst.gob.ve\/mpppstweb\/index.php\/2017\/07\/13\/creado-fondo-especial-para-atencion-integral-de-victimas-de-la-violencia\/\"]}]},{\"@type\":\"ImageObject\",\"inLanguage\":\"es\",\"@id\":\"https:\/\/www.mpppst.gob.ve\/mpppstweb\/index.php\/2017\/07\/13\/creado-fondo-especial-para-atencion-integral-de-victimas-de-la-violencia\/#primaryimage\",\"url\":\"https:\/\/www.mpppst.gob.ve\/mpppstweb\/wp-content\/uploads\/2017\/07\/atencion-victimas-de-la-violencia-1.jpg\",\"contentUrl\":\"https:\/\/www.mpppst.gob.ve\/mpppstweb\/wp-content\/uploads\/2017\/07\/atencion-victimas-de-la-violencia-1.jpg\",\"width\":800,\"height\":445},{\"@type\":\"BreadcrumbList\",\"@id\":\"https:\/\/www.mpppst.gob.ve\/mpppstweb\/index.php\/2017\/07\/13\/creado-fondo-especial-para-atencion-integral-de-victimas-de-la-violencia\/#breadcrumb\",\"itemListElement\":[{\"@type\":\"ListItem\",\"position\":1,\"name\":\"Home\",\"item\":\"https:\/\/www.mpppst.gob.ve\/mpppstweb\/\"},{\"@type\":\"ListItem\",\"position\":2,\"name\":\"Creado Fondo Especial para atenci\u00f3n integral de v\u00edctimas de la violencia\"}]},{\"@type\":\"WebSite\",\"@id\":\"https:\/\/www.mpppst.gob.ve\/mpppstweb\/#website\",\"url\":\"https:\/\/www.mpppst.gob.ve\/mpppstweb\/\",\"name\":\"MPPPST\",\"description\":\"Ministerio del Poder Popular para el Proceso Social de Trabajo\",\"publisher\":{\"@id\":\"https:\/\/www.mpppst.gob.ve\/mpppstweb\/#organization\"},\"potentialAction\":[{\"@type\":\"SearchAction\",\"target\":{\"@type\":\"EntryPoint\",\"urlTemplate\":\"https:\/\/www.mpppst.gob.ve\/mpppstweb\/?s={search_term_string}\"},\"query-input\":\"required name=search_term_string\"}],\"inLanguage\":\"es\"},{\"@type\":\"Organization\",\"@id\":\"https:\/\/www.mpppst.gob.ve\/mpppstweb\/#organization\",\"name\":\"mpppst\",\"url\":\"https:\/\/www.mpppst.gob.ve\/mpppstweb\/\",\"logo\":{\"@type\":\"ImageObject\",\"inLanguage\":\"es\",\"@id\":\"https:\/\/www.mpppst.gob.ve\/mpppstweb\/#\/schema\/logo\/image\/\",\"url\":\"https:\/\/www.mpppst.gob.ve\/mpppstweb\/wp-content\/uploads\/2025\/07\/cropped-cropped-g910.png\",\"contentUrl\":\"https:\/\/www.mpppst.gob.ve\/mpppstweb\/wp-content\/uploads\/2025\/07\/cropped-cropped-g910.png\",\"width\":1080,\"height\":241,\"caption\":\"mpppst\"},\"image\":{\"@id\":\"https:\/\/www.mpppst.gob.ve\/mpppstweb\/#\/schema\/logo\/image\/\"}},{\"@type\":\"Person\",\"@id\":\"https:\/\/www.mpppst.gob.ve\/mpppstweb\/#\/schema\/person\/fc187ee8ead412bd4c9304b62f900ea4\",\"name\":\"MPPPST Prensa\",\"url\":\"https:\/\/www.mpppst.gob.ve\/mpppstweb\/index.php\/author\/prensa-mpppst\/\"}]}<\/script>\n<!-- \/ Yoast SEO plugin. -->","yoast_head_json":{"title":"Creado Fondo Especial para atenci\u00f3n integral de v\u00edctimas de la violencia - MPPPST","robots":{"index":"index","follow":"follow","max-snippet":"max-snippet:-1","max-image-preview":"max-image-preview:large","max-video-preview":"max-video-preview:-1"},"canonical":"https:\/\/www.mpppst.gob.ve\/mpppstweb\/index.php\/2017\/07\/13\/creado-fondo-especial-para-atencion-integral-de-victimas-de-la-violencia\/","og_locale":"es_ES","og_type":"article","og_title":"Creado Fondo Especial para atenci\u00f3n integral de v\u00edctimas de la violencia - MPPPST","og_description":"Prensa Presidencial Casa Amarilla, Caracas. El presidente de la Rep\u00fablica Bolivariana de Venezuela, Nicol\u00e1s Maduro anunci\u00f3 &hellip; Creado Fondo Especial para atenci\u00f3n integral de v\u00edctimas de la violenciaRead more","og_url":"https:\/\/www.mpppst.gob.ve\/mpppstweb\/index.php\/2017\/07\/13\/creado-fondo-especial-para-atencion-integral-de-victimas-de-la-violencia\/","og_site_name":"MPPPST","article_published_time":"2017-07-13T13:52:03+00:00","article_modified_time":"2017-07-13T13:56:32+00:00","og_image":[{"width":800,"height":445,"url":"https:\/\/www.mpppst.gob.ve\/mpppstweb\/wp-content\/uploads\/2017\/07\/atencion-victimas-de-la-violencia-1.jpg","type":"image\/jpeg"}],"author":"MPPPST Prensa","twitter_card":"summary_large_image","twitter_misc":{"Escrito por":"MPPPST Prensa","Tiempo de lectura":"1 minuto"},"schema":{"@context":"https:\/\/schema.org","@graph":[{"@type":"Article","@id":"https:\/\/www.mpppst.gob.ve\/mpppstweb\/index.php\/2017\/07\/13\/creado-fondo-especial-para-atencion-integral-de-victimas-de-la-violencia\/#article","isPartOf":{"@id":"https:\/\/www.mpppst.gob.ve\/mpppstweb\/index.php\/2017\/07\/13\/creado-fondo-especial-para-atencion-integral-de-victimas-de-la-violencia\/"},"author":{"name":"MPPPST Prensa","@id":"https:\/\/www.mpppst.gob.ve\/mpppstweb\/#\/schema\/person\/fc187ee8ead412bd4c9304b62f900ea4"},"headline":"Creado Fondo Especial para atenci\u00f3n integral de v\u00edctimas de la violencia","datePublished":"2017-07-13T13:52:03+00:00","dateModified":"2017-07-13T13:56:32+00:00","mainEntityOfPage":{"@id":"https:\/\/www.mpppst.gob.ve\/mpppstweb\/index.php\/2017\/07\/13\/creado-fondo-especial-para-atencion-integral-de-victimas-de-la-violencia\/"},"wordCount":255,"publisher":{"@id":"https:\/\/www.mpppst.gob.ve\/mpppstweb\/#organization"},"image":{"@id":"https:\/\/www.mpppst.gob.ve\/mpppstweb\/index.php\/2017\/07\/13\/creado-fondo-especial-para-atencion-integral-de-victimas-de-la-violencia\/#primaryimage"},"thumbnailUrl":"https:\/\/www.mpppst.gob.ve\/mpppstweb\/wp-content\/uploads\/2017\/07\/atencion-victimas-de-la-violencia-1.jpg","keywords":["Presidente Maduro","V\u00edctimas de la Violencia"],"articleSection":["Gobierno Nacional","Noticias","Presidencia de la Rep\u00fablica"],"inLanguage":"es"},{"@type":"WebPage","@id":"https:\/\/www.mpppst.gob.ve\/mpppstweb\/index.php\/2017\/07\/13\/creado-fondo-especial-para-atencion-integral-de-victimas-de-la-violencia\/","url":"https:\/\/www.mpppst.gob.ve\/mpppstweb\/index.php\/2017\/07\/13\/creado-fondo-especial-para-atencion-integral-de-victimas-de-la-violencia\/","name":"Creado Fondo Especial para atenci\u00f3n integral de v\u00edctimas de la violencia - MPPPST","isPartOf":{"@id":"https:\/\/www.mpppst.gob.ve\/mpppstweb\/#website"},"primaryImageOfPage":{"@id":"https:\/\/www.mpppst.gob.ve\/mpppstweb\/index.php\/2017\/07\/13\/creado-fondo-especial-para-atencion-integral-de-victimas-de-la-violencia\/#primaryimage"},"image":{"@id":"https:\/\/www.mpppst.gob.ve\/mpppstweb\/index.php\/2017\/07\/13\/creado-fondo-especial-para-atencion-integral-de-victimas-de-la-violencia\/#primaryimage"},"thumbnailUrl":"https:\/\/www.mpppst.gob.ve\/mpppstweb\/wp-content\/uploads\/2017\/07\/atencion-victimas-de-la-violencia-1.jpg","datePublished":"2017-07-13T13:52:03+00:00","dateModified":"2017-07-13T13:56:32+00:00","breadcrumb":{"@id":"https:\/\/www.mpppst.gob.ve\/mpppstweb\/index.php\/2017\/07\/13\/creado-fondo-especial-para-atencion-integral-de-victimas-de-la-violencia\/#breadcrumb"},"inLanguage":"es","potentialAction":[{"@type":"ReadAction","target":["https:\/\/www.mpppst.gob.ve\/mpppstweb\/index.php\/2017\/07\/13\/creado-fondo-especial-para-atencion-integral-de-victimas-de-la-violencia\/"]}]},{"@type":"ImageObject","inLanguage":"es","@id":"https:\/\/www.mpppst.gob.ve\/mpppstweb\/index.php\/2017\/07\/13\/creado-fondo-especial-para-atencion-integral-de-victimas-de-la-violencia\/#primaryimage","url":"https:\/\/www.mpppst.gob.ve\/mpppstweb\/wp-content\/uploads\/2017\/07\/atencion-victimas-de-la-violencia-1.jpg","contentUrl":"https:\/\/www.mpppst.gob.ve\/mpppstweb\/wp-content\/uploads\/2017\/07\/atencion-victimas-de-la-violencia-1.jpg","width":800,"height":445},{"@type":"BreadcrumbList","@id":"https:\/\/www.mpppst.gob.ve\/mpppstweb\/index.php\/2017\/07\/13\/creado-fondo-especial-para-atencion-integral-de-victimas-de-la-violencia\/#breadcrumb","itemListElement":[{"@type":"ListItem","position":1,"name":"Home","item":"https:\/\/www.mpppst.gob.ve\/mpppstweb\/"},{"@type":"ListItem","position":2,"name":"Creado Fondo Especial para atenci\u00f3n integral de v\u00edctimas de la violencia"}]},{"@type":"WebSite","@id":"https:\/\/www.mpppst.gob.ve\/mpppstweb\/#website","url":"https:\/\/www.mpppst.gob.ve\/mpppstweb\/","name":"MPPPST","description":"Ministerio del Poder Popular para el Proceso Social de Trabajo","publisher":{"@id":"https:\/\/www.mpppst.gob.ve\/mpppstweb\/#organization"},"potentialAction":[{"@type":"SearchAction","target":{"@type":"EntryPoint","urlTemplate":"https:\/\/www.mpppst.gob.ve\/mpppstweb\/?s={search_term_string}"},"query-input":"required name=search_term_string"}],"inLanguage":"es"},{"@type":"Organization","@id":"https:\/\/www.mpppst.gob.ve\/mpppstweb\/#organization","name":"mpppst","url":"https:\/\/www.mpppst.gob.ve\/mpppstweb\/","logo":{"@type":"ImageObject","inLanguage":"es","@id":"https:\/\/www.mpppst.gob.ve\/mpppstweb\/#\/schema\/logo\/image\/","url":"https:\/\/www.mpppst.gob.ve\/mpppstweb\/wp-content\/uploads\/2025\/07\/cropped-cropped-g910.png","contentUrl":"https:\/\/www.mpppst.gob.ve\/mpppstweb\/wp-content\/uploads\/2025\/07\/cropped-cropped-g910.png","width":1080,"height":241,"caption":"mpppst"},"image":{"@id":"https:\/\/www.mpppst.gob.ve\/mpppstweb\/#\/schema\/logo\/image\/"}},{"@type":"Person","@id":"https:\/\/www.mpppst.gob.ve\/mpppstweb\/#\/schema\/person\/fc187ee8ead412bd4c9304b62f900ea4","name":"MPPPST Prensa","url":"https:\/\/www.mpppst.gob.ve\/mpppstweb\/index.php\/author\/prensa-mpppst\/"}]}},"_links":{"self":[{"href":"https:\/\/www.mpppst.gob.ve\/mpppstweb\/index.php\/wp-json\/wp\/v2\/posts\/12142"}],"collection":[{"href":"https:\/\/www.mpppst.gob.ve\/mpppstweb\/index.php\/wp-json\/wp\/v2\/posts"}],"about":[{"href":"https:\/\/www.mpppst.gob.ve\/mpppstweb\/index.php\/wp-json\/wp\/v2\/types\/post"}],"author":[{"embeddable":true,"href":"https:\/\/www.mpppst.gob.ve\/mpppstweb\/index.php\/wp-json\/wp\/v2\/users\/25"}],"replies":[{"embeddable":true,"href":"https:\/\/www.mpppst.gob.ve\/mpppstweb\/index.php\/wp-json\/wp\/v2\/comments?post=12142"}],"version-history":[{"count":3,"href":"https:\/\/www.mpppst.gob.ve\/mpppstweb\/index.php\/wp-json\/wp\/v2\/posts\/12142\/revisions"}],"predecessor-version":[{"id":12148,"href":"https:\/\/www.mpppst.gob.ve\/mpppstweb\/index.php\/wp-json\/wp\/v2\/posts\/12142\/revisions\/12148"}],"wp:featuredmedia":[{"embeddable":true,"href":"https:\/\/www.mpppst.gob.ve\/mpppstweb\/index.php\/wp-json\/wp\/v2\/media\/12144"}],"wp:attachment":[{"href":"https:\/\/www.mpppst.gob.ve\/mpppstweb\/index.php\/wp-json\/wp\/v2\/media?parent=12142"}],"wp:term":[{"taxonomy":"category","embeddable":true,"href":"https:\/\/www.mpppst.gob.ve\/mpppstweb\/index.php\/wp-json\/wp\/v2\/categories?post=12142"},{"taxonomy":"post_tag","embeddable":true,"href":"https:\/\/www.mpppst.gob.ve\/mpppstweb\/index.php\/wp-json\/wp\/v2\/tags?post=12142"}],"curies":[{"name":"wp","href":"https:\/\/api.w.org\/{rel}","templated":true}]}}