{"id":12149,"date":"2017-07-13T10:13:14","date_gmt":"2017-07-13T14:13:14","guid":{"rendered":"http:\/\/www.mpppst.gob.ve\/mpppstweb\/?p=12149"},"modified":"2017-07-13T10:17:28","modified_gmt":"2017-07-13T14:17:28","slug":"electores-de-todos-los-municipios-del-pais-estan-convocados-a-participar-en-simulacro","status":"publish","type":"post","link":"https:\/\/www.mpppst.gob.ve\/mpppstweb\/index.php\/2017\/07\/13\/electores-de-todos-los-municipios-del-pais-estan-convocados-a-participar-en-simulacro\/","title":{"rendered":"Electores de todos los municipios del pa\u00eds est\u00e1n convocados a participar en simulacro\u00a0"},"content":{"rendered":"<p>Caracas, 12 Jul. AVN.- El simulacro que se realizar\u00e1 el 16 de julio, a dos semanas de las elecciones de 537 de los 545 miembros de la Asamblea Nacional Constituyente (ANC), forma parte de la organizaci\u00f3n y rigurosidad de los procesos comiciales en el pa\u00eds. Para su \u00e9xito, es fundamental la participaci\u00f3n de los electores, que est\u00e1n convocados en todos los municipios del pa\u00eds a sumarse a esta jornada.<\/p>\n<p>\u00abEste domingo vamos a tener en los centros de votaci\u00f3n de los 335 municipios del pa\u00eds un evento que pertenece a las actividades electorales, que lleva toda la rigurosidad y la seriedad de un proceso electoral con todos los extremos legales, constitucionales y procedimentales\u00bb, explic\u00f3 este mi\u00e9rcoles la rectora del Consejo Nacional Electoral (CNE), Tibisay Lucena, en un encuentro con el cuerpo diplom\u00e1tico acreditado en Venezuela.<\/p>\n<p>Para el proceso del domingo se habilitar\u00e1n aproximadamente 2.000 m\u00e1quinas en todo el territorio. En los municipios capitales habr\u00e1 entre 50 y 55 centros de votaci\u00f3n completos, donde los electores pasar\u00e1n por los diferentes puntos de la herradura, como se denominan las estaciones para el ejercicio del voto, para ensayar el proceso.<\/p>\n<p>Para el resto de los municipios, se dispondr\u00e1n s\u00f3lo las m\u00e1quinas para que los votantes tengan la oportunidad de experimentar c\u00f3mo ser\u00e1 la votaci\u00f3n que, de forma novedosa, se realizar\u00e1 sin boletas electorales, \u00fanicamente en la pantalla de las m\u00e1quinas, donde las diferentes planchas y candidatos estar\u00e1n identificados por n\u00fameros.<\/p>\n<p>Paralelamente a la realizaci\u00f3n del simulacro electoral, el CNE realizar\u00e1 pruebas internas sobre el proceso para garantizar el desarrollo \u00f3ptimo del sistema el d\u00eda 30, que contribuir\u00e1 al adecuado funcionamiento de 14.515 centros electorales que recibir\u00e1n a 19 millones 477.387 electores.<\/p>\n<p>En las votaciones trabajar\u00e1n 322.009 personas, entre t\u00e9cnicos electorales, miembros de mesa, operadores, trabajadores del CNE y efectivos del Plan Rep\u00fablica, que resguardar\u00e1n el proceso.<\/p>\n<p>Lucena tambi\u00e9n record\u00f3 que avanza el proceso de elecci\u00f3n de los ocho constituyentes de los pueblos ind\u00edgenas, que ser\u00e1n escogidos en tres asambleas generales previstas en Maracaibo, estado Zulia; Puerto Ayacucho, estado Amazonas, y Matur\u00edn, estado Monagas, el 1 de agosto.<\/p>\n<p><strong>Un derecho protegido<\/strong><\/p>\n<p>La Presidenta del CNE ratific\u00f3 que impedir un proceso de votaciones es antidemocr\u00e1tico e inconstitucional, y afirm\u00f3 que el Poder Electoral no permitir\u00e1 que \u00abning\u00fan radicalismo violento\u00bb cercene el derecho al sufragio.<\/p>\n<p>Por tal motivo, se aplicar\u00e1n medidas como la ampliaci\u00f3n del per\u00edmetro de seguridad de 100 a 500 metros, la toma de los centros de votaci\u00f3n desde el fin de semana previo al proceso y la evaluaci\u00f3n de aquellos espacios habilitados para el sufragio que funcionan en zonas donde se han registrado acciones de grupos vand\u00e1licos y terroristas desde abril pasado, para determinar si deben ser cerrados para la jornada y reubicar a los electores en otro centro.<\/p>\n<p>El CNE, adem\u00e1s, trabaja en coordinaci\u00f3n con la Fuerza Armada Nacional Bolivariana (Fanb), el Tribunal Supremo de Justicia, la Defensor\u00eda del Pueblo y el Ministerio P\u00fablico a trav\u00e9s de la vicefiscal, Katherine Haringhton, para articular acciones que garanticen el derecho pol\u00edtico de los venezolanos.<\/p>\n<p>\u00abQuienes pretendan arremeter contra los centros ser\u00e1n castigados con todo el peso de la ley. Vamos a garantizar las votaciones\u00bb, reafirm\u00f3 Lucena.<\/p>\n<p><strong>La paz prevalecer\u00e1<\/strong><\/p>\n<p>Lucena manifest\u00f3 este mi\u00e9rcoles su confianza en que la paz prevalecer\u00e1 el pr\u00f3ximo 30 de julio. \u00abNo es el \u00fanico momento complejo, dif\u00edcil que hemos vivido, pero, como siempre, el pueblo ha expresado su voluntad de dirimir estas diferencias a trav\u00e9s del voto con gran tranquilidad, con gran civismo, con gran dignidad\u00bb.<\/p>\n<p>Apunt\u00f3 que este proceso electoral responde a la necesidad de potenciar el ejercicio pol\u00edtico democr\u00e1tico desde las bases del pueblo, en resguardo de la paz del pa\u00eds. \u00abEl proceso constituyente resulta tan urgente como el resguardo de la paz\u00bb, puntualiz\u00f3.<\/p>\n<p>Al respecto, analiz\u00f3 el contexto sociopol\u00edtico en medio del cual el presidente de la Rep\u00fablica, Nicol\u00e1s Maduro, convoc\u00f3 a la Constituyente: el desarrollo de una agenda de calle que pretende crear un clima de ingobernabilidad y, con ello, justificar la intervenci\u00f3n de Venezuela.<\/p>\n<p>Frente a ello, la Constituyente \u00abdebe ser un espacio oportuno para el di\u00e1logo y herramienta para la profundizaci\u00f3n y consolidaci\u00f3n de la democracia participativa y protag\u00f3nica que est\u00e1 dise\u00f1ada en la Constituci\u00f3n\u00bb, puntualiz\u00f3, y record\u00f3 que ese proceso \u00abtienen fundamento en el texto constitucional, en el diario de debates de 1999 y en el funcionamiento de las instituciones competentes del Estado venezolano\u00bb.<\/p>\n","protected":false},"excerpt":{"rendered":"<p>Caracas, 12 Jul. AVN.- El simulacro que se realizar\u00e1 el 16 de julio, a dos semanas &hellip; <a title=\"Electores de todos los municipios del pa\u00eds est\u00e1n convocados a participar en simulacro\u00a0\" class=\"hm-read-more\" href=\"https:\/\/www.mpppst.gob.ve\/mpppstweb\/index.php\/2017\/07\/13\/electores-de-todos-los-municipios-del-pais-estan-convocados-a-participar-en-simulacro\/\"><span class=\"screen-reader-text\">Electores de todos los municipios del pa\u00eds est\u00e1n convocados a participar en simulacro\u00a0<\/span>Read more<\/a><\/p>\n","protected":false},"author":25,"featured_media":12150,"comment_status":"closed","ping_status":"closed","sticky":false,"template":"","format":"standard","meta":{"footnotes":""},"categories":[82,163],"tags":[393],"yoast_head":"<!-- This site is optimized with the Yoast SEO plugin v22.5 - https:\/\/yoast.com\/wordpress\/plugins\/seo\/ -->\n<title>Electores de todos los municipios del pa\u00eds est\u00e1n convocados a participar en simulacro\u00a0 - MPPPST<\/title>\n<meta name=\"robots\" content=\"index, follow, max-snippet:-1, max-image-preview:large, max-video-preview:-1\" \/>\n<link rel=\"canonical\" href=\"https:\/\/www.mpppst.gob.ve\/mpppstweb\/index.php\/2017\/07\/13\/electores-de-todos-los-municipios-del-pais-estan-convocados-a-participar-en-simulacro\/\" \/>\n<meta property=\"og:locale\" content=\"es_ES\" \/>\n<meta property=\"og:type\" content=\"article\" \/>\n<meta property=\"og:title\" content=\"Electores de todos los municipios del pa\u00eds est\u00e1n convocados a participar en simulacro\u00a0 - MPPPST\" \/>\n<meta property=\"og:description\" content=\"Caracas, 12 Jul. AVN.- El simulacro que se realizar\u00e1 el 16 de julio, a dos semanas &hellip; Electores de todos los municipios del pa\u00eds est\u00e1n convocados a participar en simulacro\u00a0Read more\" \/>\n<meta property=\"og:url\" content=\"https:\/\/www.mpppst.gob.ve\/mpppstweb\/index.php\/2017\/07\/13\/electores-de-todos-los-municipios-del-pais-estan-convocados-a-participar-en-simulacro\/\" \/>\n<meta property=\"og:site_name\" content=\"MPPPST\" \/>\n<meta property=\"article:published_time\" content=\"2017-07-13T14:13:14+00:00\" \/>\n<meta property=\"article:modified_time\" content=\"2017-07-13T14:17:28+00:00\" \/>\n<meta property=\"og:image\" content=\"https:\/\/www.mpppst.gob.ve\/mpppstweb\/wp-content\/uploads\/2017\/07\/Electores-de-los-municipios-simulacro.jpg\" \/>\n\t<meta property=\"og:image:width\" content=\"800\" \/>\n\t<meta property=\"og:image:height\" content=\"445\" \/>\n\t<meta property=\"og:image:type\" content=\"image\/jpeg\" \/>\n<meta name=\"author\" content=\"MPPPST Prensa\" \/>\n<meta name=\"twitter:card\" content=\"summary_large_image\" \/>\n<meta name=\"twitter:label1\" content=\"Escrito por\" \/>\n\t<meta name=\"twitter:data1\" content=\"MPPPST Prensa\" \/>\n\t<meta name=\"twitter:label2\" content=\"Tiempo de lectura\" \/>\n\t<meta name=\"twitter:data2\" content=\"4 minutos\" \/>\n<script type=\"application\/ld+json\" class=\"yoast-schema-graph\">{\"@context\":\"https:\/\/schema.org\",\"@graph\":[{\"@type\":\"Article\",\"@id\":\"https:\/\/www.mpppst.gob.ve\/mpppstweb\/index.php\/2017\/07\/13\/electores-de-todos-los-municipios-del-pais-estan-convocados-a-participar-en-simulacro\/#article\",\"isPartOf\":{\"@id\":\"https:\/\/www.mpppst.gob.ve\/mpppstweb\/index.php\/2017\/07\/13\/electores-de-todos-los-municipios-del-pais-estan-convocados-a-participar-en-simulacro\/\"},\"author\":{\"name\":\"MPPPST Prensa\",\"@id\":\"https:\/\/www.mpppst.gob.ve\/mpppstweb\/#\/schema\/person\/fc187ee8ead412bd4c9304b62f900ea4\"},\"headline\":\"Electores de todos los municipios del pa\u00eds est\u00e1n convocados a participar en simulacro\u00a0\",\"datePublished\":\"2017-07-13T14:13:14+00:00\",\"dateModified\":\"2017-07-13T14:17:28+00:00\",\"mainEntityOfPage\":{\"@id\":\"https:\/\/www.mpppst.gob.ve\/mpppstweb\/index.php\/2017\/07\/13\/electores-de-todos-los-municipios-del-pais-estan-convocados-a-participar-en-simulacro\/\"},\"wordCount\":785,\"publisher\":{\"@id\":\"https:\/\/www.mpppst.gob.ve\/mpppstweb\/#organization\"},\"image\":{\"@id\":\"https:\/\/www.mpppst.gob.ve\/mpppstweb\/index.php\/2017\/07\/13\/electores-de-todos-los-municipios-del-pais-estan-convocados-a-participar-en-simulacro\/#primaryimage\"},\"thumbnailUrl\":\"https:\/\/www.mpppst.gob.ve\/mpppstweb\/wp-content\/uploads\/2017\/07\/Electores-de-los-municipios-simulacro.jpg\",\"keywords\":[\"CNE\"],\"articleSection\":[\"Gobierno Nacional\",\"Noticias\"],\"inLanguage\":\"es\"},{\"@type\":\"WebPage\",\"@id\":\"https:\/\/www.mpppst.gob.ve\/mpppstweb\/index.php\/2017\/07\/13\/electores-de-todos-los-municipios-del-pais-estan-convocados-a-participar-en-simulacro\/\",\"url\":\"https:\/\/www.mpppst.gob.ve\/mpppstweb\/index.php\/2017\/07\/13\/electores-de-todos-los-municipios-del-pais-estan-convocados-a-participar-en-simulacro\/\",\"name\":\"Electores de todos los municipios del pa\u00eds est\u00e1n convocados a participar en simulacro\u00a0 - MPPPST\",\"isPartOf\":{\"@id\":\"https:\/\/www.mpppst.gob.ve\/mpppstweb\/#website\"},\"primaryImageOfPage\":{\"@id\":\"https:\/\/www.mpppst.gob.ve\/mpppstweb\/index.php\/2017\/07\/13\/electores-de-todos-los-municipios-del-pais-estan-convocados-a-participar-en-simulacro\/#primaryimage\"},\"image\":{\"@id\":\"https:\/\/www.mpppst.gob.ve\/mpppstweb\/index.php\/2017\/07\/13\/electores-de-todos-los-municipios-del-pais-estan-convocados-a-participar-en-simulacro\/#primaryimage\"},\"thumbnailUrl\":\"https:\/\/www.mpppst.gob.ve\/mpppstweb\/wp-content\/uploads\/2017\/07\/Electores-de-los-municipios-simulacro.jpg\",\"datePublished\":\"2017-07-13T14:13:14+00:00\",\"dateModified\":\"2017-07-13T14:17:28+00:00\",\"breadcrumb\":{\"@id\":\"https:\/\/www.mpppst.gob.ve\/mpppstweb\/index.php\/2017\/07\/13\/electores-de-todos-los-municipios-del-pais-estan-convocados-a-participar-en-simulacro\/#breadcrumb\"},\"inLanguage\":\"es\",\"potentialAction\":[{\"@type\":\"ReadAction\",\"target\":[\"https:\/\/www.mpppst.gob.ve\/mpppstweb\/index.php\/2017\/07\/13\/electores-de-todos-los-municipios-del-pais-estan-convocados-a-participar-en-simulacro\/\"]}]},{\"@type\":\"ImageObject\",\"inLanguage\":\"es\",\"@id\":\"https:\/\/www.mpppst.gob.ve\/mpppstweb\/index.php\/2017\/07\/13\/electores-de-todos-los-municipios-del-pais-estan-convocados-a-participar-en-simulacro\/#primaryimage\",\"url\":\"https:\/\/www.mpppst.gob.ve\/mpppstweb\/wp-content\/uploads\/2017\/07\/Electores-de-los-municipios-simulacro.jpg\",\"contentUrl\":\"https:\/\/www.mpppst.gob.ve\/mpppstweb\/wp-content\/uploads\/2017\/07\/Electores-de-los-municipios-simulacro.jpg\",\"width\":800,\"height\":445},{\"@type\":\"BreadcrumbList\",\"@id\":\"https:\/\/www.mpppst.gob.ve\/mpppstweb\/index.php\/2017\/07\/13\/electores-de-todos-los-municipios-del-pais-estan-convocados-a-participar-en-simulacro\/#breadcrumb\",\"itemListElement\":[{\"@type\":\"ListItem\",\"position\":1,\"name\":\"Home\",\"item\":\"https:\/\/www.mpppst.gob.ve\/mpppstweb\/\"},{\"@type\":\"ListItem\",\"position\":2,\"name\":\"Electores de todos los municipios del pa\u00eds est\u00e1n convocados a participar en simulacro\u00a0\"}]},{\"@type\":\"WebSite\",\"@id\":\"https:\/\/www.mpppst.gob.ve\/mpppstweb\/#website\",\"url\":\"https:\/\/www.mpppst.gob.ve\/mpppstweb\/\",\"name\":\"MPPPST\",\"description\":\"Ministerio del Poder Popular para el Proceso Social de Trabajo\",\"publisher\":{\"@id\":\"https:\/\/www.mpppst.gob.ve\/mpppstweb\/#organization\"},\"potentialAction\":[{\"@type\":\"SearchAction\",\"target\":{\"@type\":\"EntryPoint\",\"urlTemplate\":\"https:\/\/www.mpppst.gob.ve\/mpppstweb\/?s={search_term_string}\"},\"query-input\":\"required name=search_term_string\"}],\"inLanguage\":\"es\"},{\"@type\":\"Organization\",\"@id\":\"https:\/\/www.mpppst.gob.ve\/mpppstweb\/#organization\",\"name\":\"mpppst\",\"url\":\"https:\/\/www.mpppst.gob.ve\/mpppstweb\/\",\"logo\":{\"@type\":\"ImageObject\",\"inLanguage\":\"es\",\"@id\":\"https:\/\/www.mpppst.gob.ve\/mpppstweb\/#\/schema\/logo\/image\/\",\"url\":\"https:\/\/www.mpppst.gob.ve\/mpppstweb\/wp-content\/uploads\/2025\/07\/cropped-cropped-g910.png\",\"contentUrl\":\"https:\/\/www.mpppst.gob.ve\/mpppstweb\/wp-content\/uploads\/2025\/07\/cropped-cropped-g910.png\",\"width\":1080,\"height\":241,\"caption\":\"mpppst\"},\"image\":{\"@id\":\"https:\/\/www.mpppst.gob.ve\/mpppstweb\/#\/schema\/logo\/image\/\"}},{\"@type\":\"Person\",\"@id\":\"https:\/\/www.mpppst.gob.ve\/mpppstweb\/#\/schema\/person\/fc187ee8ead412bd4c9304b62f900ea4\",\"name\":\"MPPPST Prensa\",\"url\":\"https:\/\/www.mpppst.gob.ve\/mpppstweb\/index.php\/author\/prensa-mpppst\/\"}]}<\/script>\n<!-- \/ Yoast SEO plugin. -->","yoast_head_json":{"title":"Electores de todos los municipios del pa\u00eds est\u00e1n convocados a participar en simulacro\u00a0 - MPPPST","robots":{"index":"index","follow":"follow","max-snippet":"max-snippet:-1","max-image-preview":"max-image-preview:large","max-video-preview":"max-video-preview:-1"},"canonical":"https:\/\/www.mpppst.gob.ve\/mpppstweb\/index.php\/2017\/07\/13\/electores-de-todos-los-municipios-del-pais-estan-convocados-a-participar-en-simulacro\/","og_locale":"es_ES","og_type":"article","og_title":"Electores de todos los municipios del pa\u00eds est\u00e1n convocados a participar en simulacro\u00a0 - MPPPST","og_description":"Caracas, 12 Jul. AVN.- El simulacro que se realizar\u00e1 el 16 de julio, a dos semanas &hellip; Electores de todos los municipios del pa\u00eds est\u00e1n convocados a participar en simulacro\u00a0Read more","og_url":"https:\/\/www.mpppst.gob.ve\/mpppstweb\/index.php\/2017\/07\/13\/electores-de-todos-los-municipios-del-pais-estan-convocados-a-participar-en-simulacro\/","og_site_name":"MPPPST","article_published_time":"2017-07-13T14:13:14+00:00","article_modified_time":"2017-07-13T14:17:28+00:00","og_image":[{"width":800,"height":445,"url":"https:\/\/www.mpppst.gob.ve\/mpppstweb\/wp-content\/uploads\/2017\/07\/Electores-de-los-municipios-simulacro.jpg","type":"image\/jpeg"}],"author":"MPPPST Prensa","twitter_card":"summary_large_image","twitter_misc":{"Escrito por":"MPPPST Prensa","Tiempo de lectura":"4 minutos"},"schema":{"@context":"https:\/\/schema.org","@graph":[{"@type":"Article","@id":"https:\/\/www.mpppst.gob.ve\/mpppstweb\/index.php\/2017\/07\/13\/electores-de-todos-los-municipios-del-pais-estan-convocados-a-participar-en-simulacro\/#article","isPartOf":{"@id":"https:\/\/www.mpppst.gob.ve\/mpppstweb\/index.php\/2017\/07\/13\/electores-de-todos-los-municipios-del-pais-estan-convocados-a-participar-en-simulacro\/"},"author":{"name":"MPPPST Prensa","@id":"https:\/\/www.mpppst.gob.ve\/mpppstweb\/#\/schema\/person\/fc187ee8ead412bd4c9304b62f900ea4"},"headline":"Electores de todos los municipios del pa\u00eds est\u00e1n convocados a participar en simulacro\u00a0","datePublished":"2017-07-13T14:13:14+00:00","dateModified":"2017-07-13T14:17:28+00:00","mainEntityOfPage":{"@id":"https:\/\/www.mpppst.gob.ve\/mpppstweb\/index.php\/2017\/07\/13\/electores-de-todos-los-municipios-del-pais-estan-convocados-a-participar-en-simulacro\/"},"wordCount":785,"publisher":{"@id":"https:\/\/www.mpppst.gob.ve\/mpppstweb\/#organization"},"image":{"@id":"https:\/\/www.mpppst.gob.ve\/mpppstweb\/index.php\/2017\/07\/13\/electores-de-todos-los-municipios-del-pais-estan-convocados-a-participar-en-simulacro\/#primaryimage"},"thumbnailUrl":"https:\/\/www.mpppst.gob.ve\/mpppstweb\/wp-content\/uploads\/2017\/07\/Electores-de-los-municipios-simulacro.jpg","keywords":["CNE"],"articleSection":["Gobierno Nacional","Noticias"],"inLanguage":"es"},{"@type":"WebPage","@id":"https:\/\/www.mpppst.gob.ve\/mpppstweb\/index.php\/2017\/07\/13\/electores-de-todos-los-municipios-del-pais-estan-convocados-a-participar-en-simulacro\/","url":"https:\/\/www.mpppst.gob.ve\/mpppstweb\/index.php\/2017\/07\/13\/electores-de-todos-los-municipios-del-pais-estan-convocados-a-participar-en-simulacro\/","name":"Electores de todos los municipios del pa\u00eds est\u00e1n convocados a participar en simulacro\u00a0 - MPPPST","isPartOf":{"@id":"https:\/\/www.mpppst.gob.ve\/mpppstweb\/#website"},"primaryImageOfPage":{"@id":"https:\/\/www.mpppst.gob.ve\/mpppstweb\/index.php\/2017\/07\/13\/electores-de-todos-los-municipios-del-pais-estan-convocados-a-participar-en-simulacro\/#primaryimage"},"image":{"@id":"https:\/\/www.mpppst.gob.ve\/mpppstweb\/index.php\/2017\/07\/13\/electores-de-todos-los-municipios-del-pais-estan-convocados-a-participar-en-simulacro\/#primaryimage"},"thumbnailUrl":"https:\/\/www.mpppst.gob.ve\/mpppstweb\/wp-content\/uploads\/2017\/07\/Electores-de-los-municipios-simulacro.jpg","datePublished":"2017-07-13T14:13:14+00:00","dateModified":"2017-07-13T14:17:28+00:00","breadcrumb":{"@id":"https:\/\/www.mpppst.gob.ve\/mpppstweb\/index.php\/2017\/07\/13\/electores-de-todos-los-municipios-del-pais-estan-convocados-a-participar-en-simulacro\/#breadcrumb"},"inLanguage":"es","potentialAction":[{"@type":"ReadAction","target":["https:\/\/www.mpppst.gob.ve\/mpppstweb\/index.php\/2017\/07\/13\/electores-de-todos-los-municipios-del-pais-estan-convocados-a-participar-en-simulacro\/"]}]},{"@type":"ImageObject","inLanguage":"es","@id":"https:\/\/www.mpppst.gob.ve\/mpppstweb\/index.php\/2017\/07\/13\/electores-de-todos-los-municipios-del-pais-estan-convocados-a-participar-en-simulacro\/#primaryimage","url":"https:\/\/www.mpppst.gob.ve\/mpppstweb\/wp-content\/uploads\/2017\/07\/Electores-de-los-municipios-simulacro.jpg","contentUrl":"https:\/\/www.mpppst.gob.ve\/mpppstweb\/wp-content\/uploads\/2017\/07\/Electores-de-los-municipios-simulacro.jpg","width":800,"height":445},{"@type":"BreadcrumbList","@id":"https:\/\/www.mpppst.gob.ve\/mpppstweb\/index.php\/2017\/07\/13\/electores-de-todos-los-municipios-del-pais-estan-convocados-a-participar-en-simulacro\/#breadcrumb","itemListElement":[{"@type":"ListItem","position":1,"name":"Home","item":"https:\/\/www.mpppst.gob.ve\/mpppstweb\/"},{"@type":"ListItem","position":2,"name":"Electores de todos los municipios del pa\u00eds est\u00e1n convocados a participar en simulacro\u00a0"}]},{"@type":"WebSite","@id":"https:\/\/www.mpppst.gob.ve\/mpppstweb\/#website","url":"https:\/\/www.mpppst.gob.ve\/mpppstweb\/","name":"MPPPST","description":"Ministerio del Poder Popular para el Proceso Social de Trabajo","publisher":{"@id":"https:\/\/www.mpppst.gob.ve\/mpppstweb\/#organization"},"potentialAction":[{"@type":"SearchAction","target":{"@type":"EntryPoint","urlTemplate":"https:\/\/www.mpppst.gob.ve\/mpppstweb\/?s={search_term_string}"},"query-input":"required name=search_term_string"}],"inLanguage":"es"},{"@type":"Organization","@id":"https:\/\/www.mpppst.gob.ve\/mpppstweb\/#organization","name":"mpppst","url":"https:\/\/www.mpppst.gob.ve\/mpppstweb\/","logo":{"@type":"ImageObject","inLanguage":"es","@id":"https:\/\/www.mpppst.gob.ve\/mpppstweb\/#\/schema\/logo\/image\/","url":"https:\/\/www.mpppst.gob.ve\/mpppstweb\/wp-content\/uploads\/2025\/07\/cropped-cropped-g910.png","contentUrl":"https:\/\/www.mpppst.gob.ve\/mpppstweb\/wp-content\/uploads\/2025\/07\/cropped-cropped-g910.png","width":1080,"height":241,"caption":"mpppst"},"image":{"@id":"https:\/\/www.mpppst.gob.ve\/mpppstweb\/#\/schema\/logo\/image\/"}},{"@type":"Person","@id":"https:\/\/www.mpppst.gob.ve\/mpppstweb\/#\/schema\/person\/fc187ee8ead412bd4c9304b62f900ea4","name":"MPPPST Prensa","url":"https:\/\/www.mpppst.gob.ve\/mpppstweb\/index.php\/author\/prensa-mpppst\/"}]}},"_links":{"self":[{"href":"https:\/\/www.mpppst.gob.ve\/mpppstweb\/index.php\/wp-json\/wp\/v2\/posts\/12149"}],"collection":[{"href":"https:\/\/www.mpppst.gob.ve\/mpppstweb\/index.php\/wp-json\/wp\/v2\/posts"}],"about":[{"href":"https:\/\/www.mpppst.gob.ve\/mpppstweb\/index.php\/wp-json\/wp\/v2\/types\/post"}],"author":[{"embeddable":true,"href":"https:\/\/www.mpppst.gob.ve\/mpppstweb\/index.php\/wp-json\/wp\/v2\/users\/25"}],"replies":[{"embeddable":true,"href":"https:\/\/www.mpppst.gob.ve\/mpppstweb\/index.php\/wp-json\/wp\/v2\/comments?post=12149"}],"version-history":[{"count":1,"href":"https:\/\/www.mpppst.gob.ve\/mpppstweb\/index.php\/wp-json\/wp\/v2\/posts\/12149\/revisions"}],"predecessor-version":[{"id":12151,"href":"https:\/\/www.mpppst.gob.ve\/mpppstweb\/index.php\/wp-json\/wp\/v2\/posts\/12149\/revisions\/12151"}],"wp:featuredmedia":[{"embeddable":true,"href":"https:\/\/www.mpppst.gob.ve\/mpppstweb\/index.php\/wp-json\/wp\/v2\/media\/12150"}],"wp:attachment":[{"href":"https:\/\/www.mpppst.gob.ve\/mpppstweb\/index.php\/wp-json\/wp\/v2\/media?parent=12149"}],"wp:term":[{"taxonomy":"category","embeddable":true,"href":"https:\/\/www.mpppst.gob.ve\/mpppstweb\/index.php\/wp-json\/wp\/v2\/categories?post=12149"},{"taxonomy":"post_tag","embeddable":true,"href":"https:\/\/www.mpppst.gob.ve\/mpppstweb\/index.php\/wp-json\/wp\/v2\/tags?post=12149"}],"curies":[{"name":"wp","href":"https:\/\/api.w.org\/{rel}","templated":true}]}}