{"id":12159,"date":"2017-07-13T15:28:41","date_gmt":"2017-07-13T19:28:41","guid":{"rendered":"http:\/\/www.mpppst.gob.ve\/mpppstweb\/?p=12159"},"modified":"2017-07-13T15:28:41","modified_gmt":"2017-07-13T19:28:41","slug":"trabajadores-de-vtv-instalaron-comision-negociadora-del-contrato-colectivo","status":"publish","type":"post","link":"https:\/\/www.mpppst.gob.ve\/mpppstweb\/index.php\/2017\/07\/13\/trabajadores-de-vtv-instalaron-comision-negociadora-del-contrato-colectivo\/","title":{"rendered":"Trabajadores de VTV instalaron comisi\u00f3n negociadora del Contrato Colectivo"},"content":{"rendered":"<p>Por Gina Garc\u00eda<\/p>\n<p>Los trabajadores y trabajadoras de Venezolana de Televisi\u00f3n (VTV), junto a los ministros del Poder Popular para el Proceso Social del Trabajo, N\u00e9stor Ovalles y el titular del Despacho de Comunicaci\u00f3n e Informaci\u00f3n, \u00a0Ernesto Villegas, instalaron\u00a0 la comisi\u00f3n para las negociaciones del proyecto de Convenci\u00f3n Colectiva.<\/p>\n<p>El Ministro Ovalles expres\u00f3 que la reuni\u00f3n se desarroll\u00f3 en un clima de paz, lo cual permitir\u00e1 que las discusiones entre ambas partes puedan llegar a buen t\u00e9rmino.<\/p>\n<p>\u201cHay una firme voluntad del Estado venezolano para que ni un solo derecho sea arrebatado a la clase trabajadora, para que el principio de progresividad que acompa\u00f1a a los derechos laborales siempre est\u00e9 presente\u201d asegur\u00f3 Ovalles.<\/p>\n<p>Por otra parte, el Ministro Villegas manifest\u00f3 que no solo significa un paso reivindicativo sino un paso cualitativo, que va hacia adelante en las actuales circunstancias que vive el pa\u00eds.<\/p>\n<p>Villegas destac\u00f3 adem\u00e1s que \u201creafirma la voluntad decidida del Presidente Nicol\u00e1s Maduro de firmar, concretar y avanzar en las contrataciones colectivas de los trabajadores de la administraci\u00f3n p\u00fablica\u201d.<\/p>\n<p>Indic\u00f3 tambi\u00e9n que el Gobierno Bolivariano no ha dejado ni dejar\u00e1 su compromiso con la clase trabajadora y la proteger\u00e1 en lo econ\u00f3mico, social y cultural para el desarrollo integral de la familia venezolana.<\/p>\n","protected":false},"excerpt":{"rendered":"<p>Por Gina Garc\u00eda Los trabajadores y trabajadoras de Venezolana de Televisi\u00f3n (VTV), junto a los ministros &hellip; <a title=\"Trabajadores de VTV instalaron comisi\u00f3n negociadora del Contrato Colectivo\" class=\"hm-read-more\" href=\"https:\/\/www.mpppst.gob.ve\/mpppstweb\/index.php\/2017\/07\/13\/trabajadores-de-vtv-instalaron-comision-negociadora-del-contrato-colectivo\/\"><span class=\"screen-reader-text\">Trabajadores de VTV instalaron comisi\u00f3n negociadora del Contrato Colectivo<\/span>Read more<\/a><\/p>\n","protected":false},"author":25,"featured_media":12160,"comment_status":"closed","ping_status":"closed","sticky":false,"template":"","format":"standard","meta":{"footnotes":""},"categories":[82,163],"tags":[],"yoast_head":"<!-- This site is optimized with the Yoast SEO plugin v22.5 - https:\/\/yoast.com\/wordpress\/plugins\/seo\/ -->\n<title>Trabajadores de VTV instalaron comisi\u00f3n negociadora del Contrato Colectivo - MPPPST<\/title>\n<meta name=\"robots\" content=\"index, follow, max-snippet:-1, max-image-preview:large, max-video-preview:-1\" \/>\n<link rel=\"canonical\" href=\"https:\/\/www.mpppst.gob.ve\/mpppstweb\/index.php\/2017\/07\/13\/trabajadores-de-vtv-instalaron-comision-negociadora-del-contrato-colectivo\/\" \/>\n<meta property=\"og:locale\" content=\"es_ES\" \/>\n<meta property=\"og:type\" content=\"article\" \/>\n<meta property=\"og:title\" content=\"Trabajadores de VTV instalaron comisi\u00f3n negociadora del Contrato Colectivo - MPPPST\" \/>\n<meta property=\"og:description\" content=\"Por Gina Garc\u00eda Los trabajadores y trabajadoras de Venezolana de Televisi\u00f3n (VTV), junto a los ministros &hellip; Trabajadores de VTV instalaron comisi\u00f3n negociadora del Contrato ColectivoRead more\" \/>\n<meta property=\"og:url\" content=\"https:\/\/www.mpppst.gob.ve\/mpppstweb\/index.php\/2017\/07\/13\/trabajadores-de-vtv-instalaron-comision-negociadora-del-contrato-colectivo\/\" \/>\n<meta property=\"og:site_name\" content=\"MPPPST\" \/>\n<meta property=\"article:published_time\" content=\"2017-07-13T19:28:41+00:00\" \/>\n<meta property=\"og:image\" content=\"https:\/\/www.mpppst.gob.ve\/mpppstweb\/wp-content\/uploads\/2017\/07\/5fa56fe3-de9b-46aa-8d92-06fb15a3c592.jpg\" \/>\n\t<meta property=\"og:image:width\" content=\"800\" \/>\n\t<meta property=\"og:image:height\" content=\"445\" \/>\n\t<meta property=\"og:image:type\" content=\"image\/jpeg\" \/>\n<meta name=\"author\" content=\"MPPPST Prensa\" \/>\n<meta name=\"twitter:card\" content=\"summary_large_image\" \/>\n<meta name=\"twitter:label1\" content=\"Escrito por\" \/>\n\t<meta name=\"twitter:data1\" content=\"MPPPST Prensa\" \/>\n\t<meta name=\"twitter:label2\" content=\"Tiempo de lectura\" \/>\n\t<meta name=\"twitter:data2\" content=\"1 minuto\" \/>\n<script type=\"application\/ld+json\" class=\"yoast-schema-graph\">{\"@context\":\"https:\/\/schema.org\",\"@graph\":[{\"@type\":\"Article\",\"@id\":\"https:\/\/www.mpppst.gob.ve\/mpppstweb\/index.php\/2017\/07\/13\/trabajadores-de-vtv-instalaron-comision-negociadora-del-contrato-colectivo\/#article\",\"isPartOf\":{\"@id\":\"https:\/\/www.mpppst.gob.ve\/mpppstweb\/index.php\/2017\/07\/13\/trabajadores-de-vtv-instalaron-comision-negociadora-del-contrato-colectivo\/\"},\"author\":{\"name\":\"MPPPST Prensa\",\"@id\":\"https:\/\/www.mpppst.gob.ve\/mpppstweb\/#\/schema\/person\/fc187ee8ead412bd4c9304b62f900ea4\"},\"headline\":\"Trabajadores de VTV instalaron comisi\u00f3n negociadora del Contrato Colectivo\",\"datePublished\":\"2017-07-13T19:28:41+00:00\",\"dateModified\":\"2017-07-13T19:28:41+00:00\",\"mainEntityOfPage\":{\"@id\":\"https:\/\/www.mpppst.gob.ve\/mpppstweb\/index.php\/2017\/07\/13\/trabajadores-de-vtv-instalaron-comision-negociadora-del-contrato-colectivo\/\"},\"wordCount\":232,\"publisher\":{\"@id\":\"https:\/\/www.mpppst.gob.ve\/mpppstweb\/#organization\"},\"image\":{\"@id\":\"https:\/\/www.mpppst.gob.ve\/mpppstweb\/index.php\/2017\/07\/13\/trabajadores-de-vtv-instalaron-comision-negociadora-del-contrato-colectivo\/#primaryimage\"},\"thumbnailUrl\":\"https:\/\/www.mpppst.gob.ve\/mpppstweb\/wp-content\/uploads\/2017\/07\/5fa56fe3-de9b-46aa-8d92-06fb15a3c592.jpg\",\"articleSection\":[\"Gobierno Nacional\",\"Noticias\"],\"inLanguage\":\"es\"},{\"@type\":\"WebPage\",\"@id\":\"https:\/\/www.mpppst.gob.ve\/mpppstweb\/index.php\/2017\/07\/13\/trabajadores-de-vtv-instalaron-comision-negociadora-del-contrato-colectivo\/\",\"url\":\"https:\/\/www.mpppst.gob.ve\/mpppstweb\/index.php\/2017\/07\/13\/trabajadores-de-vtv-instalaron-comision-negociadora-del-contrato-colectivo\/\",\"name\":\"Trabajadores de VTV instalaron comisi\u00f3n negociadora del Contrato Colectivo - MPPPST\",\"isPartOf\":{\"@id\":\"https:\/\/www.mpppst.gob.ve\/mpppstweb\/#website\"},\"primaryImageOfPage\":{\"@id\":\"https:\/\/www.mpppst.gob.ve\/mpppstweb\/index.php\/2017\/07\/13\/trabajadores-de-vtv-instalaron-comision-negociadora-del-contrato-colectivo\/#primaryimage\"},\"image\":{\"@id\":\"https:\/\/www.mpppst.gob.ve\/mpppstweb\/index.php\/2017\/07\/13\/trabajadores-de-vtv-instalaron-comision-negociadora-del-contrato-colectivo\/#primaryimage\"},\"thumbnailUrl\":\"https:\/\/www.mpppst.gob.ve\/mpppstweb\/wp-content\/uploads\/2017\/07\/5fa56fe3-de9b-46aa-8d92-06fb15a3c592.jpg\",\"datePublished\":\"2017-07-13T19:28:41+00:00\",\"dateModified\":\"2017-07-13T19:28:41+00:00\",\"breadcrumb\":{\"@id\":\"https:\/\/www.mpppst.gob.ve\/mpppstweb\/index.php\/2017\/07\/13\/trabajadores-de-vtv-instalaron-comision-negociadora-del-contrato-colectivo\/#breadcrumb\"},\"inLanguage\":\"es\",\"potentialAction\":[{\"@type\":\"ReadAction\",\"target\":[\"https:\/\/www.mpppst.gob.ve\/mpppstweb\/index.php\/2017\/07\/13\/trabajadores-de-vtv-instalaron-comision-negociadora-del-contrato-colectivo\/\"]}]},{\"@type\":\"ImageObject\",\"inLanguage\":\"es\",\"@id\":\"https:\/\/www.mpppst.gob.ve\/mpppstweb\/index.php\/2017\/07\/13\/trabajadores-de-vtv-instalaron-comision-negociadora-del-contrato-colectivo\/#primaryimage\",\"url\":\"https:\/\/www.mpppst.gob.ve\/mpppstweb\/wp-content\/uploads\/2017\/07\/5fa56fe3-de9b-46aa-8d92-06fb15a3c592.jpg\",\"contentUrl\":\"https:\/\/www.mpppst.gob.ve\/mpppstweb\/wp-content\/uploads\/2017\/07\/5fa56fe3-de9b-46aa-8d92-06fb15a3c592.jpg\",\"width\":800,\"height\":445},{\"@type\":\"BreadcrumbList\",\"@id\":\"https:\/\/www.mpppst.gob.ve\/mpppstweb\/index.php\/2017\/07\/13\/trabajadores-de-vtv-instalaron-comision-negociadora-del-contrato-colectivo\/#breadcrumb\",\"itemListElement\":[{\"@type\":\"ListItem\",\"position\":1,\"name\":\"Home\",\"item\":\"https:\/\/www.mpppst.gob.ve\/mpppstweb\/\"},{\"@type\":\"ListItem\",\"position\":2,\"name\":\"Trabajadores de VTV instalaron comisi\u00f3n negociadora del Contrato Colectivo\"}]},{\"@type\":\"WebSite\",\"@id\":\"https:\/\/www.mpppst.gob.ve\/mpppstweb\/#website\",\"url\":\"https:\/\/www.mpppst.gob.ve\/mpppstweb\/\",\"name\":\"MPPPST\",\"description\":\"Ministerio del Poder Popular para el Proceso Social de Trabajo\",\"publisher\":{\"@id\":\"https:\/\/www.mpppst.gob.ve\/mpppstweb\/#organization\"},\"potentialAction\":[{\"@type\":\"SearchAction\",\"target\":{\"@type\":\"EntryPoint\",\"urlTemplate\":\"https:\/\/www.mpppst.gob.ve\/mpppstweb\/?s={search_term_string}\"},\"query-input\":\"required name=search_term_string\"}],\"inLanguage\":\"es\"},{\"@type\":\"Organization\",\"@id\":\"https:\/\/www.mpppst.gob.ve\/mpppstweb\/#organization\",\"name\":\"mpppst\",\"url\":\"https:\/\/www.mpppst.gob.ve\/mpppstweb\/\",\"logo\":{\"@type\":\"ImageObject\",\"inLanguage\":\"es\",\"@id\":\"https:\/\/www.mpppst.gob.ve\/mpppstweb\/#\/schema\/logo\/image\/\",\"url\":\"https:\/\/www.mpppst.gob.ve\/mpppstweb\/wp-content\/uploads\/2025\/07\/cropped-cropped-g910.png\",\"contentUrl\":\"https:\/\/www.mpppst.gob.ve\/mpppstweb\/wp-content\/uploads\/2025\/07\/cropped-cropped-g910.png\",\"width\":1080,\"height\":241,\"caption\":\"mpppst\"},\"image\":{\"@id\":\"https:\/\/www.mpppst.gob.ve\/mpppstweb\/#\/schema\/logo\/image\/\"}},{\"@type\":\"Person\",\"@id\":\"https:\/\/www.mpppst.gob.ve\/mpppstweb\/#\/schema\/person\/fc187ee8ead412bd4c9304b62f900ea4\",\"name\":\"MPPPST Prensa\",\"url\":\"https:\/\/www.mpppst.gob.ve\/mpppstweb\/index.php\/author\/prensa-mpppst\/\"}]}<\/script>\n<!-- \/ Yoast SEO plugin. -->","yoast_head_json":{"title":"Trabajadores de VTV instalaron comisi\u00f3n negociadora del Contrato Colectivo - MPPPST","robots":{"index":"index","follow":"follow","max-snippet":"max-snippet:-1","max-image-preview":"max-image-preview:large","max-video-preview":"max-video-preview:-1"},"canonical":"https:\/\/www.mpppst.gob.ve\/mpppstweb\/index.php\/2017\/07\/13\/trabajadores-de-vtv-instalaron-comision-negociadora-del-contrato-colectivo\/","og_locale":"es_ES","og_type":"article","og_title":"Trabajadores de VTV instalaron comisi\u00f3n negociadora del Contrato Colectivo - MPPPST","og_description":"Por Gina Garc\u00eda Los trabajadores y trabajadoras de Venezolana de Televisi\u00f3n (VTV), junto a los ministros &hellip; Trabajadores de VTV instalaron comisi\u00f3n negociadora del Contrato ColectivoRead more","og_url":"https:\/\/www.mpppst.gob.ve\/mpppstweb\/index.php\/2017\/07\/13\/trabajadores-de-vtv-instalaron-comision-negociadora-del-contrato-colectivo\/","og_site_name":"MPPPST","article_published_time":"2017-07-13T19:28:41+00:00","og_image":[{"width":800,"height":445,"url":"https:\/\/www.mpppst.gob.ve\/mpppstweb\/wp-content\/uploads\/2017\/07\/5fa56fe3-de9b-46aa-8d92-06fb15a3c592.jpg","type":"image\/jpeg"}],"author":"MPPPST Prensa","twitter_card":"summary_large_image","twitter_misc":{"Escrito por":"MPPPST Prensa","Tiempo de lectura":"1 minuto"},"schema":{"@context":"https:\/\/schema.org","@graph":[{"@type":"Article","@id":"https:\/\/www.mpppst.gob.ve\/mpppstweb\/index.php\/2017\/07\/13\/trabajadores-de-vtv-instalaron-comision-negociadora-del-contrato-colectivo\/#article","isPartOf":{"@id":"https:\/\/www.mpppst.gob.ve\/mpppstweb\/index.php\/2017\/07\/13\/trabajadores-de-vtv-instalaron-comision-negociadora-del-contrato-colectivo\/"},"author":{"name":"MPPPST Prensa","@id":"https:\/\/www.mpppst.gob.ve\/mpppstweb\/#\/schema\/person\/fc187ee8ead412bd4c9304b62f900ea4"},"headline":"Trabajadores de VTV instalaron comisi\u00f3n negociadora del Contrato Colectivo","datePublished":"2017-07-13T19:28:41+00:00","dateModified":"2017-07-13T19:28:41+00:00","mainEntityOfPage":{"@id":"https:\/\/www.mpppst.gob.ve\/mpppstweb\/index.php\/2017\/07\/13\/trabajadores-de-vtv-instalaron-comision-negociadora-del-contrato-colectivo\/"},"wordCount":232,"publisher":{"@id":"https:\/\/www.mpppst.gob.ve\/mpppstweb\/#organization"},"image":{"@id":"https:\/\/www.mpppst.gob.ve\/mpppstweb\/index.php\/2017\/07\/13\/trabajadores-de-vtv-instalaron-comision-negociadora-del-contrato-colectivo\/#primaryimage"},"thumbnailUrl":"https:\/\/www.mpppst.gob.ve\/mpppstweb\/wp-content\/uploads\/2017\/07\/5fa56fe3-de9b-46aa-8d92-06fb15a3c592.jpg","articleSection":["Gobierno Nacional","Noticias"],"inLanguage":"es"},{"@type":"WebPage","@id":"https:\/\/www.mpppst.gob.ve\/mpppstweb\/index.php\/2017\/07\/13\/trabajadores-de-vtv-instalaron-comision-negociadora-del-contrato-colectivo\/","url":"https:\/\/www.mpppst.gob.ve\/mpppstweb\/index.php\/2017\/07\/13\/trabajadores-de-vtv-instalaron-comision-negociadora-del-contrato-colectivo\/","name":"Trabajadores de VTV instalaron comisi\u00f3n negociadora del Contrato Colectivo - MPPPST","isPartOf":{"@id":"https:\/\/www.mpppst.gob.ve\/mpppstweb\/#website"},"primaryImageOfPage":{"@id":"https:\/\/www.mpppst.gob.ve\/mpppstweb\/index.php\/2017\/07\/13\/trabajadores-de-vtv-instalaron-comision-negociadora-del-contrato-colectivo\/#primaryimage"},"image":{"@id":"https:\/\/www.mpppst.gob.ve\/mpppstweb\/index.php\/2017\/07\/13\/trabajadores-de-vtv-instalaron-comision-negociadora-del-contrato-colectivo\/#primaryimage"},"thumbnailUrl":"https:\/\/www.mpppst.gob.ve\/mpppstweb\/wp-content\/uploads\/2017\/07\/5fa56fe3-de9b-46aa-8d92-06fb15a3c592.jpg","datePublished":"2017-07-13T19:28:41+00:00","dateModified":"2017-07-13T19:28:41+00:00","breadcrumb":{"@id":"https:\/\/www.mpppst.gob.ve\/mpppstweb\/index.php\/2017\/07\/13\/trabajadores-de-vtv-instalaron-comision-negociadora-del-contrato-colectivo\/#breadcrumb"},"inLanguage":"es","potentialAction":[{"@type":"ReadAction","target":["https:\/\/www.mpppst.gob.ve\/mpppstweb\/index.php\/2017\/07\/13\/trabajadores-de-vtv-instalaron-comision-negociadora-del-contrato-colectivo\/"]}]},{"@type":"ImageObject","inLanguage":"es","@id":"https:\/\/www.mpppst.gob.ve\/mpppstweb\/index.php\/2017\/07\/13\/trabajadores-de-vtv-instalaron-comision-negociadora-del-contrato-colectivo\/#primaryimage","url":"https:\/\/www.mpppst.gob.ve\/mpppstweb\/wp-content\/uploads\/2017\/07\/5fa56fe3-de9b-46aa-8d92-06fb15a3c592.jpg","contentUrl":"https:\/\/www.mpppst.gob.ve\/mpppstweb\/wp-content\/uploads\/2017\/07\/5fa56fe3-de9b-46aa-8d92-06fb15a3c592.jpg","width":800,"height":445},{"@type":"BreadcrumbList","@id":"https:\/\/www.mpppst.gob.ve\/mpppstweb\/index.php\/2017\/07\/13\/trabajadores-de-vtv-instalaron-comision-negociadora-del-contrato-colectivo\/#breadcrumb","itemListElement":[{"@type":"ListItem","position":1,"name":"Home","item":"https:\/\/www.mpppst.gob.ve\/mpppstweb\/"},{"@type":"ListItem","position":2,"name":"Trabajadores de VTV instalaron comisi\u00f3n negociadora del Contrato Colectivo"}]},{"@type":"WebSite","@id":"https:\/\/www.mpppst.gob.ve\/mpppstweb\/#website","url":"https:\/\/www.mpppst.gob.ve\/mpppstweb\/","name":"MPPPST","description":"Ministerio del Poder Popular para el Proceso Social de Trabajo","publisher":{"@id":"https:\/\/www.mpppst.gob.ve\/mpppstweb\/#organization"},"potentialAction":[{"@type":"SearchAction","target":{"@type":"EntryPoint","urlTemplate":"https:\/\/www.mpppst.gob.ve\/mpppstweb\/?s={search_term_string}"},"query-input":"required name=search_term_string"}],"inLanguage":"es"},{"@type":"Organization","@id":"https:\/\/www.mpppst.gob.ve\/mpppstweb\/#organization","name":"mpppst","url":"https:\/\/www.mpppst.gob.ve\/mpppstweb\/","logo":{"@type":"ImageObject","inLanguage":"es","@id":"https:\/\/www.mpppst.gob.ve\/mpppstweb\/#\/schema\/logo\/image\/","url":"https:\/\/www.mpppst.gob.ve\/mpppstweb\/wp-content\/uploads\/2025\/07\/cropped-cropped-g910.png","contentUrl":"https:\/\/www.mpppst.gob.ve\/mpppstweb\/wp-content\/uploads\/2025\/07\/cropped-cropped-g910.png","width":1080,"height":241,"caption":"mpppst"},"image":{"@id":"https:\/\/www.mpppst.gob.ve\/mpppstweb\/#\/schema\/logo\/image\/"}},{"@type":"Person","@id":"https:\/\/www.mpppst.gob.ve\/mpppstweb\/#\/schema\/person\/fc187ee8ead412bd4c9304b62f900ea4","name":"MPPPST Prensa","url":"https:\/\/www.mpppst.gob.ve\/mpppstweb\/index.php\/author\/prensa-mpppst\/"}]}},"_links":{"self":[{"href":"https:\/\/www.mpppst.gob.ve\/mpppstweb\/index.php\/wp-json\/wp\/v2\/posts\/12159"}],"collection":[{"href":"https:\/\/www.mpppst.gob.ve\/mpppstweb\/index.php\/wp-json\/wp\/v2\/posts"}],"about":[{"href":"https:\/\/www.mpppst.gob.ve\/mpppstweb\/index.php\/wp-json\/wp\/v2\/types\/post"}],"author":[{"embeddable":true,"href":"https:\/\/www.mpppst.gob.ve\/mpppstweb\/index.php\/wp-json\/wp\/v2\/users\/25"}],"replies":[{"embeddable":true,"href":"https:\/\/www.mpppst.gob.ve\/mpppstweb\/index.php\/wp-json\/wp\/v2\/comments?post=12159"}],"version-history":[{"count":1,"href":"https:\/\/www.mpppst.gob.ve\/mpppstweb\/index.php\/wp-json\/wp\/v2\/posts\/12159\/revisions"}],"predecessor-version":[{"id":12161,"href":"https:\/\/www.mpppst.gob.ve\/mpppstweb\/index.php\/wp-json\/wp\/v2\/posts\/12159\/revisions\/12161"}],"wp:featuredmedia":[{"embeddable":true,"href":"https:\/\/www.mpppst.gob.ve\/mpppstweb\/index.php\/wp-json\/wp\/v2\/media\/12160"}],"wp:attachment":[{"href":"https:\/\/www.mpppst.gob.ve\/mpppstweb\/index.php\/wp-json\/wp\/v2\/media?parent=12159"}],"wp:term":[{"taxonomy":"category","embeddable":true,"href":"https:\/\/www.mpppst.gob.ve\/mpppstweb\/index.php\/wp-json\/wp\/v2\/categories?post=12159"},{"taxonomy":"post_tag","embeddable":true,"href":"https:\/\/www.mpppst.gob.ve\/mpppstweb\/index.php\/wp-json\/wp\/v2\/tags?post=12159"}],"curies":[{"name":"wp","href":"https:\/\/api.w.org\/{rel}","templated":true}]}}