{"id":12165,"date":"2017-07-14T10:07:30","date_gmt":"2017-07-14T14:07:30","guid":{"rendered":"http:\/\/www.mpppst.gob.ve\/mpppstweb\/?p=12165"},"modified":"2017-07-14T10:07:30","modified_gmt":"2017-07-14T14:07:30","slug":"fortalecer-mecanismos-para-el-bienestar-comun-es-uno-de-los-objetivos-de-la-constituyente","status":"publish","type":"post","link":"https:\/\/www.mpppst.gob.ve\/mpppstweb\/index.php\/2017\/07\/14\/fortalecer-mecanismos-para-el-bienestar-comun-es-uno-de-los-objetivos-de-la-constituyente\/","title":{"rendered":"Fortalecer mecanismos para el bienestar com\u00fan es uno de los objetivos de la Constituyente"},"content":{"rendered":"<p>AVN.- La generaci\u00f3n de mecanismos para fortalecer el modelo de bienestar com\u00fan, mediante el perfeccionamiento del sistema de\u00a0misiones y grandes misiones, es uno de los objetivos de la\u00a0Asamblea Nacional Constituyente, indic\u00f3 el presidente de la Rep\u00fablica, Nicol\u00e1s Maduro.<\/p>\n<p>En el acto de graduaci\u00f3n de m\u00e1s de\u00a034 mil egresados\u00a0de las misiones\u00a0Ribas,\u00a0Sucre\u00a0y la\u00a0Micromisi\u00f3n Sim\u00f3n Rodr\u00edguez, el jefe de Estado indic\u00f3 que la instancia del Poder Originario permitir\u00e1 idear acciones y mecanismos que le permitan al pueblo venezolano su desarrollo en \u00e1mbitos como el saber y el estudio, la salud y la vivienda.<\/p>\n<p>Estas acciones se conjugar\u00e1n con nuevos mecanismos como el Movimiento Somos Venezuela, que en casi un mes ha abordado 2.145.000 de hogares. Con ello, se verificaron las condiciones m\u00e1s de 5 millones de personas que tramitaron el Carnet de la Patria, con el fin de determinar sus necesidades reales.<\/p>\n<p>\u00abNo nos conformemos con lo m\u00ednimo, el minimalismo es lo peor que nos puede pasar. Vayan ustedes con el\u00a0Carnet de la Patria\u00a0desde hoy, a buscar a todos los venezolanos que necesitan sacar el bachillerato, a buscarlos al hogar, a incorporarlos a los espacios de estudio, a multiplicar la Misi\u00f3n Ribas a mantenerla viva y que sea una Misi\u00f3n Ribas productiva\u00bb, inst\u00f3.<\/p>\n<p>En defensa de la salud<\/p>\n<p>El fortalecimiento del sistema de protecci\u00f3n social tambi\u00e9n incluye los servicios de salud. En ese sentido, el jefe de Estado propuso crear la\u00a0Ley Constitucional del Sistema Barrio Adentro Salud\u00a0y la\u00a0Ley Constitucional del Sistema de Salud Integral.<\/p>\n<p>Estos nuevos textos constitucionales estar\u00e1n, que podr\u00e1n ser promulgados a trav\u00e9s de la Asamblea Nacional Constituyente\u00a0 \u00abpor encima de las leyes org\u00e1nicas, con el m\u00e1s alto rango, para proteger la salud solidaria, primaria y familiar\u00bb, para protegerla de \u00ablas garras de la oligarqu\u00eda que todo lo privatiza y no le interesa en lo m\u00e1s m\u00ednimo el bienestar del pueblo\u00bb.<\/p>\n<p>En la construcci\u00f3n de un nuevo modelo de salud, el\u00a0Plan Quir\u00fargico Nacional\u00a0ha efectuado\u00a061.430 intervenciones\u00a0en todo el pa\u00eds. En los pr\u00f3ximo d\u00edas, 58 quir\u00f3fanos m\u00e1s ser\u00e1n incorporados a la red de salud p\u00fablica, para continuar con la ampliaci\u00f3n de la capacidad de atenci\u00f3n de este plan nacional.<\/p>\n<p>Maduro tambi\u00e9n inform\u00f3 que un mill\u00f3n de familias en condici\u00f3n de vulnerabilidad, atendidas a trav\u00e9s de Hogares de la Patria, recibir\u00e1n a partir de julio una asignaci\u00f3n mensual de 100.000 bol\u00edvares.<\/p>\n<p>Hacia la vivienda 1 mill\u00f3n 700.000<\/p>\n<p>En la jornada, el jefe de Estado inform\u00f3 que este julio ser\u00e1n entregado el hogar\u00a01 mill\u00f3n 700.000 de la Gran Misi\u00f3n Vivienda Venezuela\u00a0(GMVV), pol\u00edtica social creada hace seis a\u00f1os y que ahora asignar\u00e1n unidades habitacionales a trav\u00e9s del Carnet de la Patria<\/p>\n<p>\u00abTodas las viviendas que estamos entregando, desde la vivienda 1 mill\u00f3n 700 mil hasta la vivienda 3 millones ser\u00e1n entregadas a trav\u00e9s del Carnet de la Patria de manera directa, sin gestores ni intermediarios. Del Carnet de la Patria directo a la vivienda\u00bb, resalt\u00f3.<\/p>\n<p>Destac\u00f3 que a pesar del sabotaje econ\u00f3mico y los bajos precios del petr\u00f3leo la GMVV no ha detenido la construcci\u00f3n de m\u00e1s hogares para los venezolanos, lo que demuestra el compromiso del Gobierno Bolivariano por atender las necesidades de la poblaci\u00f3n.<\/p>\n<p>\u00abQue la guerra econ\u00f3mica no me dej\u00f3, que el petr\u00f3leo baj\u00f3 de 100 a 20 d\u00f3lares, \u00bfno hubiera podido usar esas excusas?, pero para nosotros los chavistas las excusas est\u00e1n prohibidas, cuando nosotros asumimos una meta hay que cumplirla y el 2019 llueva, truene o relampague\u00e9 llegaremos a la vivienda tres millones\u00bb.<\/p>\n","protected":false},"excerpt":{"rendered":"<p>AVN.- La generaci\u00f3n de mecanismos para fortalecer el modelo de bienestar com\u00fan, mediante el perfeccionamiento del &hellip; <a title=\"Fortalecer mecanismos para el bienestar com\u00fan es uno de los objetivos de la Constituyente\" class=\"hm-read-more\" href=\"https:\/\/www.mpppst.gob.ve\/mpppstweb\/index.php\/2017\/07\/14\/fortalecer-mecanismos-para-el-bienestar-comun-es-uno-de-los-objetivos-de-la-constituyente\/\"><span class=\"screen-reader-text\">Fortalecer mecanismos para el bienestar com\u00fan es uno de los objetivos de la Constituyente<\/span>Read more<\/a><\/p>\n","protected":false},"author":25,"featured_media":12166,"comment_status":"closed","ping_status":"closed","sticky":false,"template":"","format":"standard","meta":{"footnotes":""},"categories":[82,163],"tags":[],"yoast_head":"<!-- This site is optimized with the Yoast SEO plugin v22.5 - https:\/\/yoast.com\/wordpress\/plugins\/seo\/ -->\n<title>Fortalecer mecanismos para el bienestar com\u00fan es uno de los objetivos de la Constituyente - MPPPST<\/title>\n<meta name=\"robots\" content=\"index, follow, max-snippet:-1, max-image-preview:large, max-video-preview:-1\" \/>\n<link rel=\"canonical\" href=\"https:\/\/www.mpppst.gob.ve\/mpppstweb\/index.php\/2017\/07\/14\/fortalecer-mecanismos-para-el-bienestar-comun-es-uno-de-los-objetivos-de-la-constituyente\/\" \/>\n<meta property=\"og:locale\" content=\"es_ES\" \/>\n<meta property=\"og:type\" content=\"article\" \/>\n<meta property=\"og:title\" content=\"Fortalecer mecanismos para el bienestar com\u00fan es uno de los objetivos de la Constituyente - MPPPST\" \/>\n<meta property=\"og:description\" content=\"AVN.- La generaci\u00f3n de mecanismos para fortalecer el modelo de bienestar com\u00fan, mediante el perfeccionamiento del &hellip; Fortalecer mecanismos para el bienestar com\u00fan es uno de los objetivos de la ConstituyenteRead more\" \/>\n<meta property=\"og:url\" content=\"https:\/\/www.mpppst.gob.ve\/mpppstweb\/index.php\/2017\/07\/14\/fortalecer-mecanismos-para-el-bienestar-comun-es-uno-de-los-objetivos-de-la-constituyente\/\" \/>\n<meta property=\"og:site_name\" content=\"MPPPST\" \/>\n<meta property=\"article:published_time\" content=\"2017-07-14T14:07:30+00:00\" \/>\n<meta property=\"og:image\" content=\"https:\/\/www.mpppst.gob.ve\/mpppstweb\/wp-content\/uploads\/2017\/07\/005_fs_3229_1499972026.jpg\" \/>\n\t<meta property=\"og:image:width\" content=\"800\" \/>\n\t<meta property=\"og:image:height\" content=\"445\" \/>\n\t<meta property=\"og:image:type\" content=\"image\/jpeg\" \/>\n<meta name=\"author\" content=\"MPPPST Prensa\" \/>\n<meta name=\"twitter:card\" content=\"summary_large_image\" \/>\n<meta name=\"twitter:label1\" content=\"Escrito por\" \/>\n\t<meta name=\"twitter:data1\" content=\"MPPPST Prensa\" \/>\n\t<meta name=\"twitter:label2\" content=\"Tiempo de lectura\" \/>\n\t<meta name=\"twitter:data2\" content=\"3 minutos\" \/>\n<script type=\"application\/ld+json\" class=\"yoast-schema-graph\">{\"@context\":\"https:\/\/schema.org\",\"@graph\":[{\"@type\":\"Article\",\"@id\":\"https:\/\/www.mpppst.gob.ve\/mpppstweb\/index.php\/2017\/07\/14\/fortalecer-mecanismos-para-el-bienestar-comun-es-uno-de-los-objetivos-de-la-constituyente\/#article\",\"isPartOf\":{\"@id\":\"https:\/\/www.mpppst.gob.ve\/mpppstweb\/index.php\/2017\/07\/14\/fortalecer-mecanismos-para-el-bienestar-comun-es-uno-de-los-objetivos-de-la-constituyente\/\"},\"author\":{\"name\":\"MPPPST Prensa\",\"@id\":\"https:\/\/www.mpppst.gob.ve\/mpppstweb\/#\/schema\/person\/fc187ee8ead412bd4c9304b62f900ea4\"},\"headline\":\"Fortalecer mecanismos para el bienestar com\u00fan es uno de los objetivos de la Constituyente\",\"datePublished\":\"2017-07-14T14:07:30+00:00\",\"dateModified\":\"2017-07-14T14:07:30+00:00\",\"mainEntityOfPage\":{\"@id\":\"https:\/\/www.mpppst.gob.ve\/mpppstweb\/index.php\/2017\/07\/14\/fortalecer-mecanismos-para-el-bienestar-comun-es-uno-de-los-objetivos-de-la-constituyente\/\"},\"wordCount\":643,\"publisher\":{\"@id\":\"https:\/\/www.mpppst.gob.ve\/mpppstweb\/#organization\"},\"image\":{\"@id\":\"https:\/\/www.mpppst.gob.ve\/mpppstweb\/index.php\/2017\/07\/14\/fortalecer-mecanismos-para-el-bienestar-comun-es-uno-de-los-objetivos-de-la-constituyente\/#primaryimage\"},\"thumbnailUrl\":\"https:\/\/www.mpppst.gob.ve\/mpppstweb\/wp-content\/uploads\/2017\/07\/005_fs_3229_1499972026.jpg\",\"articleSection\":[\"Gobierno Nacional\",\"Noticias\"],\"inLanguage\":\"es\"},{\"@type\":\"WebPage\",\"@id\":\"https:\/\/www.mpppst.gob.ve\/mpppstweb\/index.php\/2017\/07\/14\/fortalecer-mecanismos-para-el-bienestar-comun-es-uno-de-los-objetivos-de-la-constituyente\/\",\"url\":\"https:\/\/www.mpppst.gob.ve\/mpppstweb\/index.php\/2017\/07\/14\/fortalecer-mecanismos-para-el-bienestar-comun-es-uno-de-los-objetivos-de-la-constituyente\/\",\"name\":\"Fortalecer mecanismos para el bienestar com\u00fan es uno de los objetivos de la Constituyente - MPPPST\",\"isPartOf\":{\"@id\":\"https:\/\/www.mpppst.gob.ve\/mpppstweb\/#website\"},\"primaryImageOfPage\":{\"@id\":\"https:\/\/www.mpppst.gob.ve\/mpppstweb\/index.php\/2017\/07\/14\/fortalecer-mecanismos-para-el-bienestar-comun-es-uno-de-los-objetivos-de-la-constituyente\/#primaryimage\"},\"image\":{\"@id\":\"https:\/\/www.mpppst.gob.ve\/mpppstweb\/index.php\/2017\/07\/14\/fortalecer-mecanismos-para-el-bienestar-comun-es-uno-de-los-objetivos-de-la-constituyente\/#primaryimage\"},\"thumbnailUrl\":\"https:\/\/www.mpppst.gob.ve\/mpppstweb\/wp-content\/uploads\/2017\/07\/005_fs_3229_1499972026.jpg\",\"datePublished\":\"2017-07-14T14:07:30+00:00\",\"dateModified\":\"2017-07-14T14:07:30+00:00\",\"breadcrumb\":{\"@id\":\"https:\/\/www.mpppst.gob.ve\/mpppstweb\/index.php\/2017\/07\/14\/fortalecer-mecanismos-para-el-bienestar-comun-es-uno-de-los-objetivos-de-la-constituyente\/#breadcrumb\"},\"inLanguage\":\"es\",\"potentialAction\":[{\"@type\":\"ReadAction\",\"target\":[\"https:\/\/www.mpppst.gob.ve\/mpppstweb\/index.php\/2017\/07\/14\/fortalecer-mecanismos-para-el-bienestar-comun-es-uno-de-los-objetivos-de-la-constituyente\/\"]}]},{\"@type\":\"ImageObject\",\"inLanguage\":\"es\",\"@id\":\"https:\/\/www.mpppst.gob.ve\/mpppstweb\/index.php\/2017\/07\/14\/fortalecer-mecanismos-para-el-bienestar-comun-es-uno-de-los-objetivos-de-la-constituyente\/#primaryimage\",\"url\":\"https:\/\/www.mpppst.gob.ve\/mpppstweb\/wp-content\/uploads\/2017\/07\/005_fs_3229_1499972026.jpg\",\"contentUrl\":\"https:\/\/www.mpppst.gob.ve\/mpppstweb\/wp-content\/uploads\/2017\/07\/005_fs_3229_1499972026.jpg\",\"width\":800,\"height\":445},{\"@type\":\"BreadcrumbList\",\"@id\":\"https:\/\/www.mpppst.gob.ve\/mpppstweb\/index.php\/2017\/07\/14\/fortalecer-mecanismos-para-el-bienestar-comun-es-uno-de-los-objetivos-de-la-constituyente\/#breadcrumb\",\"itemListElement\":[{\"@type\":\"ListItem\",\"position\":1,\"name\":\"Home\",\"item\":\"https:\/\/www.mpppst.gob.ve\/mpppstweb\/\"},{\"@type\":\"ListItem\",\"position\":2,\"name\":\"Fortalecer mecanismos para el bienestar com\u00fan es uno de los objetivos de la Constituyente\"}]},{\"@type\":\"WebSite\",\"@id\":\"https:\/\/www.mpppst.gob.ve\/mpppstweb\/#website\",\"url\":\"https:\/\/www.mpppst.gob.ve\/mpppstweb\/\",\"name\":\"MPPPST\",\"description\":\"Ministerio del Poder Popular para el Proceso Social de Trabajo\",\"publisher\":{\"@id\":\"https:\/\/www.mpppst.gob.ve\/mpppstweb\/#organization\"},\"potentialAction\":[{\"@type\":\"SearchAction\",\"target\":{\"@type\":\"EntryPoint\",\"urlTemplate\":\"https:\/\/www.mpppst.gob.ve\/mpppstweb\/?s={search_term_string}\"},\"query-input\":\"required name=search_term_string\"}],\"inLanguage\":\"es\"},{\"@type\":\"Organization\",\"@id\":\"https:\/\/www.mpppst.gob.ve\/mpppstweb\/#organization\",\"name\":\"mpppst\",\"url\":\"https:\/\/www.mpppst.gob.ve\/mpppstweb\/\",\"logo\":{\"@type\":\"ImageObject\",\"inLanguage\":\"es\",\"@id\":\"https:\/\/www.mpppst.gob.ve\/mpppstweb\/#\/schema\/logo\/image\/\",\"url\":\"https:\/\/www.mpppst.gob.ve\/mpppstweb\/wp-content\/uploads\/2025\/07\/cropped-cropped-g910.png\",\"contentUrl\":\"https:\/\/www.mpppst.gob.ve\/mpppstweb\/wp-content\/uploads\/2025\/07\/cropped-cropped-g910.png\",\"width\":1080,\"height\":241,\"caption\":\"mpppst\"},\"image\":{\"@id\":\"https:\/\/www.mpppst.gob.ve\/mpppstweb\/#\/schema\/logo\/image\/\"}},{\"@type\":\"Person\",\"@id\":\"https:\/\/www.mpppst.gob.ve\/mpppstweb\/#\/schema\/person\/fc187ee8ead412bd4c9304b62f900ea4\",\"name\":\"MPPPST Prensa\",\"url\":\"https:\/\/www.mpppst.gob.ve\/mpppstweb\/index.php\/author\/prensa-mpppst\/\"}]}<\/script>\n<!-- \/ Yoast SEO plugin. -->","yoast_head_json":{"title":"Fortalecer mecanismos para el bienestar com\u00fan es uno de los objetivos de la Constituyente - MPPPST","robots":{"index":"index","follow":"follow","max-snippet":"max-snippet:-1","max-image-preview":"max-image-preview:large","max-video-preview":"max-video-preview:-1"},"canonical":"https:\/\/www.mpppst.gob.ve\/mpppstweb\/index.php\/2017\/07\/14\/fortalecer-mecanismos-para-el-bienestar-comun-es-uno-de-los-objetivos-de-la-constituyente\/","og_locale":"es_ES","og_type":"article","og_title":"Fortalecer mecanismos para el bienestar com\u00fan es uno de los objetivos de la Constituyente - MPPPST","og_description":"AVN.- La generaci\u00f3n de mecanismos para fortalecer el modelo de bienestar com\u00fan, mediante el perfeccionamiento del &hellip; Fortalecer mecanismos para el bienestar com\u00fan es uno de los objetivos de la ConstituyenteRead more","og_url":"https:\/\/www.mpppst.gob.ve\/mpppstweb\/index.php\/2017\/07\/14\/fortalecer-mecanismos-para-el-bienestar-comun-es-uno-de-los-objetivos-de-la-constituyente\/","og_site_name":"MPPPST","article_published_time":"2017-07-14T14:07:30+00:00","og_image":[{"width":800,"height":445,"url":"https:\/\/www.mpppst.gob.ve\/mpppstweb\/wp-content\/uploads\/2017\/07\/005_fs_3229_1499972026.jpg","type":"image\/jpeg"}],"author":"MPPPST Prensa","twitter_card":"summary_large_image","twitter_misc":{"Escrito por":"MPPPST Prensa","Tiempo de lectura":"3 minutos"},"schema":{"@context":"https:\/\/schema.org","@graph":[{"@type":"Article","@id":"https:\/\/www.mpppst.gob.ve\/mpppstweb\/index.php\/2017\/07\/14\/fortalecer-mecanismos-para-el-bienestar-comun-es-uno-de-los-objetivos-de-la-constituyente\/#article","isPartOf":{"@id":"https:\/\/www.mpppst.gob.ve\/mpppstweb\/index.php\/2017\/07\/14\/fortalecer-mecanismos-para-el-bienestar-comun-es-uno-de-los-objetivos-de-la-constituyente\/"},"author":{"name":"MPPPST Prensa","@id":"https:\/\/www.mpppst.gob.ve\/mpppstweb\/#\/schema\/person\/fc187ee8ead412bd4c9304b62f900ea4"},"headline":"Fortalecer mecanismos para el bienestar com\u00fan es uno de los objetivos de la Constituyente","datePublished":"2017-07-14T14:07:30+00:00","dateModified":"2017-07-14T14:07:30+00:00","mainEntityOfPage":{"@id":"https:\/\/www.mpppst.gob.ve\/mpppstweb\/index.php\/2017\/07\/14\/fortalecer-mecanismos-para-el-bienestar-comun-es-uno-de-los-objetivos-de-la-constituyente\/"},"wordCount":643,"publisher":{"@id":"https:\/\/www.mpppst.gob.ve\/mpppstweb\/#organization"},"image":{"@id":"https:\/\/www.mpppst.gob.ve\/mpppstweb\/index.php\/2017\/07\/14\/fortalecer-mecanismos-para-el-bienestar-comun-es-uno-de-los-objetivos-de-la-constituyente\/#primaryimage"},"thumbnailUrl":"https:\/\/www.mpppst.gob.ve\/mpppstweb\/wp-content\/uploads\/2017\/07\/005_fs_3229_1499972026.jpg","articleSection":["Gobierno Nacional","Noticias"],"inLanguage":"es"},{"@type":"WebPage","@id":"https:\/\/www.mpppst.gob.ve\/mpppstweb\/index.php\/2017\/07\/14\/fortalecer-mecanismos-para-el-bienestar-comun-es-uno-de-los-objetivos-de-la-constituyente\/","url":"https:\/\/www.mpppst.gob.ve\/mpppstweb\/index.php\/2017\/07\/14\/fortalecer-mecanismos-para-el-bienestar-comun-es-uno-de-los-objetivos-de-la-constituyente\/","name":"Fortalecer mecanismos para el bienestar com\u00fan es uno de los objetivos de la Constituyente - MPPPST","isPartOf":{"@id":"https:\/\/www.mpppst.gob.ve\/mpppstweb\/#website"},"primaryImageOfPage":{"@id":"https:\/\/www.mpppst.gob.ve\/mpppstweb\/index.php\/2017\/07\/14\/fortalecer-mecanismos-para-el-bienestar-comun-es-uno-de-los-objetivos-de-la-constituyente\/#primaryimage"},"image":{"@id":"https:\/\/www.mpppst.gob.ve\/mpppstweb\/index.php\/2017\/07\/14\/fortalecer-mecanismos-para-el-bienestar-comun-es-uno-de-los-objetivos-de-la-constituyente\/#primaryimage"},"thumbnailUrl":"https:\/\/www.mpppst.gob.ve\/mpppstweb\/wp-content\/uploads\/2017\/07\/005_fs_3229_1499972026.jpg","datePublished":"2017-07-14T14:07:30+00:00","dateModified":"2017-07-14T14:07:30+00:00","breadcrumb":{"@id":"https:\/\/www.mpppst.gob.ve\/mpppstweb\/index.php\/2017\/07\/14\/fortalecer-mecanismos-para-el-bienestar-comun-es-uno-de-los-objetivos-de-la-constituyente\/#breadcrumb"},"inLanguage":"es","potentialAction":[{"@type":"ReadAction","target":["https:\/\/www.mpppst.gob.ve\/mpppstweb\/index.php\/2017\/07\/14\/fortalecer-mecanismos-para-el-bienestar-comun-es-uno-de-los-objetivos-de-la-constituyente\/"]}]},{"@type":"ImageObject","inLanguage":"es","@id":"https:\/\/www.mpppst.gob.ve\/mpppstweb\/index.php\/2017\/07\/14\/fortalecer-mecanismos-para-el-bienestar-comun-es-uno-de-los-objetivos-de-la-constituyente\/#primaryimage","url":"https:\/\/www.mpppst.gob.ve\/mpppstweb\/wp-content\/uploads\/2017\/07\/005_fs_3229_1499972026.jpg","contentUrl":"https:\/\/www.mpppst.gob.ve\/mpppstweb\/wp-content\/uploads\/2017\/07\/005_fs_3229_1499972026.jpg","width":800,"height":445},{"@type":"BreadcrumbList","@id":"https:\/\/www.mpppst.gob.ve\/mpppstweb\/index.php\/2017\/07\/14\/fortalecer-mecanismos-para-el-bienestar-comun-es-uno-de-los-objetivos-de-la-constituyente\/#breadcrumb","itemListElement":[{"@type":"ListItem","position":1,"name":"Home","item":"https:\/\/www.mpppst.gob.ve\/mpppstweb\/"},{"@type":"ListItem","position":2,"name":"Fortalecer mecanismos para el bienestar com\u00fan es uno de los objetivos de la Constituyente"}]},{"@type":"WebSite","@id":"https:\/\/www.mpppst.gob.ve\/mpppstweb\/#website","url":"https:\/\/www.mpppst.gob.ve\/mpppstweb\/","name":"MPPPST","description":"Ministerio del Poder Popular para el Proceso Social de Trabajo","publisher":{"@id":"https:\/\/www.mpppst.gob.ve\/mpppstweb\/#organization"},"potentialAction":[{"@type":"SearchAction","target":{"@type":"EntryPoint","urlTemplate":"https:\/\/www.mpppst.gob.ve\/mpppstweb\/?s={search_term_string}"},"query-input":"required name=search_term_string"}],"inLanguage":"es"},{"@type":"Organization","@id":"https:\/\/www.mpppst.gob.ve\/mpppstweb\/#organization","name":"mpppst","url":"https:\/\/www.mpppst.gob.ve\/mpppstweb\/","logo":{"@type":"ImageObject","inLanguage":"es","@id":"https:\/\/www.mpppst.gob.ve\/mpppstweb\/#\/schema\/logo\/image\/","url":"https:\/\/www.mpppst.gob.ve\/mpppstweb\/wp-content\/uploads\/2025\/07\/cropped-cropped-g910.png","contentUrl":"https:\/\/www.mpppst.gob.ve\/mpppstweb\/wp-content\/uploads\/2025\/07\/cropped-cropped-g910.png","width":1080,"height":241,"caption":"mpppst"},"image":{"@id":"https:\/\/www.mpppst.gob.ve\/mpppstweb\/#\/schema\/logo\/image\/"}},{"@type":"Person","@id":"https:\/\/www.mpppst.gob.ve\/mpppstweb\/#\/schema\/person\/fc187ee8ead412bd4c9304b62f900ea4","name":"MPPPST Prensa","url":"https:\/\/www.mpppst.gob.ve\/mpppstweb\/index.php\/author\/prensa-mpppst\/"}]}},"_links":{"self":[{"href":"https:\/\/www.mpppst.gob.ve\/mpppstweb\/index.php\/wp-json\/wp\/v2\/posts\/12165"}],"collection":[{"href":"https:\/\/www.mpppst.gob.ve\/mpppstweb\/index.php\/wp-json\/wp\/v2\/posts"}],"about":[{"href":"https:\/\/www.mpppst.gob.ve\/mpppstweb\/index.php\/wp-json\/wp\/v2\/types\/post"}],"author":[{"embeddable":true,"href":"https:\/\/www.mpppst.gob.ve\/mpppstweb\/index.php\/wp-json\/wp\/v2\/users\/25"}],"replies":[{"embeddable":true,"href":"https:\/\/www.mpppst.gob.ve\/mpppstweb\/index.php\/wp-json\/wp\/v2\/comments?post=12165"}],"version-history":[{"count":1,"href":"https:\/\/www.mpppst.gob.ve\/mpppstweb\/index.php\/wp-json\/wp\/v2\/posts\/12165\/revisions"}],"predecessor-version":[{"id":12167,"href":"https:\/\/www.mpppst.gob.ve\/mpppstweb\/index.php\/wp-json\/wp\/v2\/posts\/12165\/revisions\/12167"}],"wp:featuredmedia":[{"embeddable":true,"href":"https:\/\/www.mpppst.gob.ve\/mpppstweb\/index.php\/wp-json\/wp\/v2\/media\/12166"}],"wp:attachment":[{"href":"https:\/\/www.mpppst.gob.ve\/mpppstweb\/index.php\/wp-json\/wp\/v2\/media?parent=12165"}],"wp:term":[{"taxonomy":"category","embeddable":true,"href":"https:\/\/www.mpppst.gob.ve\/mpppstweb\/index.php\/wp-json\/wp\/v2\/categories?post=12165"},{"taxonomy":"post_tag","embeddable":true,"href":"https:\/\/www.mpppst.gob.ve\/mpppstweb\/index.php\/wp-json\/wp\/v2\/tags?post=12165"}],"curies":[{"name":"wp","href":"https:\/\/api.w.org\/{rel}","templated":true}]}}