{"id":12177,"date":"2017-07-14T21:53:41","date_gmt":"2017-07-15T01:53:41","guid":{"rendered":"http:\/\/www.mpppst.gob.ve\/mpppstweb\/?p=12177"},"modified":"2017-07-15T08:53:47","modified_gmt":"2017-07-15T12:53:47","slug":"ministro-ovalles-la-guerra-actual-es-para-matar-la-esperanza-y-con-ello-la-revolucion","status":"publish","type":"post","link":"https:\/\/www.mpppst.gob.ve\/mpppstweb\/index.php\/2017\/07\/14\/ministro-ovalles-la-guerra-actual-es-para-matar-la-esperanza-y-con-ello-la-revolucion\/","title":{"rendered":"Ministro Ovalles: \u201cLa guerra actual es para matar la esperanza y con ello la revoluci\u00f3n\u201d"},"content":{"rendered":"<p>Marbelys Mav\u00e1rez Laguna<\/p>\n<p>El Ministro del Poder Popular para el Proceso Social del Trabajo, N\u00e9stor Ovalles, en un recorrido realizado por el sector Guasimal, se\u00f1al\u00f3 que la derecha venezolana tiene el firme prop\u00f3sito de matar la esperanza del pueblo y con ello la revoluci\u00f3n.<\/p>\n<p>Tales declaraciones las ofreci\u00f3 en reuni\u00f3n con el pueblo del sector el Guasimal, en el estado Aragua, \u00a0cuando explicaba que la situaci\u00f3n actual se corresponde con una guerra multidimensional.\u00a0 En tal sentido explic\u00f3 que los fascistas han venido incorporando guarimbas en las principales v\u00edas de acceso de esta regi\u00f3n, lo que ha tra\u00eddo \u00a0como consecuencia que la distribuci\u00f3n de los Clap han sido\u00a0obstaculizados, dificultando la entrega oportuna de los alimentos.<\/p>\n<p>Finalmente, el titular de la cartera de Trabajo \u00a0invit\u00f3 a la poblaci\u00f3n para que sea el mensajero que explique \u00a0de manera pormenorizada lo que est\u00e1 ocurriendo en el pa\u00eds.<\/p>\n","protected":false},"excerpt":{"rendered":"<p>Marbelys Mav\u00e1rez Laguna El Ministro del Poder Popular para el Proceso Social del Trabajo, N\u00e9stor Ovalles, &hellip; <a title=\"Ministro Ovalles: \u201cLa guerra actual es para matar la esperanza y con ello la revoluci\u00f3n\u201d\" class=\"hm-read-more\" href=\"https:\/\/www.mpppst.gob.ve\/mpppstweb\/index.php\/2017\/07\/14\/ministro-ovalles-la-guerra-actual-es-para-matar-la-esperanza-y-con-ello-la-revolucion\/\"><span class=\"screen-reader-text\">Ministro Ovalles: \u201cLa guerra actual es para matar la esperanza y con ello la revoluci\u00f3n\u201d<\/span>Read more<\/a><\/p>\n","protected":false},"author":25,"featured_media":12178,"comment_status":"closed","ping_status":"closed","sticky":false,"template":"","format":"standard","meta":{"footnotes":""},"categories":[82,163],"tags":[],"yoast_head":"<!-- This site is optimized with the Yoast SEO plugin v22.5 - https:\/\/yoast.com\/wordpress\/plugins\/seo\/ -->\n<title>Ministro Ovalles: \u201cLa guerra actual es para matar la esperanza y con ello la revoluci\u00f3n\u201d - MPPPST<\/title>\n<meta name=\"robots\" content=\"index, follow, max-snippet:-1, max-image-preview:large, max-video-preview:-1\" \/>\n<link rel=\"canonical\" href=\"https:\/\/www.mpppst.gob.ve\/mpppstweb\/index.php\/2017\/07\/14\/ministro-ovalles-la-guerra-actual-es-para-matar-la-esperanza-y-con-ello-la-revolucion\/\" \/>\n<meta property=\"og:locale\" content=\"es_ES\" \/>\n<meta property=\"og:type\" content=\"article\" \/>\n<meta property=\"og:title\" content=\"Ministro Ovalles: \u201cLa guerra actual es para matar la esperanza y con ello la revoluci\u00f3n\u201d - MPPPST\" \/>\n<meta property=\"og:description\" content=\"Marbelys Mav\u00e1rez Laguna El Ministro del Poder Popular para el Proceso Social del Trabajo, N\u00e9stor Ovalles, &hellip; Ministro Ovalles: \u201cLa guerra actual es para matar la esperanza y con ello la revoluci\u00f3n\u201dRead more\" \/>\n<meta property=\"og:url\" content=\"https:\/\/www.mpppst.gob.ve\/mpppstweb\/index.php\/2017\/07\/14\/ministro-ovalles-la-guerra-actual-es-para-matar-la-esperanza-y-con-ello-la-revolucion\/\" \/>\n<meta property=\"og:site_name\" content=\"MPPPST\" \/>\n<meta property=\"article:published_time\" content=\"2017-07-15T01:53:41+00:00\" \/>\n<meta property=\"article:modified_time\" content=\"2017-07-15T12:53:47+00:00\" \/>\n<meta property=\"og:image\" content=\"https:\/\/www.mpppst.gob.ve\/mpppstweb\/wp-content\/uploads\/2017\/07\/47f52366-7ec3-4f86-b5df-7d8391873939.jpg\" \/>\n\t<meta property=\"og:image:width\" content=\"800\" \/>\n\t<meta property=\"og:image:height\" content=\"445\" \/>\n\t<meta property=\"og:image:type\" content=\"image\/jpeg\" \/>\n<meta name=\"author\" content=\"MPPPST Prensa\" \/>\n<meta name=\"twitter:card\" content=\"summary_large_image\" \/>\n<meta name=\"twitter:label1\" content=\"Escrito por\" \/>\n\t<meta name=\"twitter:data1\" content=\"MPPPST Prensa\" \/>\n\t<meta name=\"twitter:label2\" content=\"Tiempo de lectura\" \/>\n\t<meta name=\"twitter:data2\" content=\"1 minuto\" \/>\n<script type=\"application\/ld+json\" class=\"yoast-schema-graph\">{\"@context\":\"https:\/\/schema.org\",\"@graph\":[{\"@type\":\"Article\",\"@id\":\"https:\/\/www.mpppst.gob.ve\/mpppstweb\/index.php\/2017\/07\/14\/ministro-ovalles-la-guerra-actual-es-para-matar-la-esperanza-y-con-ello-la-revolucion\/#article\",\"isPartOf\":{\"@id\":\"https:\/\/www.mpppst.gob.ve\/mpppstweb\/index.php\/2017\/07\/14\/ministro-ovalles-la-guerra-actual-es-para-matar-la-esperanza-y-con-ello-la-revolucion\/\"},\"author\":{\"name\":\"MPPPST Prensa\",\"@id\":\"https:\/\/www.mpppst.gob.ve\/mpppstweb\/#\/schema\/person\/fc187ee8ead412bd4c9304b62f900ea4\"},\"headline\":\"Ministro Ovalles: \u201cLa guerra actual es para matar la esperanza y con ello la revoluci\u00f3n\u201d\",\"datePublished\":\"2017-07-15T01:53:41+00:00\",\"dateModified\":\"2017-07-15T12:53:47+00:00\",\"mainEntityOfPage\":{\"@id\":\"https:\/\/www.mpppst.gob.ve\/mpppstweb\/index.php\/2017\/07\/14\/ministro-ovalles-la-guerra-actual-es-para-matar-la-esperanza-y-con-ello-la-revolucion\/\"},\"wordCount\":173,\"publisher\":{\"@id\":\"https:\/\/www.mpppst.gob.ve\/mpppstweb\/#organization\"},\"image\":{\"@id\":\"https:\/\/www.mpppst.gob.ve\/mpppstweb\/index.php\/2017\/07\/14\/ministro-ovalles-la-guerra-actual-es-para-matar-la-esperanza-y-con-ello-la-revolucion\/#primaryimage\"},\"thumbnailUrl\":\"https:\/\/www.mpppst.gob.ve\/mpppstweb\/wp-content\/uploads\/2017\/07\/47f52366-7ec3-4f86-b5df-7d8391873939.jpg\",\"articleSection\":[\"Gobierno Nacional\",\"Noticias\"],\"inLanguage\":\"es\"},{\"@type\":\"WebPage\",\"@id\":\"https:\/\/www.mpppst.gob.ve\/mpppstweb\/index.php\/2017\/07\/14\/ministro-ovalles-la-guerra-actual-es-para-matar-la-esperanza-y-con-ello-la-revolucion\/\",\"url\":\"https:\/\/www.mpppst.gob.ve\/mpppstweb\/index.php\/2017\/07\/14\/ministro-ovalles-la-guerra-actual-es-para-matar-la-esperanza-y-con-ello-la-revolucion\/\",\"name\":\"Ministro Ovalles: \u201cLa guerra actual es para matar la esperanza y con ello la revoluci\u00f3n\u201d - MPPPST\",\"isPartOf\":{\"@id\":\"https:\/\/www.mpppst.gob.ve\/mpppstweb\/#website\"},\"primaryImageOfPage\":{\"@id\":\"https:\/\/www.mpppst.gob.ve\/mpppstweb\/index.php\/2017\/07\/14\/ministro-ovalles-la-guerra-actual-es-para-matar-la-esperanza-y-con-ello-la-revolucion\/#primaryimage\"},\"image\":{\"@id\":\"https:\/\/www.mpppst.gob.ve\/mpppstweb\/index.php\/2017\/07\/14\/ministro-ovalles-la-guerra-actual-es-para-matar-la-esperanza-y-con-ello-la-revolucion\/#primaryimage\"},\"thumbnailUrl\":\"https:\/\/www.mpppst.gob.ve\/mpppstweb\/wp-content\/uploads\/2017\/07\/47f52366-7ec3-4f86-b5df-7d8391873939.jpg\",\"datePublished\":\"2017-07-15T01:53:41+00:00\",\"dateModified\":\"2017-07-15T12:53:47+00:00\",\"breadcrumb\":{\"@id\":\"https:\/\/www.mpppst.gob.ve\/mpppstweb\/index.php\/2017\/07\/14\/ministro-ovalles-la-guerra-actual-es-para-matar-la-esperanza-y-con-ello-la-revolucion\/#breadcrumb\"},\"inLanguage\":\"es\",\"potentialAction\":[{\"@type\":\"ReadAction\",\"target\":[\"https:\/\/www.mpppst.gob.ve\/mpppstweb\/index.php\/2017\/07\/14\/ministro-ovalles-la-guerra-actual-es-para-matar-la-esperanza-y-con-ello-la-revolucion\/\"]}]},{\"@type\":\"ImageObject\",\"inLanguage\":\"es\",\"@id\":\"https:\/\/www.mpppst.gob.ve\/mpppstweb\/index.php\/2017\/07\/14\/ministro-ovalles-la-guerra-actual-es-para-matar-la-esperanza-y-con-ello-la-revolucion\/#primaryimage\",\"url\":\"https:\/\/www.mpppst.gob.ve\/mpppstweb\/wp-content\/uploads\/2017\/07\/47f52366-7ec3-4f86-b5df-7d8391873939.jpg\",\"contentUrl\":\"https:\/\/www.mpppst.gob.ve\/mpppstweb\/wp-content\/uploads\/2017\/07\/47f52366-7ec3-4f86-b5df-7d8391873939.jpg\",\"width\":800,\"height\":445},{\"@type\":\"BreadcrumbList\",\"@id\":\"https:\/\/www.mpppst.gob.ve\/mpppstweb\/index.php\/2017\/07\/14\/ministro-ovalles-la-guerra-actual-es-para-matar-la-esperanza-y-con-ello-la-revolucion\/#breadcrumb\",\"itemListElement\":[{\"@type\":\"ListItem\",\"position\":1,\"name\":\"Home\",\"item\":\"https:\/\/www.mpppst.gob.ve\/mpppstweb\/\"},{\"@type\":\"ListItem\",\"position\":2,\"name\":\"Ministro Ovalles: \u201cLa guerra actual es para matar la esperanza y con ello la revoluci\u00f3n\u201d\"}]},{\"@type\":\"WebSite\",\"@id\":\"https:\/\/www.mpppst.gob.ve\/mpppstweb\/#website\",\"url\":\"https:\/\/www.mpppst.gob.ve\/mpppstweb\/\",\"name\":\"MPPPST\",\"description\":\"Ministerio del Poder Popular para el Proceso Social de Trabajo\",\"publisher\":{\"@id\":\"https:\/\/www.mpppst.gob.ve\/mpppstweb\/#organization\"},\"potentialAction\":[{\"@type\":\"SearchAction\",\"target\":{\"@type\":\"EntryPoint\",\"urlTemplate\":\"https:\/\/www.mpppst.gob.ve\/mpppstweb\/?s={search_term_string}\"},\"query-input\":\"required name=search_term_string\"}],\"inLanguage\":\"es\"},{\"@type\":\"Organization\",\"@id\":\"https:\/\/www.mpppst.gob.ve\/mpppstweb\/#organization\",\"name\":\"mpppst\",\"url\":\"https:\/\/www.mpppst.gob.ve\/mpppstweb\/\",\"logo\":{\"@type\":\"ImageObject\",\"inLanguage\":\"es\",\"@id\":\"https:\/\/www.mpppst.gob.ve\/mpppstweb\/#\/schema\/logo\/image\/\",\"url\":\"https:\/\/www.mpppst.gob.ve\/mpppstweb\/wp-content\/uploads\/2025\/07\/cropped-cropped-g910.png\",\"contentUrl\":\"https:\/\/www.mpppst.gob.ve\/mpppstweb\/wp-content\/uploads\/2025\/07\/cropped-cropped-g910.png\",\"width\":1080,\"height\":241,\"caption\":\"mpppst\"},\"image\":{\"@id\":\"https:\/\/www.mpppst.gob.ve\/mpppstweb\/#\/schema\/logo\/image\/\"}},{\"@type\":\"Person\",\"@id\":\"https:\/\/www.mpppst.gob.ve\/mpppstweb\/#\/schema\/person\/fc187ee8ead412bd4c9304b62f900ea4\",\"name\":\"MPPPST Prensa\",\"url\":\"https:\/\/www.mpppst.gob.ve\/mpppstweb\/index.php\/author\/prensa-mpppst\/\"}]}<\/script>\n<!-- \/ Yoast SEO plugin. -->","yoast_head_json":{"title":"Ministro Ovalles: \u201cLa guerra actual es para matar la esperanza y con ello la revoluci\u00f3n\u201d - MPPPST","robots":{"index":"index","follow":"follow","max-snippet":"max-snippet:-1","max-image-preview":"max-image-preview:large","max-video-preview":"max-video-preview:-1"},"canonical":"https:\/\/www.mpppst.gob.ve\/mpppstweb\/index.php\/2017\/07\/14\/ministro-ovalles-la-guerra-actual-es-para-matar-la-esperanza-y-con-ello-la-revolucion\/","og_locale":"es_ES","og_type":"article","og_title":"Ministro Ovalles: \u201cLa guerra actual es para matar la esperanza y con ello la revoluci\u00f3n\u201d - MPPPST","og_description":"Marbelys Mav\u00e1rez Laguna El Ministro del Poder Popular para el Proceso Social del Trabajo, N\u00e9stor Ovalles, &hellip; Ministro Ovalles: \u201cLa guerra actual es para matar la esperanza y con ello la revoluci\u00f3n\u201dRead more","og_url":"https:\/\/www.mpppst.gob.ve\/mpppstweb\/index.php\/2017\/07\/14\/ministro-ovalles-la-guerra-actual-es-para-matar-la-esperanza-y-con-ello-la-revolucion\/","og_site_name":"MPPPST","article_published_time":"2017-07-15T01:53:41+00:00","article_modified_time":"2017-07-15T12:53:47+00:00","og_image":[{"width":800,"height":445,"url":"https:\/\/www.mpppst.gob.ve\/mpppstweb\/wp-content\/uploads\/2017\/07\/47f52366-7ec3-4f86-b5df-7d8391873939.jpg","type":"image\/jpeg"}],"author":"MPPPST Prensa","twitter_card":"summary_large_image","twitter_misc":{"Escrito por":"MPPPST Prensa","Tiempo de lectura":"1 minuto"},"schema":{"@context":"https:\/\/schema.org","@graph":[{"@type":"Article","@id":"https:\/\/www.mpppst.gob.ve\/mpppstweb\/index.php\/2017\/07\/14\/ministro-ovalles-la-guerra-actual-es-para-matar-la-esperanza-y-con-ello-la-revolucion\/#article","isPartOf":{"@id":"https:\/\/www.mpppst.gob.ve\/mpppstweb\/index.php\/2017\/07\/14\/ministro-ovalles-la-guerra-actual-es-para-matar-la-esperanza-y-con-ello-la-revolucion\/"},"author":{"name":"MPPPST Prensa","@id":"https:\/\/www.mpppst.gob.ve\/mpppstweb\/#\/schema\/person\/fc187ee8ead412bd4c9304b62f900ea4"},"headline":"Ministro Ovalles: \u201cLa guerra actual es para matar la esperanza y con ello la revoluci\u00f3n\u201d","datePublished":"2017-07-15T01:53:41+00:00","dateModified":"2017-07-15T12:53:47+00:00","mainEntityOfPage":{"@id":"https:\/\/www.mpppst.gob.ve\/mpppstweb\/index.php\/2017\/07\/14\/ministro-ovalles-la-guerra-actual-es-para-matar-la-esperanza-y-con-ello-la-revolucion\/"},"wordCount":173,"publisher":{"@id":"https:\/\/www.mpppst.gob.ve\/mpppstweb\/#organization"},"image":{"@id":"https:\/\/www.mpppst.gob.ve\/mpppstweb\/index.php\/2017\/07\/14\/ministro-ovalles-la-guerra-actual-es-para-matar-la-esperanza-y-con-ello-la-revolucion\/#primaryimage"},"thumbnailUrl":"https:\/\/www.mpppst.gob.ve\/mpppstweb\/wp-content\/uploads\/2017\/07\/47f52366-7ec3-4f86-b5df-7d8391873939.jpg","articleSection":["Gobierno Nacional","Noticias"],"inLanguage":"es"},{"@type":"WebPage","@id":"https:\/\/www.mpppst.gob.ve\/mpppstweb\/index.php\/2017\/07\/14\/ministro-ovalles-la-guerra-actual-es-para-matar-la-esperanza-y-con-ello-la-revolucion\/","url":"https:\/\/www.mpppst.gob.ve\/mpppstweb\/index.php\/2017\/07\/14\/ministro-ovalles-la-guerra-actual-es-para-matar-la-esperanza-y-con-ello-la-revolucion\/","name":"Ministro Ovalles: \u201cLa guerra actual es para matar la esperanza y con ello la revoluci\u00f3n\u201d - MPPPST","isPartOf":{"@id":"https:\/\/www.mpppst.gob.ve\/mpppstweb\/#website"},"primaryImageOfPage":{"@id":"https:\/\/www.mpppst.gob.ve\/mpppstweb\/index.php\/2017\/07\/14\/ministro-ovalles-la-guerra-actual-es-para-matar-la-esperanza-y-con-ello-la-revolucion\/#primaryimage"},"image":{"@id":"https:\/\/www.mpppst.gob.ve\/mpppstweb\/index.php\/2017\/07\/14\/ministro-ovalles-la-guerra-actual-es-para-matar-la-esperanza-y-con-ello-la-revolucion\/#primaryimage"},"thumbnailUrl":"https:\/\/www.mpppst.gob.ve\/mpppstweb\/wp-content\/uploads\/2017\/07\/47f52366-7ec3-4f86-b5df-7d8391873939.jpg","datePublished":"2017-07-15T01:53:41+00:00","dateModified":"2017-07-15T12:53:47+00:00","breadcrumb":{"@id":"https:\/\/www.mpppst.gob.ve\/mpppstweb\/index.php\/2017\/07\/14\/ministro-ovalles-la-guerra-actual-es-para-matar-la-esperanza-y-con-ello-la-revolucion\/#breadcrumb"},"inLanguage":"es","potentialAction":[{"@type":"ReadAction","target":["https:\/\/www.mpppst.gob.ve\/mpppstweb\/index.php\/2017\/07\/14\/ministro-ovalles-la-guerra-actual-es-para-matar-la-esperanza-y-con-ello-la-revolucion\/"]}]},{"@type":"ImageObject","inLanguage":"es","@id":"https:\/\/www.mpppst.gob.ve\/mpppstweb\/index.php\/2017\/07\/14\/ministro-ovalles-la-guerra-actual-es-para-matar-la-esperanza-y-con-ello-la-revolucion\/#primaryimage","url":"https:\/\/www.mpppst.gob.ve\/mpppstweb\/wp-content\/uploads\/2017\/07\/47f52366-7ec3-4f86-b5df-7d8391873939.jpg","contentUrl":"https:\/\/www.mpppst.gob.ve\/mpppstweb\/wp-content\/uploads\/2017\/07\/47f52366-7ec3-4f86-b5df-7d8391873939.jpg","width":800,"height":445},{"@type":"BreadcrumbList","@id":"https:\/\/www.mpppst.gob.ve\/mpppstweb\/index.php\/2017\/07\/14\/ministro-ovalles-la-guerra-actual-es-para-matar-la-esperanza-y-con-ello-la-revolucion\/#breadcrumb","itemListElement":[{"@type":"ListItem","position":1,"name":"Home","item":"https:\/\/www.mpppst.gob.ve\/mpppstweb\/"},{"@type":"ListItem","position":2,"name":"Ministro Ovalles: \u201cLa guerra actual es para matar la esperanza y con ello la revoluci\u00f3n\u201d"}]},{"@type":"WebSite","@id":"https:\/\/www.mpppst.gob.ve\/mpppstweb\/#website","url":"https:\/\/www.mpppst.gob.ve\/mpppstweb\/","name":"MPPPST","description":"Ministerio del Poder Popular para el Proceso Social de Trabajo","publisher":{"@id":"https:\/\/www.mpppst.gob.ve\/mpppstweb\/#organization"},"potentialAction":[{"@type":"SearchAction","target":{"@type":"EntryPoint","urlTemplate":"https:\/\/www.mpppst.gob.ve\/mpppstweb\/?s={search_term_string}"},"query-input":"required name=search_term_string"}],"inLanguage":"es"},{"@type":"Organization","@id":"https:\/\/www.mpppst.gob.ve\/mpppstweb\/#organization","name":"mpppst","url":"https:\/\/www.mpppst.gob.ve\/mpppstweb\/","logo":{"@type":"ImageObject","inLanguage":"es","@id":"https:\/\/www.mpppst.gob.ve\/mpppstweb\/#\/schema\/logo\/image\/","url":"https:\/\/www.mpppst.gob.ve\/mpppstweb\/wp-content\/uploads\/2025\/07\/cropped-cropped-g910.png","contentUrl":"https:\/\/www.mpppst.gob.ve\/mpppstweb\/wp-content\/uploads\/2025\/07\/cropped-cropped-g910.png","width":1080,"height":241,"caption":"mpppst"},"image":{"@id":"https:\/\/www.mpppst.gob.ve\/mpppstweb\/#\/schema\/logo\/image\/"}},{"@type":"Person","@id":"https:\/\/www.mpppst.gob.ve\/mpppstweb\/#\/schema\/person\/fc187ee8ead412bd4c9304b62f900ea4","name":"MPPPST Prensa","url":"https:\/\/www.mpppst.gob.ve\/mpppstweb\/index.php\/author\/prensa-mpppst\/"}]}},"_links":{"self":[{"href":"https:\/\/www.mpppst.gob.ve\/mpppstweb\/index.php\/wp-json\/wp\/v2\/posts\/12177"}],"collection":[{"href":"https:\/\/www.mpppst.gob.ve\/mpppstweb\/index.php\/wp-json\/wp\/v2\/posts"}],"about":[{"href":"https:\/\/www.mpppst.gob.ve\/mpppstweb\/index.php\/wp-json\/wp\/v2\/types\/post"}],"author":[{"embeddable":true,"href":"https:\/\/www.mpppst.gob.ve\/mpppstweb\/index.php\/wp-json\/wp\/v2\/users\/25"}],"replies":[{"embeddable":true,"href":"https:\/\/www.mpppst.gob.ve\/mpppstweb\/index.php\/wp-json\/wp\/v2\/comments?post=12177"}],"version-history":[{"count":3,"href":"https:\/\/www.mpppst.gob.ve\/mpppstweb\/index.php\/wp-json\/wp\/v2\/posts\/12177\/revisions"}],"predecessor-version":[{"id":12181,"href":"https:\/\/www.mpppst.gob.ve\/mpppstweb\/index.php\/wp-json\/wp\/v2\/posts\/12177\/revisions\/12181"}],"wp:featuredmedia":[{"embeddable":true,"href":"https:\/\/www.mpppst.gob.ve\/mpppstweb\/index.php\/wp-json\/wp\/v2\/media\/12178"}],"wp:attachment":[{"href":"https:\/\/www.mpppst.gob.ve\/mpppstweb\/index.php\/wp-json\/wp\/v2\/media?parent=12177"}],"wp:term":[{"taxonomy":"category","embeddable":true,"href":"https:\/\/www.mpppst.gob.ve\/mpppstweb\/index.php\/wp-json\/wp\/v2\/categories?post=12177"},{"taxonomy":"post_tag","embeddable":true,"href":"https:\/\/www.mpppst.gob.ve\/mpppstweb\/index.php\/wp-json\/wp\/v2\/tags?post=12177"}],"curies":[{"name":"wp","href":"https:\/\/api.w.org\/{rel}","templated":true}]}}