{"id":12198,"date":"2017-07-17T09:58:47","date_gmt":"2017-07-17T13:58:47","guid":{"rendered":"http:\/\/www.mpppst.gob.ve\/mpppstweb\/?p=12198"},"modified":"2017-07-17T09:58:47","modified_gmt":"2017-07-17T13:58:47","slug":"tibisay-lucena-el-30-de-julio-venezuela-va-a-ir-a-votar-en-paz","status":"publish","type":"post","link":"https:\/\/www.mpppst.gob.ve\/mpppstweb\/index.php\/2017\/07\/17\/tibisay-lucena-el-30-de-julio-venezuela-va-a-ir-a-votar-en-paz\/","title":{"rendered":"Tibisay Lucena: El 30 de julio Venezuela va a ir a votar en paz"},"content":{"rendered":"<p>AVN.- El proceso de ensayo electoral realizado este domingo, de cara a los comicios para la Asamblea Nacional Constituyente (ANC), evidencia el talante de la poblaci\u00f3n electoral del pa\u00eds, que acudir\u00e1 en paz a la jornada del 30 de julio, expres\u00f3 la presidenta del Consejo Nacional Electoral (CNE), Tibisay Lucena.<\/p>\n<p>\u00abNo me sorprende que el pa\u00eds est\u00e9 participando en sus actividades pol\u00edticas en gran tranquilidad, porque eso es lo que somos. El 30 de julio Venezuela va a ir a votar en paz\u00bb, expres\u00f3, en transmisi\u00f3n de Telesur.<\/p>\n<p>Luego de participar en el ensayo nacional, Lucena inform\u00f3 que la plataforma electoral ha funcionado con total normalidad, y se han verificado los procesos internos y log\u00edsticos del proceso comicial durante la jornada.<\/p>\n<p>\u00abLa plataforma electoral ha estado funcionando muy bien, la participaci\u00f3n ha estado bien. Este ensayo para nosotros (Poder Electoral) sirve para probar procesos internos y de log\u00edstica, y para el pueblo de Venezuela sirve para familiarizarse con sistema que se implementar\u00e1 el pr\u00f3ximo 30 de julio\u00bb, indic\u00f3.<\/p>\n<p>Respecto al \u00abplebiscito\u00bb convocado al margen de la ley por la autodenominada Mesa de la Unidad (MUD), la rectora indic\u00f3 que esto es \u00abun ejercicio pol\u00edtico sin consecuencias jur\u00eddicas\u00bb, y record\u00f3 que el proceso de convocatoria a referendo revocatorio -que s\u00ed est\u00e1 establecido en la constituci\u00f3n- que llev\u00f3 adelante la derecha en 2016, fue anulado por decisi\u00f3n de la propia dirigencia opositora.<\/p>\n<p>\u00abEllos (la MUD) hicieron una solicitud, la tuvieron que hacer cuatro veces, las atendimos inmediatamente, y se comenz\u00f3 el proceso de solicitud (de referendo). Luego hubo una serie de delitos y fraudes en la recolecci\u00f3n de las manifestaciones de voluntad que nosotros (CNE) definimos y pasamos al Ministerio P\u00fablico, y se hicieron demandas ante los tribunales competentes, y nosotros continuamos con el proceso hasta que un tribunal nos orden\u00f3 suspender, y as\u00ed lo hicimos, por la existencia de 680.000 manifestaciones de voluntad que se hicieron en fraude a la ley\u00bb, detall\u00f3.<\/p>\n<p>Asimismo Lucena ratific\u00f3 que s\u00f3lo los partidos y organizaciones pol\u00edticas que pasaron de forma satisfactoria el proceso de renovaci\u00f3n de las n\u00f3minas para su validaci\u00f3n, podr\u00e1n participar en las pr\u00f3ximas elecciones regionales del 10 de diciembre.<\/p>\n<p>\u00abEn relaci\u00f3n con las elecciones convocadas para diciembre, debemos recordar que algunas organizaciones con fines pol\u00edticos no participaron en diferentes procesos electorales, y las que lo hicieron no alcanzaron el 1% de los votos. Existe una Ley (de partidos pol\u00edticos), que es de 1964, que establece que los partidos que caen en estos dos criterios deben atravesar un proceso de validaci\u00f3n de sus organizaciones. 61 organizaciones, en los meses de marzo abril y mayo estuvieron participando en la validaci\u00f3n y recolecci\u00f3n de firmas en respaldo a sus organizaciones. Aquellas que alcancen el n\u00famero conforme a la ley pueden participar en las elecciones regionales, las que no, quedan en estatus de ilegalidad autom\u00e1ticamente\u00bb, explic\u00f3.<\/p>\n<p><strong>Sencillo y r\u00e1pido<\/strong><\/p>\n<p>Lucena destac\u00f3 que el ensayo ha constatado que el proceso para elegir a los integrantes de la ANC el pr\u00f3ximo 30 de julio es muy sencillo y r\u00e1pido.<\/p>\n<p>\u00abHemos observado que el tiempo promedio es de 16 segundos frente a la m\u00e1quina de votaci\u00f3n, porque es una manera muy sencilla de votar, en la herradura, el tiempo de votaci\u00f3n es de menos de un minuto\u00bb, precis\u00f3 desde el Liceo Andr\u00e9s Bello, en Caracas, donde evalu\u00f3 el desarrollo de la jornada.<\/p>\n<p>Refiri\u00f3 que para esta jornada el \u00f3rgano rector ha activado en el pa\u00eds 496 centros de votaci\u00f3n en todos los municipios. En las jurisdicciones capitales, estos puntos cuentan con la herradura completa para que los electores puedan realizar su ejercicio en la totalidad de las etapas del proceso comicial, mientras que en los otros casos est\u00e1n dispuestas las m\u00e1quinas electorales para practicar el sufragio directamente.<\/p>\n<p>\u00abEstamos certificando la funcionalidad de la m\u00e1quina de votaci\u00f3n\u00bb, indic\u00f3 la rectora, quien record\u00f3 que se han activado 1.942 mesas electorales con el mismo n\u00famero de operadores, 496 coordinadores de centros de votaci\u00f3n, 345 coordinadores municipales, aparte del Centro Nacional de Soporte y los centros de atenci\u00f3n regional.<\/p>\n<p>Lucena expres\u00f3 que en esta jornada igualmente se est\u00e1n probando los mecanismos de coordinaci\u00f3n log\u00edstica entre los entes que participan en los procesos electorales, para ajustar detalles que hagan m\u00e1s eficiente la votaci\u00f3n el 30 de julio.<\/p>\n<p>La rectora tambi\u00e9n indic\u00f3 que est\u00e1n revisando otras medidas a adoptar el 30 de julio, que se sumar\u00e1n a la declaratoria de los centros de votaci\u00f3n como zonas de seguridad, la ampliaci\u00f3n del per\u00edmetro de resguardo a 500 metros y la toma de los recintos desde el 23 de julio pr\u00f3ximo.<\/p>\n<p><strong>Observaci\u00f3n nacional<\/strong><\/p>\n<p>Adem\u00e1s del acostumbrado acompa\u00f1amiento internacional, el evento electoral de la ANC contar\u00e1 con observadores nacionales.<\/p>\n<p>Lucena explic\u00f3 que la decisi\u00f3n se basa en la caracter\u00edstica novedosa de estos comicios, referente a la participaci\u00f3n masiva de diversos sectores de la sociedad. \u00abEstamos llamando a diferentes sectores para que ellos se organicen para la observaci\u00f3n nacional, ser\u00e1 algo adicional\u00bb que resaltar\u00e1 a\u00fan m\u00e1s la transparencia del proceso.<\/p>\n<p>Precis\u00f3 que el plebiscito convocado por la oposici\u00f3n venezolana, es una actividad pol\u00edtica que no tendr\u00e1 relevancia jur\u00eddica.<\/p>\n<p>\u00abEspero que no se generen expectativas con los resultados de esa consulta electoral, que no generen hechos de violencia, que est\u00e9n claros de que ese proceso no tiene validez, ellos pueden preguntarse lo que quieran, pero que no se confundan con la valoraci\u00f3n de esta actividad\u00bb, refiri\u00f3.<\/p>\n<p>Lucena record\u00f3 que la elecci\u00f3n de los 8 candidatos a la ANC por los pueblos ind\u00edgenas se har\u00e1 para el 1\u00ba de agosto.<\/p>\n<p>&nbsp;<\/p>\n","protected":false},"excerpt":{"rendered":"<p>AVN.- El proceso de ensayo electoral realizado este domingo, de cara a los comicios para la &hellip; <a title=\"Tibisay Lucena: El 30 de julio Venezuela va a ir a votar en paz\" class=\"hm-read-more\" href=\"https:\/\/www.mpppst.gob.ve\/mpppstweb\/index.php\/2017\/07\/17\/tibisay-lucena-el-30-de-julio-venezuela-va-a-ir-a-votar-en-paz\/\"><span class=\"screen-reader-text\">Tibisay Lucena: El 30 de julio Venezuela va a ir a votar en paz<\/span>Read more<\/a><\/p>\n","protected":false},"author":25,"featured_media":12199,"comment_status":"closed","ping_status":"closed","sticky":false,"template":"","format":"standard","meta":{"footnotes":""},"categories":[395,82,163],"tags":[],"yoast_head":"<!-- This site is optimized with the Yoast SEO plugin v22.5 - https:\/\/yoast.com\/wordpress\/plugins\/seo\/ -->\n<title>Tibisay Lucena: El 30 de julio Venezuela va a ir a votar en paz - MPPPST<\/title>\n<meta name=\"robots\" content=\"index, follow, max-snippet:-1, max-image-preview:large, max-video-preview:-1\" \/>\n<link rel=\"canonical\" href=\"https:\/\/www.mpppst.gob.ve\/mpppstweb\/index.php\/2017\/07\/17\/tibisay-lucena-el-30-de-julio-venezuela-va-a-ir-a-votar-en-paz\/\" \/>\n<meta property=\"og:locale\" content=\"es_ES\" \/>\n<meta property=\"og:type\" content=\"article\" \/>\n<meta property=\"og:title\" content=\"Tibisay Lucena: El 30 de julio Venezuela va a ir a votar en paz - MPPPST\" \/>\n<meta property=\"og:description\" content=\"AVN.- El proceso de ensayo electoral realizado este domingo, de cara a los comicios para la &hellip; Tibisay Lucena: El 30 de julio Venezuela va a ir a votar en pazRead more\" \/>\n<meta property=\"og:url\" content=\"https:\/\/www.mpppst.gob.ve\/mpppstweb\/index.php\/2017\/07\/17\/tibisay-lucena-el-30-de-julio-venezuela-va-a-ir-a-votar-en-paz\/\" \/>\n<meta property=\"og:site_name\" content=\"MPPPST\" \/>\n<meta property=\"article:published_time\" content=\"2017-07-17T13:58:47+00:00\" \/>\n<meta property=\"og:image\" content=\"https:\/\/www.mpppst.gob.ve\/mpppstweb\/wp-content\/uploads\/2017\/07\/mg_56531500226301.jpg\" \/>\n\t<meta property=\"og:image:width\" content=\"800\" \/>\n\t<meta property=\"og:image:height\" content=\"445\" \/>\n\t<meta property=\"og:image:type\" content=\"image\/jpeg\" \/>\n<meta name=\"author\" content=\"MPPPST Prensa\" \/>\n<meta name=\"twitter:card\" content=\"summary_large_image\" \/>\n<meta name=\"twitter:label1\" content=\"Escrito por\" \/>\n\t<meta name=\"twitter:data1\" content=\"MPPPST Prensa\" \/>\n\t<meta name=\"twitter:label2\" content=\"Tiempo de lectura\" \/>\n\t<meta name=\"twitter:data2\" content=\"5 minutos\" \/>\n<script type=\"application\/ld+json\" class=\"yoast-schema-graph\">{\"@context\":\"https:\/\/schema.org\",\"@graph\":[{\"@type\":\"Article\",\"@id\":\"https:\/\/www.mpppst.gob.ve\/mpppstweb\/index.php\/2017\/07\/17\/tibisay-lucena-el-30-de-julio-venezuela-va-a-ir-a-votar-en-paz\/#article\",\"isPartOf\":{\"@id\":\"https:\/\/www.mpppst.gob.ve\/mpppstweb\/index.php\/2017\/07\/17\/tibisay-lucena-el-30-de-julio-venezuela-va-a-ir-a-votar-en-paz\/\"},\"author\":{\"name\":\"MPPPST Prensa\",\"@id\":\"https:\/\/www.mpppst.gob.ve\/mpppstweb\/#\/schema\/person\/fc187ee8ead412bd4c9304b62f900ea4\"},\"headline\":\"Tibisay Lucena: El 30 de julio Venezuela va a ir a votar en paz\",\"datePublished\":\"2017-07-17T13:58:47+00:00\",\"dateModified\":\"2017-07-17T13:58:47+00:00\",\"mainEntityOfPage\":{\"@id\":\"https:\/\/www.mpppst.gob.ve\/mpppstweb\/index.php\/2017\/07\/17\/tibisay-lucena-el-30-de-julio-venezuela-va-a-ir-a-votar-en-paz\/\"},\"wordCount\":977,\"publisher\":{\"@id\":\"https:\/\/www.mpppst.gob.ve\/mpppstweb\/#organization\"},\"image\":{\"@id\":\"https:\/\/www.mpppst.gob.ve\/mpppstweb\/index.php\/2017\/07\/17\/tibisay-lucena-el-30-de-julio-venezuela-va-a-ir-a-votar-en-paz\/#primaryimage\"},\"thumbnailUrl\":\"https:\/\/www.mpppst.gob.ve\/mpppstweb\/wp-content\/uploads\/2017\/07\/mg_56531500226301.jpg\",\"articleSection\":[\"CNE\",\"Gobierno Nacional\",\"Noticias\"],\"inLanguage\":\"es\"},{\"@type\":\"WebPage\",\"@id\":\"https:\/\/www.mpppst.gob.ve\/mpppstweb\/index.php\/2017\/07\/17\/tibisay-lucena-el-30-de-julio-venezuela-va-a-ir-a-votar-en-paz\/\",\"url\":\"https:\/\/www.mpppst.gob.ve\/mpppstweb\/index.php\/2017\/07\/17\/tibisay-lucena-el-30-de-julio-venezuela-va-a-ir-a-votar-en-paz\/\",\"name\":\"Tibisay Lucena: El 30 de julio Venezuela va a ir a votar en paz - MPPPST\",\"isPartOf\":{\"@id\":\"https:\/\/www.mpppst.gob.ve\/mpppstweb\/#website\"},\"primaryImageOfPage\":{\"@id\":\"https:\/\/www.mpppst.gob.ve\/mpppstweb\/index.php\/2017\/07\/17\/tibisay-lucena-el-30-de-julio-venezuela-va-a-ir-a-votar-en-paz\/#primaryimage\"},\"image\":{\"@id\":\"https:\/\/www.mpppst.gob.ve\/mpppstweb\/index.php\/2017\/07\/17\/tibisay-lucena-el-30-de-julio-venezuela-va-a-ir-a-votar-en-paz\/#primaryimage\"},\"thumbnailUrl\":\"https:\/\/www.mpppst.gob.ve\/mpppstweb\/wp-content\/uploads\/2017\/07\/mg_56531500226301.jpg\",\"datePublished\":\"2017-07-17T13:58:47+00:00\",\"dateModified\":\"2017-07-17T13:58:47+00:00\",\"breadcrumb\":{\"@id\":\"https:\/\/www.mpppst.gob.ve\/mpppstweb\/index.php\/2017\/07\/17\/tibisay-lucena-el-30-de-julio-venezuela-va-a-ir-a-votar-en-paz\/#breadcrumb\"},\"inLanguage\":\"es\",\"potentialAction\":[{\"@type\":\"ReadAction\",\"target\":[\"https:\/\/www.mpppst.gob.ve\/mpppstweb\/index.php\/2017\/07\/17\/tibisay-lucena-el-30-de-julio-venezuela-va-a-ir-a-votar-en-paz\/\"]}]},{\"@type\":\"ImageObject\",\"inLanguage\":\"es\",\"@id\":\"https:\/\/www.mpppst.gob.ve\/mpppstweb\/index.php\/2017\/07\/17\/tibisay-lucena-el-30-de-julio-venezuela-va-a-ir-a-votar-en-paz\/#primaryimage\",\"url\":\"https:\/\/www.mpppst.gob.ve\/mpppstweb\/wp-content\/uploads\/2017\/07\/mg_56531500226301.jpg\",\"contentUrl\":\"https:\/\/www.mpppst.gob.ve\/mpppstweb\/wp-content\/uploads\/2017\/07\/mg_56531500226301.jpg\",\"width\":800,\"height\":445},{\"@type\":\"BreadcrumbList\",\"@id\":\"https:\/\/www.mpppst.gob.ve\/mpppstweb\/index.php\/2017\/07\/17\/tibisay-lucena-el-30-de-julio-venezuela-va-a-ir-a-votar-en-paz\/#breadcrumb\",\"itemListElement\":[{\"@type\":\"ListItem\",\"position\":1,\"name\":\"Home\",\"item\":\"https:\/\/www.mpppst.gob.ve\/mpppstweb\/\"},{\"@type\":\"ListItem\",\"position\":2,\"name\":\"Tibisay Lucena: El 30 de julio Venezuela va a ir a votar en paz\"}]},{\"@type\":\"WebSite\",\"@id\":\"https:\/\/www.mpppst.gob.ve\/mpppstweb\/#website\",\"url\":\"https:\/\/www.mpppst.gob.ve\/mpppstweb\/\",\"name\":\"MPPPST\",\"description\":\"Ministerio del Poder Popular para el Proceso Social de Trabajo\",\"publisher\":{\"@id\":\"https:\/\/www.mpppst.gob.ve\/mpppstweb\/#organization\"},\"potentialAction\":[{\"@type\":\"SearchAction\",\"target\":{\"@type\":\"EntryPoint\",\"urlTemplate\":\"https:\/\/www.mpppst.gob.ve\/mpppstweb\/?s={search_term_string}\"},\"query-input\":\"required name=search_term_string\"}],\"inLanguage\":\"es\"},{\"@type\":\"Organization\",\"@id\":\"https:\/\/www.mpppst.gob.ve\/mpppstweb\/#organization\",\"name\":\"mpppst\",\"url\":\"https:\/\/www.mpppst.gob.ve\/mpppstweb\/\",\"logo\":{\"@type\":\"ImageObject\",\"inLanguage\":\"es\",\"@id\":\"https:\/\/www.mpppst.gob.ve\/mpppstweb\/#\/schema\/logo\/image\/\",\"url\":\"https:\/\/www.mpppst.gob.ve\/mpppstweb\/wp-content\/uploads\/2025\/07\/cropped-cropped-g910.png\",\"contentUrl\":\"https:\/\/www.mpppst.gob.ve\/mpppstweb\/wp-content\/uploads\/2025\/07\/cropped-cropped-g910.png\",\"width\":1080,\"height\":241,\"caption\":\"mpppst\"},\"image\":{\"@id\":\"https:\/\/www.mpppst.gob.ve\/mpppstweb\/#\/schema\/logo\/image\/\"}},{\"@type\":\"Person\",\"@id\":\"https:\/\/www.mpppst.gob.ve\/mpppstweb\/#\/schema\/person\/fc187ee8ead412bd4c9304b62f900ea4\",\"name\":\"MPPPST Prensa\",\"url\":\"https:\/\/www.mpppst.gob.ve\/mpppstweb\/index.php\/author\/prensa-mpppst\/\"}]}<\/script>\n<!-- \/ Yoast SEO plugin. -->","yoast_head_json":{"title":"Tibisay Lucena: El 30 de julio Venezuela va a ir a votar en paz - MPPPST","robots":{"index":"index","follow":"follow","max-snippet":"max-snippet:-1","max-image-preview":"max-image-preview:large","max-video-preview":"max-video-preview:-1"},"canonical":"https:\/\/www.mpppst.gob.ve\/mpppstweb\/index.php\/2017\/07\/17\/tibisay-lucena-el-30-de-julio-venezuela-va-a-ir-a-votar-en-paz\/","og_locale":"es_ES","og_type":"article","og_title":"Tibisay Lucena: El 30 de julio Venezuela va a ir a votar en paz - MPPPST","og_description":"AVN.- El proceso de ensayo electoral realizado este domingo, de cara a los comicios para la &hellip; Tibisay Lucena: El 30 de julio Venezuela va a ir a votar en pazRead more","og_url":"https:\/\/www.mpppst.gob.ve\/mpppstweb\/index.php\/2017\/07\/17\/tibisay-lucena-el-30-de-julio-venezuela-va-a-ir-a-votar-en-paz\/","og_site_name":"MPPPST","article_published_time":"2017-07-17T13:58:47+00:00","og_image":[{"width":800,"height":445,"url":"https:\/\/www.mpppst.gob.ve\/mpppstweb\/wp-content\/uploads\/2017\/07\/mg_56531500226301.jpg","type":"image\/jpeg"}],"author":"MPPPST Prensa","twitter_card":"summary_large_image","twitter_misc":{"Escrito por":"MPPPST Prensa","Tiempo de lectura":"5 minutos"},"schema":{"@context":"https:\/\/schema.org","@graph":[{"@type":"Article","@id":"https:\/\/www.mpppst.gob.ve\/mpppstweb\/index.php\/2017\/07\/17\/tibisay-lucena-el-30-de-julio-venezuela-va-a-ir-a-votar-en-paz\/#article","isPartOf":{"@id":"https:\/\/www.mpppst.gob.ve\/mpppstweb\/index.php\/2017\/07\/17\/tibisay-lucena-el-30-de-julio-venezuela-va-a-ir-a-votar-en-paz\/"},"author":{"name":"MPPPST Prensa","@id":"https:\/\/www.mpppst.gob.ve\/mpppstweb\/#\/schema\/person\/fc187ee8ead412bd4c9304b62f900ea4"},"headline":"Tibisay Lucena: El 30 de julio Venezuela va a ir a votar en paz","datePublished":"2017-07-17T13:58:47+00:00","dateModified":"2017-07-17T13:58:47+00:00","mainEntityOfPage":{"@id":"https:\/\/www.mpppst.gob.ve\/mpppstweb\/index.php\/2017\/07\/17\/tibisay-lucena-el-30-de-julio-venezuela-va-a-ir-a-votar-en-paz\/"},"wordCount":977,"publisher":{"@id":"https:\/\/www.mpppst.gob.ve\/mpppstweb\/#organization"},"image":{"@id":"https:\/\/www.mpppst.gob.ve\/mpppstweb\/index.php\/2017\/07\/17\/tibisay-lucena-el-30-de-julio-venezuela-va-a-ir-a-votar-en-paz\/#primaryimage"},"thumbnailUrl":"https:\/\/www.mpppst.gob.ve\/mpppstweb\/wp-content\/uploads\/2017\/07\/mg_56531500226301.jpg","articleSection":["CNE","Gobierno Nacional","Noticias"],"inLanguage":"es"},{"@type":"WebPage","@id":"https:\/\/www.mpppst.gob.ve\/mpppstweb\/index.php\/2017\/07\/17\/tibisay-lucena-el-30-de-julio-venezuela-va-a-ir-a-votar-en-paz\/","url":"https:\/\/www.mpppst.gob.ve\/mpppstweb\/index.php\/2017\/07\/17\/tibisay-lucena-el-30-de-julio-venezuela-va-a-ir-a-votar-en-paz\/","name":"Tibisay Lucena: El 30 de julio Venezuela va a ir a votar en paz - MPPPST","isPartOf":{"@id":"https:\/\/www.mpppst.gob.ve\/mpppstweb\/#website"},"primaryImageOfPage":{"@id":"https:\/\/www.mpppst.gob.ve\/mpppstweb\/index.php\/2017\/07\/17\/tibisay-lucena-el-30-de-julio-venezuela-va-a-ir-a-votar-en-paz\/#primaryimage"},"image":{"@id":"https:\/\/www.mpppst.gob.ve\/mpppstweb\/index.php\/2017\/07\/17\/tibisay-lucena-el-30-de-julio-venezuela-va-a-ir-a-votar-en-paz\/#primaryimage"},"thumbnailUrl":"https:\/\/www.mpppst.gob.ve\/mpppstweb\/wp-content\/uploads\/2017\/07\/mg_56531500226301.jpg","datePublished":"2017-07-17T13:58:47+00:00","dateModified":"2017-07-17T13:58:47+00:00","breadcrumb":{"@id":"https:\/\/www.mpppst.gob.ve\/mpppstweb\/index.php\/2017\/07\/17\/tibisay-lucena-el-30-de-julio-venezuela-va-a-ir-a-votar-en-paz\/#breadcrumb"},"inLanguage":"es","potentialAction":[{"@type":"ReadAction","target":["https:\/\/www.mpppst.gob.ve\/mpppstweb\/index.php\/2017\/07\/17\/tibisay-lucena-el-30-de-julio-venezuela-va-a-ir-a-votar-en-paz\/"]}]},{"@type":"ImageObject","inLanguage":"es","@id":"https:\/\/www.mpppst.gob.ve\/mpppstweb\/index.php\/2017\/07\/17\/tibisay-lucena-el-30-de-julio-venezuela-va-a-ir-a-votar-en-paz\/#primaryimage","url":"https:\/\/www.mpppst.gob.ve\/mpppstweb\/wp-content\/uploads\/2017\/07\/mg_56531500226301.jpg","contentUrl":"https:\/\/www.mpppst.gob.ve\/mpppstweb\/wp-content\/uploads\/2017\/07\/mg_56531500226301.jpg","width":800,"height":445},{"@type":"BreadcrumbList","@id":"https:\/\/www.mpppst.gob.ve\/mpppstweb\/index.php\/2017\/07\/17\/tibisay-lucena-el-30-de-julio-venezuela-va-a-ir-a-votar-en-paz\/#breadcrumb","itemListElement":[{"@type":"ListItem","position":1,"name":"Home","item":"https:\/\/www.mpppst.gob.ve\/mpppstweb\/"},{"@type":"ListItem","position":2,"name":"Tibisay Lucena: El 30 de julio Venezuela va a ir a votar en paz"}]},{"@type":"WebSite","@id":"https:\/\/www.mpppst.gob.ve\/mpppstweb\/#website","url":"https:\/\/www.mpppst.gob.ve\/mpppstweb\/","name":"MPPPST","description":"Ministerio del Poder Popular para el Proceso Social de Trabajo","publisher":{"@id":"https:\/\/www.mpppst.gob.ve\/mpppstweb\/#organization"},"potentialAction":[{"@type":"SearchAction","target":{"@type":"EntryPoint","urlTemplate":"https:\/\/www.mpppst.gob.ve\/mpppstweb\/?s={search_term_string}"},"query-input":"required name=search_term_string"}],"inLanguage":"es"},{"@type":"Organization","@id":"https:\/\/www.mpppst.gob.ve\/mpppstweb\/#organization","name":"mpppst","url":"https:\/\/www.mpppst.gob.ve\/mpppstweb\/","logo":{"@type":"ImageObject","inLanguage":"es","@id":"https:\/\/www.mpppst.gob.ve\/mpppstweb\/#\/schema\/logo\/image\/","url":"https:\/\/www.mpppst.gob.ve\/mpppstweb\/wp-content\/uploads\/2025\/07\/cropped-cropped-g910.png","contentUrl":"https:\/\/www.mpppst.gob.ve\/mpppstweb\/wp-content\/uploads\/2025\/07\/cropped-cropped-g910.png","width":1080,"height":241,"caption":"mpppst"},"image":{"@id":"https:\/\/www.mpppst.gob.ve\/mpppstweb\/#\/schema\/logo\/image\/"}},{"@type":"Person","@id":"https:\/\/www.mpppst.gob.ve\/mpppstweb\/#\/schema\/person\/fc187ee8ead412bd4c9304b62f900ea4","name":"MPPPST Prensa","url":"https:\/\/www.mpppst.gob.ve\/mpppstweb\/index.php\/author\/prensa-mpppst\/"}]}},"_links":{"self":[{"href":"https:\/\/www.mpppst.gob.ve\/mpppstweb\/index.php\/wp-json\/wp\/v2\/posts\/12198"}],"collection":[{"href":"https:\/\/www.mpppst.gob.ve\/mpppstweb\/index.php\/wp-json\/wp\/v2\/posts"}],"about":[{"href":"https:\/\/www.mpppst.gob.ve\/mpppstweb\/index.php\/wp-json\/wp\/v2\/types\/post"}],"author":[{"embeddable":true,"href":"https:\/\/www.mpppst.gob.ve\/mpppstweb\/index.php\/wp-json\/wp\/v2\/users\/25"}],"replies":[{"embeddable":true,"href":"https:\/\/www.mpppst.gob.ve\/mpppstweb\/index.php\/wp-json\/wp\/v2\/comments?post=12198"}],"version-history":[{"count":1,"href":"https:\/\/www.mpppst.gob.ve\/mpppstweb\/index.php\/wp-json\/wp\/v2\/posts\/12198\/revisions"}],"predecessor-version":[{"id":12200,"href":"https:\/\/www.mpppst.gob.ve\/mpppstweb\/index.php\/wp-json\/wp\/v2\/posts\/12198\/revisions\/12200"}],"wp:featuredmedia":[{"embeddable":true,"href":"https:\/\/www.mpppst.gob.ve\/mpppstweb\/index.php\/wp-json\/wp\/v2\/media\/12199"}],"wp:attachment":[{"href":"https:\/\/www.mpppst.gob.ve\/mpppstweb\/index.php\/wp-json\/wp\/v2\/media?parent=12198"}],"wp:term":[{"taxonomy":"category","embeddable":true,"href":"https:\/\/www.mpppst.gob.ve\/mpppstweb\/index.php\/wp-json\/wp\/v2\/categories?post=12198"},{"taxonomy":"post_tag","embeddable":true,"href":"https:\/\/www.mpppst.gob.ve\/mpppstweb\/index.php\/wp-json\/wp\/v2\/tags?post=12198"}],"curies":[{"name":"wp","href":"https:\/\/api.w.org\/{rel}","templated":true}]}}