{"id":12325,"date":"2017-07-28T08:49:42","date_gmt":"2017-07-28T12:49:42","guid":{"rendered":"http:\/\/www.mpppst.gob.ve\/mpppstweb\/?p=12325"},"modified":"2017-07-28T08:49:42","modified_gmt":"2017-07-28T12:49:42","slug":"cne-comienza-este-viernes-instalacion-de-las-mas-de-24-mil-mesas-de-votacion-para-el-30j","status":"publish","type":"post","link":"https:\/\/www.mpppst.gob.ve\/mpppstweb\/index.php\/2017\/07\/28\/cne-comienza-este-viernes-instalacion-de-las-mas-de-24-mil-mesas-de-votacion-para-el-30j\/","title":{"rendered":"CNE comienza este viernes instalaci\u00f3n de las m\u00e1s de 24 mil mesas de votaci\u00f3n para el 30J"},"content":{"rendered":"<p>AVN.- En las elecciones del pr\u00f3ximo domingo\u00a030 de julio, cuando ser\u00e1n escogidos\u00a0537 de los 545 miembros de la Asamblea Nacional Constituyente\u00a0(ANC), se habilitar\u00e1n m\u00e1s de\u00a024 mil mesas de votaci\u00f3n\u00a0en m\u00e1s de 14 mil 500 centros electorales del pa\u00eds.<\/p>\n<p>De acuerdo con el cronograma publicado por el Consejo Nacional Electoral (CNE), las mesas ser\u00e1n instaladas este viernes 28 de julio.<\/p>\n<p>En esta oportunidad tambi\u00e9n se colocar\u00e1n en el\u00a0centro de contingencia\u00a0activado en\u00a0el Poliedro de Caracas, donde se atender\u00e1n durante estos comicios a los electores de Chacao, as\u00ed como de la zona oeste de Petare.<\/p>\n<p>All\u00ed tambi\u00e9n sufragar\u00e1n los electores de las parroquias Baruta y El Cafetal del municipio Baruta; municipio El Hatillo (excepto su zona rural) y algunos centros de votaci\u00f3n de El Valle, La Vega y El Para\u00edso del municipio Libertador.<\/p>\n<p>El pr\u00f3ximo domingo ser\u00e1n electos 537 de 545 miembros de la ANC. A esta cita est\u00e1n convocados m\u00e1s de 19,4 millones de venezolanos.<\/p>\n<p>Los otros ocho integrantes son representantes ind\u00edgenas que ser\u00e1n escogidos el 1\u00ba de agosto en tres asambleas generales, y cuya escogencia se har\u00e1n de acuerdo con las costumbres y tradiciones de los pueblos y comunidades ind\u00edgenas del pa\u00eds.<\/p>\n","protected":false},"excerpt":{"rendered":"<p>AVN.- En las elecciones del pr\u00f3ximo domingo\u00a030 de julio, cuando ser\u00e1n escogidos\u00a0537 de los 545 miembros &hellip; <a title=\"CNE comienza este viernes instalaci\u00f3n de las m\u00e1s de 24 mil mesas de votaci\u00f3n para el 30J\" class=\"hm-read-more\" href=\"https:\/\/www.mpppst.gob.ve\/mpppstweb\/index.php\/2017\/07\/28\/cne-comienza-este-viernes-instalacion-de-las-mas-de-24-mil-mesas-de-votacion-para-el-30j\/\"><span class=\"screen-reader-text\">CNE comienza este viernes instalaci\u00f3n de las m\u00e1s de 24 mil mesas de votaci\u00f3n para el 30J<\/span>Read more<\/a><\/p>\n","protected":false},"author":25,"featured_media":12326,"comment_status":"closed","ping_status":"closed","sticky":false,"template":"","format":"standard","meta":{"footnotes":""},"categories":[395,82,163],"tags":[],"yoast_head":"<!-- This site is optimized with the Yoast SEO plugin v22.5 - https:\/\/yoast.com\/wordpress\/plugins\/seo\/ -->\n<title>CNE comienza este viernes instalaci\u00f3n de las m\u00e1s de 24 mil mesas de votaci\u00f3n para el 30J - MPPPST<\/title>\n<meta name=\"robots\" content=\"index, follow, max-snippet:-1, max-image-preview:large, max-video-preview:-1\" \/>\n<link rel=\"canonical\" href=\"https:\/\/www.mpppst.gob.ve\/mpppstweb\/index.php\/2017\/07\/28\/cne-comienza-este-viernes-instalacion-de-las-mas-de-24-mil-mesas-de-votacion-para-el-30j\/\" \/>\n<meta property=\"og:locale\" content=\"es_ES\" \/>\n<meta property=\"og:type\" content=\"article\" \/>\n<meta property=\"og:title\" content=\"CNE comienza este viernes instalaci\u00f3n de las m\u00e1s de 24 mil mesas de votaci\u00f3n para el 30J - MPPPST\" \/>\n<meta property=\"og:description\" content=\"AVN.- En las elecciones del pr\u00f3ximo domingo\u00a030 de julio, cuando ser\u00e1n escogidos\u00a0537 de los 545 miembros &hellip; CNE comienza este viernes instalaci\u00f3n de las m\u00e1s de 24 mil mesas de votaci\u00f3n para el 30JRead more\" \/>\n<meta property=\"og:url\" content=\"https:\/\/www.mpppst.gob.ve\/mpppstweb\/index.php\/2017\/07\/28\/cne-comienza-este-viernes-instalacion-de-las-mas-de-24-mil-mesas-de-votacion-para-el-30j\/\" \/>\n<meta property=\"og:site_name\" content=\"MPPPST\" \/>\n<meta property=\"article:published_time\" content=\"2017-07-28T12:49:42+00:00\" \/>\n<meta property=\"og:image\" content=\"https:\/\/www.mpppst.gob.ve\/mpppstweb\/wp-content\/uploads\/2017\/07\/mg_9352ab1500217622.jpg\" \/>\n\t<meta property=\"og:image:width\" content=\"800\" \/>\n\t<meta property=\"og:image:height\" content=\"445\" \/>\n\t<meta property=\"og:image:type\" content=\"image\/jpeg\" \/>\n<meta name=\"author\" content=\"MPPPST Prensa\" \/>\n<meta name=\"twitter:card\" content=\"summary_large_image\" \/>\n<meta name=\"twitter:label1\" content=\"Escrito por\" \/>\n\t<meta name=\"twitter:data1\" content=\"MPPPST Prensa\" \/>\n\t<meta name=\"twitter:label2\" content=\"Tiempo de lectura\" \/>\n\t<meta name=\"twitter:data2\" content=\"1 minuto\" \/>\n<script type=\"application\/ld+json\" class=\"yoast-schema-graph\">{\"@context\":\"https:\/\/schema.org\",\"@graph\":[{\"@type\":\"Article\",\"@id\":\"https:\/\/www.mpppst.gob.ve\/mpppstweb\/index.php\/2017\/07\/28\/cne-comienza-este-viernes-instalacion-de-las-mas-de-24-mil-mesas-de-votacion-para-el-30j\/#article\",\"isPartOf\":{\"@id\":\"https:\/\/www.mpppst.gob.ve\/mpppstweb\/index.php\/2017\/07\/28\/cne-comienza-este-viernes-instalacion-de-las-mas-de-24-mil-mesas-de-votacion-para-el-30j\/\"},\"author\":{\"name\":\"MPPPST Prensa\",\"@id\":\"https:\/\/www.mpppst.gob.ve\/mpppstweb\/#\/schema\/person\/fc187ee8ead412bd4c9304b62f900ea4\"},\"headline\":\"CNE comienza este viernes instalaci\u00f3n de las m\u00e1s de 24 mil mesas de votaci\u00f3n para el 30J\",\"datePublished\":\"2017-07-28T12:49:42+00:00\",\"dateModified\":\"2017-07-28T12:49:42+00:00\",\"mainEntityOfPage\":{\"@id\":\"https:\/\/www.mpppst.gob.ve\/mpppstweb\/index.php\/2017\/07\/28\/cne-comienza-este-viernes-instalacion-de-las-mas-de-24-mil-mesas-de-votacion-para-el-30j\/\"},\"wordCount\":232,\"publisher\":{\"@id\":\"https:\/\/www.mpppst.gob.ve\/mpppstweb\/#organization\"},\"image\":{\"@id\":\"https:\/\/www.mpppst.gob.ve\/mpppstweb\/index.php\/2017\/07\/28\/cne-comienza-este-viernes-instalacion-de-las-mas-de-24-mil-mesas-de-votacion-para-el-30j\/#primaryimage\"},\"thumbnailUrl\":\"https:\/\/www.mpppst.gob.ve\/mpppstweb\/wp-content\/uploads\/2017\/07\/mg_9352ab1500217622.jpg\",\"articleSection\":[\"CNE\",\"Gobierno Nacional\",\"Noticias\"],\"inLanguage\":\"es\"},{\"@type\":\"WebPage\",\"@id\":\"https:\/\/www.mpppst.gob.ve\/mpppstweb\/index.php\/2017\/07\/28\/cne-comienza-este-viernes-instalacion-de-las-mas-de-24-mil-mesas-de-votacion-para-el-30j\/\",\"url\":\"https:\/\/www.mpppst.gob.ve\/mpppstweb\/index.php\/2017\/07\/28\/cne-comienza-este-viernes-instalacion-de-las-mas-de-24-mil-mesas-de-votacion-para-el-30j\/\",\"name\":\"CNE comienza este viernes instalaci\u00f3n de las m\u00e1s de 24 mil mesas de votaci\u00f3n para el 30J - MPPPST\",\"isPartOf\":{\"@id\":\"https:\/\/www.mpppst.gob.ve\/mpppstweb\/#website\"},\"primaryImageOfPage\":{\"@id\":\"https:\/\/www.mpppst.gob.ve\/mpppstweb\/index.php\/2017\/07\/28\/cne-comienza-este-viernes-instalacion-de-las-mas-de-24-mil-mesas-de-votacion-para-el-30j\/#primaryimage\"},\"image\":{\"@id\":\"https:\/\/www.mpppst.gob.ve\/mpppstweb\/index.php\/2017\/07\/28\/cne-comienza-este-viernes-instalacion-de-las-mas-de-24-mil-mesas-de-votacion-para-el-30j\/#primaryimage\"},\"thumbnailUrl\":\"https:\/\/www.mpppst.gob.ve\/mpppstweb\/wp-content\/uploads\/2017\/07\/mg_9352ab1500217622.jpg\",\"datePublished\":\"2017-07-28T12:49:42+00:00\",\"dateModified\":\"2017-07-28T12:49:42+00:00\",\"breadcrumb\":{\"@id\":\"https:\/\/www.mpppst.gob.ve\/mpppstweb\/index.php\/2017\/07\/28\/cne-comienza-este-viernes-instalacion-de-las-mas-de-24-mil-mesas-de-votacion-para-el-30j\/#breadcrumb\"},\"inLanguage\":\"es\",\"potentialAction\":[{\"@type\":\"ReadAction\",\"target\":[\"https:\/\/www.mpppst.gob.ve\/mpppstweb\/index.php\/2017\/07\/28\/cne-comienza-este-viernes-instalacion-de-las-mas-de-24-mil-mesas-de-votacion-para-el-30j\/\"]}]},{\"@type\":\"ImageObject\",\"inLanguage\":\"es\",\"@id\":\"https:\/\/www.mpppst.gob.ve\/mpppstweb\/index.php\/2017\/07\/28\/cne-comienza-este-viernes-instalacion-de-las-mas-de-24-mil-mesas-de-votacion-para-el-30j\/#primaryimage\",\"url\":\"https:\/\/www.mpppst.gob.ve\/mpppstweb\/wp-content\/uploads\/2017\/07\/mg_9352ab1500217622.jpg\",\"contentUrl\":\"https:\/\/www.mpppst.gob.ve\/mpppstweb\/wp-content\/uploads\/2017\/07\/mg_9352ab1500217622.jpg\",\"width\":800,\"height\":445},{\"@type\":\"BreadcrumbList\",\"@id\":\"https:\/\/www.mpppst.gob.ve\/mpppstweb\/index.php\/2017\/07\/28\/cne-comienza-este-viernes-instalacion-de-las-mas-de-24-mil-mesas-de-votacion-para-el-30j\/#breadcrumb\",\"itemListElement\":[{\"@type\":\"ListItem\",\"position\":1,\"name\":\"Home\",\"item\":\"https:\/\/www.mpppst.gob.ve\/mpppstweb\/\"},{\"@type\":\"ListItem\",\"position\":2,\"name\":\"CNE comienza este viernes instalaci\u00f3n de las m\u00e1s de 24 mil mesas de votaci\u00f3n para el 30J\"}]},{\"@type\":\"WebSite\",\"@id\":\"https:\/\/www.mpppst.gob.ve\/mpppstweb\/#website\",\"url\":\"https:\/\/www.mpppst.gob.ve\/mpppstweb\/\",\"name\":\"MPPPST\",\"description\":\"Ministerio del Poder Popular para el Proceso Social de Trabajo\",\"publisher\":{\"@id\":\"https:\/\/www.mpppst.gob.ve\/mpppstweb\/#organization\"},\"potentialAction\":[{\"@type\":\"SearchAction\",\"target\":{\"@type\":\"EntryPoint\",\"urlTemplate\":\"https:\/\/www.mpppst.gob.ve\/mpppstweb\/?s={search_term_string}\"},\"query-input\":\"required name=search_term_string\"}],\"inLanguage\":\"es\"},{\"@type\":\"Organization\",\"@id\":\"https:\/\/www.mpppst.gob.ve\/mpppstweb\/#organization\",\"name\":\"mpppst\",\"url\":\"https:\/\/www.mpppst.gob.ve\/mpppstweb\/\",\"logo\":{\"@type\":\"ImageObject\",\"inLanguage\":\"es\",\"@id\":\"https:\/\/www.mpppst.gob.ve\/mpppstweb\/#\/schema\/logo\/image\/\",\"url\":\"https:\/\/www.mpppst.gob.ve\/mpppstweb\/wp-content\/uploads\/2025\/07\/cropped-cropped-g910.png\",\"contentUrl\":\"https:\/\/www.mpppst.gob.ve\/mpppstweb\/wp-content\/uploads\/2025\/07\/cropped-cropped-g910.png\",\"width\":1080,\"height\":241,\"caption\":\"mpppst\"},\"image\":{\"@id\":\"https:\/\/www.mpppst.gob.ve\/mpppstweb\/#\/schema\/logo\/image\/\"}},{\"@type\":\"Person\",\"@id\":\"https:\/\/www.mpppst.gob.ve\/mpppstweb\/#\/schema\/person\/fc187ee8ead412bd4c9304b62f900ea4\",\"name\":\"MPPPST Prensa\",\"url\":\"https:\/\/www.mpppst.gob.ve\/mpppstweb\/index.php\/author\/prensa-mpppst\/\"}]}<\/script>\n<!-- \/ Yoast SEO plugin. -->","yoast_head_json":{"title":"CNE comienza este viernes instalaci\u00f3n de las m\u00e1s de 24 mil mesas de votaci\u00f3n para el 30J - MPPPST","robots":{"index":"index","follow":"follow","max-snippet":"max-snippet:-1","max-image-preview":"max-image-preview:large","max-video-preview":"max-video-preview:-1"},"canonical":"https:\/\/www.mpppst.gob.ve\/mpppstweb\/index.php\/2017\/07\/28\/cne-comienza-este-viernes-instalacion-de-las-mas-de-24-mil-mesas-de-votacion-para-el-30j\/","og_locale":"es_ES","og_type":"article","og_title":"CNE comienza este viernes instalaci\u00f3n de las m\u00e1s de 24 mil mesas de votaci\u00f3n para el 30J - MPPPST","og_description":"AVN.- En las elecciones del pr\u00f3ximo domingo\u00a030 de julio, cuando ser\u00e1n escogidos\u00a0537 de los 545 miembros &hellip; CNE comienza este viernes instalaci\u00f3n de las m\u00e1s de 24 mil mesas de votaci\u00f3n para el 30JRead more","og_url":"https:\/\/www.mpppst.gob.ve\/mpppstweb\/index.php\/2017\/07\/28\/cne-comienza-este-viernes-instalacion-de-las-mas-de-24-mil-mesas-de-votacion-para-el-30j\/","og_site_name":"MPPPST","article_published_time":"2017-07-28T12:49:42+00:00","og_image":[{"width":800,"height":445,"url":"https:\/\/www.mpppst.gob.ve\/mpppstweb\/wp-content\/uploads\/2017\/07\/mg_9352ab1500217622.jpg","type":"image\/jpeg"}],"author":"MPPPST Prensa","twitter_card":"summary_large_image","twitter_misc":{"Escrito por":"MPPPST Prensa","Tiempo de lectura":"1 minuto"},"schema":{"@context":"https:\/\/schema.org","@graph":[{"@type":"Article","@id":"https:\/\/www.mpppst.gob.ve\/mpppstweb\/index.php\/2017\/07\/28\/cne-comienza-este-viernes-instalacion-de-las-mas-de-24-mil-mesas-de-votacion-para-el-30j\/#article","isPartOf":{"@id":"https:\/\/www.mpppst.gob.ve\/mpppstweb\/index.php\/2017\/07\/28\/cne-comienza-este-viernes-instalacion-de-las-mas-de-24-mil-mesas-de-votacion-para-el-30j\/"},"author":{"name":"MPPPST Prensa","@id":"https:\/\/www.mpppst.gob.ve\/mpppstweb\/#\/schema\/person\/fc187ee8ead412bd4c9304b62f900ea4"},"headline":"CNE comienza este viernes instalaci\u00f3n de las m\u00e1s de 24 mil mesas de votaci\u00f3n para el 30J","datePublished":"2017-07-28T12:49:42+00:00","dateModified":"2017-07-28T12:49:42+00:00","mainEntityOfPage":{"@id":"https:\/\/www.mpppst.gob.ve\/mpppstweb\/index.php\/2017\/07\/28\/cne-comienza-este-viernes-instalacion-de-las-mas-de-24-mil-mesas-de-votacion-para-el-30j\/"},"wordCount":232,"publisher":{"@id":"https:\/\/www.mpppst.gob.ve\/mpppstweb\/#organization"},"image":{"@id":"https:\/\/www.mpppst.gob.ve\/mpppstweb\/index.php\/2017\/07\/28\/cne-comienza-este-viernes-instalacion-de-las-mas-de-24-mil-mesas-de-votacion-para-el-30j\/#primaryimage"},"thumbnailUrl":"https:\/\/www.mpppst.gob.ve\/mpppstweb\/wp-content\/uploads\/2017\/07\/mg_9352ab1500217622.jpg","articleSection":["CNE","Gobierno Nacional","Noticias"],"inLanguage":"es"},{"@type":"WebPage","@id":"https:\/\/www.mpppst.gob.ve\/mpppstweb\/index.php\/2017\/07\/28\/cne-comienza-este-viernes-instalacion-de-las-mas-de-24-mil-mesas-de-votacion-para-el-30j\/","url":"https:\/\/www.mpppst.gob.ve\/mpppstweb\/index.php\/2017\/07\/28\/cne-comienza-este-viernes-instalacion-de-las-mas-de-24-mil-mesas-de-votacion-para-el-30j\/","name":"CNE comienza este viernes instalaci\u00f3n de las m\u00e1s de 24 mil mesas de votaci\u00f3n para el 30J - MPPPST","isPartOf":{"@id":"https:\/\/www.mpppst.gob.ve\/mpppstweb\/#website"},"primaryImageOfPage":{"@id":"https:\/\/www.mpppst.gob.ve\/mpppstweb\/index.php\/2017\/07\/28\/cne-comienza-este-viernes-instalacion-de-las-mas-de-24-mil-mesas-de-votacion-para-el-30j\/#primaryimage"},"image":{"@id":"https:\/\/www.mpppst.gob.ve\/mpppstweb\/index.php\/2017\/07\/28\/cne-comienza-este-viernes-instalacion-de-las-mas-de-24-mil-mesas-de-votacion-para-el-30j\/#primaryimage"},"thumbnailUrl":"https:\/\/www.mpppst.gob.ve\/mpppstweb\/wp-content\/uploads\/2017\/07\/mg_9352ab1500217622.jpg","datePublished":"2017-07-28T12:49:42+00:00","dateModified":"2017-07-28T12:49:42+00:00","breadcrumb":{"@id":"https:\/\/www.mpppst.gob.ve\/mpppstweb\/index.php\/2017\/07\/28\/cne-comienza-este-viernes-instalacion-de-las-mas-de-24-mil-mesas-de-votacion-para-el-30j\/#breadcrumb"},"inLanguage":"es","potentialAction":[{"@type":"ReadAction","target":["https:\/\/www.mpppst.gob.ve\/mpppstweb\/index.php\/2017\/07\/28\/cne-comienza-este-viernes-instalacion-de-las-mas-de-24-mil-mesas-de-votacion-para-el-30j\/"]}]},{"@type":"ImageObject","inLanguage":"es","@id":"https:\/\/www.mpppst.gob.ve\/mpppstweb\/index.php\/2017\/07\/28\/cne-comienza-este-viernes-instalacion-de-las-mas-de-24-mil-mesas-de-votacion-para-el-30j\/#primaryimage","url":"https:\/\/www.mpppst.gob.ve\/mpppstweb\/wp-content\/uploads\/2017\/07\/mg_9352ab1500217622.jpg","contentUrl":"https:\/\/www.mpppst.gob.ve\/mpppstweb\/wp-content\/uploads\/2017\/07\/mg_9352ab1500217622.jpg","width":800,"height":445},{"@type":"BreadcrumbList","@id":"https:\/\/www.mpppst.gob.ve\/mpppstweb\/index.php\/2017\/07\/28\/cne-comienza-este-viernes-instalacion-de-las-mas-de-24-mil-mesas-de-votacion-para-el-30j\/#breadcrumb","itemListElement":[{"@type":"ListItem","position":1,"name":"Home","item":"https:\/\/www.mpppst.gob.ve\/mpppstweb\/"},{"@type":"ListItem","position":2,"name":"CNE comienza este viernes instalaci\u00f3n de las m\u00e1s de 24 mil mesas de votaci\u00f3n para el 30J"}]},{"@type":"WebSite","@id":"https:\/\/www.mpppst.gob.ve\/mpppstweb\/#website","url":"https:\/\/www.mpppst.gob.ve\/mpppstweb\/","name":"MPPPST","description":"Ministerio del Poder Popular para el Proceso Social de Trabajo","publisher":{"@id":"https:\/\/www.mpppst.gob.ve\/mpppstweb\/#organization"},"potentialAction":[{"@type":"SearchAction","target":{"@type":"EntryPoint","urlTemplate":"https:\/\/www.mpppst.gob.ve\/mpppstweb\/?s={search_term_string}"},"query-input":"required name=search_term_string"}],"inLanguage":"es"},{"@type":"Organization","@id":"https:\/\/www.mpppst.gob.ve\/mpppstweb\/#organization","name":"mpppst","url":"https:\/\/www.mpppst.gob.ve\/mpppstweb\/","logo":{"@type":"ImageObject","inLanguage":"es","@id":"https:\/\/www.mpppst.gob.ve\/mpppstweb\/#\/schema\/logo\/image\/","url":"https:\/\/www.mpppst.gob.ve\/mpppstweb\/wp-content\/uploads\/2025\/07\/cropped-cropped-g910.png","contentUrl":"https:\/\/www.mpppst.gob.ve\/mpppstweb\/wp-content\/uploads\/2025\/07\/cropped-cropped-g910.png","width":1080,"height":241,"caption":"mpppst"},"image":{"@id":"https:\/\/www.mpppst.gob.ve\/mpppstweb\/#\/schema\/logo\/image\/"}},{"@type":"Person","@id":"https:\/\/www.mpppst.gob.ve\/mpppstweb\/#\/schema\/person\/fc187ee8ead412bd4c9304b62f900ea4","name":"MPPPST Prensa","url":"https:\/\/www.mpppst.gob.ve\/mpppstweb\/index.php\/author\/prensa-mpppst\/"}]}},"_links":{"self":[{"href":"https:\/\/www.mpppst.gob.ve\/mpppstweb\/index.php\/wp-json\/wp\/v2\/posts\/12325"}],"collection":[{"href":"https:\/\/www.mpppst.gob.ve\/mpppstweb\/index.php\/wp-json\/wp\/v2\/posts"}],"about":[{"href":"https:\/\/www.mpppst.gob.ve\/mpppstweb\/index.php\/wp-json\/wp\/v2\/types\/post"}],"author":[{"embeddable":true,"href":"https:\/\/www.mpppst.gob.ve\/mpppstweb\/index.php\/wp-json\/wp\/v2\/users\/25"}],"replies":[{"embeddable":true,"href":"https:\/\/www.mpppst.gob.ve\/mpppstweb\/index.php\/wp-json\/wp\/v2\/comments?post=12325"}],"version-history":[{"count":1,"href":"https:\/\/www.mpppst.gob.ve\/mpppstweb\/index.php\/wp-json\/wp\/v2\/posts\/12325\/revisions"}],"predecessor-version":[{"id":12327,"href":"https:\/\/www.mpppst.gob.ve\/mpppstweb\/index.php\/wp-json\/wp\/v2\/posts\/12325\/revisions\/12327"}],"wp:featuredmedia":[{"embeddable":true,"href":"https:\/\/www.mpppst.gob.ve\/mpppstweb\/index.php\/wp-json\/wp\/v2\/media\/12326"}],"wp:attachment":[{"href":"https:\/\/www.mpppst.gob.ve\/mpppstweb\/index.php\/wp-json\/wp\/v2\/media?parent=12325"}],"wp:term":[{"taxonomy":"category","embeddable":true,"href":"https:\/\/www.mpppst.gob.ve\/mpppstweb\/index.php\/wp-json\/wp\/v2\/categories?post=12325"},{"taxonomy":"post_tag","embeddable":true,"href":"https:\/\/www.mpppst.gob.ve\/mpppstweb\/index.php\/wp-json\/wp\/v2\/tags?post=12325"}],"curies":[{"name":"wp","href":"https:\/\/api.w.org\/{rel}","templated":true}]}}