{"id":12328,"date":"2017-07-28T08:53:15","date_gmt":"2017-07-28T12:53:15","guid":{"rendered":"http:\/\/www.mpppst.gob.ve\/mpppstweb\/?p=12328"},"modified":"2017-07-28T08:53:15","modified_gmt":"2017-07-28T12:53:15","slug":"presidente-maduro-la-constituyente-marcara-una-nueva-era-en-venezuela","status":"publish","type":"post","link":"https:\/\/www.mpppst.gob.ve\/mpppstweb\/index.php\/2017\/07\/28\/presidente-maduro-la-constituyente-marcara-una-nueva-era-en-venezuela\/","title":{"rendered":"Presidente Maduro: La Constituyente marcar\u00e1 una nueva era en Venezuela"},"content":{"rendered":"<p>AVN.- El pueblo de Venezuela, \u00fanico protagonista en la construcci\u00f3n de una patria soberana e independiente, escribir\u00e1 el pr\u00f3ximo domingo 30 de julio una nueva p\u00e1gina de la historia del pa\u00eds y, con ello, abrir\u00e1 las compuertas a una nueva era que blindar\u00e1 la paz nacional, manifest\u00f3 este jueves el presidente de la Rep\u00fablica, Nicol\u00e1s Maduro.<\/p>\n<p>El pr\u00f3ximo domingo m\u00e1s de 19,4 millones de venezolanos est\u00e1n convocados a participar en los comicios de la Asamblea Nacional Constituyente (ANC). Elegir\u00e1n ese d\u00eda 537 de los 545 de los miembros de esta instancia, cuyo objetivo principal es fortalecer la Constituci\u00f3n Bolivariana y blindar los derechos y conquistas sociales.<\/p>\n<p>\u00abVamos rumbo a una nueva era, era que va a tener como protagonista otra vez al pueblo de Venezuela\u00bb, reiter\u00f3 el Mandatario nacional durante el cierre de campa\u00f1a de los candidatos de la ANC, tanto territoriales como sectoriales (trabajadores, campesinos y pescadores, estudiantes, empresarios, personas con discapacidad, pensionados y comunas y consejos comunales).<\/p>\n<p>A prop\u00f3sito de ello, precis\u00f3 que el pueblo venezolano debe asumir de manera consciente y con liderazgo el poder con la Asamblea Nacional Constituyente para continuar haciendo historia en el pa\u00eds.<\/p>\n<p>\u00abNunca aspir\u00e9 a ning\u00fan cargo. Mi \u00fanica aspiraci\u00f3n en la vida es la felicidad de la patria, una patria de pie. Yo ya hice mi parte, ahora les toca a ustedes, el pueblo, hacer lo suyo, as\u00ed que salgan a votar el domingo 30 de julio y hagamos historia de la grande nuevamente en esta patria de rebeldes\u00bb, enfatiz\u00f3 desde la avenida Bol\u00edvar de Caracas.<\/p>\n<p>El mandatario nacional ratific\u00f3 que las conquistas sociales se blindar\u00e1n en la Carta Magna con la ANC, entre ellas: las misiones y grandes misiones, y todos aquellos mecanismos que permiten su expansi\u00f3n sin exclusi\u00f3n, como el Carnet de la Patria, en el que se encuentran registrados cerca de 16 millones de venezolanos.<\/p>\n<p>Asimismo, se\u00f1al\u00f3 que la constituyente permitir\u00e1 avanzar hacia una nueva din\u00e1mica productiva, necesaria para superar el rentismo petrolero.<\/p>\n<p>\u00abSe acab\u00f3 el sabotaje econ\u00f3mico y con la Constituyente vamos a derrotar, definitivamente, la guerra econ\u00f3mica y a iniciar la era pospetrolera y la nueva econom\u00eda productiva del pa\u00eds. Con la Constituyente vamos a darle rango constitucional a todas las misiones y grandes misiones sociales\u00bb, expres\u00f3.<\/p>\n<p>Adem\u00e1s, inst\u00f3 a los partidos que integran el Gran Polo Patri\u00f3tico y las fuerzas sociales que coexisten en el Congreso de la Patria, a impulsar la movilizaci\u00f3n del pueblo en los comicios del pr\u00f3ximo domingo.<\/p>\n<p>\u00abEl domingo en paz y en familia, al toque de diana, hay que ir al amanecer a tomar los centros electorales en una avalancha del pueblo que va a romper todos los r\u00e9cords electorales que ha tenido Venezuela en 18 a\u00f1os\u00bb, dijo.<\/p>\n<p><strong>Voto contra el imperialismo<\/strong><\/p>\n<p>El pr\u00f3ximo domingo 30 de julio, cuando se realicen las elecciones constituyente, el pueblo consciente defender\u00e1 la soberan\u00eda nacional al votar contra el imperialismo y sus intereses sobre la patria de Bol\u00edvar, indic\u00f3 Maduro.<\/p>\n<p>\u00abSolo el pueblo con su conciencia y su voto siempre decidir\u00e1 el destino de su pa\u00eds\u00bb expres\u00f3 el mandatario en la avenida Bol\u00edvar, en donde agreg\u00f3: \u00abel 30 de julio el pueblo le va a dar una lecci\u00f3n al imperialismo y a los gobiernos extranjeros a punta de votos\u00bb, manifest\u00f3.<\/p>\n<p>Resalt\u00f3 que Venezuela es un pa\u00eds libre e independiente que tiene una dignidad y moral para hacerse respetar ante el mundo.<\/p>\n<p><strong>Di\u00e1logo por la paz<\/strong><\/p>\n<p>En la actividad, Maduro propuso a sectores de la oposici\u00f3n instalar una mesa de entendimiento y paz, antes de la celebraci\u00f3n de la ANC.<\/p>\n<p>En caso de no concretarse esa iniciativa, la ANC podr\u00e1 convocar a un di\u00e1logo con factores adversos a la Revoluci\u00f3n Bolivariana, indic\u00f3 el jefe de Estado.<\/p>\n<p>\u00abYo le propongo a la oposici\u00f3n pol\u00edtica de venezolana que abandone el camino insurreccional, que vuelva a la Constituci\u00f3n e instalemos en las pr\u00f3ximas horas, antes de la instalaci\u00f3n de la Asamblea Nacional Constituyente, una mesa de di\u00e1logo, de acuerdo nacional y reconciliaci\u00f3n de la patria. Una mesa nacional de entendimiento para hablar de los grandes temas del pa\u00eds\u00bb, expres\u00f3.<\/p>\n","protected":false},"excerpt":{"rendered":"<p>AVN.- El pueblo de Venezuela, \u00fanico protagonista en la construcci\u00f3n de una patria soberana e independiente, &hellip; <a title=\"Presidente Maduro: La Constituyente marcar\u00e1 una nueva era en Venezuela\" class=\"hm-read-more\" href=\"https:\/\/www.mpppst.gob.ve\/mpppstweb\/index.php\/2017\/07\/28\/presidente-maduro-la-constituyente-marcara-una-nueva-era-en-venezuela\/\"><span class=\"screen-reader-text\">Presidente Maduro: La Constituyente marcar\u00e1 una nueva era en Venezuela<\/span>Read more<\/a><\/p>\n","protected":false},"author":25,"featured_media":12329,"comment_status":"closed","ping_status":"closed","sticky":false,"template":"","format":"standard","meta":{"footnotes":""},"categories":[82,163],"tags":[],"yoast_head":"<!-- This site is optimized with the Yoast SEO plugin v22.5 - https:\/\/yoast.com\/wordpress\/plugins\/seo\/ -->\n<title>Presidente Maduro: La Constituyente marcar\u00e1 una nueva era en Venezuela - MPPPST<\/title>\n<meta name=\"robots\" content=\"index, follow, max-snippet:-1, max-image-preview:large, max-video-preview:-1\" \/>\n<link rel=\"canonical\" href=\"https:\/\/www.mpppst.gob.ve\/mpppstweb\/index.php\/2017\/07\/28\/presidente-maduro-la-constituyente-marcara-una-nueva-era-en-venezuela\/\" \/>\n<meta property=\"og:locale\" content=\"es_ES\" \/>\n<meta property=\"og:type\" content=\"article\" \/>\n<meta property=\"og:title\" content=\"Presidente Maduro: La Constituyente marcar\u00e1 una nueva era en Venezuela - MPPPST\" \/>\n<meta property=\"og:description\" content=\"AVN.- El pueblo de Venezuela, \u00fanico protagonista en la construcci\u00f3n de una patria soberana e independiente, &hellip; Presidente Maduro: La Constituyente marcar\u00e1 una nueva era en VenezuelaRead more\" \/>\n<meta property=\"og:url\" content=\"https:\/\/www.mpppst.gob.ve\/mpppstweb\/index.php\/2017\/07\/28\/presidente-maduro-la-constituyente-marcara-una-nueva-era-en-venezuela\/\" \/>\n<meta property=\"og:site_name\" content=\"MPPPST\" \/>\n<meta property=\"article:published_time\" content=\"2017-07-28T12:53:15+00:00\" \/>\n<meta property=\"og:image\" content=\"https:\/\/www.mpppst.gob.ve\/mpppstweb\/wp-content\/uploads\/2017\/07\/marcha27j21501182894.jpg\" \/>\n\t<meta property=\"og:image:width\" content=\"800\" \/>\n\t<meta property=\"og:image:height\" content=\"445\" \/>\n\t<meta property=\"og:image:type\" content=\"image\/jpeg\" \/>\n<meta name=\"author\" content=\"MPPPST Prensa\" \/>\n<meta name=\"twitter:card\" content=\"summary_large_image\" \/>\n<meta name=\"twitter:label1\" content=\"Escrito por\" \/>\n\t<meta name=\"twitter:data1\" content=\"MPPPST Prensa\" \/>\n\t<meta name=\"twitter:label2\" content=\"Tiempo de lectura\" \/>\n\t<meta name=\"twitter:data2\" content=\"4 minutos\" \/>\n<script type=\"application\/ld+json\" class=\"yoast-schema-graph\">{\"@context\":\"https:\/\/schema.org\",\"@graph\":[{\"@type\":\"Article\",\"@id\":\"https:\/\/www.mpppst.gob.ve\/mpppstweb\/index.php\/2017\/07\/28\/presidente-maduro-la-constituyente-marcara-una-nueva-era-en-venezuela\/#article\",\"isPartOf\":{\"@id\":\"https:\/\/www.mpppst.gob.ve\/mpppstweb\/index.php\/2017\/07\/28\/presidente-maduro-la-constituyente-marcara-una-nueva-era-en-venezuela\/\"},\"author\":{\"name\":\"MPPPST Prensa\",\"@id\":\"https:\/\/www.mpppst.gob.ve\/mpppstweb\/#\/schema\/person\/fc187ee8ead412bd4c9304b62f900ea4\"},\"headline\":\"Presidente Maduro: La Constituyente marcar\u00e1 una nueva era en Venezuela\",\"datePublished\":\"2017-07-28T12:53:15+00:00\",\"dateModified\":\"2017-07-28T12:53:15+00:00\",\"mainEntityOfPage\":{\"@id\":\"https:\/\/www.mpppst.gob.ve\/mpppstweb\/index.php\/2017\/07\/28\/presidente-maduro-la-constituyente-marcara-una-nueva-era-en-venezuela\/\"},\"wordCount\":726,\"publisher\":{\"@id\":\"https:\/\/www.mpppst.gob.ve\/mpppstweb\/#organization\"},\"image\":{\"@id\":\"https:\/\/www.mpppst.gob.ve\/mpppstweb\/index.php\/2017\/07\/28\/presidente-maduro-la-constituyente-marcara-una-nueva-era-en-venezuela\/#primaryimage\"},\"thumbnailUrl\":\"https:\/\/www.mpppst.gob.ve\/mpppstweb\/wp-content\/uploads\/2017\/07\/marcha27j21501182894.jpg\",\"articleSection\":[\"Gobierno Nacional\",\"Noticias\"],\"inLanguage\":\"es\"},{\"@type\":\"WebPage\",\"@id\":\"https:\/\/www.mpppst.gob.ve\/mpppstweb\/index.php\/2017\/07\/28\/presidente-maduro-la-constituyente-marcara-una-nueva-era-en-venezuela\/\",\"url\":\"https:\/\/www.mpppst.gob.ve\/mpppstweb\/index.php\/2017\/07\/28\/presidente-maduro-la-constituyente-marcara-una-nueva-era-en-venezuela\/\",\"name\":\"Presidente Maduro: La Constituyente marcar\u00e1 una nueva era en Venezuela - MPPPST\",\"isPartOf\":{\"@id\":\"https:\/\/www.mpppst.gob.ve\/mpppstweb\/#website\"},\"primaryImageOfPage\":{\"@id\":\"https:\/\/www.mpppst.gob.ve\/mpppstweb\/index.php\/2017\/07\/28\/presidente-maduro-la-constituyente-marcara-una-nueva-era-en-venezuela\/#primaryimage\"},\"image\":{\"@id\":\"https:\/\/www.mpppst.gob.ve\/mpppstweb\/index.php\/2017\/07\/28\/presidente-maduro-la-constituyente-marcara-una-nueva-era-en-venezuela\/#primaryimage\"},\"thumbnailUrl\":\"https:\/\/www.mpppst.gob.ve\/mpppstweb\/wp-content\/uploads\/2017\/07\/marcha27j21501182894.jpg\",\"datePublished\":\"2017-07-28T12:53:15+00:00\",\"dateModified\":\"2017-07-28T12:53:15+00:00\",\"breadcrumb\":{\"@id\":\"https:\/\/www.mpppst.gob.ve\/mpppstweb\/index.php\/2017\/07\/28\/presidente-maduro-la-constituyente-marcara-una-nueva-era-en-venezuela\/#breadcrumb\"},\"inLanguage\":\"es\",\"potentialAction\":[{\"@type\":\"ReadAction\",\"target\":[\"https:\/\/www.mpppst.gob.ve\/mpppstweb\/index.php\/2017\/07\/28\/presidente-maduro-la-constituyente-marcara-una-nueva-era-en-venezuela\/\"]}]},{\"@type\":\"ImageObject\",\"inLanguage\":\"es\",\"@id\":\"https:\/\/www.mpppst.gob.ve\/mpppstweb\/index.php\/2017\/07\/28\/presidente-maduro-la-constituyente-marcara-una-nueva-era-en-venezuela\/#primaryimage\",\"url\":\"https:\/\/www.mpppst.gob.ve\/mpppstweb\/wp-content\/uploads\/2017\/07\/marcha27j21501182894.jpg\",\"contentUrl\":\"https:\/\/www.mpppst.gob.ve\/mpppstweb\/wp-content\/uploads\/2017\/07\/marcha27j21501182894.jpg\",\"width\":800,\"height\":445},{\"@type\":\"BreadcrumbList\",\"@id\":\"https:\/\/www.mpppst.gob.ve\/mpppstweb\/index.php\/2017\/07\/28\/presidente-maduro-la-constituyente-marcara-una-nueva-era-en-venezuela\/#breadcrumb\",\"itemListElement\":[{\"@type\":\"ListItem\",\"position\":1,\"name\":\"Home\",\"item\":\"https:\/\/www.mpppst.gob.ve\/mpppstweb\/\"},{\"@type\":\"ListItem\",\"position\":2,\"name\":\"Presidente Maduro: La Constituyente marcar\u00e1 una nueva era en Venezuela\"}]},{\"@type\":\"WebSite\",\"@id\":\"https:\/\/www.mpppst.gob.ve\/mpppstweb\/#website\",\"url\":\"https:\/\/www.mpppst.gob.ve\/mpppstweb\/\",\"name\":\"MPPPST\",\"description\":\"Ministerio del Poder Popular para el Proceso Social de Trabajo\",\"publisher\":{\"@id\":\"https:\/\/www.mpppst.gob.ve\/mpppstweb\/#organization\"},\"potentialAction\":[{\"@type\":\"SearchAction\",\"target\":{\"@type\":\"EntryPoint\",\"urlTemplate\":\"https:\/\/www.mpppst.gob.ve\/mpppstweb\/?s={search_term_string}\"},\"query-input\":\"required name=search_term_string\"}],\"inLanguage\":\"es\"},{\"@type\":\"Organization\",\"@id\":\"https:\/\/www.mpppst.gob.ve\/mpppstweb\/#organization\",\"name\":\"mpppst\",\"url\":\"https:\/\/www.mpppst.gob.ve\/mpppstweb\/\",\"logo\":{\"@type\":\"ImageObject\",\"inLanguage\":\"es\",\"@id\":\"https:\/\/www.mpppst.gob.ve\/mpppstweb\/#\/schema\/logo\/image\/\",\"url\":\"https:\/\/www.mpppst.gob.ve\/mpppstweb\/wp-content\/uploads\/2025\/07\/cropped-cropped-g910.png\",\"contentUrl\":\"https:\/\/www.mpppst.gob.ve\/mpppstweb\/wp-content\/uploads\/2025\/07\/cropped-cropped-g910.png\",\"width\":1080,\"height\":241,\"caption\":\"mpppst\"},\"image\":{\"@id\":\"https:\/\/www.mpppst.gob.ve\/mpppstweb\/#\/schema\/logo\/image\/\"}},{\"@type\":\"Person\",\"@id\":\"https:\/\/www.mpppst.gob.ve\/mpppstweb\/#\/schema\/person\/fc187ee8ead412bd4c9304b62f900ea4\",\"name\":\"MPPPST Prensa\",\"url\":\"https:\/\/www.mpppst.gob.ve\/mpppstweb\/index.php\/author\/prensa-mpppst\/\"}]}<\/script>\n<!-- \/ Yoast SEO plugin. -->","yoast_head_json":{"title":"Presidente Maduro: La Constituyente marcar\u00e1 una nueva era en Venezuela - MPPPST","robots":{"index":"index","follow":"follow","max-snippet":"max-snippet:-1","max-image-preview":"max-image-preview:large","max-video-preview":"max-video-preview:-1"},"canonical":"https:\/\/www.mpppst.gob.ve\/mpppstweb\/index.php\/2017\/07\/28\/presidente-maduro-la-constituyente-marcara-una-nueva-era-en-venezuela\/","og_locale":"es_ES","og_type":"article","og_title":"Presidente Maduro: La Constituyente marcar\u00e1 una nueva era en Venezuela - MPPPST","og_description":"AVN.- El pueblo de Venezuela, \u00fanico protagonista en la construcci\u00f3n de una patria soberana e independiente, &hellip; Presidente Maduro: La Constituyente marcar\u00e1 una nueva era en VenezuelaRead more","og_url":"https:\/\/www.mpppst.gob.ve\/mpppstweb\/index.php\/2017\/07\/28\/presidente-maduro-la-constituyente-marcara-una-nueva-era-en-venezuela\/","og_site_name":"MPPPST","article_published_time":"2017-07-28T12:53:15+00:00","og_image":[{"width":800,"height":445,"url":"https:\/\/www.mpppst.gob.ve\/mpppstweb\/wp-content\/uploads\/2017\/07\/marcha27j21501182894.jpg","type":"image\/jpeg"}],"author":"MPPPST Prensa","twitter_card":"summary_large_image","twitter_misc":{"Escrito por":"MPPPST Prensa","Tiempo de lectura":"4 minutos"},"schema":{"@context":"https:\/\/schema.org","@graph":[{"@type":"Article","@id":"https:\/\/www.mpppst.gob.ve\/mpppstweb\/index.php\/2017\/07\/28\/presidente-maduro-la-constituyente-marcara-una-nueva-era-en-venezuela\/#article","isPartOf":{"@id":"https:\/\/www.mpppst.gob.ve\/mpppstweb\/index.php\/2017\/07\/28\/presidente-maduro-la-constituyente-marcara-una-nueva-era-en-venezuela\/"},"author":{"name":"MPPPST Prensa","@id":"https:\/\/www.mpppst.gob.ve\/mpppstweb\/#\/schema\/person\/fc187ee8ead412bd4c9304b62f900ea4"},"headline":"Presidente Maduro: La Constituyente marcar\u00e1 una nueva era en Venezuela","datePublished":"2017-07-28T12:53:15+00:00","dateModified":"2017-07-28T12:53:15+00:00","mainEntityOfPage":{"@id":"https:\/\/www.mpppst.gob.ve\/mpppstweb\/index.php\/2017\/07\/28\/presidente-maduro-la-constituyente-marcara-una-nueva-era-en-venezuela\/"},"wordCount":726,"publisher":{"@id":"https:\/\/www.mpppst.gob.ve\/mpppstweb\/#organization"},"image":{"@id":"https:\/\/www.mpppst.gob.ve\/mpppstweb\/index.php\/2017\/07\/28\/presidente-maduro-la-constituyente-marcara-una-nueva-era-en-venezuela\/#primaryimage"},"thumbnailUrl":"https:\/\/www.mpppst.gob.ve\/mpppstweb\/wp-content\/uploads\/2017\/07\/marcha27j21501182894.jpg","articleSection":["Gobierno Nacional","Noticias"],"inLanguage":"es"},{"@type":"WebPage","@id":"https:\/\/www.mpppst.gob.ve\/mpppstweb\/index.php\/2017\/07\/28\/presidente-maduro-la-constituyente-marcara-una-nueva-era-en-venezuela\/","url":"https:\/\/www.mpppst.gob.ve\/mpppstweb\/index.php\/2017\/07\/28\/presidente-maduro-la-constituyente-marcara-una-nueva-era-en-venezuela\/","name":"Presidente Maduro: La Constituyente marcar\u00e1 una nueva era en Venezuela - MPPPST","isPartOf":{"@id":"https:\/\/www.mpppst.gob.ve\/mpppstweb\/#website"},"primaryImageOfPage":{"@id":"https:\/\/www.mpppst.gob.ve\/mpppstweb\/index.php\/2017\/07\/28\/presidente-maduro-la-constituyente-marcara-una-nueva-era-en-venezuela\/#primaryimage"},"image":{"@id":"https:\/\/www.mpppst.gob.ve\/mpppstweb\/index.php\/2017\/07\/28\/presidente-maduro-la-constituyente-marcara-una-nueva-era-en-venezuela\/#primaryimage"},"thumbnailUrl":"https:\/\/www.mpppst.gob.ve\/mpppstweb\/wp-content\/uploads\/2017\/07\/marcha27j21501182894.jpg","datePublished":"2017-07-28T12:53:15+00:00","dateModified":"2017-07-28T12:53:15+00:00","breadcrumb":{"@id":"https:\/\/www.mpppst.gob.ve\/mpppstweb\/index.php\/2017\/07\/28\/presidente-maduro-la-constituyente-marcara-una-nueva-era-en-venezuela\/#breadcrumb"},"inLanguage":"es","potentialAction":[{"@type":"ReadAction","target":["https:\/\/www.mpppst.gob.ve\/mpppstweb\/index.php\/2017\/07\/28\/presidente-maduro-la-constituyente-marcara-una-nueva-era-en-venezuela\/"]}]},{"@type":"ImageObject","inLanguage":"es","@id":"https:\/\/www.mpppst.gob.ve\/mpppstweb\/index.php\/2017\/07\/28\/presidente-maduro-la-constituyente-marcara-una-nueva-era-en-venezuela\/#primaryimage","url":"https:\/\/www.mpppst.gob.ve\/mpppstweb\/wp-content\/uploads\/2017\/07\/marcha27j21501182894.jpg","contentUrl":"https:\/\/www.mpppst.gob.ve\/mpppstweb\/wp-content\/uploads\/2017\/07\/marcha27j21501182894.jpg","width":800,"height":445},{"@type":"BreadcrumbList","@id":"https:\/\/www.mpppst.gob.ve\/mpppstweb\/index.php\/2017\/07\/28\/presidente-maduro-la-constituyente-marcara-una-nueva-era-en-venezuela\/#breadcrumb","itemListElement":[{"@type":"ListItem","position":1,"name":"Home","item":"https:\/\/www.mpppst.gob.ve\/mpppstweb\/"},{"@type":"ListItem","position":2,"name":"Presidente Maduro: La Constituyente marcar\u00e1 una nueva era en Venezuela"}]},{"@type":"WebSite","@id":"https:\/\/www.mpppst.gob.ve\/mpppstweb\/#website","url":"https:\/\/www.mpppst.gob.ve\/mpppstweb\/","name":"MPPPST","description":"Ministerio del Poder Popular para el Proceso Social de Trabajo","publisher":{"@id":"https:\/\/www.mpppst.gob.ve\/mpppstweb\/#organization"},"potentialAction":[{"@type":"SearchAction","target":{"@type":"EntryPoint","urlTemplate":"https:\/\/www.mpppst.gob.ve\/mpppstweb\/?s={search_term_string}"},"query-input":"required name=search_term_string"}],"inLanguage":"es"},{"@type":"Organization","@id":"https:\/\/www.mpppst.gob.ve\/mpppstweb\/#organization","name":"mpppst","url":"https:\/\/www.mpppst.gob.ve\/mpppstweb\/","logo":{"@type":"ImageObject","inLanguage":"es","@id":"https:\/\/www.mpppst.gob.ve\/mpppstweb\/#\/schema\/logo\/image\/","url":"https:\/\/www.mpppst.gob.ve\/mpppstweb\/wp-content\/uploads\/2025\/07\/cropped-cropped-g910.png","contentUrl":"https:\/\/www.mpppst.gob.ve\/mpppstweb\/wp-content\/uploads\/2025\/07\/cropped-cropped-g910.png","width":1080,"height":241,"caption":"mpppst"},"image":{"@id":"https:\/\/www.mpppst.gob.ve\/mpppstweb\/#\/schema\/logo\/image\/"}},{"@type":"Person","@id":"https:\/\/www.mpppst.gob.ve\/mpppstweb\/#\/schema\/person\/fc187ee8ead412bd4c9304b62f900ea4","name":"MPPPST Prensa","url":"https:\/\/www.mpppst.gob.ve\/mpppstweb\/index.php\/author\/prensa-mpppst\/"}]}},"_links":{"self":[{"href":"https:\/\/www.mpppst.gob.ve\/mpppstweb\/index.php\/wp-json\/wp\/v2\/posts\/12328"}],"collection":[{"href":"https:\/\/www.mpppst.gob.ve\/mpppstweb\/index.php\/wp-json\/wp\/v2\/posts"}],"about":[{"href":"https:\/\/www.mpppst.gob.ve\/mpppstweb\/index.php\/wp-json\/wp\/v2\/types\/post"}],"author":[{"embeddable":true,"href":"https:\/\/www.mpppst.gob.ve\/mpppstweb\/index.php\/wp-json\/wp\/v2\/users\/25"}],"replies":[{"embeddable":true,"href":"https:\/\/www.mpppst.gob.ve\/mpppstweb\/index.php\/wp-json\/wp\/v2\/comments?post=12328"}],"version-history":[{"count":1,"href":"https:\/\/www.mpppst.gob.ve\/mpppstweb\/index.php\/wp-json\/wp\/v2\/posts\/12328\/revisions"}],"predecessor-version":[{"id":12330,"href":"https:\/\/www.mpppst.gob.ve\/mpppstweb\/index.php\/wp-json\/wp\/v2\/posts\/12328\/revisions\/12330"}],"wp:featuredmedia":[{"embeddable":true,"href":"https:\/\/www.mpppst.gob.ve\/mpppstweb\/index.php\/wp-json\/wp\/v2\/media\/12329"}],"wp:attachment":[{"href":"https:\/\/www.mpppst.gob.ve\/mpppstweb\/index.php\/wp-json\/wp\/v2\/media?parent=12328"}],"wp:term":[{"taxonomy":"category","embeddable":true,"href":"https:\/\/www.mpppst.gob.ve\/mpppstweb\/index.php\/wp-json\/wp\/v2\/categories?post=12328"},{"taxonomy":"post_tag","embeddable":true,"href":"https:\/\/www.mpppst.gob.ve\/mpppstweb\/index.php\/wp-json\/wp\/v2\/tags?post=12328"}],"curies":[{"name":"wp","href":"https:\/\/api.w.org\/{rel}","templated":true}]}}