{"id":12334,"date":"2017-07-28T17:07:44","date_gmt":"2017-07-28T21:07:44","guid":{"rendered":"http:\/\/www.mpppst.gob.ve\/mpppstweb\/?p=12334"},"modified":"2017-07-28T17:07:44","modified_gmt":"2017-07-28T21:07:44","slug":"el-pueblo-venezolano-celebra-natalicio-del-comandante-chavez-en-el-cuartel-de-la-montana","status":"publish","type":"post","link":"https:\/\/www.mpppst.gob.ve\/mpppstweb\/index.php\/2017\/07\/28\/el-pueblo-venezolano-celebra-natalicio-del-comandante-chavez-en-el-cuartel-de-la-montana\/","title":{"rendered":"El pueblo venezolano celebra natalicio del comandante Ch\u00e1vez en el Cuartel de la Monta\u00f1a"},"content":{"rendered":"<p>AVN.- El pueblo venezolano participa de las actividades celebratorias por el 63 aniversario del natalicio del comandante Hugo Ch\u00e1vez, l\u00edder de la Revoluci\u00f3n Bolivariana, desde el Cuartel de la Monta\u00f1a, ubicado en la parroquia 23 de Enero, en Caracas.<\/p>\n<p>Desde el otrora cuartel y luego museo militar, convertido en mausoleo desde marzo de 2013, donde reposan los restos del Comandante Ch\u00e1vez, el pueblo contin\u00faa rindi\u00e9ndole homenaje a su memoria, as\u00ed como participando en las distintas actividades que se desarrollan. Del mismo modo, diferentes agrupaciones musicales le rinden su tributo.<\/p>\n","protected":false},"excerpt":{"rendered":"<p>AVN.- El pueblo venezolano participa de las actividades celebratorias por el 63 aniversario del natalicio del &hellip; <a title=\"El pueblo venezolano celebra natalicio del comandante Ch\u00e1vez en el Cuartel de la Monta\u00f1a\" class=\"hm-read-more\" href=\"https:\/\/www.mpppst.gob.ve\/mpppstweb\/index.php\/2017\/07\/28\/el-pueblo-venezolano-celebra-natalicio-del-comandante-chavez-en-el-cuartel-de-la-montana\/\"><span class=\"screen-reader-text\">El pueblo venezolano celebra natalicio del comandante Ch\u00e1vez en el Cuartel de la Monta\u00f1a<\/span>Read more<\/a><\/p>\n","protected":false},"author":25,"featured_media":12335,"comment_status":"closed","ping_status":"closed","sticky":false,"template":"","format":"standard","meta":{"footnotes":""},"categories":[82,163],"tags":[],"yoast_head":"<!-- This site is optimized with the Yoast SEO plugin v22.5 - https:\/\/yoast.com\/wordpress\/plugins\/seo\/ -->\n<title>El pueblo venezolano celebra natalicio del comandante Ch\u00e1vez en el Cuartel de la Monta\u00f1a - MPPPST<\/title>\n<meta name=\"robots\" content=\"index, follow, max-snippet:-1, max-image-preview:large, max-video-preview:-1\" \/>\n<link rel=\"canonical\" href=\"https:\/\/www.mpppst.gob.ve\/mpppstweb\/index.php\/2017\/07\/28\/el-pueblo-venezolano-celebra-natalicio-del-comandante-chavez-en-el-cuartel-de-la-montana\/\" \/>\n<meta property=\"og:locale\" content=\"es_ES\" \/>\n<meta property=\"og:type\" content=\"article\" \/>\n<meta property=\"og:title\" content=\"El pueblo venezolano celebra natalicio del comandante Ch\u00e1vez en el Cuartel de la Monta\u00f1a - MPPPST\" \/>\n<meta property=\"og:description\" content=\"AVN.- El pueblo venezolano participa de las actividades celebratorias por el 63 aniversario del natalicio del &hellip; El pueblo venezolano celebra natalicio del comandante Ch\u00e1vez en el Cuartel de la Monta\u00f1aRead more\" \/>\n<meta property=\"og:url\" content=\"https:\/\/www.mpppst.gob.ve\/mpppstweb\/index.php\/2017\/07\/28\/el-pueblo-venezolano-celebra-natalicio-del-comandante-chavez-en-el-cuartel-de-la-montana\/\" \/>\n<meta property=\"og:site_name\" content=\"MPPPST\" \/>\n<meta property=\"article:published_time\" content=\"2017-07-28T21:07:44+00:00\" \/>\n<meta property=\"og:image\" content=\"https:\/\/www.mpppst.gob.ve\/mpppstweb\/wp-content\/uploads\/2017\/07\/img_90871488752091.jpg\" \/>\n\t<meta property=\"og:image:width\" content=\"800\" \/>\n\t<meta property=\"og:image:height\" content=\"445\" \/>\n\t<meta property=\"og:image:type\" content=\"image\/jpeg\" \/>\n<meta name=\"author\" content=\"MPPPST Prensa\" \/>\n<meta name=\"twitter:card\" content=\"summary_large_image\" \/>\n<meta name=\"twitter:label1\" content=\"Escrito por\" \/>\n\t<meta name=\"twitter:data1\" content=\"MPPPST Prensa\" \/>\n<script type=\"application\/ld+json\" class=\"yoast-schema-graph\">{\"@context\":\"https:\/\/schema.org\",\"@graph\":[{\"@type\":\"Article\",\"@id\":\"https:\/\/www.mpppst.gob.ve\/mpppstweb\/index.php\/2017\/07\/28\/el-pueblo-venezolano-celebra-natalicio-del-comandante-chavez-en-el-cuartel-de-la-montana\/#article\",\"isPartOf\":{\"@id\":\"https:\/\/www.mpppst.gob.ve\/mpppstweb\/index.php\/2017\/07\/28\/el-pueblo-venezolano-celebra-natalicio-del-comandante-chavez-en-el-cuartel-de-la-montana\/\"},\"author\":{\"name\":\"MPPPST Prensa\",\"@id\":\"https:\/\/www.mpppst.gob.ve\/mpppstweb\/#\/schema\/person\/fc187ee8ead412bd4c9304b62f900ea4\"},\"headline\":\"El pueblo venezolano celebra natalicio del comandante Ch\u00e1vez en el Cuartel de la Monta\u00f1a\",\"datePublished\":\"2017-07-28T21:07:44+00:00\",\"dateModified\":\"2017-07-28T21:07:44+00:00\",\"mainEntityOfPage\":{\"@id\":\"https:\/\/www.mpppst.gob.ve\/mpppstweb\/index.php\/2017\/07\/28\/el-pueblo-venezolano-celebra-natalicio-del-comandante-chavez-en-el-cuartel-de-la-montana\/\"},\"wordCount\":110,\"publisher\":{\"@id\":\"https:\/\/www.mpppst.gob.ve\/mpppstweb\/#organization\"},\"image\":{\"@id\":\"https:\/\/www.mpppst.gob.ve\/mpppstweb\/index.php\/2017\/07\/28\/el-pueblo-venezolano-celebra-natalicio-del-comandante-chavez-en-el-cuartel-de-la-montana\/#primaryimage\"},\"thumbnailUrl\":\"https:\/\/www.mpppst.gob.ve\/mpppstweb\/wp-content\/uploads\/2017\/07\/img_90871488752091.jpg\",\"articleSection\":[\"Gobierno Nacional\",\"Noticias\"],\"inLanguage\":\"es\"},{\"@type\":\"WebPage\",\"@id\":\"https:\/\/www.mpppst.gob.ve\/mpppstweb\/index.php\/2017\/07\/28\/el-pueblo-venezolano-celebra-natalicio-del-comandante-chavez-en-el-cuartel-de-la-montana\/\",\"url\":\"https:\/\/www.mpppst.gob.ve\/mpppstweb\/index.php\/2017\/07\/28\/el-pueblo-venezolano-celebra-natalicio-del-comandante-chavez-en-el-cuartel-de-la-montana\/\",\"name\":\"El pueblo venezolano celebra natalicio del comandante Ch\u00e1vez en el Cuartel de la Monta\u00f1a - MPPPST\",\"isPartOf\":{\"@id\":\"https:\/\/www.mpppst.gob.ve\/mpppstweb\/#website\"},\"primaryImageOfPage\":{\"@id\":\"https:\/\/www.mpppst.gob.ve\/mpppstweb\/index.php\/2017\/07\/28\/el-pueblo-venezolano-celebra-natalicio-del-comandante-chavez-en-el-cuartel-de-la-montana\/#primaryimage\"},\"image\":{\"@id\":\"https:\/\/www.mpppst.gob.ve\/mpppstweb\/index.php\/2017\/07\/28\/el-pueblo-venezolano-celebra-natalicio-del-comandante-chavez-en-el-cuartel-de-la-montana\/#primaryimage\"},\"thumbnailUrl\":\"https:\/\/www.mpppst.gob.ve\/mpppstweb\/wp-content\/uploads\/2017\/07\/img_90871488752091.jpg\",\"datePublished\":\"2017-07-28T21:07:44+00:00\",\"dateModified\":\"2017-07-28T21:07:44+00:00\",\"breadcrumb\":{\"@id\":\"https:\/\/www.mpppst.gob.ve\/mpppstweb\/index.php\/2017\/07\/28\/el-pueblo-venezolano-celebra-natalicio-del-comandante-chavez-en-el-cuartel-de-la-montana\/#breadcrumb\"},\"inLanguage\":\"es\",\"potentialAction\":[{\"@type\":\"ReadAction\",\"target\":[\"https:\/\/www.mpppst.gob.ve\/mpppstweb\/index.php\/2017\/07\/28\/el-pueblo-venezolano-celebra-natalicio-del-comandante-chavez-en-el-cuartel-de-la-montana\/\"]}]},{\"@type\":\"ImageObject\",\"inLanguage\":\"es\",\"@id\":\"https:\/\/www.mpppst.gob.ve\/mpppstweb\/index.php\/2017\/07\/28\/el-pueblo-venezolano-celebra-natalicio-del-comandante-chavez-en-el-cuartel-de-la-montana\/#primaryimage\",\"url\":\"https:\/\/www.mpppst.gob.ve\/mpppstweb\/wp-content\/uploads\/2017\/07\/img_90871488752091.jpg\",\"contentUrl\":\"https:\/\/www.mpppst.gob.ve\/mpppstweb\/wp-content\/uploads\/2017\/07\/img_90871488752091.jpg\",\"width\":800,\"height\":445},{\"@type\":\"BreadcrumbList\",\"@id\":\"https:\/\/www.mpppst.gob.ve\/mpppstweb\/index.php\/2017\/07\/28\/el-pueblo-venezolano-celebra-natalicio-del-comandante-chavez-en-el-cuartel-de-la-montana\/#breadcrumb\",\"itemListElement\":[{\"@type\":\"ListItem\",\"position\":1,\"name\":\"Home\",\"item\":\"https:\/\/www.mpppst.gob.ve\/mpppstweb\/\"},{\"@type\":\"ListItem\",\"position\":2,\"name\":\"El pueblo venezolano celebra natalicio del comandante Ch\u00e1vez en el Cuartel de la Monta\u00f1a\"}]},{\"@type\":\"WebSite\",\"@id\":\"https:\/\/www.mpppst.gob.ve\/mpppstweb\/#website\",\"url\":\"https:\/\/www.mpppst.gob.ve\/mpppstweb\/\",\"name\":\"MPPPST\",\"description\":\"Ministerio del Poder Popular para el Proceso Social de Trabajo\",\"publisher\":{\"@id\":\"https:\/\/www.mpppst.gob.ve\/mpppstweb\/#organization\"},\"potentialAction\":[{\"@type\":\"SearchAction\",\"target\":{\"@type\":\"EntryPoint\",\"urlTemplate\":\"https:\/\/www.mpppst.gob.ve\/mpppstweb\/?s={search_term_string}\"},\"query-input\":\"required name=search_term_string\"}],\"inLanguage\":\"es\"},{\"@type\":\"Organization\",\"@id\":\"https:\/\/www.mpppst.gob.ve\/mpppstweb\/#organization\",\"name\":\"mpppst\",\"url\":\"https:\/\/www.mpppst.gob.ve\/mpppstweb\/\",\"logo\":{\"@type\":\"ImageObject\",\"inLanguage\":\"es\",\"@id\":\"https:\/\/www.mpppst.gob.ve\/mpppstweb\/#\/schema\/logo\/image\/\",\"url\":\"https:\/\/www.mpppst.gob.ve\/mpppstweb\/wp-content\/uploads\/2025\/07\/cropped-cropped-g910.png\",\"contentUrl\":\"https:\/\/www.mpppst.gob.ve\/mpppstweb\/wp-content\/uploads\/2025\/07\/cropped-cropped-g910.png\",\"width\":1080,\"height\":241,\"caption\":\"mpppst\"},\"image\":{\"@id\":\"https:\/\/www.mpppst.gob.ve\/mpppstweb\/#\/schema\/logo\/image\/\"}},{\"@type\":\"Person\",\"@id\":\"https:\/\/www.mpppst.gob.ve\/mpppstweb\/#\/schema\/person\/fc187ee8ead412bd4c9304b62f900ea4\",\"name\":\"MPPPST Prensa\",\"url\":\"https:\/\/www.mpppst.gob.ve\/mpppstweb\/index.php\/author\/prensa-mpppst\/\"}]}<\/script>\n<!-- \/ Yoast SEO plugin. -->","yoast_head_json":{"title":"El pueblo venezolano celebra natalicio del comandante Ch\u00e1vez en el Cuartel de la Monta\u00f1a - MPPPST","robots":{"index":"index","follow":"follow","max-snippet":"max-snippet:-1","max-image-preview":"max-image-preview:large","max-video-preview":"max-video-preview:-1"},"canonical":"https:\/\/www.mpppst.gob.ve\/mpppstweb\/index.php\/2017\/07\/28\/el-pueblo-venezolano-celebra-natalicio-del-comandante-chavez-en-el-cuartel-de-la-montana\/","og_locale":"es_ES","og_type":"article","og_title":"El pueblo venezolano celebra natalicio del comandante Ch\u00e1vez en el Cuartel de la Monta\u00f1a - MPPPST","og_description":"AVN.- El pueblo venezolano participa de las actividades celebratorias por el 63 aniversario del natalicio del &hellip; El pueblo venezolano celebra natalicio del comandante Ch\u00e1vez en el Cuartel de la Monta\u00f1aRead more","og_url":"https:\/\/www.mpppst.gob.ve\/mpppstweb\/index.php\/2017\/07\/28\/el-pueblo-venezolano-celebra-natalicio-del-comandante-chavez-en-el-cuartel-de-la-montana\/","og_site_name":"MPPPST","article_published_time":"2017-07-28T21:07:44+00:00","og_image":[{"width":800,"height":445,"url":"https:\/\/www.mpppst.gob.ve\/mpppstweb\/wp-content\/uploads\/2017\/07\/img_90871488752091.jpg","type":"image\/jpeg"}],"author":"MPPPST Prensa","twitter_card":"summary_large_image","twitter_misc":{"Escrito por":"MPPPST Prensa"},"schema":{"@context":"https:\/\/schema.org","@graph":[{"@type":"Article","@id":"https:\/\/www.mpppst.gob.ve\/mpppstweb\/index.php\/2017\/07\/28\/el-pueblo-venezolano-celebra-natalicio-del-comandante-chavez-en-el-cuartel-de-la-montana\/#article","isPartOf":{"@id":"https:\/\/www.mpppst.gob.ve\/mpppstweb\/index.php\/2017\/07\/28\/el-pueblo-venezolano-celebra-natalicio-del-comandante-chavez-en-el-cuartel-de-la-montana\/"},"author":{"name":"MPPPST Prensa","@id":"https:\/\/www.mpppst.gob.ve\/mpppstweb\/#\/schema\/person\/fc187ee8ead412bd4c9304b62f900ea4"},"headline":"El pueblo venezolano celebra natalicio del comandante Ch\u00e1vez en el Cuartel de la Monta\u00f1a","datePublished":"2017-07-28T21:07:44+00:00","dateModified":"2017-07-28T21:07:44+00:00","mainEntityOfPage":{"@id":"https:\/\/www.mpppst.gob.ve\/mpppstweb\/index.php\/2017\/07\/28\/el-pueblo-venezolano-celebra-natalicio-del-comandante-chavez-en-el-cuartel-de-la-montana\/"},"wordCount":110,"publisher":{"@id":"https:\/\/www.mpppst.gob.ve\/mpppstweb\/#organization"},"image":{"@id":"https:\/\/www.mpppst.gob.ve\/mpppstweb\/index.php\/2017\/07\/28\/el-pueblo-venezolano-celebra-natalicio-del-comandante-chavez-en-el-cuartel-de-la-montana\/#primaryimage"},"thumbnailUrl":"https:\/\/www.mpppst.gob.ve\/mpppstweb\/wp-content\/uploads\/2017\/07\/img_90871488752091.jpg","articleSection":["Gobierno Nacional","Noticias"],"inLanguage":"es"},{"@type":"WebPage","@id":"https:\/\/www.mpppst.gob.ve\/mpppstweb\/index.php\/2017\/07\/28\/el-pueblo-venezolano-celebra-natalicio-del-comandante-chavez-en-el-cuartel-de-la-montana\/","url":"https:\/\/www.mpppst.gob.ve\/mpppstweb\/index.php\/2017\/07\/28\/el-pueblo-venezolano-celebra-natalicio-del-comandante-chavez-en-el-cuartel-de-la-montana\/","name":"El pueblo venezolano celebra natalicio del comandante Ch\u00e1vez en el Cuartel de la Monta\u00f1a - MPPPST","isPartOf":{"@id":"https:\/\/www.mpppst.gob.ve\/mpppstweb\/#website"},"primaryImageOfPage":{"@id":"https:\/\/www.mpppst.gob.ve\/mpppstweb\/index.php\/2017\/07\/28\/el-pueblo-venezolano-celebra-natalicio-del-comandante-chavez-en-el-cuartel-de-la-montana\/#primaryimage"},"image":{"@id":"https:\/\/www.mpppst.gob.ve\/mpppstweb\/index.php\/2017\/07\/28\/el-pueblo-venezolano-celebra-natalicio-del-comandante-chavez-en-el-cuartel-de-la-montana\/#primaryimage"},"thumbnailUrl":"https:\/\/www.mpppst.gob.ve\/mpppstweb\/wp-content\/uploads\/2017\/07\/img_90871488752091.jpg","datePublished":"2017-07-28T21:07:44+00:00","dateModified":"2017-07-28T21:07:44+00:00","breadcrumb":{"@id":"https:\/\/www.mpppst.gob.ve\/mpppstweb\/index.php\/2017\/07\/28\/el-pueblo-venezolano-celebra-natalicio-del-comandante-chavez-en-el-cuartel-de-la-montana\/#breadcrumb"},"inLanguage":"es","potentialAction":[{"@type":"ReadAction","target":["https:\/\/www.mpppst.gob.ve\/mpppstweb\/index.php\/2017\/07\/28\/el-pueblo-venezolano-celebra-natalicio-del-comandante-chavez-en-el-cuartel-de-la-montana\/"]}]},{"@type":"ImageObject","inLanguage":"es","@id":"https:\/\/www.mpppst.gob.ve\/mpppstweb\/index.php\/2017\/07\/28\/el-pueblo-venezolano-celebra-natalicio-del-comandante-chavez-en-el-cuartel-de-la-montana\/#primaryimage","url":"https:\/\/www.mpppst.gob.ve\/mpppstweb\/wp-content\/uploads\/2017\/07\/img_90871488752091.jpg","contentUrl":"https:\/\/www.mpppst.gob.ve\/mpppstweb\/wp-content\/uploads\/2017\/07\/img_90871488752091.jpg","width":800,"height":445},{"@type":"BreadcrumbList","@id":"https:\/\/www.mpppst.gob.ve\/mpppstweb\/index.php\/2017\/07\/28\/el-pueblo-venezolano-celebra-natalicio-del-comandante-chavez-en-el-cuartel-de-la-montana\/#breadcrumb","itemListElement":[{"@type":"ListItem","position":1,"name":"Home","item":"https:\/\/www.mpppst.gob.ve\/mpppstweb\/"},{"@type":"ListItem","position":2,"name":"El pueblo venezolano celebra natalicio del comandante Ch\u00e1vez en el Cuartel de la Monta\u00f1a"}]},{"@type":"WebSite","@id":"https:\/\/www.mpppst.gob.ve\/mpppstweb\/#website","url":"https:\/\/www.mpppst.gob.ve\/mpppstweb\/","name":"MPPPST","description":"Ministerio del Poder Popular para el Proceso Social de Trabajo","publisher":{"@id":"https:\/\/www.mpppst.gob.ve\/mpppstweb\/#organization"},"potentialAction":[{"@type":"SearchAction","target":{"@type":"EntryPoint","urlTemplate":"https:\/\/www.mpppst.gob.ve\/mpppstweb\/?s={search_term_string}"},"query-input":"required name=search_term_string"}],"inLanguage":"es"},{"@type":"Organization","@id":"https:\/\/www.mpppst.gob.ve\/mpppstweb\/#organization","name":"mpppst","url":"https:\/\/www.mpppst.gob.ve\/mpppstweb\/","logo":{"@type":"ImageObject","inLanguage":"es","@id":"https:\/\/www.mpppst.gob.ve\/mpppstweb\/#\/schema\/logo\/image\/","url":"https:\/\/www.mpppst.gob.ve\/mpppstweb\/wp-content\/uploads\/2025\/07\/cropped-cropped-g910.png","contentUrl":"https:\/\/www.mpppst.gob.ve\/mpppstweb\/wp-content\/uploads\/2025\/07\/cropped-cropped-g910.png","width":1080,"height":241,"caption":"mpppst"},"image":{"@id":"https:\/\/www.mpppst.gob.ve\/mpppstweb\/#\/schema\/logo\/image\/"}},{"@type":"Person","@id":"https:\/\/www.mpppst.gob.ve\/mpppstweb\/#\/schema\/person\/fc187ee8ead412bd4c9304b62f900ea4","name":"MPPPST Prensa","url":"https:\/\/www.mpppst.gob.ve\/mpppstweb\/index.php\/author\/prensa-mpppst\/"}]}},"_links":{"self":[{"href":"https:\/\/www.mpppst.gob.ve\/mpppstweb\/index.php\/wp-json\/wp\/v2\/posts\/12334"}],"collection":[{"href":"https:\/\/www.mpppst.gob.ve\/mpppstweb\/index.php\/wp-json\/wp\/v2\/posts"}],"about":[{"href":"https:\/\/www.mpppst.gob.ve\/mpppstweb\/index.php\/wp-json\/wp\/v2\/types\/post"}],"author":[{"embeddable":true,"href":"https:\/\/www.mpppst.gob.ve\/mpppstweb\/index.php\/wp-json\/wp\/v2\/users\/25"}],"replies":[{"embeddable":true,"href":"https:\/\/www.mpppst.gob.ve\/mpppstweb\/index.php\/wp-json\/wp\/v2\/comments?post=12334"}],"version-history":[{"count":1,"href":"https:\/\/www.mpppst.gob.ve\/mpppstweb\/index.php\/wp-json\/wp\/v2\/posts\/12334\/revisions"}],"predecessor-version":[{"id":12336,"href":"https:\/\/www.mpppst.gob.ve\/mpppstweb\/index.php\/wp-json\/wp\/v2\/posts\/12334\/revisions\/12336"}],"wp:featuredmedia":[{"embeddable":true,"href":"https:\/\/www.mpppst.gob.ve\/mpppstweb\/index.php\/wp-json\/wp\/v2\/media\/12335"}],"wp:attachment":[{"href":"https:\/\/www.mpppst.gob.ve\/mpppstweb\/index.php\/wp-json\/wp\/v2\/media?parent=12334"}],"wp:term":[{"taxonomy":"category","embeddable":true,"href":"https:\/\/www.mpppst.gob.ve\/mpppstweb\/index.php\/wp-json\/wp\/v2\/categories?post=12334"},{"taxonomy":"post_tag","embeddable":true,"href":"https:\/\/www.mpppst.gob.ve\/mpppstweb\/index.php\/wp-json\/wp\/v2\/tags?post=12334"}],"curies":[{"name":"wp","href":"https:\/\/api.w.org\/{rel}","templated":true}]}}