{"id":12337,"date":"2017-07-28T17:11:12","date_gmt":"2017-07-28T21:11:12","guid":{"rendered":"http:\/\/www.mpppst.gob.ve\/mpppstweb\/?p=12337"},"modified":"2017-07-28T17:11:12","modified_gmt":"2017-07-28T21:11:12","slug":"ninas-y-ninos-seran-protagonistas-en-conmemoracion-al-natalicio-del-comandante-chavez","status":"publish","type":"post","link":"https:\/\/www.mpppst.gob.ve\/mpppstweb\/index.php\/2017\/07\/28\/ninas-y-ninos-seran-protagonistas-en-conmemoracion-al-natalicio-del-comandante-chavez\/","title":{"rendered":"Ni\u00f1as y ni\u00f1os ser\u00e1n protagonistas en conmemoraci\u00f3n al natalicio del Comandante Ch\u00e1vez"},"content":{"rendered":"<p>Minci<\/p>\n<p>Las actividades en conmemoraci\u00f3n al\u00a0natalicio del Comandante Hugo Ch\u00e1vez\u00a0que se realizar\u00e1n en el\u00a0Cuartel de la Monta\u00f1a,\u00a0en la parroquia 23 de Enero en Caracas, arrancar\u00e1n este viernes y estar\u00e1n orientadas a los ni\u00f1os, inform\u00f3 este jueves la integrante de la Fundaci\u00f3n Comandante Eterno Hugo Ch\u00e1vez, Ana Sof\u00eda Cabezas.<\/p>\n<p>\u201cEn esta ocasi\u00f3n nos enfocamos en los ni\u00f1os porque las celebraciones de\u00a0cumplea\u00f1os son mucho m\u00e1s alegres\u00a0con toda esa vitalidad de los ni\u00f1os\u00a0y de las ni\u00f1as\u201d, expres\u00f3 en entrevista a VTV.<\/p>\n<p>Detall\u00f3 que las actividades comenzar\u00e1n\u00a0a las nueve de la ma\u00f1ana\u00a0y en el Patio Central estar\u00e1n habilitados diferentes estaciones, en las que los ni\u00f1os podr\u00e1n disfrutar de\u00a0actividades did\u00e1cticas\u00a0\u2013como cuentas cuentas y obras de teatro\u2013\u00a0y deportivas.<\/p>\n<p>Entre las actividades resaltan,\u00a0juegos deportivos\u00a0en canchas de futbolito, aros de baloncesto, tenis de mesa y juegos tradicionales. Adem\u00e1s, se realizar\u00e1 el\u00a0juego \u201cConociendo el Ara\u00f1ero\u201d\u00a0y se promover\u00e1 la lectura infantil en espacios que dispondr\u00e1 la Biblioteca Nacional.<\/p>\n<p>Asimismo, agreg\u00f3 quienes asistan podr\u00e1n realizar un\u00a0recorrido guiado por los salones del cuartel, as\u00ed como tambi\u00e9n pasar por la Flor de los Cuatro Elementos, en d\u00f3nde reposa el L\u00edder de la Revoluci\u00f3n Bolivariana.<\/p>\n<p>Cabezas hizo un llamado a todo el pueblo a acercarse hasta el cuartel y disfrutar en familia de esta conmemoraci\u00f3n.<\/p>\n<p>\u201cVengase toda la familia, traiga a sus ni\u00f1os,\u00a0disfrutemos y celebremos estos 63 a\u00f1os de amorde nuestro gigante, Hugo Ch\u00e1vez, los esperamos en el Cuartel de la Monta\u00f1a\u201d, coment\u00f3.<\/p>\n","protected":false},"excerpt":{"rendered":"<p>Minci Las actividades en conmemoraci\u00f3n al\u00a0natalicio del Comandante Hugo Ch\u00e1vez\u00a0que se realizar\u00e1n en el\u00a0Cuartel de la &hellip; <a title=\"Ni\u00f1as y ni\u00f1os ser\u00e1n protagonistas en conmemoraci\u00f3n al natalicio del Comandante Ch\u00e1vez\" class=\"hm-read-more\" href=\"https:\/\/www.mpppst.gob.ve\/mpppstweb\/index.php\/2017\/07\/28\/ninas-y-ninos-seran-protagonistas-en-conmemoracion-al-natalicio-del-comandante-chavez\/\"><span class=\"screen-reader-text\">Ni\u00f1as y ni\u00f1os ser\u00e1n protagonistas en conmemoraci\u00f3n al natalicio del Comandante Ch\u00e1vez<\/span>Read more<\/a><\/p>\n","protected":false},"author":25,"featured_media":12338,"comment_status":"closed","ping_status":"closed","sticky":false,"template":"","format":"standard","meta":{"footnotes":""},"categories":[82,163],"tags":[],"yoast_head":"<!-- This site is optimized with the Yoast SEO plugin v22.5 - https:\/\/yoast.com\/wordpress\/plugins\/seo\/ -->\n<title>Ni\u00f1as y ni\u00f1os ser\u00e1n protagonistas en conmemoraci\u00f3n al natalicio del Comandante Ch\u00e1vez - MPPPST<\/title>\n<meta name=\"robots\" content=\"index, follow, max-snippet:-1, max-image-preview:large, max-video-preview:-1\" \/>\n<link rel=\"canonical\" href=\"https:\/\/www.mpppst.gob.ve\/mpppstweb\/index.php\/2017\/07\/28\/ninas-y-ninos-seran-protagonistas-en-conmemoracion-al-natalicio-del-comandante-chavez\/\" \/>\n<meta property=\"og:locale\" content=\"es_ES\" \/>\n<meta property=\"og:type\" content=\"article\" \/>\n<meta property=\"og:title\" content=\"Ni\u00f1as y ni\u00f1os ser\u00e1n protagonistas en conmemoraci\u00f3n al natalicio del Comandante Ch\u00e1vez - MPPPST\" \/>\n<meta property=\"og:description\" content=\"Minci Las actividades en conmemoraci\u00f3n al\u00a0natalicio del Comandante Hugo Ch\u00e1vez\u00a0que se realizar\u00e1n en el\u00a0Cuartel de la &hellip; Ni\u00f1as y ni\u00f1os ser\u00e1n protagonistas en conmemoraci\u00f3n al natalicio del Comandante Ch\u00e1vezRead more\" \/>\n<meta property=\"og:url\" content=\"https:\/\/www.mpppst.gob.ve\/mpppstweb\/index.php\/2017\/07\/28\/ninas-y-ninos-seran-protagonistas-en-conmemoracion-al-natalicio-del-comandante-chavez\/\" \/>\n<meta property=\"og:site_name\" content=\"MPPPST\" \/>\n<meta property=\"article:published_time\" content=\"2017-07-28T21:11:12+00:00\" \/>\n<meta property=\"og:image\" content=\"https:\/\/www.mpppst.gob.ve\/mpppstweb\/wp-content\/uploads\/2017\/07\/img_89221469818058.jpg\" \/>\n\t<meta property=\"og:image:width\" content=\"800\" \/>\n\t<meta property=\"og:image:height\" content=\"445\" \/>\n\t<meta property=\"og:image:type\" content=\"image\/jpeg\" \/>\n<meta name=\"author\" content=\"MPPPST Prensa\" \/>\n<meta name=\"twitter:card\" content=\"summary_large_image\" \/>\n<meta name=\"twitter:label1\" content=\"Escrito por\" \/>\n\t<meta name=\"twitter:data1\" content=\"MPPPST Prensa\" \/>\n\t<meta name=\"twitter:label2\" content=\"Tiempo de lectura\" \/>\n\t<meta name=\"twitter:data2\" content=\"1 minuto\" \/>\n<script type=\"application\/ld+json\" class=\"yoast-schema-graph\">{\"@context\":\"https:\/\/schema.org\",\"@graph\":[{\"@type\":\"Article\",\"@id\":\"https:\/\/www.mpppst.gob.ve\/mpppstweb\/index.php\/2017\/07\/28\/ninas-y-ninos-seran-protagonistas-en-conmemoracion-al-natalicio-del-comandante-chavez\/#article\",\"isPartOf\":{\"@id\":\"https:\/\/www.mpppst.gob.ve\/mpppstweb\/index.php\/2017\/07\/28\/ninas-y-ninos-seran-protagonistas-en-conmemoracion-al-natalicio-del-comandante-chavez\/\"},\"author\":{\"name\":\"MPPPST Prensa\",\"@id\":\"https:\/\/www.mpppst.gob.ve\/mpppstweb\/#\/schema\/person\/fc187ee8ead412bd4c9304b62f900ea4\"},\"headline\":\"Ni\u00f1as y ni\u00f1os ser\u00e1n protagonistas en conmemoraci\u00f3n al natalicio del Comandante Ch\u00e1vez\",\"datePublished\":\"2017-07-28T21:11:12+00:00\",\"dateModified\":\"2017-07-28T21:11:12+00:00\",\"mainEntityOfPage\":{\"@id\":\"https:\/\/www.mpppst.gob.ve\/mpppstweb\/index.php\/2017\/07\/28\/ninas-y-ninos-seran-protagonistas-en-conmemoracion-al-natalicio-del-comandante-chavez\/\"},\"wordCount\":296,\"publisher\":{\"@id\":\"https:\/\/www.mpppst.gob.ve\/mpppstweb\/#organization\"},\"image\":{\"@id\":\"https:\/\/www.mpppst.gob.ve\/mpppstweb\/index.php\/2017\/07\/28\/ninas-y-ninos-seran-protagonistas-en-conmemoracion-al-natalicio-del-comandante-chavez\/#primaryimage\"},\"thumbnailUrl\":\"https:\/\/www.mpppst.gob.ve\/mpppstweb\/wp-content\/uploads\/2017\/07\/img_89221469818058.jpg\",\"articleSection\":[\"Gobierno Nacional\",\"Noticias\"],\"inLanguage\":\"es\"},{\"@type\":\"WebPage\",\"@id\":\"https:\/\/www.mpppst.gob.ve\/mpppstweb\/index.php\/2017\/07\/28\/ninas-y-ninos-seran-protagonistas-en-conmemoracion-al-natalicio-del-comandante-chavez\/\",\"url\":\"https:\/\/www.mpppst.gob.ve\/mpppstweb\/index.php\/2017\/07\/28\/ninas-y-ninos-seran-protagonistas-en-conmemoracion-al-natalicio-del-comandante-chavez\/\",\"name\":\"Ni\u00f1as y ni\u00f1os ser\u00e1n protagonistas en conmemoraci\u00f3n al natalicio del Comandante Ch\u00e1vez - MPPPST\",\"isPartOf\":{\"@id\":\"https:\/\/www.mpppst.gob.ve\/mpppstweb\/#website\"},\"primaryImageOfPage\":{\"@id\":\"https:\/\/www.mpppst.gob.ve\/mpppstweb\/index.php\/2017\/07\/28\/ninas-y-ninos-seran-protagonistas-en-conmemoracion-al-natalicio-del-comandante-chavez\/#primaryimage\"},\"image\":{\"@id\":\"https:\/\/www.mpppst.gob.ve\/mpppstweb\/index.php\/2017\/07\/28\/ninas-y-ninos-seran-protagonistas-en-conmemoracion-al-natalicio-del-comandante-chavez\/#primaryimage\"},\"thumbnailUrl\":\"https:\/\/www.mpppst.gob.ve\/mpppstweb\/wp-content\/uploads\/2017\/07\/img_89221469818058.jpg\",\"datePublished\":\"2017-07-28T21:11:12+00:00\",\"dateModified\":\"2017-07-28T21:11:12+00:00\",\"breadcrumb\":{\"@id\":\"https:\/\/www.mpppst.gob.ve\/mpppstweb\/index.php\/2017\/07\/28\/ninas-y-ninos-seran-protagonistas-en-conmemoracion-al-natalicio-del-comandante-chavez\/#breadcrumb\"},\"inLanguage\":\"es\",\"potentialAction\":[{\"@type\":\"ReadAction\",\"target\":[\"https:\/\/www.mpppst.gob.ve\/mpppstweb\/index.php\/2017\/07\/28\/ninas-y-ninos-seran-protagonistas-en-conmemoracion-al-natalicio-del-comandante-chavez\/\"]}]},{\"@type\":\"ImageObject\",\"inLanguage\":\"es\",\"@id\":\"https:\/\/www.mpppst.gob.ve\/mpppstweb\/index.php\/2017\/07\/28\/ninas-y-ninos-seran-protagonistas-en-conmemoracion-al-natalicio-del-comandante-chavez\/#primaryimage\",\"url\":\"https:\/\/www.mpppst.gob.ve\/mpppstweb\/wp-content\/uploads\/2017\/07\/img_89221469818058.jpg\",\"contentUrl\":\"https:\/\/www.mpppst.gob.ve\/mpppstweb\/wp-content\/uploads\/2017\/07\/img_89221469818058.jpg\",\"width\":800,\"height\":445},{\"@type\":\"BreadcrumbList\",\"@id\":\"https:\/\/www.mpppst.gob.ve\/mpppstweb\/index.php\/2017\/07\/28\/ninas-y-ninos-seran-protagonistas-en-conmemoracion-al-natalicio-del-comandante-chavez\/#breadcrumb\",\"itemListElement\":[{\"@type\":\"ListItem\",\"position\":1,\"name\":\"Home\",\"item\":\"https:\/\/www.mpppst.gob.ve\/mpppstweb\/\"},{\"@type\":\"ListItem\",\"position\":2,\"name\":\"Ni\u00f1as y ni\u00f1os ser\u00e1n protagonistas en conmemoraci\u00f3n al natalicio del Comandante Ch\u00e1vez\"}]},{\"@type\":\"WebSite\",\"@id\":\"https:\/\/www.mpppst.gob.ve\/mpppstweb\/#website\",\"url\":\"https:\/\/www.mpppst.gob.ve\/mpppstweb\/\",\"name\":\"MPPPST\",\"description\":\"Ministerio del Poder Popular para el Proceso Social de Trabajo\",\"publisher\":{\"@id\":\"https:\/\/www.mpppst.gob.ve\/mpppstweb\/#organization\"},\"potentialAction\":[{\"@type\":\"SearchAction\",\"target\":{\"@type\":\"EntryPoint\",\"urlTemplate\":\"https:\/\/www.mpppst.gob.ve\/mpppstweb\/?s={search_term_string}\"},\"query-input\":\"required name=search_term_string\"}],\"inLanguage\":\"es\"},{\"@type\":\"Organization\",\"@id\":\"https:\/\/www.mpppst.gob.ve\/mpppstweb\/#organization\",\"name\":\"mpppst\",\"url\":\"https:\/\/www.mpppst.gob.ve\/mpppstweb\/\",\"logo\":{\"@type\":\"ImageObject\",\"inLanguage\":\"es\",\"@id\":\"https:\/\/www.mpppst.gob.ve\/mpppstweb\/#\/schema\/logo\/image\/\",\"url\":\"https:\/\/www.mpppst.gob.ve\/mpppstweb\/wp-content\/uploads\/2025\/07\/cropped-cropped-g910.png\",\"contentUrl\":\"https:\/\/www.mpppst.gob.ve\/mpppstweb\/wp-content\/uploads\/2025\/07\/cropped-cropped-g910.png\",\"width\":1080,\"height\":241,\"caption\":\"mpppst\"},\"image\":{\"@id\":\"https:\/\/www.mpppst.gob.ve\/mpppstweb\/#\/schema\/logo\/image\/\"}},{\"@type\":\"Person\",\"@id\":\"https:\/\/www.mpppst.gob.ve\/mpppstweb\/#\/schema\/person\/fc187ee8ead412bd4c9304b62f900ea4\",\"name\":\"MPPPST Prensa\",\"url\":\"https:\/\/www.mpppst.gob.ve\/mpppstweb\/index.php\/author\/prensa-mpppst\/\"}]}<\/script>\n<!-- \/ Yoast SEO plugin. -->","yoast_head_json":{"title":"Ni\u00f1as y ni\u00f1os ser\u00e1n protagonistas en conmemoraci\u00f3n al natalicio del Comandante Ch\u00e1vez - MPPPST","robots":{"index":"index","follow":"follow","max-snippet":"max-snippet:-1","max-image-preview":"max-image-preview:large","max-video-preview":"max-video-preview:-1"},"canonical":"https:\/\/www.mpppst.gob.ve\/mpppstweb\/index.php\/2017\/07\/28\/ninas-y-ninos-seran-protagonistas-en-conmemoracion-al-natalicio-del-comandante-chavez\/","og_locale":"es_ES","og_type":"article","og_title":"Ni\u00f1as y ni\u00f1os ser\u00e1n protagonistas en conmemoraci\u00f3n al natalicio del Comandante Ch\u00e1vez - MPPPST","og_description":"Minci Las actividades en conmemoraci\u00f3n al\u00a0natalicio del Comandante Hugo Ch\u00e1vez\u00a0que se realizar\u00e1n en el\u00a0Cuartel de la &hellip; Ni\u00f1as y ni\u00f1os ser\u00e1n protagonistas en conmemoraci\u00f3n al natalicio del Comandante Ch\u00e1vezRead more","og_url":"https:\/\/www.mpppst.gob.ve\/mpppstweb\/index.php\/2017\/07\/28\/ninas-y-ninos-seran-protagonistas-en-conmemoracion-al-natalicio-del-comandante-chavez\/","og_site_name":"MPPPST","article_published_time":"2017-07-28T21:11:12+00:00","og_image":[{"width":800,"height":445,"url":"https:\/\/www.mpppst.gob.ve\/mpppstweb\/wp-content\/uploads\/2017\/07\/img_89221469818058.jpg","type":"image\/jpeg"}],"author":"MPPPST Prensa","twitter_card":"summary_large_image","twitter_misc":{"Escrito por":"MPPPST Prensa","Tiempo de lectura":"1 minuto"},"schema":{"@context":"https:\/\/schema.org","@graph":[{"@type":"Article","@id":"https:\/\/www.mpppst.gob.ve\/mpppstweb\/index.php\/2017\/07\/28\/ninas-y-ninos-seran-protagonistas-en-conmemoracion-al-natalicio-del-comandante-chavez\/#article","isPartOf":{"@id":"https:\/\/www.mpppst.gob.ve\/mpppstweb\/index.php\/2017\/07\/28\/ninas-y-ninos-seran-protagonistas-en-conmemoracion-al-natalicio-del-comandante-chavez\/"},"author":{"name":"MPPPST Prensa","@id":"https:\/\/www.mpppst.gob.ve\/mpppstweb\/#\/schema\/person\/fc187ee8ead412bd4c9304b62f900ea4"},"headline":"Ni\u00f1as y ni\u00f1os ser\u00e1n protagonistas en conmemoraci\u00f3n al natalicio del Comandante Ch\u00e1vez","datePublished":"2017-07-28T21:11:12+00:00","dateModified":"2017-07-28T21:11:12+00:00","mainEntityOfPage":{"@id":"https:\/\/www.mpppst.gob.ve\/mpppstweb\/index.php\/2017\/07\/28\/ninas-y-ninos-seran-protagonistas-en-conmemoracion-al-natalicio-del-comandante-chavez\/"},"wordCount":296,"publisher":{"@id":"https:\/\/www.mpppst.gob.ve\/mpppstweb\/#organization"},"image":{"@id":"https:\/\/www.mpppst.gob.ve\/mpppstweb\/index.php\/2017\/07\/28\/ninas-y-ninos-seran-protagonistas-en-conmemoracion-al-natalicio-del-comandante-chavez\/#primaryimage"},"thumbnailUrl":"https:\/\/www.mpppst.gob.ve\/mpppstweb\/wp-content\/uploads\/2017\/07\/img_89221469818058.jpg","articleSection":["Gobierno Nacional","Noticias"],"inLanguage":"es"},{"@type":"WebPage","@id":"https:\/\/www.mpppst.gob.ve\/mpppstweb\/index.php\/2017\/07\/28\/ninas-y-ninos-seran-protagonistas-en-conmemoracion-al-natalicio-del-comandante-chavez\/","url":"https:\/\/www.mpppst.gob.ve\/mpppstweb\/index.php\/2017\/07\/28\/ninas-y-ninos-seran-protagonistas-en-conmemoracion-al-natalicio-del-comandante-chavez\/","name":"Ni\u00f1as y ni\u00f1os ser\u00e1n protagonistas en conmemoraci\u00f3n al natalicio del Comandante Ch\u00e1vez - MPPPST","isPartOf":{"@id":"https:\/\/www.mpppst.gob.ve\/mpppstweb\/#website"},"primaryImageOfPage":{"@id":"https:\/\/www.mpppst.gob.ve\/mpppstweb\/index.php\/2017\/07\/28\/ninas-y-ninos-seran-protagonistas-en-conmemoracion-al-natalicio-del-comandante-chavez\/#primaryimage"},"image":{"@id":"https:\/\/www.mpppst.gob.ve\/mpppstweb\/index.php\/2017\/07\/28\/ninas-y-ninos-seran-protagonistas-en-conmemoracion-al-natalicio-del-comandante-chavez\/#primaryimage"},"thumbnailUrl":"https:\/\/www.mpppst.gob.ve\/mpppstweb\/wp-content\/uploads\/2017\/07\/img_89221469818058.jpg","datePublished":"2017-07-28T21:11:12+00:00","dateModified":"2017-07-28T21:11:12+00:00","breadcrumb":{"@id":"https:\/\/www.mpppst.gob.ve\/mpppstweb\/index.php\/2017\/07\/28\/ninas-y-ninos-seran-protagonistas-en-conmemoracion-al-natalicio-del-comandante-chavez\/#breadcrumb"},"inLanguage":"es","potentialAction":[{"@type":"ReadAction","target":["https:\/\/www.mpppst.gob.ve\/mpppstweb\/index.php\/2017\/07\/28\/ninas-y-ninos-seran-protagonistas-en-conmemoracion-al-natalicio-del-comandante-chavez\/"]}]},{"@type":"ImageObject","inLanguage":"es","@id":"https:\/\/www.mpppst.gob.ve\/mpppstweb\/index.php\/2017\/07\/28\/ninas-y-ninos-seran-protagonistas-en-conmemoracion-al-natalicio-del-comandante-chavez\/#primaryimage","url":"https:\/\/www.mpppst.gob.ve\/mpppstweb\/wp-content\/uploads\/2017\/07\/img_89221469818058.jpg","contentUrl":"https:\/\/www.mpppst.gob.ve\/mpppstweb\/wp-content\/uploads\/2017\/07\/img_89221469818058.jpg","width":800,"height":445},{"@type":"BreadcrumbList","@id":"https:\/\/www.mpppst.gob.ve\/mpppstweb\/index.php\/2017\/07\/28\/ninas-y-ninos-seran-protagonistas-en-conmemoracion-al-natalicio-del-comandante-chavez\/#breadcrumb","itemListElement":[{"@type":"ListItem","position":1,"name":"Home","item":"https:\/\/www.mpppst.gob.ve\/mpppstweb\/"},{"@type":"ListItem","position":2,"name":"Ni\u00f1as y ni\u00f1os ser\u00e1n protagonistas en conmemoraci\u00f3n al natalicio del Comandante Ch\u00e1vez"}]},{"@type":"WebSite","@id":"https:\/\/www.mpppst.gob.ve\/mpppstweb\/#website","url":"https:\/\/www.mpppst.gob.ve\/mpppstweb\/","name":"MPPPST","description":"Ministerio del Poder Popular para el Proceso Social de Trabajo","publisher":{"@id":"https:\/\/www.mpppst.gob.ve\/mpppstweb\/#organization"},"potentialAction":[{"@type":"SearchAction","target":{"@type":"EntryPoint","urlTemplate":"https:\/\/www.mpppst.gob.ve\/mpppstweb\/?s={search_term_string}"},"query-input":"required name=search_term_string"}],"inLanguage":"es"},{"@type":"Organization","@id":"https:\/\/www.mpppst.gob.ve\/mpppstweb\/#organization","name":"mpppst","url":"https:\/\/www.mpppst.gob.ve\/mpppstweb\/","logo":{"@type":"ImageObject","inLanguage":"es","@id":"https:\/\/www.mpppst.gob.ve\/mpppstweb\/#\/schema\/logo\/image\/","url":"https:\/\/www.mpppst.gob.ve\/mpppstweb\/wp-content\/uploads\/2025\/07\/cropped-cropped-g910.png","contentUrl":"https:\/\/www.mpppst.gob.ve\/mpppstweb\/wp-content\/uploads\/2025\/07\/cropped-cropped-g910.png","width":1080,"height":241,"caption":"mpppst"},"image":{"@id":"https:\/\/www.mpppst.gob.ve\/mpppstweb\/#\/schema\/logo\/image\/"}},{"@type":"Person","@id":"https:\/\/www.mpppst.gob.ve\/mpppstweb\/#\/schema\/person\/fc187ee8ead412bd4c9304b62f900ea4","name":"MPPPST Prensa","url":"https:\/\/www.mpppst.gob.ve\/mpppstweb\/index.php\/author\/prensa-mpppst\/"}]}},"_links":{"self":[{"href":"https:\/\/www.mpppst.gob.ve\/mpppstweb\/index.php\/wp-json\/wp\/v2\/posts\/12337"}],"collection":[{"href":"https:\/\/www.mpppst.gob.ve\/mpppstweb\/index.php\/wp-json\/wp\/v2\/posts"}],"about":[{"href":"https:\/\/www.mpppst.gob.ve\/mpppstweb\/index.php\/wp-json\/wp\/v2\/types\/post"}],"author":[{"embeddable":true,"href":"https:\/\/www.mpppst.gob.ve\/mpppstweb\/index.php\/wp-json\/wp\/v2\/users\/25"}],"replies":[{"embeddable":true,"href":"https:\/\/www.mpppst.gob.ve\/mpppstweb\/index.php\/wp-json\/wp\/v2\/comments?post=12337"}],"version-history":[{"count":1,"href":"https:\/\/www.mpppst.gob.ve\/mpppstweb\/index.php\/wp-json\/wp\/v2\/posts\/12337\/revisions"}],"predecessor-version":[{"id":12339,"href":"https:\/\/www.mpppst.gob.ve\/mpppstweb\/index.php\/wp-json\/wp\/v2\/posts\/12337\/revisions\/12339"}],"wp:featuredmedia":[{"embeddable":true,"href":"https:\/\/www.mpppst.gob.ve\/mpppstweb\/index.php\/wp-json\/wp\/v2\/media\/12338"}],"wp:attachment":[{"href":"https:\/\/www.mpppst.gob.ve\/mpppstweb\/index.php\/wp-json\/wp\/v2\/media?parent=12337"}],"wp:term":[{"taxonomy":"category","embeddable":true,"href":"https:\/\/www.mpppst.gob.ve\/mpppstweb\/index.php\/wp-json\/wp\/v2\/categories?post=12337"},{"taxonomy":"post_tag","embeddable":true,"href":"https:\/\/www.mpppst.gob.ve\/mpppstweb\/index.php\/wp-json\/wp\/v2\/tags?post=12337"}],"curies":[{"name":"wp","href":"https:\/\/api.w.org\/{rel}","templated":true}]}}