{"id":12340,"date":"2017-07-28T17:21:35","date_gmt":"2017-07-28T21:21:35","guid":{"rendered":"http:\/\/www.mpppst.gob.ve\/mpppstweb\/?p=12340"},"modified":"2017-08-01T14:16:26","modified_gmt":"2017-08-01T18:16:26","slug":"a-proposito-de-su-cumpleanos-chavez-artesano-de-la-conciencia","status":"publish","type":"post","link":"https:\/\/www.mpppst.gob.ve\/mpppstweb\/index.php\/2017\/07\/28\/a-proposito-de-su-cumpleanos-chavez-artesano-de-la-conciencia\/","title":{"rendered":"Ch\u00e1vez, artesano de la conciencia"},"content":{"rendered":"<p>Por: Marbelys Mav\u00e1rez Laguna<\/p>\n<p>\u2026 Cuando el ser humano tiene conciencia sobre la realidad, ostenta conocimiento sobre los asuntos que le ata\u00f1en. Significa que al poseer conciencia sobre la realidad hist\u00f3rica y social, al sujeto hist\u00f3rico solo le falta aprehender las herramientas para abordar tal realidad, para hacerla suya y por lo tanto para coadyuvar con los procesos de transformaci\u00f3n necesarios. De tal forma que poco a poco Ch\u00e1vez se fue proyectando como un <strong>labrador de la conciencia<\/strong>.<\/p>\n<p>En ese impulso de la conciencia, Ch\u00e1vez empez\u00f3 a resignificar una serie de categor\u00edas que otrora luc\u00edan anquilosadas en un pasado que muy poco tributaba al presente. Fue entonces cuando Ch\u00e1vez empez\u00f3 a hablar de <strong>pueblo<\/strong>, como categor\u00eda necesaria que representaba a las grandes mayor\u00edas del pa\u00eds, a los pobres, a los excluidos hist\u00f3ricos\u2026. Y lo volvi\u00f3 su pueblo, su amigo, su aliado. Porque los pobres empezaron a comprender que en Ch\u00e1vez ten\u00edan a alguien que a su vez los entend\u00eda, un verdadero interlocutor. Eso se denomina <strong>empat\u00eda<\/strong>. De tal manera que su empat\u00eda, hicieron compatible el d\u00fao Ch\u00e1vez\u2013pueblo.<\/p>\n<p><strong>Un comunicador nato<\/strong><\/p>\n<p>En aquellos 68 segundos que dur\u00f3 la intervenci\u00f3n del Teniente Coronel Hugo Ch\u00e1vez Fr\u00edas, a trav\u00e9s de los medios de difusi\u00f3n masivos con el fin de solicitar a los rebeldes que lo acompa\u00f1aron el 4 de Febrero de 1992 que depusieran las armas, debido a que los objetivos trazados por el Movimiento Bolivariano 200 eran imposibles de lograr, Ch\u00e1vez se expuso como un verdadero comunicador. Fue preciso pero tajante, vehemente, seguro\u2026 Lo m\u00e1s importante: alguien se hac\u00eda responsable de sus actos. Esto caus\u00f3 un efecto de aceptaci\u00f3n inmediata, de esperanza, expectativas, mucho optimismo en la llamada opini\u00f3n p\u00fablica, pues no hay duda de que su discurso cont\u00f3 con una particular \u201cestructuraci\u00f3n\u201d. Ese discurso, producto de una necesidad hist\u00f3rica, se volc\u00f3 hacia el pueblo\u2026 Y el pueblo se volc\u00f3 hacia Ch\u00e1vez, hombre en quien deposit\u00f3 su confianza por m\u00e1s de 20 a\u00f1os.<\/p>\n<p>Por lo tanto, no tiene nada de extra\u00f1o, ajeno, lejano, inveros\u00edmil, que Hugo Ch\u00e1vez Fr\u00edas haya recibido el calificativo de comunicador. Un comunicador nato. Sin estudiar ese complejo proceso, hizo de la comunicaci\u00f3n un ejercicio casi cotidiano en la cual las dimensiones hist\u00f3ricas, las emociones, las representaciones, lo simb\u00f3lico, la narrativa, la diversidad, la interculturalidad, lo singular, lo local, tom\u00f3 cuerpo.<\/p>\n<p>Vale recordar adem\u00e1s sus dotes naturales en materia de publicidad. Ch\u00e1vez fue capaz de desmontar las teor\u00edas que de forma taxativa, inapelable, definitiva dec\u00edan lo inviable que es posicionar un mensaje a partir de una expresi\u00f3n negativa. Ch\u00e1vez demostr\u00f3 que m\u00e1s all\u00e1 del mensaje incide much\u00edsimo quien lo emite y la relaci\u00f3n existente entre \u00e9ste y su interlocutor, am\u00e9n del compromiso entre esos actores para lograr determinados fines.<\/p>\n<p><strong>Su Herencia <\/strong><\/p>\n<p>La herencia que nos dej\u00f3 el Presidente Hugo Ch\u00e1vez Fr\u00edas fue, sin lugar a dudas, esencial. \u00a0En este sentido, quiero rescatar lo siguiente: el Presidente Ch\u00e1vez parti\u00f3 del reconocimiento de la\u00a0 existencia de verdaderos \u00a0problemas presentes en la estructura social: de la pobreza, corrupci\u00f3n, miseria, la gran deuda p\u00fablica, del endeudamiento del pa\u00eds con los organismos financieros internacionales, tales como el Banco Mundial (BM) y el Fondo Monetario Internacional (FMI), la exclusi\u00f3n, la invisibilizaci\u00f3n, la existencia de los grandes poderes f\u00e1cticos (econ\u00f3micos-financieros y pol\u00edticos, en especial) para dar con la esencia de esos fen\u00f3menos\u2026 Asimismo, no menos importante, el Presidente facilit\u00f3 los mecanismos para el reencuentro con la subjetividad. Tambi\u00e9n posibilit\u00f3 que el <strong>pueblo asumiera su condici\u00f3n de sujeto<\/strong>, dio al traste con la cosificaci\u00f3n de la que fue objeto el sujeto social. Promovi\u00f3 una forma de actuar beligerante, cuestionadora. As\u00ed, la voz del pueblo se escuch\u00f3, al tiempo que paulatinamente se hac\u00eda corresponsable de los asuntos que le ata\u00f1\u00edan y le ata\u00f1en.<\/p>\n<p><strong>Artesano de la conciencia<\/strong><\/p>\n<p>Dec\u00eda Ludovico Silva, escritor, ensayista, fil\u00f3sofo y poeta venezolano, considerado como uno de los m\u00e1s importantes intelectuales del siglo XX y de los principales pensadores marxistas de Venezuela \u2013quien, aunque respetado por miembros del sector \u201cintelectual\u201d del pa\u00eds, fue deliberadamente silenciado por otros sectores de la llamada Universidad tradicional-, que no es posible lograr un proceso de transformaci\u00f3n real, aun cuando se transformen las condiciones materiales de los seres humanos, si no existe un proceso de transformaci\u00f3n, en primera instancia, de la conciencia.<\/p>\n<p>Fue justamente en estos complejos procesos donde los sujetos sociales nos incorporamos de la mano del Presidente Ch\u00e1vez, quien promovi\u00f3 la comprensi\u00f3n del significado de la <strong>categor\u00eda Imperio<\/strong>, de sus alcances y consecuencias. Tambi\u00e9n naveg\u00f3 en la teor\u00eda marxista. Reivindic\u00f3 conceptos tales como \u201cdue\u00f1os de los medios de producci\u00f3n, la plusval\u00eda, la explotaci\u00f3n\u201d. Aliment\u00f3 una nueva forma de relaciones internacionales. Rompi\u00f3 con la manera tradicional de vincularse con organismos internacionales (BM,\u00a0 FMI, BID) para dar paso tanto en el verbo como en la acci\u00f3n a nuevos procesos de integraci\u00f3n, tales como la ALBA, UNASUR, CELAC, que a su vez\u00a0 estaban alimentados de la dimensi\u00f3n pol\u00edtica, social, am\u00e9n de la econ\u00f3mica.<\/p>\n<p>Dio la espalda a lo que luci\u00f3 por mucho tiempo como necesario, como ley natural. As\u00ed, como Ley natural los pa\u00edses acud\u00edan al endeudamiento con los organismos financieros internacionales para paliar sus d\u00e9ficits fiscales. Tambi\u00e9n se apelaba a medidas de privatizaci\u00f3n de las empresas del Estado. Pero el Comandante Ch\u00e1vez empez\u00f3 a cuestionar lo que era evidentemente cuestionable. Gracias, Ch\u00e1vez, \u00a1por tanto!<\/p>\n","protected":false},"excerpt":{"rendered":"<p>Por: Marbelys Mav\u00e1rez Laguna \u2026 Cuando el ser humano tiene conciencia sobre la realidad, ostenta conocimiento &hellip; <a title=\"Ch\u00e1vez, artesano de la conciencia\" class=\"hm-read-more\" href=\"https:\/\/www.mpppst.gob.ve\/mpppstweb\/index.php\/2017\/07\/28\/a-proposito-de-su-cumpleanos-chavez-artesano-de-la-conciencia\/\"><span class=\"screen-reader-text\">Ch\u00e1vez, artesano de la conciencia<\/span>Read more<\/a><\/p>\n","protected":false},"author":25,"featured_media":12341,"comment_status":"closed","ping_status":"closed","sticky":false,"template":"","format":"standard","meta":{"footnotes":""},"categories":[82,163],"tags":[],"yoast_head":"<!-- This site is optimized with the Yoast SEO plugin v22.5 - https:\/\/yoast.com\/wordpress\/plugins\/seo\/ -->\n<title>Ch\u00e1vez, artesano de la conciencia - MPPPST<\/title>\n<meta name=\"robots\" content=\"index, follow, max-snippet:-1, max-image-preview:large, max-video-preview:-1\" \/>\n<link rel=\"canonical\" href=\"https:\/\/www.mpppst.gob.ve\/mpppstweb\/index.php\/2017\/07\/28\/a-proposito-de-su-cumpleanos-chavez-artesano-de-la-conciencia\/\" \/>\n<meta property=\"og:locale\" content=\"es_ES\" \/>\n<meta property=\"og:type\" content=\"article\" \/>\n<meta property=\"og:title\" content=\"Ch\u00e1vez, artesano de la conciencia - MPPPST\" \/>\n<meta property=\"og:description\" content=\"Por: Marbelys Mav\u00e1rez Laguna \u2026 Cuando el ser humano tiene conciencia sobre la realidad, ostenta conocimiento &hellip; Ch\u00e1vez, artesano de la concienciaRead more\" \/>\n<meta property=\"og:url\" content=\"https:\/\/www.mpppst.gob.ve\/mpppstweb\/index.php\/2017\/07\/28\/a-proposito-de-su-cumpleanos-chavez-artesano-de-la-conciencia\/\" \/>\n<meta property=\"og:site_name\" content=\"MPPPST\" \/>\n<meta property=\"article:published_time\" content=\"2017-07-28T21:21:35+00:00\" \/>\n<meta property=\"article:modified_time\" content=\"2017-08-01T18:16:26+00:00\" \/>\n<meta property=\"og:image\" content=\"https:\/\/www.mpppst.gob.ve\/mpppstweb\/wp-content\/uploads\/2017\/07\/chavez.jpg\" \/>\n\t<meta property=\"og:image:width\" content=\"800\" \/>\n\t<meta property=\"og:image:height\" content=\"445\" \/>\n\t<meta property=\"og:image:type\" content=\"image\/jpeg\" \/>\n<meta name=\"author\" content=\"MPPPST Prensa\" \/>\n<meta name=\"twitter:card\" content=\"summary_large_image\" \/>\n<meta name=\"twitter:label1\" content=\"Escrito por\" \/>\n\t<meta name=\"twitter:data1\" content=\"MPPPST Prensa\" \/>\n\t<meta name=\"twitter:label2\" content=\"Tiempo de lectura\" \/>\n\t<meta name=\"twitter:data2\" content=\"5 minutos\" \/>\n<script type=\"application\/ld+json\" class=\"yoast-schema-graph\">{\"@context\":\"https:\/\/schema.org\",\"@graph\":[{\"@type\":\"Article\",\"@id\":\"https:\/\/www.mpppst.gob.ve\/mpppstweb\/index.php\/2017\/07\/28\/a-proposito-de-su-cumpleanos-chavez-artesano-de-la-conciencia\/#article\",\"isPartOf\":{\"@id\":\"https:\/\/www.mpppst.gob.ve\/mpppstweb\/index.php\/2017\/07\/28\/a-proposito-de-su-cumpleanos-chavez-artesano-de-la-conciencia\/\"},\"author\":{\"name\":\"MPPPST Prensa\",\"@id\":\"https:\/\/www.mpppst.gob.ve\/mpppstweb\/#\/schema\/person\/fc187ee8ead412bd4c9304b62f900ea4\"},\"headline\":\"Ch\u00e1vez, artesano de la conciencia\",\"datePublished\":\"2017-07-28T21:21:35+00:00\",\"dateModified\":\"2017-08-01T18:16:26+00:00\",\"mainEntityOfPage\":{\"@id\":\"https:\/\/www.mpppst.gob.ve\/mpppstweb\/index.php\/2017\/07\/28\/a-proposito-de-su-cumpleanos-chavez-artesano-de-la-conciencia\/\"},\"wordCount\":976,\"publisher\":{\"@id\":\"https:\/\/www.mpppst.gob.ve\/mpppstweb\/#organization\"},\"image\":{\"@id\":\"https:\/\/www.mpppst.gob.ve\/mpppstweb\/index.php\/2017\/07\/28\/a-proposito-de-su-cumpleanos-chavez-artesano-de-la-conciencia\/#primaryimage\"},\"thumbnailUrl\":\"https:\/\/www.mpppst.gob.ve\/mpppstweb\/wp-content\/uploads\/2017\/07\/chavez.jpg\",\"articleSection\":[\"Gobierno Nacional\",\"Noticias\"],\"inLanguage\":\"es\"},{\"@type\":\"WebPage\",\"@id\":\"https:\/\/www.mpppst.gob.ve\/mpppstweb\/index.php\/2017\/07\/28\/a-proposito-de-su-cumpleanos-chavez-artesano-de-la-conciencia\/\",\"url\":\"https:\/\/www.mpppst.gob.ve\/mpppstweb\/index.php\/2017\/07\/28\/a-proposito-de-su-cumpleanos-chavez-artesano-de-la-conciencia\/\",\"name\":\"Ch\u00e1vez, artesano de la conciencia - MPPPST\",\"isPartOf\":{\"@id\":\"https:\/\/www.mpppst.gob.ve\/mpppstweb\/#website\"},\"primaryImageOfPage\":{\"@id\":\"https:\/\/www.mpppst.gob.ve\/mpppstweb\/index.php\/2017\/07\/28\/a-proposito-de-su-cumpleanos-chavez-artesano-de-la-conciencia\/#primaryimage\"},\"image\":{\"@id\":\"https:\/\/www.mpppst.gob.ve\/mpppstweb\/index.php\/2017\/07\/28\/a-proposito-de-su-cumpleanos-chavez-artesano-de-la-conciencia\/#primaryimage\"},\"thumbnailUrl\":\"https:\/\/www.mpppst.gob.ve\/mpppstweb\/wp-content\/uploads\/2017\/07\/chavez.jpg\",\"datePublished\":\"2017-07-28T21:21:35+00:00\",\"dateModified\":\"2017-08-01T18:16:26+00:00\",\"breadcrumb\":{\"@id\":\"https:\/\/www.mpppst.gob.ve\/mpppstweb\/index.php\/2017\/07\/28\/a-proposito-de-su-cumpleanos-chavez-artesano-de-la-conciencia\/#breadcrumb\"},\"inLanguage\":\"es\",\"potentialAction\":[{\"@type\":\"ReadAction\",\"target\":[\"https:\/\/www.mpppst.gob.ve\/mpppstweb\/index.php\/2017\/07\/28\/a-proposito-de-su-cumpleanos-chavez-artesano-de-la-conciencia\/\"]}]},{\"@type\":\"ImageObject\",\"inLanguage\":\"es\",\"@id\":\"https:\/\/www.mpppst.gob.ve\/mpppstweb\/index.php\/2017\/07\/28\/a-proposito-de-su-cumpleanos-chavez-artesano-de-la-conciencia\/#primaryimage\",\"url\":\"https:\/\/www.mpppst.gob.ve\/mpppstweb\/wp-content\/uploads\/2017\/07\/chavez.jpg\",\"contentUrl\":\"https:\/\/www.mpppst.gob.ve\/mpppstweb\/wp-content\/uploads\/2017\/07\/chavez.jpg\",\"width\":800,\"height\":445},{\"@type\":\"BreadcrumbList\",\"@id\":\"https:\/\/www.mpppst.gob.ve\/mpppstweb\/index.php\/2017\/07\/28\/a-proposito-de-su-cumpleanos-chavez-artesano-de-la-conciencia\/#breadcrumb\",\"itemListElement\":[{\"@type\":\"ListItem\",\"position\":1,\"name\":\"Home\",\"item\":\"https:\/\/www.mpppst.gob.ve\/mpppstweb\/\"},{\"@type\":\"ListItem\",\"position\":2,\"name\":\"Ch\u00e1vez, artesano de la conciencia\"}]},{\"@type\":\"WebSite\",\"@id\":\"https:\/\/www.mpppst.gob.ve\/mpppstweb\/#website\",\"url\":\"https:\/\/www.mpppst.gob.ve\/mpppstweb\/\",\"name\":\"MPPPST\",\"description\":\"Ministerio del Poder Popular para el Proceso Social de Trabajo\",\"publisher\":{\"@id\":\"https:\/\/www.mpppst.gob.ve\/mpppstweb\/#organization\"},\"potentialAction\":[{\"@type\":\"SearchAction\",\"target\":{\"@type\":\"EntryPoint\",\"urlTemplate\":\"https:\/\/www.mpppst.gob.ve\/mpppstweb\/?s={search_term_string}\"},\"query-input\":\"required name=search_term_string\"}],\"inLanguage\":\"es\"},{\"@type\":\"Organization\",\"@id\":\"https:\/\/www.mpppst.gob.ve\/mpppstweb\/#organization\",\"name\":\"mpppst\",\"url\":\"https:\/\/www.mpppst.gob.ve\/mpppstweb\/\",\"logo\":{\"@type\":\"ImageObject\",\"inLanguage\":\"es\",\"@id\":\"https:\/\/www.mpppst.gob.ve\/mpppstweb\/#\/schema\/logo\/image\/\",\"url\":\"https:\/\/www.mpppst.gob.ve\/mpppstweb\/wp-content\/uploads\/2025\/07\/cropped-cropped-g910.png\",\"contentUrl\":\"https:\/\/www.mpppst.gob.ve\/mpppstweb\/wp-content\/uploads\/2025\/07\/cropped-cropped-g910.png\",\"width\":1080,\"height\":241,\"caption\":\"mpppst\"},\"image\":{\"@id\":\"https:\/\/www.mpppst.gob.ve\/mpppstweb\/#\/schema\/logo\/image\/\"}},{\"@type\":\"Person\",\"@id\":\"https:\/\/www.mpppst.gob.ve\/mpppstweb\/#\/schema\/person\/fc187ee8ead412bd4c9304b62f900ea4\",\"name\":\"MPPPST Prensa\",\"url\":\"https:\/\/www.mpppst.gob.ve\/mpppstweb\/index.php\/author\/prensa-mpppst\/\"}]}<\/script>\n<!-- \/ Yoast SEO plugin. -->","yoast_head_json":{"title":"Ch\u00e1vez, artesano de la conciencia - MPPPST","robots":{"index":"index","follow":"follow","max-snippet":"max-snippet:-1","max-image-preview":"max-image-preview:large","max-video-preview":"max-video-preview:-1"},"canonical":"https:\/\/www.mpppst.gob.ve\/mpppstweb\/index.php\/2017\/07\/28\/a-proposito-de-su-cumpleanos-chavez-artesano-de-la-conciencia\/","og_locale":"es_ES","og_type":"article","og_title":"Ch\u00e1vez, artesano de la conciencia - MPPPST","og_description":"Por: Marbelys Mav\u00e1rez Laguna \u2026 Cuando el ser humano tiene conciencia sobre la realidad, ostenta conocimiento &hellip; Ch\u00e1vez, artesano de la concienciaRead more","og_url":"https:\/\/www.mpppst.gob.ve\/mpppstweb\/index.php\/2017\/07\/28\/a-proposito-de-su-cumpleanos-chavez-artesano-de-la-conciencia\/","og_site_name":"MPPPST","article_published_time":"2017-07-28T21:21:35+00:00","article_modified_time":"2017-08-01T18:16:26+00:00","og_image":[{"width":800,"height":445,"url":"https:\/\/www.mpppst.gob.ve\/mpppstweb\/wp-content\/uploads\/2017\/07\/chavez.jpg","type":"image\/jpeg"}],"author":"MPPPST Prensa","twitter_card":"summary_large_image","twitter_misc":{"Escrito por":"MPPPST Prensa","Tiempo de lectura":"5 minutos"},"schema":{"@context":"https:\/\/schema.org","@graph":[{"@type":"Article","@id":"https:\/\/www.mpppst.gob.ve\/mpppstweb\/index.php\/2017\/07\/28\/a-proposito-de-su-cumpleanos-chavez-artesano-de-la-conciencia\/#article","isPartOf":{"@id":"https:\/\/www.mpppst.gob.ve\/mpppstweb\/index.php\/2017\/07\/28\/a-proposito-de-su-cumpleanos-chavez-artesano-de-la-conciencia\/"},"author":{"name":"MPPPST Prensa","@id":"https:\/\/www.mpppst.gob.ve\/mpppstweb\/#\/schema\/person\/fc187ee8ead412bd4c9304b62f900ea4"},"headline":"Ch\u00e1vez, artesano de la conciencia","datePublished":"2017-07-28T21:21:35+00:00","dateModified":"2017-08-01T18:16:26+00:00","mainEntityOfPage":{"@id":"https:\/\/www.mpppst.gob.ve\/mpppstweb\/index.php\/2017\/07\/28\/a-proposito-de-su-cumpleanos-chavez-artesano-de-la-conciencia\/"},"wordCount":976,"publisher":{"@id":"https:\/\/www.mpppst.gob.ve\/mpppstweb\/#organization"},"image":{"@id":"https:\/\/www.mpppst.gob.ve\/mpppstweb\/index.php\/2017\/07\/28\/a-proposito-de-su-cumpleanos-chavez-artesano-de-la-conciencia\/#primaryimage"},"thumbnailUrl":"https:\/\/www.mpppst.gob.ve\/mpppstweb\/wp-content\/uploads\/2017\/07\/chavez.jpg","articleSection":["Gobierno Nacional","Noticias"],"inLanguage":"es"},{"@type":"WebPage","@id":"https:\/\/www.mpppst.gob.ve\/mpppstweb\/index.php\/2017\/07\/28\/a-proposito-de-su-cumpleanos-chavez-artesano-de-la-conciencia\/","url":"https:\/\/www.mpppst.gob.ve\/mpppstweb\/index.php\/2017\/07\/28\/a-proposito-de-su-cumpleanos-chavez-artesano-de-la-conciencia\/","name":"Ch\u00e1vez, artesano de la conciencia - MPPPST","isPartOf":{"@id":"https:\/\/www.mpppst.gob.ve\/mpppstweb\/#website"},"primaryImageOfPage":{"@id":"https:\/\/www.mpppst.gob.ve\/mpppstweb\/index.php\/2017\/07\/28\/a-proposito-de-su-cumpleanos-chavez-artesano-de-la-conciencia\/#primaryimage"},"image":{"@id":"https:\/\/www.mpppst.gob.ve\/mpppstweb\/index.php\/2017\/07\/28\/a-proposito-de-su-cumpleanos-chavez-artesano-de-la-conciencia\/#primaryimage"},"thumbnailUrl":"https:\/\/www.mpppst.gob.ve\/mpppstweb\/wp-content\/uploads\/2017\/07\/chavez.jpg","datePublished":"2017-07-28T21:21:35+00:00","dateModified":"2017-08-01T18:16:26+00:00","breadcrumb":{"@id":"https:\/\/www.mpppst.gob.ve\/mpppstweb\/index.php\/2017\/07\/28\/a-proposito-de-su-cumpleanos-chavez-artesano-de-la-conciencia\/#breadcrumb"},"inLanguage":"es","potentialAction":[{"@type":"ReadAction","target":["https:\/\/www.mpppst.gob.ve\/mpppstweb\/index.php\/2017\/07\/28\/a-proposito-de-su-cumpleanos-chavez-artesano-de-la-conciencia\/"]}]},{"@type":"ImageObject","inLanguage":"es","@id":"https:\/\/www.mpppst.gob.ve\/mpppstweb\/index.php\/2017\/07\/28\/a-proposito-de-su-cumpleanos-chavez-artesano-de-la-conciencia\/#primaryimage","url":"https:\/\/www.mpppst.gob.ve\/mpppstweb\/wp-content\/uploads\/2017\/07\/chavez.jpg","contentUrl":"https:\/\/www.mpppst.gob.ve\/mpppstweb\/wp-content\/uploads\/2017\/07\/chavez.jpg","width":800,"height":445},{"@type":"BreadcrumbList","@id":"https:\/\/www.mpppst.gob.ve\/mpppstweb\/index.php\/2017\/07\/28\/a-proposito-de-su-cumpleanos-chavez-artesano-de-la-conciencia\/#breadcrumb","itemListElement":[{"@type":"ListItem","position":1,"name":"Home","item":"https:\/\/www.mpppst.gob.ve\/mpppstweb\/"},{"@type":"ListItem","position":2,"name":"Ch\u00e1vez, artesano de la conciencia"}]},{"@type":"WebSite","@id":"https:\/\/www.mpppst.gob.ve\/mpppstweb\/#website","url":"https:\/\/www.mpppst.gob.ve\/mpppstweb\/","name":"MPPPST","description":"Ministerio del Poder Popular para el Proceso Social de Trabajo","publisher":{"@id":"https:\/\/www.mpppst.gob.ve\/mpppstweb\/#organization"},"potentialAction":[{"@type":"SearchAction","target":{"@type":"EntryPoint","urlTemplate":"https:\/\/www.mpppst.gob.ve\/mpppstweb\/?s={search_term_string}"},"query-input":"required name=search_term_string"}],"inLanguage":"es"},{"@type":"Organization","@id":"https:\/\/www.mpppst.gob.ve\/mpppstweb\/#organization","name":"mpppst","url":"https:\/\/www.mpppst.gob.ve\/mpppstweb\/","logo":{"@type":"ImageObject","inLanguage":"es","@id":"https:\/\/www.mpppst.gob.ve\/mpppstweb\/#\/schema\/logo\/image\/","url":"https:\/\/www.mpppst.gob.ve\/mpppstweb\/wp-content\/uploads\/2025\/07\/cropped-cropped-g910.png","contentUrl":"https:\/\/www.mpppst.gob.ve\/mpppstweb\/wp-content\/uploads\/2025\/07\/cropped-cropped-g910.png","width":1080,"height":241,"caption":"mpppst"},"image":{"@id":"https:\/\/www.mpppst.gob.ve\/mpppstweb\/#\/schema\/logo\/image\/"}},{"@type":"Person","@id":"https:\/\/www.mpppst.gob.ve\/mpppstweb\/#\/schema\/person\/fc187ee8ead412bd4c9304b62f900ea4","name":"MPPPST Prensa","url":"https:\/\/www.mpppst.gob.ve\/mpppstweb\/index.php\/author\/prensa-mpppst\/"}]}},"_links":{"self":[{"href":"https:\/\/www.mpppst.gob.ve\/mpppstweb\/index.php\/wp-json\/wp\/v2\/posts\/12340"}],"collection":[{"href":"https:\/\/www.mpppst.gob.ve\/mpppstweb\/index.php\/wp-json\/wp\/v2\/posts"}],"about":[{"href":"https:\/\/www.mpppst.gob.ve\/mpppstweb\/index.php\/wp-json\/wp\/v2\/types\/post"}],"author":[{"embeddable":true,"href":"https:\/\/www.mpppst.gob.ve\/mpppstweb\/index.php\/wp-json\/wp\/v2\/users\/25"}],"replies":[{"embeddable":true,"href":"https:\/\/www.mpppst.gob.ve\/mpppstweb\/index.php\/wp-json\/wp\/v2\/comments?post=12340"}],"version-history":[{"count":4,"href":"https:\/\/www.mpppst.gob.ve\/mpppstweb\/index.php\/wp-json\/wp\/v2\/posts\/12340\/revisions"}],"predecessor-version":[{"id":12370,"href":"https:\/\/www.mpppst.gob.ve\/mpppstweb\/index.php\/wp-json\/wp\/v2\/posts\/12340\/revisions\/12370"}],"wp:featuredmedia":[{"embeddable":true,"href":"https:\/\/www.mpppst.gob.ve\/mpppstweb\/index.php\/wp-json\/wp\/v2\/media\/12341"}],"wp:attachment":[{"href":"https:\/\/www.mpppst.gob.ve\/mpppstweb\/index.php\/wp-json\/wp\/v2\/media?parent=12340"}],"wp:term":[{"taxonomy":"category","embeddable":true,"href":"https:\/\/www.mpppst.gob.ve\/mpppstweb\/index.php\/wp-json\/wp\/v2\/categories?post=12340"},{"taxonomy":"post_tag","embeddable":true,"href":"https:\/\/www.mpppst.gob.ve\/mpppstweb\/index.php\/wp-json\/wp\/v2\/tags?post=12340"}],"curies":[{"name":"wp","href":"https:\/\/api.w.org\/{rel}","templated":true}]}}