{"id":12351,"date":"2017-07-29T19:22:32","date_gmt":"2017-07-29T23:22:32","guid":{"rendered":"http:\/\/www.mpppst.gob.ve\/mpppstweb\/?p=12351"},"modified":"2017-07-29T19:22:32","modified_gmt":"2017-07-29T23:22:32","slug":"hugbel-roa-convencion-colectiva-es-una-victoria-universitaria","status":"publish","type":"post","link":"https:\/\/www.mpppst.gob.ve\/mpppstweb\/index.php\/2017\/07\/29\/hugbel-roa-convencion-colectiva-es-una-victoria-universitaria\/","title":{"rendered":"Hugbel Roa: Convenci\u00f3n colectiva es una victoria universitaria"},"content":{"rendered":"<p><b>Prensa Mppeuct<\/b><\/p>\n<p>El presidente de la Rep\u00fablica, Nicol\u00e1s Maduro, firma este s\u00e1bado la III Convenci\u00f3n Colectiva \u00danica (CCU) de las Trabajadoras y los Trabajadores del Sector Universitario, que ampara a 211 mil profesores, empleados y obreros de todas las casas de estudios oficiales del pa\u00eds, instrumento que contempla un incremento promedio del salario de 620% desde el 31 de diciembre de 2016 hasta el 1 de julio de este a\u00f1o.<\/p>\n<p>Desde la Vicepresidencia Ejecutiva, en Caracas, Hugbel Roa, ministro del Poder Popular para Educaci\u00f3n Universitaria, Ciencia y Tecnolog\u00eda, en compa\u00f1\u00eda de su hom\u00f3logo para el Proceso Social del Trabajo, N\u00e9stor Ovalles; Orlando Zambrano y Carlos L\u00f3pez, en representaci\u00f3n de la Federaci\u00f3n de Trabajadores Universitarios de Venezuela, se\u00f1ala que este III CCU fortalece la universidad como cuna del pensamiento y motor para construir la Venezuela Productiva y se une a los cambios estructurales que requiere el pa\u00eds para junto a la Asamblea Nacional Constituyente tributar a la paz y estabilidad de la naci\u00f3n.<\/p>\n<p>La firma de la convenci\u00f3n laboral incorpora a las universidades a la producci\u00f3n para superar el modelo rentista petrolero, con la aprobaci\u00f3n de 1.5 billones de bol\u00edvares para que \u00a0los trabajadores universitarios gocen de un salario digno para su protecci\u00f3n en medio de esta guerra de cuarta generaci\u00f3n, apunta el Ministro.<\/p>\n<p>Destaca que \u201csolamente un Gobierno y un pa\u00eds con un Presidente que ha sido y es un trabajador, entiende sus necesidades y tienen la garant\u00eda de lograr una convenci\u00f3n colectiva tan importante como esta\u201d.<\/p>\n<p>El titular del Mppeuct informa que activan desde ya las transferencias a las instituciones universitarias para los pagos correspondientes a los beneficios alcanzados. Acota que las discusiones de la III CCU permiten incorporar adem\u00e1s a 4.180 trabajadores del sector administrativo en 30 instituciones, quienes pasan a la n\u00f3mina del personal fijo. \u201cEsto es parte de las reivindicaciones hechas en Revoluci\u00f3n, siguiendo la instrucci\u00f3n del primer mandatario Nicol\u00e1s Maduro Moros\u201d, acota Roa.<\/p>\n","protected":false},"excerpt":{"rendered":"<p>Prensa Mppeuct El presidente de la Rep\u00fablica, Nicol\u00e1s Maduro, firma este s\u00e1bado la III Convenci\u00f3n Colectiva &hellip; <a title=\"Hugbel Roa: Convenci\u00f3n colectiva es una victoria universitaria\" class=\"hm-read-more\" href=\"https:\/\/www.mpppst.gob.ve\/mpppstweb\/index.php\/2017\/07\/29\/hugbel-roa-convencion-colectiva-es-una-victoria-universitaria\/\"><span class=\"screen-reader-text\">Hugbel Roa: Convenci\u00f3n colectiva es una victoria universitaria<\/span>Read more<\/a><\/p>\n","protected":false},"author":25,"featured_media":12352,"comment_status":"closed","ping_status":"closed","sticky":false,"template":"","format":"standard","meta":{"footnotes":""},"categories":[82,163],"tags":[],"yoast_head":"<!-- This site is optimized with the Yoast SEO plugin v22.5 - https:\/\/yoast.com\/wordpress\/plugins\/seo\/ -->\n<title>Hugbel Roa: Convenci\u00f3n colectiva es una victoria universitaria - MPPPST<\/title>\n<meta name=\"robots\" content=\"index, follow, max-snippet:-1, max-image-preview:large, max-video-preview:-1\" \/>\n<link rel=\"canonical\" href=\"https:\/\/www.mpppst.gob.ve\/mpppstweb\/index.php\/2017\/07\/29\/hugbel-roa-convencion-colectiva-es-una-victoria-universitaria\/\" \/>\n<meta property=\"og:locale\" content=\"es_ES\" \/>\n<meta property=\"og:type\" content=\"article\" \/>\n<meta property=\"og:title\" content=\"Hugbel Roa: Convenci\u00f3n colectiva es una victoria universitaria - MPPPST\" \/>\n<meta property=\"og:description\" content=\"Prensa Mppeuct El presidente de la Rep\u00fablica, Nicol\u00e1s Maduro, firma este s\u00e1bado la III Convenci\u00f3n Colectiva &hellip; Hugbel Roa: Convenci\u00f3n colectiva es una victoria universitariaRead more\" \/>\n<meta property=\"og:url\" content=\"https:\/\/www.mpppst.gob.ve\/mpppstweb\/index.php\/2017\/07\/29\/hugbel-roa-convencion-colectiva-es-una-victoria-universitaria\/\" \/>\n<meta property=\"og:site_name\" content=\"MPPPST\" \/>\n<meta property=\"article:published_time\" content=\"2017-07-29T23:22:32+00:00\" \/>\n<meta property=\"og:image\" content=\"https:\/\/www.mpppst.gob.ve\/mpppstweb\/wp-content\/uploads\/2017\/07\/Contrato-coletivo.jpg\" \/>\n\t<meta property=\"og:image:width\" content=\"800\" \/>\n\t<meta property=\"og:image:height\" content=\"445\" \/>\n\t<meta property=\"og:image:type\" content=\"image\/jpeg\" \/>\n<meta name=\"author\" content=\"MPPPST Prensa\" \/>\n<meta name=\"twitter:card\" content=\"summary_large_image\" \/>\n<meta name=\"twitter:label1\" content=\"Escrito por\" \/>\n\t<meta name=\"twitter:data1\" content=\"MPPPST Prensa\" \/>\n\t<meta name=\"twitter:label2\" content=\"Tiempo de lectura\" \/>\n\t<meta name=\"twitter:data2\" content=\"2 minutos\" \/>\n<script type=\"application\/ld+json\" class=\"yoast-schema-graph\">{\"@context\":\"https:\/\/schema.org\",\"@graph\":[{\"@type\":\"Article\",\"@id\":\"https:\/\/www.mpppst.gob.ve\/mpppstweb\/index.php\/2017\/07\/29\/hugbel-roa-convencion-colectiva-es-una-victoria-universitaria\/#article\",\"isPartOf\":{\"@id\":\"https:\/\/www.mpppst.gob.ve\/mpppstweb\/index.php\/2017\/07\/29\/hugbel-roa-convencion-colectiva-es-una-victoria-universitaria\/\"},\"author\":{\"name\":\"MPPPST Prensa\",\"@id\":\"https:\/\/www.mpppst.gob.ve\/mpppstweb\/#\/schema\/person\/fc187ee8ead412bd4c9304b62f900ea4\"},\"headline\":\"Hugbel Roa: Convenci\u00f3n colectiva es una victoria universitaria\",\"datePublished\":\"2017-07-29T23:22:32+00:00\",\"dateModified\":\"2017-07-29T23:22:32+00:00\",\"mainEntityOfPage\":{\"@id\":\"https:\/\/www.mpppst.gob.ve\/mpppstweb\/index.php\/2017\/07\/29\/hugbel-roa-convencion-colectiva-es-una-victoria-universitaria\/\"},\"wordCount\":350,\"publisher\":{\"@id\":\"https:\/\/www.mpppst.gob.ve\/mpppstweb\/#organization\"},\"image\":{\"@id\":\"https:\/\/www.mpppst.gob.ve\/mpppstweb\/index.php\/2017\/07\/29\/hugbel-roa-convencion-colectiva-es-una-victoria-universitaria\/#primaryimage\"},\"thumbnailUrl\":\"https:\/\/www.mpppst.gob.ve\/mpppstweb\/wp-content\/uploads\/2017\/07\/Contrato-coletivo.jpg\",\"articleSection\":[\"Gobierno Nacional\",\"Noticias\"],\"inLanguage\":\"es\"},{\"@type\":\"WebPage\",\"@id\":\"https:\/\/www.mpppst.gob.ve\/mpppstweb\/index.php\/2017\/07\/29\/hugbel-roa-convencion-colectiva-es-una-victoria-universitaria\/\",\"url\":\"https:\/\/www.mpppst.gob.ve\/mpppstweb\/index.php\/2017\/07\/29\/hugbel-roa-convencion-colectiva-es-una-victoria-universitaria\/\",\"name\":\"Hugbel Roa: Convenci\u00f3n colectiva es una victoria universitaria - MPPPST\",\"isPartOf\":{\"@id\":\"https:\/\/www.mpppst.gob.ve\/mpppstweb\/#website\"},\"primaryImageOfPage\":{\"@id\":\"https:\/\/www.mpppst.gob.ve\/mpppstweb\/index.php\/2017\/07\/29\/hugbel-roa-convencion-colectiva-es-una-victoria-universitaria\/#primaryimage\"},\"image\":{\"@id\":\"https:\/\/www.mpppst.gob.ve\/mpppstweb\/index.php\/2017\/07\/29\/hugbel-roa-convencion-colectiva-es-una-victoria-universitaria\/#primaryimage\"},\"thumbnailUrl\":\"https:\/\/www.mpppst.gob.ve\/mpppstweb\/wp-content\/uploads\/2017\/07\/Contrato-coletivo.jpg\",\"datePublished\":\"2017-07-29T23:22:32+00:00\",\"dateModified\":\"2017-07-29T23:22:32+00:00\",\"breadcrumb\":{\"@id\":\"https:\/\/www.mpppst.gob.ve\/mpppstweb\/index.php\/2017\/07\/29\/hugbel-roa-convencion-colectiva-es-una-victoria-universitaria\/#breadcrumb\"},\"inLanguage\":\"es\",\"potentialAction\":[{\"@type\":\"ReadAction\",\"target\":[\"https:\/\/www.mpppst.gob.ve\/mpppstweb\/index.php\/2017\/07\/29\/hugbel-roa-convencion-colectiva-es-una-victoria-universitaria\/\"]}]},{\"@type\":\"ImageObject\",\"inLanguage\":\"es\",\"@id\":\"https:\/\/www.mpppst.gob.ve\/mpppstweb\/index.php\/2017\/07\/29\/hugbel-roa-convencion-colectiva-es-una-victoria-universitaria\/#primaryimage\",\"url\":\"https:\/\/www.mpppst.gob.ve\/mpppstweb\/wp-content\/uploads\/2017\/07\/Contrato-coletivo.jpg\",\"contentUrl\":\"https:\/\/www.mpppst.gob.ve\/mpppstweb\/wp-content\/uploads\/2017\/07\/Contrato-coletivo.jpg\",\"width\":800,\"height\":445},{\"@type\":\"BreadcrumbList\",\"@id\":\"https:\/\/www.mpppst.gob.ve\/mpppstweb\/index.php\/2017\/07\/29\/hugbel-roa-convencion-colectiva-es-una-victoria-universitaria\/#breadcrumb\",\"itemListElement\":[{\"@type\":\"ListItem\",\"position\":1,\"name\":\"Home\",\"item\":\"https:\/\/www.mpppst.gob.ve\/mpppstweb\/\"},{\"@type\":\"ListItem\",\"position\":2,\"name\":\"Hugbel Roa: Convenci\u00f3n colectiva es una victoria universitaria\"}]},{\"@type\":\"WebSite\",\"@id\":\"https:\/\/www.mpppst.gob.ve\/mpppstweb\/#website\",\"url\":\"https:\/\/www.mpppst.gob.ve\/mpppstweb\/\",\"name\":\"MPPPST\",\"description\":\"Ministerio del Poder Popular para el Proceso Social de Trabajo\",\"publisher\":{\"@id\":\"https:\/\/www.mpppst.gob.ve\/mpppstweb\/#organization\"},\"potentialAction\":[{\"@type\":\"SearchAction\",\"target\":{\"@type\":\"EntryPoint\",\"urlTemplate\":\"https:\/\/www.mpppst.gob.ve\/mpppstweb\/?s={search_term_string}\"},\"query-input\":\"required name=search_term_string\"}],\"inLanguage\":\"es\"},{\"@type\":\"Organization\",\"@id\":\"https:\/\/www.mpppst.gob.ve\/mpppstweb\/#organization\",\"name\":\"mpppst\",\"url\":\"https:\/\/www.mpppst.gob.ve\/mpppstweb\/\",\"logo\":{\"@type\":\"ImageObject\",\"inLanguage\":\"es\",\"@id\":\"https:\/\/www.mpppst.gob.ve\/mpppstweb\/#\/schema\/logo\/image\/\",\"url\":\"https:\/\/www.mpppst.gob.ve\/mpppstweb\/wp-content\/uploads\/2025\/07\/cropped-cropped-g910.png\",\"contentUrl\":\"https:\/\/www.mpppst.gob.ve\/mpppstweb\/wp-content\/uploads\/2025\/07\/cropped-cropped-g910.png\",\"width\":1080,\"height\":241,\"caption\":\"mpppst\"},\"image\":{\"@id\":\"https:\/\/www.mpppst.gob.ve\/mpppstweb\/#\/schema\/logo\/image\/\"}},{\"@type\":\"Person\",\"@id\":\"https:\/\/www.mpppst.gob.ve\/mpppstweb\/#\/schema\/person\/fc187ee8ead412bd4c9304b62f900ea4\",\"name\":\"MPPPST Prensa\",\"url\":\"https:\/\/www.mpppst.gob.ve\/mpppstweb\/index.php\/author\/prensa-mpppst\/\"}]}<\/script>\n<!-- \/ Yoast SEO plugin. -->","yoast_head_json":{"title":"Hugbel Roa: Convenci\u00f3n colectiva es una victoria universitaria - MPPPST","robots":{"index":"index","follow":"follow","max-snippet":"max-snippet:-1","max-image-preview":"max-image-preview:large","max-video-preview":"max-video-preview:-1"},"canonical":"https:\/\/www.mpppst.gob.ve\/mpppstweb\/index.php\/2017\/07\/29\/hugbel-roa-convencion-colectiva-es-una-victoria-universitaria\/","og_locale":"es_ES","og_type":"article","og_title":"Hugbel Roa: Convenci\u00f3n colectiva es una victoria universitaria - MPPPST","og_description":"Prensa Mppeuct El presidente de la Rep\u00fablica, Nicol\u00e1s Maduro, firma este s\u00e1bado la III Convenci\u00f3n Colectiva &hellip; Hugbel Roa: Convenci\u00f3n colectiva es una victoria universitariaRead more","og_url":"https:\/\/www.mpppst.gob.ve\/mpppstweb\/index.php\/2017\/07\/29\/hugbel-roa-convencion-colectiva-es-una-victoria-universitaria\/","og_site_name":"MPPPST","article_published_time":"2017-07-29T23:22:32+00:00","og_image":[{"width":800,"height":445,"url":"https:\/\/www.mpppst.gob.ve\/mpppstweb\/wp-content\/uploads\/2017\/07\/Contrato-coletivo.jpg","type":"image\/jpeg"}],"author":"MPPPST Prensa","twitter_card":"summary_large_image","twitter_misc":{"Escrito por":"MPPPST Prensa","Tiempo de lectura":"2 minutos"},"schema":{"@context":"https:\/\/schema.org","@graph":[{"@type":"Article","@id":"https:\/\/www.mpppst.gob.ve\/mpppstweb\/index.php\/2017\/07\/29\/hugbel-roa-convencion-colectiva-es-una-victoria-universitaria\/#article","isPartOf":{"@id":"https:\/\/www.mpppst.gob.ve\/mpppstweb\/index.php\/2017\/07\/29\/hugbel-roa-convencion-colectiva-es-una-victoria-universitaria\/"},"author":{"name":"MPPPST Prensa","@id":"https:\/\/www.mpppst.gob.ve\/mpppstweb\/#\/schema\/person\/fc187ee8ead412bd4c9304b62f900ea4"},"headline":"Hugbel Roa: Convenci\u00f3n colectiva es una victoria universitaria","datePublished":"2017-07-29T23:22:32+00:00","dateModified":"2017-07-29T23:22:32+00:00","mainEntityOfPage":{"@id":"https:\/\/www.mpppst.gob.ve\/mpppstweb\/index.php\/2017\/07\/29\/hugbel-roa-convencion-colectiva-es-una-victoria-universitaria\/"},"wordCount":350,"publisher":{"@id":"https:\/\/www.mpppst.gob.ve\/mpppstweb\/#organization"},"image":{"@id":"https:\/\/www.mpppst.gob.ve\/mpppstweb\/index.php\/2017\/07\/29\/hugbel-roa-convencion-colectiva-es-una-victoria-universitaria\/#primaryimage"},"thumbnailUrl":"https:\/\/www.mpppst.gob.ve\/mpppstweb\/wp-content\/uploads\/2017\/07\/Contrato-coletivo.jpg","articleSection":["Gobierno Nacional","Noticias"],"inLanguage":"es"},{"@type":"WebPage","@id":"https:\/\/www.mpppst.gob.ve\/mpppstweb\/index.php\/2017\/07\/29\/hugbel-roa-convencion-colectiva-es-una-victoria-universitaria\/","url":"https:\/\/www.mpppst.gob.ve\/mpppstweb\/index.php\/2017\/07\/29\/hugbel-roa-convencion-colectiva-es-una-victoria-universitaria\/","name":"Hugbel Roa: Convenci\u00f3n colectiva es una victoria universitaria - MPPPST","isPartOf":{"@id":"https:\/\/www.mpppst.gob.ve\/mpppstweb\/#website"},"primaryImageOfPage":{"@id":"https:\/\/www.mpppst.gob.ve\/mpppstweb\/index.php\/2017\/07\/29\/hugbel-roa-convencion-colectiva-es-una-victoria-universitaria\/#primaryimage"},"image":{"@id":"https:\/\/www.mpppst.gob.ve\/mpppstweb\/index.php\/2017\/07\/29\/hugbel-roa-convencion-colectiva-es-una-victoria-universitaria\/#primaryimage"},"thumbnailUrl":"https:\/\/www.mpppst.gob.ve\/mpppstweb\/wp-content\/uploads\/2017\/07\/Contrato-coletivo.jpg","datePublished":"2017-07-29T23:22:32+00:00","dateModified":"2017-07-29T23:22:32+00:00","breadcrumb":{"@id":"https:\/\/www.mpppst.gob.ve\/mpppstweb\/index.php\/2017\/07\/29\/hugbel-roa-convencion-colectiva-es-una-victoria-universitaria\/#breadcrumb"},"inLanguage":"es","potentialAction":[{"@type":"ReadAction","target":["https:\/\/www.mpppst.gob.ve\/mpppstweb\/index.php\/2017\/07\/29\/hugbel-roa-convencion-colectiva-es-una-victoria-universitaria\/"]}]},{"@type":"ImageObject","inLanguage":"es","@id":"https:\/\/www.mpppst.gob.ve\/mpppstweb\/index.php\/2017\/07\/29\/hugbel-roa-convencion-colectiva-es-una-victoria-universitaria\/#primaryimage","url":"https:\/\/www.mpppst.gob.ve\/mpppstweb\/wp-content\/uploads\/2017\/07\/Contrato-coletivo.jpg","contentUrl":"https:\/\/www.mpppst.gob.ve\/mpppstweb\/wp-content\/uploads\/2017\/07\/Contrato-coletivo.jpg","width":800,"height":445},{"@type":"BreadcrumbList","@id":"https:\/\/www.mpppst.gob.ve\/mpppstweb\/index.php\/2017\/07\/29\/hugbel-roa-convencion-colectiva-es-una-victoria-universitaria\/#breadcrumb","itemListElement":[{"@type":"ListItem","position":1,"name":"Home","item":"https:\/\/www.mpppst.gob.ve\/mpppstweb\/"},{"@type":"ListItem","position":2,"name":"Hugbel Roa: Convenci\u00f3n colectiva es una victoria universitaria"}]},{"@type":"WebSite","@id":"https:\/\/www.mpppst.gob.ve\/mpppstweb\/#website","url":"https:\/\/www.mpppst.gob.ve\/mpppstweb\/","name":"MPPPST","description":"Ministerio del Poder Popular para el Proceso Social de Trabajo","publisher":{"@id":"https:\/\/www.mpppst.gob.ve\/mpppstweb\/#organization"},"potentialAction":[{"@type":"SearchAction","target":{"@type":"EntryPoint","urlTemplate":"https:\/\/www.mpppst.gob.ve\/mpppstweb\/?s={search_term_string}"},"query-input":"required name=search_term_string"}],"inLanguage":"es"},{"@type":"Organization","@id":"https:\/\/www.mpppst.gob.ve\/mpppstweb\/#organization","name":"mpppst","url":"https:\/\/www.mpppst.gob.ve\/mpppstweb\/","logo":{"@type":"ImageObject","inLanguage":"es","@id":"https:\/\/www.mpppst.gob.ve\/mpppstweb\/#\/schema\/logo\/image\/","url":"https:\/\/www.mpppst.gob.ve\/mpppstweb\/wp-content\/uploads\/2025\/07\/cropped-cropped-g910.png","contentUrl":"https:\/\/www.mpppst.gob.ve\/mpppstweb\/wp-content\/uploads\/2025\/07\/cropped-cropped-g910.png","width":1080,"height":241,"caption":"mpppst"},"image":{"@id":"https:\/\/www.mpppst.gob.ve\/mpppstweb\/#\/schema\/logo\/image\/"}},{"@type":"Person","@id":"https:\/\/www.mpppst.gob.ve\/mpppstweb\/#\/schema\/person\/fc187ee8ead412bd4c9304b62f900ea4","name":"MPPPST Prensa","url":"https:\/\/www.mpppst.gob.ve\/mpppstweb\/index.php\/author\/prensa-mpppst\/"}]}},"_links":{"self":[{"href":"https:\/\/www.mpppst.gob.ve\/mpppstweb\/index.php\/wp-json\/wp\/v2\/posts\/12351"}],"collection":[{"href":"https:\/\/www.mpppst.gob.ve\/mpppstweb\/index.php\/wp-json\/wp\/v2\/posts"}],"about":[{"href":"https:\/\/www.mpppst.gob.ve\/mpppstweb\/index.php\/wp-json\/wp\/v2\/types\/post"}],"author":[{"embeddable":true,"href":"https:\/\/www.mpppst.gob.ve\/mpppstweb\/index.php\/wp-json\/wp\/v2\/users\/25"}],"replies":[{"embeddable":true,"href":"https:\/\/www.mpppst.gob.ve\/mpppstweb\/index.php\/wp-json\/wp\/v2\/comments?post=12351"}],"version-history":[{"count":1,"href":"https:\/\/www.mpppst.gob.ve\/mpppstweb\/index.php\/wp-json\/wp\/v2\/posts\/12351\/revisions"}],"predecessor-version":[{"id":12353,"href":"https:\/\/www.mpppst.gob.ve\/mpppstweb\/index.php\/wp-json\/wp\/v2\/posts\/12351\/revisions\/12353"}],"wp:featuredmedia":[{"embeddable":true,"href":"https:\/\/www.mpppst.gob.ve\/mpppstweb\/index.php\/wp-json\/wp\/v2\/media\/12352"}],"wp:attachment":[{"href":"https:\/\/www.mpppst.gob.ve\/mpppstweb\/index.php\/wp-json\/wp\/v2\/media?parent=12351"}],"wp:term":[{"taxonomy":"category","embeddable":true,"href":"https:\/\/www.mpppst.gob.ve\/mpppstweb\/index.php\/wp-json\/wp\/v2\/categories?post=12351"},{"taxonomy":"post_tag","embeddable":true,"href":"https:\/\/www.mpppst.gob.ve\/mpppstweb\/index.php\/wp-json\/wp\/v2\/tags?post=12351"}],"curies":[{"name":"wp","href":"https:\/\/api.w.org\/{rel}","templated":true}]}}