{"id":12354,"date":"2017-07-30T11:31:40","date_gmt":"2017-07-30T15:31:40","guid":{"rendered":"http:\/\/www.mpppst.gob.ve\/mpppstweb\/?p=12354"},"modified":"2017-07-30T11:31:26","modified_gmt":"2017-07-30T15:31:26","slug":"presidente-maduro-el-voto-es-un-derecho-politico-humano-y-constitucional","status":"publish","type":"post","link":"https:\/\/www.mpppst.gob.ve\/mpppstweb\/index.php\/2017\/07\/30\/presidente-maduro-el-voto-es-un-derecho-politico-humano-y-constitucional\/","title":{"rendered":"Presidente Maduro: El voto es un derecho pol\u00edtico, humano y constitucional"},"content":{"rendered":"<div class=\"encabezado\"><\/div>\n<div class=\"cuerpo\">\n<div class=\"contenido\">\n<p>AVN.- El presidente de la Rep\u00fablica, Nicol\u00e1s Maduro, ratific\u00f3 este domingo que el ejercicio democr\u00e1tico al voto es un derecho pol\u00edtico, humano y constitucional que radica en el poder soberano del pueblo venezolano y que nada ni nadie puede impedir.El Jefe de Estado resalt\u00f3 que sali\u00f3 a su centro de votaci\u00f3n, en Catia, al Oeste de Caracas, tras sonar el Toque de Diana para dar el ejemplo y colocar el primer voto por la paz en los comicios a la Asamblea Nacional Constituyente (ANC).<\/p>\n<p>\u00abQuise ser el primer voto por la paz, la independencia, la soberan\u00eda y por la tranquilidad futura de Venezuela\u00bb y \u00abno hay poder alguno que le pueda impedir al pueblo de Venezuela ejercer su derecho al voto\u00bb, recalc\u00f3 al inicio de la jornada comicial a la cual est\u00e1n convocados 19 millones 477.387 votantes de todo el pa\u00eds a elegir a trav\u00e9s del voto directo, universal y secreto a 537 constituyentes.<\/p>\n<p>El Jefe de Estado inst\u00f3 a la comunidad internacional a ver, respetar y respaldar la voluntad democr\u00e1tica de la mayor\u00eda del pueblo venezolano que este domingo se est\u00e1 expresando desde tempranas horas de la madrugada en elecciones.<\/p>\n<p>\u00abOjal\u00e1 el mundo extienda sus brazos de respeto hacia nuestra patria querida\u00bb, recalc\u00f3 el mandatario nacional, tras enviar un mensaje de paz, de di\u00e1logo y encuentro al todo el pueblo venezolano y a los pa\u00edses que pretenden desconocer el derecho pol\u00edtico constitucional que tiene el pueblo venezolano a dirimir sus diferencias a trav\u00e9s de elecciones libres, directas, secretas y universales.<\/p>\n<p>El Presidente invit\u00f3 a todo el pueblo votante a participar en los comicios con fe, esperanza y amor, porque \u00abla Constituyente va a ser el espacio, el super poder que reencontrar\u00e1 el esp\u00edritu nacional, buscar\u00e1 la reconciliaci\u00f3n, la justicia, la verdad, para perfeccionar el modelo social, econ\u00f3mico, pol\u00edtico, superar los problemas que tenemos, una Asamblea Nacional Constituyente originaria, plenipotenciaria al servicio de la paz\u00bb.<\/p>\n<p>Adem\u00e1s rememor\u00f3 que fue el 1\u00ba de mayo pasado cuando convoc\u00f3 a la ANC y desde entonces resalt\u00f3 que el pueblo ha aguantado estoicamente la campa\u00f1a medi\u00e1tica mundial, la violencia terrorista, as\u00ed como las acciones injerencistas imperialistas contra este mecanismo pol\u00edtico.<\/p>\n<p>\u00abAqu\u00ed estamos, hoy domingo, un pa\u00eds en paz ejerciendo su derecho al voto con amor y en familia\u00bb, enfatiz\u00f3.<\/p>\n<p>Refiri\u00f3 que la Constituci\u00f3n fue legitimada a trav\u00e9s de un proceso constituyente convocado en 1999 por el l\u00edder de la Revoluci\u00f3n Bolivariana, Hugo Ch\u00e1vez, que sirvi\u00f3 para la refundaci\u00f3n de la Rep\u00fablica con un nuevo sistema pol\u00edtico, por eso hoy \u00abtenemos un legado muy grande que defender, un legado de libertadores y por eso hemos sido firmes para estar hoy de pie\u00bb.<\/p>\n<\/div>\n<\/div>\n","protected":false},"excerpt":{"rendered":"<p>AVN.- El presidente de la Rep\u00fablica, Nicol\u00e1s Maduro, ratific\u00f3 este domingo que el ejercicio democr\u00e1tico al &hellip; <a title=\"Presidente Maduro: El voto es un derecho pol\u00edtico, humano y constitucional\" class=\"hm-read-more\" href=\"https:\/\/www.mpppst.gob.ve\/mpppstweb\/index.php\/2017\/07\/30\/presidente-maduro-el-voto-es-un-derecho-politico-humano-y-constitucional\/\"><span class=\"screen-reader-text\">Presidente Maduro: El voto es un derecho pol\u00edtico, humano y constitucional<\/span>Read more<\/a><\/p>\n","protected":false},"author":25,"featured_media":12355,"comment_status":"closed","ping_status":"closed","sticky":false,"template":"","format":"standard","meta":{"footnotes":""},"categories":[82,163,213],"tags":[],"yoast_head":"<!-- This site is optimized with the Yoast SEO plugin v22.5 - https:\/\/yoast.com\/wordpress\/plugins\/seo\/ -->\n<title>Presidente Maduro: El voto es un derecho pol\u00edtico, humano y constitucional - MPPPST<\/title>\n<meta name=\"robots\" content=\"index, follow, max-snippet:-1, max-image-preview:large, max-video-preview:-1\" \/>\n<link rel=\"canonical\" href=\"https:\/\/www.mpppst.gob.ve\/mpppstweb\/index.php\/2017\/07\/30\/presidente-maduro-el-voto-es-un-derecho-politico-humano-y-constitucional\/\" \/>\n<meta property=\"og:locale\" content=\"es_ES\" \/>\n<meta property=\"og:type\" content=\"article\" \/>\n<meta property=\"og:title\" content=\"Presidente Maduro: El voto es un derecho pol\u00edtico, humano y constitucional - MPPPST\" \/>\n<meta property=\"og:description\" content=\"AVN.- El presidente de la Rep\u00fablica, Nicol\u00e1s Maduro, ratific\u00f3 este domingo que el ejercicio democr\u00e1tico al &hellip; Presidente Maduro: El voto es un derecho pol\u00edtico, humano y constitucionalRead more\" \/>\n<meta property=\"og:url\" content=\"https:\/\/www.mpppst.gob.ve\/mpppstweb\/index.php\/2017\/07\/30\/presidente-maduro-el-voto-es-un-derecho-politico-humano-y-constitucional\/\" \/>\n<meta property=\"og:site_name\" content=\"MPPPST\" \/>\n<meta property=\"article:published_time\" content=\"2017-07-30T15:31:40+00:00\" \/>\n<meta property=\"article:modified_time\" content=\"2017-07-30T15:31:26+00:00\" \/>\n<meta property=\"og:image\" content=\"https:\/\/www.mpppst.gob.ve\/mpppstweb\/wp-content\/uploads\/2017\/07\/Presidente.jpg\" \/>\n\t<meta property=\"og:image:width\" content=\"800\" \/>\n\t<meta property=\"og:image:height\" content=\"445\" \/>\n\t<meta property=\"og:image:type\" content=\"image\/jpeg\" \/>\n<meta name=\"author\" content=\"MPPPST Prensa\" \/>\n<meta name=\"twitter:card\" content=\"summary_large_image\" \/>\n<meta name=\"twitter:label1\" content=\"Escrito por\" \/>\n\t<meta name=\"twitter:data1\" content=\"MPPPST Prensa\" \/>\n\t<meta name=\"twitter:label2\" content=\"Tiempo de lectura\" \/>\n\t<meta name=\"twitter:data2\" content=\"2 minutos\" \/>\n<script type=\"application\/ld+json\" class=\"yoast-schema-graph\">{\"@context\":\"https:\/\/schema.org\",\"@graph\":[{\"@type\":\"Article\",\"@id\":\"https:\/\/www.mpppst.gob.ve\/mpppstweb\/index.php\/2017\/07\/30\/presidente-maduro-el-voto-es-un-derecho-politico-humano-y-constitucional\/#article\",\"isPartOf\":{\"@id\":\"https:\/\/www.mpppst.gob.ve\/mpppstweb\/index.php\/2017\/07\/30\/presidente-maduro-el-voto-es-un-derecho-politico-humano-y-constitucional\/\"},\"author\":{\"name\":\"MPPPST Prensa\",\"@id\":\"https:\/\/www.mpppst.gob.ve\/mpppstweb\/#\/schema\/person\/fc187ee8ead412bd4c9304b62f900ea4\"},\"headline\":\"Presidente Maduro: El voto es un derecho pol\u00edtico, humano y constitucional\",\"datePublished\":\"2017-07-30T15:31:40+00:00\",\"dateModified\":\"2017-07-30T15:31:26+00:00\",\"mainEntityOfPage\":{\"@id\":\"https:\/\/www.mpppst.gob.ve\/mpppstweb\/index.php\/2017\/07\/30\/presidente-maduro-el-voto-es-un-derecho-politico-humano-y-constitucional\/\"},\"wordCount\":478,\"publisher\":{\"@id\":\"https:\/\/www.mpppst.gob.ve\/mpppstweb\/#organization\"},\"image\":{\"@id\":\"https:\/\/www.mpppst.gob.ve\/mpppstweb\/index.php\/2017\/07\/30\/presidente-maduro-el-voto-es-un-derecho-politico-humano-y-constitucional\/#primaryimage\"},\"thumbnailUrl\":\"https:\/\/www.mpppst.gob.ve\/mpppstweb\/wp-content\/uploads\/2017\/07\/Presidente.jpg\",\"articleSection\":[\"Gobierno Nacional\",\"Noticias\",\"Presidencia de la Rep\u00fablica\"],\"inLanguage\":\"es\"},{\"@type\":\"WebPage\",\"@id\":\"https:\/\/www.mpppst.gob.ve\/mpppstweb\/index.php\/2017\/07\/30\/presidente-maduro-el-voto-es-un-derecho-politico-humano-y-constitucional\/\",\"url\":\"https:\/\/www.mpppst.gob.ve\/mpppstweb\/index.php\/2017\/07\/30\/presidente-maduro-el-voto-es-un-derecho-politico-humano-y-constitucional\/\",\"name\":\"Presidente Maduro: El voto es un derecho pol\u00edtico, humano y constitucional - MPPPST\",\"isPartOf\":{\"@id\":\"https:\/\/www.mpppst.gob.ve\/mpppstweb\/#website\"},\"primaryImageOfPage\":{\"@id\":\"https:\/\/www.mpppst.gob.ve\/mpppstweb\/index.php\/2017\/07\/30\/presidente-maduro-el-voto-es-un-derecho-politico-humano-y-constitucional\/#primaryimage\"},\"image\":{\"@id\":\"https:\/\/www.mpppst.gob.ve\/mpppstweb\/index.php\/2017\/07\/30\/presidente-maduro-el-voto-es-un-derecho-politico-humano-y-constitucional\/#primaryimage\"},\"thumbnailUrl\":\"https:\/\/www.mpppst.gob.ve\/mpppstweb\/wp-content\/uploads\/2017\/07\/Presidente.jpg\",\"datePublished\":\"2017-07-30T15:31:40+00:00\",\"dateModified\":\"2017-07-30T15:31:26+00:00\",\"breadcrumb\":{\"@id\":\"https:\/\/www.mpppst.gob.ve\/mpppstweb\/index.php\/2017\/07\/30\/presidente-maduro-el-voto-es-un-derecho-politico-humano-y-constitucional\/#breadcrumb\"},\"inLanguage\":\"es\",\"potentialAction\":[{\"@type\":\"ReadAction\",\"target\":[\"https:\/\/www.mpppst.gob.ve\/mpppstweb\/index.php\/2017\/07\/30\/presidente-maduro-el-voto-es-un-derecho-politico-humano-y-constitucional\/\"]}]},{\"@type\":\"ImageObject\",\"inLanguage\":\"es\",\"@id\":\"https:\/\/www.mpppst.gob.ve\/mpppstweb\/index.php\/2017\/07\/30\/presidente-maduro-el-voto-es-un-derecho-politico-humano-y-constitucional\/#primaryimage\",\"url\":\"https:\/\/www.mpppst.gob.ve\/mpppstweb\/wp-content\/uploads\/2017\/07\/Presidente.jpg\",\"contentUrl\":\"https:\/\/www.mpppst.gob.ve\/mpppstweb\/wp-content\/uploads\/2017\/07\/Presidente.jpg\",\"width\":800,\"height\":445},{\"@type\":\"BreadcrumbList\",\"@id\":\"https:\/\/www.mpppst.gob.ve\/mpppstweb\/index.php\/2017\/07\/30\/presidente-maduro-el-voto-es-un-derecho-politico-humano-y-constitucional\/#breadcrumb\",\"itemListElement\":[{\"@type\":\"ListItem\",\"position\":1,\"name\":\"Home\",\"item\":\"https:\/\/www.mpppst.gob.ve\/mpppstweb\/\"},{\"@type\":\"ListItem\",\"position\":2,\"name\":\"Presidente Maduro: El voto es un derecho pol\u00edtico, humano y constitucional\"}]},{\"@type\":\"WebSite\",\"@id\":\"https:\/\/www.mpppst.gob.ve\/mpppstweb\/#website\",\"url\":\"https:\/\/www.mpppst.gob.ve\/mpppstweb\/\",\"name\":\"MPPPST\",\"description\":\"Ministerio del Poder Popular para el Proceso Social de Trabajo\",\"publisher\":{\"@id\":\"https:\/\/www.mpppst.gob.ve\/mpppstweb\/#organization\"},\"potentialAction\":[{\"@type\":\"SearchAction\",\"target\":{\"@type\":\"EntryPoint\",\"urlTemplate\":\"https:\/\/www.mpppst.gob.ve\/mpppstweb\/?s={search_term_string}\"},\"query-input\":\"required name=search_term_string\"}],\"inLanguage\":\"es\"},{\"@type\":\"Organization\",\"@id\":\"https:\/\/www.mpppst.gob.ve\/mpppstweb\/#organization\",\"name\":\"mpppst\",\"url\":\"https:\/\/www.mpppst.gob.ve\/mpppstweb\/\",\"logo\":{\"@type\":\"ImageObject\",\"inLanguage\":\"es\",\"@id\":\"https:\/\/www.mpppst.gob.ve\/mpppstweb\/#\/schema\/logo\/image\/\",\"url\":\"https:\/\/www.mpppst.gob.ve\/mpppstweb\/wp-content\/uploads\/2025\/07\/cropped-cropped-g910.png\",\"contentUrl\":\"https:\/\/www.mpppst.gob.ve\/mpppstweb\/wp-content\/uploads\/2025\/07\/cropped-cropped-g910.png\",\"width\":1080,\"height\":241,\"caption\":\"mpppst\"},\"image\":{\"@id\":\"https:\/\/www.mpppst.gob.ve\/mpppstweb\/#\/schema\/logo\/image\/\"}},{\"@type\":\"Person\",\"@id\":\"https:\/\/www.mpppst.gob.ve\/mpppstweb\/#\/schema\/person\/fc187ee8ead412bd4c9304b62f900ea4\",\"name\":\"MPPPST Prensa\",\"url\":\"https:\/\/www.mpppst.gob.ve\/mpppstweb\/index.php\/author\/prensa-mpppst\/\"}]}<\/script>\n<!-- \/ Yoast SEO plugin. -->","yoast_head_json":{"title":"Presidente Maduro: El voto es un derecho pol\u00edtico, humano y constitucional - MPPPST","robots":{"index":"index","follow":"follow","max-snippet":"max-snippet:-1","max-image-preview":"max-image-preview:large","max-video-preview":"max-video-preview:-1"},"canonical":"https:\/\/www.mpppst.gob.ve\/mpppstweb\/index.php\/2017\/07\/30\/presidente-maduro-el-voto-es-un-derecho-politico-humano-y-constitucional\/","og_locale":"es_ES","og_type":"article","og_title":"Presidente Maduro: El voto es un derecho pol\u00edtico, humano y constitucional - MPPPST","og_description":"AVN.- El presidente de la Rep\u00fablica, Nicol\u00e1s Maduro, ratific\u00f3 este domingo que el ejercicio democr\u00e1tico al &hellip; Presidente Maduro: El voto es un derecho pol\u00edtico, humano y constitucionalRead more","og_url":"https:\/\/www.mpppst.gob.ve\/mpppstweb\/index.php\/2017\/07\/30\/presidente-maduro-el-voto-es-un-derecho-politico-humano-y-constitucional\/","og_site_name":"MPPPST","article_published_time":"2017-07-30T15:31:40+00:00","article_modified_time":"2017-07-30T15:31:26+00:00","og_image":[{"width":800,"height":445,"url":"https:\/\/www.mpppst.gob.ve\/mpppstweb\/wp-content\/uploads\/2017\/07\/Presidente.jpg","type":"image\/jpeg"}],"author":"MPPPST Prensa","twitter_card":"summary_large_image","twitter_misc":{"Escrito por":"MPPPST Prensa","Tiempo de lectura":"2 minutos"},"schema":{"@context":"https:\/\/schema.org","@graph":[{"@type":"Article","@id":"https:\/\/www.mpppst.gob.ve\/mpppstweb\/index.php\/2017\/07\/30\/presidente-maduro-el-voto-es-un-derecho-politico-humano-y-constitucional\/#article","isPartOf":{"@id":"https:\/\/www.mpppst.gob.ve\/mpppstweb\/index.php\/2017\/07\/30\/presidente-maduro-el-voto-es-un-derecho-politico-humano-y-constitucional\/"},"author":{"name":"MPPPST Prensa","@id":"https:\/\/www.mpppst.gob.ve\/mpppstweb\/#\/schema\/person\/fc187ee8ead412bd4c9304b62f900ea4"},"headline":"Presidente Maduro: El voto es un derecho pol\u00edtico, humano y constitucional","datePublished":"2017-07-30T15:31:40+00:00","dateModified":"2017-07-30T15:31:26+00:00","mainEntityOfPage":{"@id":"https:\/\/www.mpppst.gob.ve\/mpppstweb\/index.php\/2017\/07\/30\/presidente-maduro-el-voto-es-un-derecho-politico-humano-y-constitucional\/"},"wordCount":478,"publisher":{"@id":"https:\/\/www.mpppst.gob.ve\/mpppstweb\/#organization"},"image":{"@id":"https:\/\/www.mpppst.gob.ve\/mpppstweb\/index.php\/2017\/07\/30\/presidente-maduro-el-voto-es-un-derecho-politico-humano-y-constitucional\/#primaryimage"},"thumbnailUrl":"https:\/\/www.mpppst.gob.ve\/mpppstweb\/wp-content\/uploads\/2017\/07\/Presidente.jpg","articleSection":["Gobierno Nacional","Noticias","Presidencia de la Rep\u00fablica"],"inLanguage":"es"},{"@type":"WebPage","@id":"https:\/\/www.mpppst.gob.ve\/mpppstweb\/index.php\/2017\/07\/30\/presidente-maduro-el-voto-es-un-derecho-politico-humano-y-constitucional\/","url":"https:\/\/www.mpppst.gob.ve\/mpppstweb\/index.php\/2017\/07\/30\/presidente-maduro-el-voto-es-un-derecho-politico-humano-y-constitucional\/","name":"Presidente Maduro: El voto es un derecho pol\u00edtico, humano y constitucional - MPPPST","isPartOf":{"@id":"https:\/\/www.mpppst.gob.ve\/mpppstweb\/#website"},"primaryImageOfPage":{"@id":"https:\/\/www.mpppst.gob.ve\/mpppstweb\/index.php\/2017\/07\/30\/presidente-maduro-el-voto-es-un-derecho-politico-humano-y-constitucional\/#primaryimage"},"image":{"@id":"https:\/\/www.mpppst.gob.ve\/mpppstweb\/index.php\/2017\/07\/30\/presidente-maduro-el-voto-es-un-derecho-politico-humano-y-constitucional\/#primaryimage"},"thumbnailUrl":"https:\/\/www.mpppst.gob.ve\/mpppstweb\/wp-content\/uploads\/2017\/07\/Presidente.jpg","datePublished":"2017-07-30T15:31:40+00:00","dateModified":"2017-07-30T15:31:26+00:00","breadcrumb":{"@id":"https:\/\/www.mpppst.gob.ve\/mpppstweb\/index.php\/2017\/07\/30\/presidente-maduro-el-voto-es-un-derecho-politico-humano-y-constitucional\/#breadcrumb"},"inLanguage":"es","potentialAction":[{"@type":"ReadAction","target":["https:\/\/www.mpppst.gob.ve\/mpppstweb\/index.php\/2017\/07\/30\/presidente-maduro-el-voto-es-un-derecho-politico-humano-y-constitucional\/"]}]},{"@type":"ImageObject","inLanguage":"es","@id":"https:\/\/www.mpppst.gob.ve\/mpppstweb\/index.php\/2017\/07\/30\/presidente-maduro-el-voto-es-un-derecho-politico-humano-y-constitucional\/#primaryimage","url":"https:\/\/www.mpppst.gob.ve\/mpppstweb\/wp-content\/uploads\/2017\/07\/Presidente.jpg","contentUrl":"https:\/\/www.mpppst.gob.ve\/mpppstweb\/wp-content\/uploads\/2017\/07\/Presidente.jpg","width":800,"height":445},{"@type":"BreadcrumbList","@id":"https:\/\/www.mpppst.gob.ve\/mpppstweb\/index.php\/2017\/07\/30\/presidente-maduro-el-voto-es-un-derecho-politico-humano-y-constitucional\/#breadcrumb","itemListElement":[{"@type":"ListItem","position":1,"name":"Home","item":"https:\/\/www.mpppst.gob.ve\/mpppstweb\/"},{"@type":"ListItem","position":2,"name":"Presidente Maduro: El voto es un derecho pol\u00edtico, humano y constitucional"}]},{"@type":"WebSite","@id":"https:\/\/www.mpppst.gob.ve\/mpppstweb\/#website","url":"https:\/\/www.mpppst.gob.ve\/mpppstweb\/","name":"MPPPST","description":"Ministerio del Poder Popular para el Proceso Social de Trabajo","publisher":{"@id":"https:\/\/www.mpppst.gob.ve\/mpppstweb\/#organization"},"potentialAction":[{"@type":"SearchAction","target":{"@type":"EntryPoint","urlTemplate":"https:\/\/www.mpppst.gob.ve\/mpppstweb\/?s={search_term_string}"},"query-input":"required name=search_term_string"}],"inLanguage":"es"},{"@type":"Organization","@id":"https:\/\/www.mpppst.gob.ve\/mpppstweb\/#organization","name":"mpppst","url":"https:\/\/www.mpppst.gob.ve\/mpppstweb\/","logo":{"@type":"ImageObject","inLanguage":"es","@id":"https:\/\/www.mpppst.gob.ve\/mpppstweb\/#\/schema\/logo\/image\/","url":"https:\/\/www.mpppst.gob.ve\/mpppstweb\/wp-content\/uploads\/2025\/07\/cropped-cropped-g910.png","contentUrl":"https:\/\/www.mpppst.gob.ve\/mpppstweb\/wp-content\/uploads\/2025\/07\/cropped-cropped-g910.png","width":1080,"height":241,"caption":"mpppst"},"image":{"@id":"https:\/\/www.mpppst.gob.ve\/mpppstweb\/#\/schema\/logo\/image\/"}},{"@type":"Person","@id":"https:\/\/www.mpppst.gob.ve\/mpppstweb\/#\/schema\/person\/fc187ee8ead412bd4c9304b62f900ea4","name":"MPPPST Prensa","url":"https:\/\/www.mpppst.gob.ve\/mpppstweb\/index.php\/author\/prensa-mpppst\/"}]}},"_links":{"self":[{"href":"https:\/\/www.mpppst.gob.ve\/mpppstweb\/index.php\/wp-json\/wp\/v2\/posts\/12354"}],"collection":[{"href":"https:\/\/www.mpppst.gob.ve\/mpppstweb\/index.php\/wp-json\/wp\/v2\/posts"}],"about":[{"href":"https:\/\/www.mpppst.gob.ve\/mpppstweb\/index.php\/wp-json\/wp\/v2\/types\/post"}],"author":[{"embeddable":true,"href":"https:\/\/www.mpppst.gob.ve\/mpppstweb\/index.php\/wp-json\/wp\/v2\/users\/25"}],"replies":[{"embeddable":true,"href":"https:\/\/www.mpppst.gob.ve\/mpppstweb\/index.php\/wp-json\/wp\/v2\/comments?post=12354"}],"version-history":[{"count":2,"href":"https:\/\/www.mpppst.gob.ve\/mpppstweb\/index.php\/wp-json\/wp\/v2\/posts\/12354\/revisions"}],"predecessor-version":[{"id":12356,"href":"https:\/\/www.mpppst.gob.ve\/mpppstweb\/index.php\/wp-json\/wp\/v2\/posts\/12354\/revisions\/12356"}],"wp:featuredmedia":[{"embeddable":true,"href":"https:\/\/www.mpppst.gob.ve\/mpppstweb\/index.php\/wp-json\/wp\/v2\/media\/12355"}],"wp:attachment":[{"href":"https:\/\/www.mpppst.gob.ve\/mpppstweb\/index.php\/wp-json\/wp\/v2\/media?parent=12354"}],"wp:term":[{"taxonomy":"category","embeddable":true,"href":"https:\/\/www.mpppst.gob.ve\/mpppstweb\/index.php\/wp-json\/wp\/v2\/categories?post=12354"},{"taxonomy":"post_tag","embeddable":true,"href":"https:\/\/www.mpppst.gob.ve\/mpppstweb\/index.php\/wp-json\/wp\/v2\/tags?post=12354"}],"curies":[{"name":"wp","href":"https:\/\/api.w.org\/{rel}","templated":true}]}}