{"id":12364,"date":"2017-07-31T10:09:04","date_gmt":"2017-07-31T14:09:04","guid":{"rendered":"http:\/\/www.mpppst.gob.ve\/mpppstweb\/?p=12364"},"modified":"2017-07-31T10:09:04","modified_gmt":"2017-07-31T14:09:04","slug":"presidente-maduro-constituyente-nacio-con-una-gran-legitimidad-popular","status":"publish","type":"post","link":"https:\/\/www.mpppst.gob.ve\/mpppstweb\/index.php\/2017\/07\/31\/presidente-maduro-constituyente-nacio-con-una-gran-legitimidad-popular\/","title":{"rendered":"Presidente Maduro: Constituyente naci\u00f3 con una gran legitimidad popular"},"content":{"rendered":"<p>AVN.- La Asamblea Nacional Constituyente, electa este domingo con m\u00e1s de ocho millones de votos, naci\u00f3 con una gran legitimidad popular, asever\u00f3 este lunes el presidente de la Rep\u00fablica, Nicol\u00e1s Maduro.<\/p>\n<p>Frente a una multitud agrupada en la Plaza Bol\u00edvar de Caracas, el Mandatario se\u00f1al\u00f3 que el mecanismo constitucional naci\u00f3 con la misma legitimidad que la Constituyente de 1999, fundamentada en la Carta Magna y con el apoyo del pueblo.<\/p>\n<p>\u00abNo s\u00f3lo tiene la fuerza constituyente nacional, sino que tiene la fuerza de la legitmidad, la fuerza moral de un pueblo que de manera her\u00f3ica en condiciones de guerra sali\u00f3 a votar, a decir: queremos paz, tranquilidad\u00bb, afirm\u00f3.<\/p>\n<p>En su intervenci\u00f3n, indic\u00f3 que el pueblo venezolano ha dado una lecci\u00f3n de coraje y valent\u00eda al participar en la jornada, a pesar de las amenazas de agentes que pretend\u00edan cercenar el derecho al voto.<\/p>\n<p>\u00abEl pueblo brav\u00edo ha dado una lecci\u00f3n de coraje, de valent\u00eda. Lo que hemos visto hoy es admirable\u00bb, celebr\u00f3 el dignatario desde la Plaza Bol\u00edvar, en Caracas, minutos despu\u00e9s de que el Consejo Nacional Electoral (CNE) emitiera los primeros resultados de la elecci\u00f3n de 537 miembros de la ANC.<\/p>\n<p><strong>El di\u00e1logo y la justicia, objetivos de la ANC<\/strong><\/p>\n<p>El Mandatario ratific\u00f3 el compromiso del Gobierno de hacer de la Asamblea Nacional Constituyente un espacio de di\u00e1logo y encuentro.<\/p>\n<p>\u00abCerremos filas para que la Asamblea Nacional Constituyente sea el espacio de di\u00e1logo nacional de todos los venezolanos, de la gente honesta que quiera paz, de la gente sincera\u00bb, insisti\u00f3.<\/p>\n<p>Refiri\u00f3 tambi\u00e9n que la tarea principal de la Asamblea Nacional Constituyente es consolidar un sistema para reivindicar a las v\u00edctimas de la violencia opositora y hacer justicia, como una forma de erradicarla.<\/p>\n<p>\u00abEsta es una Constituyente para poner orden, hacer justicia y defender la paz\u00bb, expres\u00f3 el mandatario, quien agreg\u00f3 que esta nueva fase de bolivarianismo abarcar\u00e1 nuevas tareas en la econ\u00f3mico, pol\u00edtico, cultural; una nueva actitud, conducta y m\u00e9todos para acabar con la corrupci\u00f3n y estimular la organizaci\u00f3n popular.<\/p>\n<p>El Presidente, quien comparecer\u00e1 a la ANC para reconocer una vez m\u00e1s el Poder Originario del pueblo, agradeci\u00f3 tambi\u00e9n este lunes las muestras de solidaridad de diferentes pueblos del mundo ante el proceso Constituyente.<\/p>\n<p>\u00abTenemos el amor, la admiraci\u00f3n de los pueblos\u00bb que est\u00e1n viendo a Venezuela con admiraci\u00f3n \u00aby ya la palabra Constituyente comienza a sonar en los pueblos, los barrios, las f\u00e1bricas de una Am\u00e9rica Latina que se levanta en una nueva ola de lucha libertaria y popular\u00bb.<\/p>\n","protected":false},"excerpt":{"rendered":"<p>AVN.- La Asamblea Nacional Constituyente, electa este domingo con m\u00e1s de ocho millones de votos, naci\u00f3 &hellip; <a title=\"Presidente Maduro: Constituyente naci\u00f3 con una gran legitimidad popular\" class=\"hm-read-more\" href=\"https:\/\/www.mpppst.gob.ve\/mpppstweb\/index.php\/2017\/07\/31\/presidente-maduro-constituyente-nacio-con-una-gran-legitimidad-popular\/\"><span class=\"screen-reader-text\">Presidente Maduro: Constituyente naci\u00f3 con una gran legitimidad popular<\/span>Read more<\/a><\/p>\n","protected":false},"author":25,"featured_media":12365,"comment_status":"closed","ping_status":"closed","sticky":false,"template":"","format":"standard","meta":{"footnotes":""},"categories":[82,163],"tags":[],"yoast_head":"<!-- This site is optimized with the Yoast SEO plugin v22.5 - https:\/\/yoast.com\/wordpress\/plugins\/seo\/ -->\n<title>Presidente Maduro: Constituyente naci\u00f3 con una gran legitimidad popular - MPPPST<\/title>\n<meta name=\"robots\" content=\"index, follow, max-snippet:-1, max-image-preview:large, max-video-preview:-1\" \/>\n<link rel=\"canonical\" href=\"https:\/\/www.mpppst.gob.ve\/mpppstweb\/index.php\/2017\/07\/31\/presidente-maduro-constituyente-nacio-con-una-gran-legitimidad-popular\/\" \/>\n<meta property=\"og:locale\" content=\"es_ES\" \/>\n<meta property=\"og:type\" content=\"article\" \/>\n<meta property=\"og:title\" content=\"Presidente Maduro: Constituyente naci\u00f3 con una gran legitimidad popular - MPPPST\" \/>\n<meta property=\"og:description\" content=\"AVN.- La Asamblea Nacional Constituyente, electa este domingo con m\u00e1s de ocho millones de votos, naci\u00f3 &hellip; Presidente Maduro: Constituyente naci\u00f3 con una gran legitimidad popularRead more\" \/>\n<meta property=\"og:url\" content=\"https:\/\/www.mpppst.gob.ve\/mpppstweb\/index.php\/2017\/07\/31\/presidente-maduro-constituyente-nacio-con-una-gran-legitimidad-popular\/\" \/>\n<meta property=\"og:site_name\" content=\"MPPPST\" \/>\n<meta property=\"article:published_time\" content=\"2017-07-31T14:09:04+00:00\" \/>\n<meta property=\"og:image\" content=\"https:\/\/www.mpppst.gob.ve\/mpppstweb\/wp-content\/uploads\/2017\/07\/maduro_51501479948.jpg\" \/>\n\t<meta property=\"og:image:width\" content=\"800\" \/>\n\t<meta property=\"og:image:height\" content=\"445\" \/>\n\t<meta property=\"og:image:type\" content=\"image\/jpeg\" \/>\n<meta name=\"author\" content=\"MPPPST Prensa\" \/>\n<meta name=\"twitter:card\" content=\"summary_large_image\" \/>\n<meta name=\"twitter:label1\" content=\"Escrito por\" \/>\n\t<meta name=\"twitter:data1\" content=\"MPPPST Prensa\" \/>\n\t<meta name=\"twitter:label2\" content=\"Tiempo de lectura\" \/>\n\t<meta name=\"twitter:data2\" content=\"2 minutos\" \/>\n<script type=\"application\/ld+json\" class=\"yoast-schema-graph\">{\"@context\":\"https:\/\/schema.org\",\"@graph\":[{\"@type\":\"Article\",\"@id\":\"https:\/\/www.mpppst.gob.ve\/mpppstweb\/index.php\/2017\/07\/31\/presidente-maduro-constituyente-nacio-con-una-gran-legitimidad-popular\/#article\",\"isPartOf\":{\"@id\":\"https:\/\/www.mpppst.gob.ve\/mpppstweb\/index.php\/2017\/07\/31\/presidente-maduro-constituyente-nacio-con-una-gran-legitimidad-popular\/\"},\"author\":{\"name\":\"MPPPST Prensa\",\"@id\":\"https:\/\/www.mpppst.gob.ve\/mpppstweb\/#\/schema\/person\/fc187ee8ead412bd4c9304b62f900ea4\"},\"headline\":\"Presidente Maduro: Constituyente naci\u00f3 con una gran legitimidad popular\",\"datePublished\":\"2017-07-31T14:09:04+00:00\",\"dateModified\":\"2017-07-31T14:09:04+00:00\",\"mainEntityOfPage\":{\"@id\":\"https:\/\/www.mpppst.gob.ve\/mpppstweb\/index.php\/2017\/07\/31\/presidente-maduro-constituyente-nacio-con-una-gran-legitimidad-popular\/\"},\"wordCount\":453,\"publisher\":{\"@id\":\"https:\/\/www.mpppst.gob.ve\/mpppstweb\/#organization\"},\"image\":{\"@id\":\"https:\/\/www.mpppst.gob.ve\/mpppstweb\/index.php\/2017\/07\/31\/presidente-maduro-constituyente-nacio-con-una-gran-legitimidad-popular\/#primaryimage\"},\"thumbnailUrl\":\"https:\/\/www.mpppst.gob.ve\/mpppstweb\/wp-content\/uploads\/2017\/07\/maduro_51501479948.jpg\",\"articleSection\":[\"Gobierno Nacional\",\"Noticias\"],\"inLanguage\":\"es\"},{\"@type\":\"WebPage\",\"@id\":\"https:\/\/www.mpppst.gob.ve\/mpppstweb\/index.php\/2017\/07\/31\/presidente-maduro-constituyente-nacio-con-una-gran-legitimidad-popular\/\",\"url\":\"https:\/\/www.mpppst.gob.ve\/mpppstweb\/index.php\/2017\/07\/31\/presidente-maduro-constituyente-nacio-con-una-gran-legitimidad-popular\/\",\"name\":\"Presidente Maduro: Constituyente naci\u00f3 con una gran legitimidad popular - MPPPST\",\"isPartOf\":{\"@id\":\"https:\/\/www.mpppst.gob.ve\/mpppstweb\/#website\"},\"primaryImageOfPage\":{\"@id\":\"https:\/\/www.mpppst.gob.ve\/mpppstweb\/index.php\/2017\/07\/31\/presidente-maduro-constituyente-nacio-con-una-gran-legitimidad-popular\/#primaryimage\"},\"image\":{\"@id\":\"https:\/\/www.mpppst.gob.ve\/mpppstweb\/index.php\/2017\/07\/31\/presidente-maduro-constituyente-nacio-con-una-gran-legitimidad-popular\/#primaryimage\"},\"thumbnailUrl\":\"https:\/\/www.mpppst.gob.ve\/mpppstweb\/wp-content\/uploads\/2017\/07\/maduro_51501479948.jpg\",\"datePublished\":\"2017-07-31T14:09:04+00:00\",\"dateModified\":\"2017-07-31T14:09:04+00:00\",\"breadcrumb\":{\"@id\":\"https:\/\/www.mpppst.gob.ve\/mpppstweb\/index.php\/2017\/07\/31\/presidente-maduro-constituyente-nacio-con-una-gran-legitimidad-popular\/#breadcrumb\"},\"inLanguage\":\"es\",\"potentialAction\":[{\"@type\":\"ReadAction\",\"target\":[\"https:\/\/www.mpppst.gob.ve\/mpppstweb\/index.php\/2017\/07\/31\/presidente-maduro-constituyente-nacio-con-una-gran-legitimidad-popular\/\"]}]},{\"@type\":\"ImageObject\",\"inLanguage\":\"es\",\"@id\":\"https:\/\/www.mpppst.gob.ve\/mpppstweb\/index.php\/2017\/07\/31\/presidente-maduro-constituyente-nacio-con-una-gran-legitimidad-popular\/#primaryimage\",\"url\":\"https:\/\/www.mpppst.gob.ve\/mpppstweb\/wp-content\/uploads\/2017\/07\/maduro_51501479948.jpg\",\"contentUrl\":\"https:\/\/www.mpppst.gob.ve\/mpppstweb\/wp-content\/uploads\/2017\/07\/maduro_51501479948.jpg\",\"width\":800,\"height\":445},{\"@type\":\"BreadcrumbList\",\"@id\":\"https:\/\/www.mpppst.gob.ve\/mpppstweb\/index.php\/2017\/07\/31\/presidente-maduro-constituyente-nacio-con-una-gran-legitimidad-popular\/#breadcrumb\",\"itemListElement\":[{\"@type\":\"ListItem\",\"position\":1,\"name\":\"Home\",\"item\":\"https:\/\/www.mpppst.gob.ve\/mpppstweb\/\"},{\"@type\":\"ListItem\",\"position\":2,\"name\":\"Presidente Maduro: Constituyente naci\u00f3 con una gran legitimidad popular\"}]},{\"@type\":\"WebSite\",\"@id\":\"https:\/\/www.mpppst.gob.ve\/mpppstweb\/#website\",\"url\":\"https:\/\/www.mpppst.gob.ve\/mpppstweb\/\",\"name\":\"MPPPST\",\"description\":\"Ministerio del Poder Popular para el Proceso Social de Trabajo\",\"publisher\":{\"@id\":\"https:\/\/www.mpppst.gob.ve\/mpppstweb\/#organization\"},\"potentialAction\":[{\"@type\":\"SearchAction\",\"target\":{\"@type\":\"EntryPoint\",\"urlTemplate\":\"https:\/\/www.mpppst.gob.ve\/mpppstweb\/?s={search_term_string}\"},\"query-input\":\"required name=search_term_string\"}],\"inLanguage\":\"es\"},{\"@type\":\"Organization\",\"@id\":\"https:\/\/www.mpppst.gob.ve\/mpppstweb\/#organization\",\"name\":\"mpppst\",\"url\":\"https:\/\/www.mpppst.gob.ve\/mpppstweb\/\",\"logo\":{\"@type\":\"ImageObject\",\"inLanguage\":\"es\",\"@id\":\"https:\/\/www.mpppst.gob.ve\/mpppstweb\/#\/schema\/logo\/image\/\",\"url\":\"https:\/\/www.mpppst.gob.ve\/mpppstweb\/wp-content\/uploads\/2025\/07\/cropped-cropped-g910.png\",\"contentUrl\":\"https:\/\/www.mpppst.gob.ve\/mpppstweb\/wp-content\/uploads\/2025\/07\/cropped-cropped-g910.png\",\"width\":1080,\"height\":241,\"caption\":\"mpppst\"},\"image\":{\"@id\":\"https:\/\/www.mpppst.gob.ve\/mpppstweb\/#\/schema\/logo\/image\/\"}},{\"@type\":\"Person\",\"@id\":\"https:\/\/www.mpppst.gob.ve\/mpppstweb\/#\/schema\/person\/fc187ee8ead412bd4c9304b62f900ea4\",\"name\":\"MPPPST Prensa\",\"url\":\"https:\/\/www.mpppst.gob.ve\/mpppstweb\/index.php\/author\/prensa-mpppst\/\"}]}<\/script>\n<!-- \/ Yoast SEO plugin. -->","yoast_head_json":{"title":"Presidente Maduro: Constituyente naci\u00f3 con una gran legitimidad popular - MPPPST","robots":{"index":"index","follow":"follow","max-snippet":"max-snippet:-1","max-image-preview":"max-image-preview:large","max-video-preview":"max-video-preview:-1"},"canonical":"https:\/\/www.mpppst.gob.ve\/mpppstweb\/index.php\/2017\/07\/31\/presidente-maduro-constituyente-nacio-con-una-gran-legitimidad-popular\/","og_locale":"es_ES","og_type":"article","og_title":"Presidente Maduro: Constituyente naci\u00f3 con una gran legitimidad popular - MPPPST","og_description":"AVN.- La Asamblea Nacional Constituyente, electa este domingo con m\u00e1s de ocho millones de votos, naci\u00f3 &hellip; Presidente Maduro: Constituyente naci\u00f3 con una gran legitimidad popularRead more","og_url":"https:\/\/www.mpppst.gob.ve\/mpppstweb\/index.php\/2017\/07\/31\/presidente-maduro-constituyente-nacio-con-una-gran-legitimidad-popular\/","og_site_name":"MPPPST","article_published_time":"2017-07-31T14:09:04+00:00","og_image":[{"width":800,"height":445,"url":"https:\/\/www.mpppst.gob.ve\/mpppstweb\/wp-content\/uploads\/2017\/07\/maduro_51501479948.jpg","type":"image\/jpeg"}],"author":"MPPPST Prensa","twitter_card":"summary_large_image","twitter_misc":{"Escrito por":"MPPPST Prensa","Tiempo de lectura":"2 minutos"},"schema":{"@context":"https:\/\/schema.org","@graph":[{"@type":"Article","@id":"https:\/\/www.mpppst.gob.ve\/mpppstweb\/index.php\/2017\/07\/31\/presidente-maduro-constituyente-nacio-con-una-gran-legitimidad-popular\/#article","isPartOf":{"@id":"https:\/\/www.mpppst.gob.ve\/mpppstweb\/index.php\/2017\/07\/31\/presidente-maduro-constituyente-nacio-con-una-gran-legitimidad-popular\/"},"author":{"name":"MPPPST Prensa","@id":"https:\/\/www.mpppst.gob.ve\/mpppstweb\/#\/schema\/person\/fc187ee8ead412bd4c9304b62f900ea4"},"headline":"Presidente Maduro: Constituyente naci\u00f3 con una gran legitimidad popular","datePublished":"2017-07-31T14:09:04+00:00","dateModified":"2017-07-31T14:09:04+00:00","mainEntityOfPage":{"@id":"https:\/\/www.mpppst.gob.ve\/mpppstweb\/index.php\/2017\/07\/31\/presidente-maduro-constituyente-nacio-con-una-gran-legitimidad-popular\/"},"wordCount":453,"publisher":{"@id":"https:\/\/www.mpppst.gob.ve\/mpppstweb\/#organization"},"image":{"@id":"https:\/\/www.mpppst.gob.ve\/mpppstweb\/index.php\/2017\/07\/31\/presidente-maduro-constituyente-nacio-con-una-gran-legitimidad-popular\/#primaryimage"},"thumbnailUrl":"https:\/\/www.mpppst.gob.ve\/mpppstweb\/wp-content\/uploads\/2017\/07\/maduro_51501479948.jpg","articleSection":["Gobierno Nacional","Noticias"],"inLanguage":"es"},{"@type":"WebPage","@id":"https:\/\/www.mpppst.gob.ve\/mpppstweb\/index.php\/2017\/07\/31\/presidente-maduro-constituyente-nacio-con-una-gran-legitimidad-popular\/","url":"https:\/\/www.mpppst.gob.ve\/mpppstweb\/index.php\/2017\/07\/31\/presidente-maduro-constituyente-nacio-con-una-gran-legitimidad-popular\/","name":"Presidente Maduro: Constituyente naci\u00f3 con una gran legitimidad popular - MPPPST","isPartOf":{"@id":"https:\/\/www.mpppst.gob.ve\/mpppstweb\/#website"},"primaryImageOfPage":{"@id":"https:\/\/www.mpppst.gob.ve\/mpppstweb\/index.php\/2017\/07\/31\/presidente-maduro-constituyente-nacio-con-una-gran-legitimidad-popular\/#primaryimage"},"image":{"@id":"https:\/\/www.mpppst.gob.ve\/mpppstweb\/index.php\/2017\/07\/31\/presidente-maduro-constituyente-nacio-con-una-gran-legitimidad-popular\/#primaryimage"},"thumbnailUrl":"https:\/\/www.mpppst.gob.ve\/mpppstweb\/wp-content\/uploads\/2017\/07\/maduro_51501479948.jpg","datePublished":"2017-07-31T14:09:04+00:00","dateModified":"2017-07-31T14:09:04+00:00","breadcrumb":{"@id":"https:\/\/www.mpppst.gob.ve\/mpppstweb\/index.php\/2017\/07\/31\/presidente-maduro-constituyente-nacio-con-una-gran-legitimidad-popular\/#breadcrumb"},"inLanguage":"es","potentialAction":[{"@type":"ReadAction","target":["https:\/\/www.mpppst.gob.ve\/mpppstweb\/index.php\/2017\/07\/31\/presidente-maduro-constituyente-nacio-con-una-gran-legitimidad-popular\/"]}]},{"@type":"ImageObject","inLanguage":"es","@id":"https:\/\/www.mpppst.gob.ve\/mpppstweb\/index.php\/2017\/07\/31\/presidente-maduro-constituyente-nacio-con-una-gran-legitimidad-popular\/#primaryimage","url":"https:\/\/www.mpppst.gob.ve\/mpppstweb\/wp-content\/uploads\/2017\/07\/maduro_51501479948.jpg","contentUrl":"https:\/\/www.mpppst.gob.ve\/mpppstweb\/wp-content\/uploads\/2017\/07\/maduro_51501479948.jpg","width":800,"height":445},{"@type":"BreadcrumbList","@id":"https:\/\/www.mpppst.gob.ve\/mpppstweb\/index.php\/2017\/07\/31\/presidente-maduro-constituyente-nacio-con-una-gran-legitimidad-popular\/#breadcrumb","itemListElement":[{"@type":"ListItem","position":1,"name":"Home","item":"https:\/\/www.mpppst.gob.ve\/mpppstweb\/"},{"@type":"ListItem","position":2,"name":"Presidente Maduro: Constituyente naci\u00f3 con una gran legitimidad popular"}]},{"@type":"WebSite","@id":"https:\/\/www.mpppst.gob.ve\/mpppstweb\/#website","url":"https:\/\/www.mpppst.gob.ve\/mpppstweb\/","name":"MPPPST","description":"Ministerio del Poder Popular para el Proceso Social de Trabajo","publisher":{"@id":"https:\/\/www.mpppst.gob.ve\/mpppstweb\/#organization"},"potentialAction":[{"@type":"SearchAction","target":{"@type":"EntryPoint","urlTemplate":"https:\/\/www.mpppst.gob.ve\/mpppstweb\/?s={search_term_string}"},"query-input":"required name=search_term_string"}],"inLanguage":"es"},{"@type":"Organization","@id":"https:\/\/www.mpppst.gob.ve\/mpppstweb\/#organization","name":"mpppst","url":"https:\/\/www.mpppst.gob.ve\/mpppstweb\/","logo":{"@type":"ImageObject","inLanguage":"es","@id":"https:\/\/www.mpppst.gob.ve\/mpppstweb\/#\/schema\/logo\/image\/","url":"https:\/\/www.mpppst.gob.ve\/mpppstweb\/wp-content\/uploads\/2025\/07\/cropped-cropped-g910.png","contentUrl":"https:\/\/www.mpppst.gob.ve\/mpppstweb\/wp-content\/uploads\/2025\/07\/cropped-cropped-g910.png","width":1080,"height":241,"caption":"mpppst"},"image":{"@id":"https:\/\/www.mpppst.gob.ve\/mpppstweb\/#\/schema\/logo\/image\/"}},{"@type":"Person","@id":"https:\/\/www.mpppst.gob.ve\/mpppstweb\/#\/schema\/person\/fc187ee8ead412bd4c9304b62f900ea4","name":"MPPPST Prensa","url":"https:\/\/www.mpppst.gob.ve\/mpppstweb\/index.php\/author\/prensa-mpppst\/"}]}},"_links":{"self":[{"href":"https:\/\/www.mpppst.gob.ve\/mpppstweb\/index.php\/wp-json\/wp\/v2\/posts\/12364"}],"collection":[{"href":"https:\/\/www.mpppst.gob.ve\/mpppstweb\/index.php\/wp-json\/wp\/v2\/posts"}],"about":[{"href":"https:\/\/www.mpppst.gob.ve\/mpppstweb\/index.php\/wp-json\/wp\/v2\/types\/post"}],"author":[{"embeddable":true,"href":"https:\/\/www.mpppst.gob.ve\/mpppstweb\/index.php\/wp-json\/wp\/v2\/users\/25"}],"replies":[{"embeddable":true,"href":"https:\/\/www.mpppst.gob.ve\/mpppstweb\/index.php\/wp-json\/wp\/v2\/comments?post=12364"}],"version-history":[{"count":1,"href":"https:\/\/www.mpppst.gob.ve\/mpppstweb\/index.php\/wp-json\/wp\/v2\/posts\/12364\/revisions"}],"predecessor-version":[{"id":12366,"href":"https:\/\/www.mpppst.gob.ve\/mpppstweb\/index.php\/wp-json\/wp\/v2\/posts\/12364\/revisions\/12366"}],"wp:featuredmedia":[{"embeddable":true,"href":"https:\/\/www.mpppst.gob.ve\/mpppstweb\/index.php\/wp-json\/wp\/v2\/media\/12365"}],"wp:attachment":[{"href":"https:\/\/www.mpppst.gob.ve\/mpppstweb\/index.php\/wp-json\/wp\/v2\/media?parent=12364"}],"wp:term":[{"taxonomy":"category","embeddable":true,"href":"https:\/\/www.mpppst.gob.ve\/mpppstweb\/index.php\/wp-json\/wp\/v2\/categories?post=12364"},{"taxonomy":"post_tag","embeddable":true,"href":"https:\/\/www.mpppst.gob.ve\/mpppstweb\/index.php\/wp-json\/wp\/v2\/tags?post=12364"}],"curies":[{"name":"wp","href":"https:\/\/api.w.org\/{rel}","templated":true}]}}