{"id":12371,"date":"2017-08-01T14:26:30","date_gmt":"2017-08-01T18:26:30","guid":{"rendered":"http:\/\/www.mpppst.gob.ve\/mpppstweb\/?p=12371"},"modified":"2017-08-01T14:49:02","modified_gmt":"2017-08-01T18:49:02","slug":"70-de-los-trabajadores-del-mpppst-participaron-en-las-elecciones-del-30j","status":"publish","type":"post","link":"https:\/\/www.mpppst.gob.ve\/mpppstweb\/index.php\/2017\/08\/01\/70-de-los-trabajadores-del-mpppst-participaron-en-las-elecciones-del-30j\/","title":{"rendered":"70% de los trabajadores del MPPPST participaron en las elecciones del 30J"},"content":{"rendered":"<p>Por Marbelys Mav\u00e1rez Laguna<\/p>\n<p>El viceministro para el Sistema Integrado de Inspecci\u00f3n Laboral y de la Seguridad Social, Jos\u00e9 Ram\u00f3n Rivero, manifest\u00f3 que los trabajadores de Venalum tuvieron un 65% de participaci\u00f3n en las elecciones a la Asamblea Nacional Constituyente realizadas el pasado 30 de julio, en tanto Sidor tuvo una participaci\u00f3n del \u00a070% y el Ministerio del Poder Popular para el Proceso Social de Trabajo 70%. \u00a0\u00a0Se trata de una participaci\u00f3n significativa, seg\u00fan lo se\u00f1al\u00f3 Rivero en el programa n\u00famero 25 de Fuerza Trabajadora, transmitido por Radio Miraflores.<\/p>\n<p>Por su parte, Francisco Torrealba, candidato a Constituyente, expres\u00f3 que en la Rep\u00fablica Bolivariana de Venezuela, no estamos \u00a0en condiciones de permitir que nadie cercene las libertades. \u201cNosotros tenemos un r\u00e9gimen democr\u00e1tico que est\u00e1 consolidado, y con este proceso y esta hist\u00f3rica participaci\u00f3n de m\u00e1s de 8 millones de venezolanos ha quedado fortalecido. El trabajo que queremos hacer nosotros aqu\u00ed en Venezuela desde la Asamblea Nacional Constituyente (ANC), es alcanzar la paz, la reconciliaci\u00f3n, el reencuentro, la tolerancia y el respeto entre todos los venezolanos y las venezolanas, y que se sepa que aunque no pensemos igual, tenemos que respetarnos y poder conversar\u201d, dijo al tiempo que agregaba que 85% de los trabajadores del Metro participaron en las elecciones del 30J. \u00a0Asimismo, destac\u00f3 que este triunfo y \u00e9xito se lo dedican los venezolanos y venezolanas al \u00a0Comandante Hugo Ch\u00e1vez Fr\u00edas.<\/p>\n<p>Finalmente, manifest\u00f3 que la violencia es el arma de los que no tienen raz\u00f3n. Y agreg\u00f3 que: \u00bfsi la oposici\u00f3n tiene tantos votos por qu\u00e9 no le creen a la democracia?, neg\u00e1ndose \u00a0sistem\u00e1ticamente a \u00a0participar en los procesos electorales.<\/p>\n","protected":false},"excerpt":{"rendered":"<p>Por Marbelys Mav\u00e1rez Laguna El viceministro para el Sistema Integrado de Inspecci\u00f3n Laboral y de la &hellip; <a title=\"70% de los trabajadores del MPPPST participaron en las elecciones del 30J\" class=\"hm-read-more\" href=\"https:\/\/www.mpppst.gob.ve\/mpppstweb\/index.php\/2017\/08\/01\/70-de-los-trabajadores-del-mpppst-participaron-en-las-elecciones-del-30j\/\"><span class=\"screen-reader-text\">70% de los trabajadores del MPPPST participaron en las elecciones del 30J<\/span>Read more<\/a><\/p>\n","protected":false},"author":25,"featured_media":12373,"comment_status":"closed","ping_status":"closed","sticky":false,"template":"","format":"standard","meta":{"footnotes":""},"categories":[82,83,163],"tags":[],"yoast_head":"<!-- This site is optimized with the Yoast SEO plugin v22.5 - https:\/\/yoast.com\/wordpress\/plugins\/seo\/ -->\n<title>70% de los trabajadores del MPPPST participaron en las elecciones del 30J - MPPPST<\/title>\n<meta name=\"robots\" content=\"index, follow, max-snippet:-1, max-image-preview:large, max-video-preview:-1\" \/>\n<link rel=\"canonical\" href=\"https:\/\/www.mpppst.gob.ve\/mpppstweb\/index.php\/2017\/08\/01\/70-de-los-trabajadores-del-mpppst-participaron-en-las-elecciones-del-30j\/\" \/>\n<meta property=\"og:locale\" content=\"es_ES\" \/>\n<meta property=\"og:type\" content=\"article\" \/>\n<meta property=\"og:title\" content=\"70% de los trabajadores del MPPPST participaron en las elecciones del 30J - MPPPST\" \/>\n<meta property=\"og:description\" content=\"Por Marbelys Mav\u00e1rez Laguna El viceministro para el Sistema Integrado de Inspecci\u00f3n Laboral y de la &hellip; 70% de los trabajadores del MPPPST participaron en las elecciones del 30JRead more\" \/>\n<meta property=\"og:url\" content=\"https:\/\/www.mpppst.gob.ve\/mpppstweb\/index.php\/2017\/08\/01\/70-de-los-trabajadores-del-mpppst-participaron-en-las-elecciones-del-30j\/\" \/>\n<meta property=\"og:site_name\" content=\"MPPPST\" \/>\n<meta property=\"article:published_time\" content=\"2017-08-01T18:26:30+00:00\" \/>\n<meta property=\"article:modified_time\" content=\"2017-08-01T18:49:02+00:00\" \/>\n<meta property=\"og:image\" content=\"https:\/\/www.mpppst.gob.ve\/mpppstweb\/wp-content\/uploads\/2017\/08\/vice.jpg\" \/>\n\t<meta property=\"og:image:width\" content=\"3456\" \/>\n\t<meta property=\"og:image:height\" content=\"2304\" \/>\n\t<meta property=\"og:image:type\" content=\"image\/jpeg\" \/>\n<meta name=\"author\" content=\"MPPPST Prensa\" \/>\n<meta name=\"twitter:card\" content=\"summary_large_image\" \/>\n<meta name=\"twitter:label1\" content=\"Escrito por\" \/>\n\t<meta name=\"twitter:data1\" content=\"MPPPST Prensa\" \/>\n\t<meta name=\"twitter:label2\" content=\"Tiempo de lectura\" \/>\n\t<meta name=\"twitter:data2\" content=\"1 minuto\" \/>\n<script type=\"application\/ld+json\" class=\"yoast-schema-graph\">{\"@context\":\"https:\/\/schema.org\",\"@graph\":[{\"@type\":\"Article\",\"@id\":\"https:\/\/www.mpppst.gob.ve\/mpppstweb\/index.php\/2017\/08\/01\/70-de-los-trabajadores-del-mpppst-participaron-en-las-elecciones-del-30j\/#article\",\"isPartOf\":{\"@id\":\"https:\/\/www.mpppst.gob.ve\/mpppstweb\/index.php\/2017\/08\/01\/70-de-los-trabajadores-del-mpppst-participaron-en-las-elecciones-del-30j\/\"},\"author\":{\"name\":\"MPPPST Prensa\",\"@id\":\"https:\/\/www.mpppst.gob.ve\/mpppstweb\/#\/schema\/person\/fc187ee8ead412bd4c9304b62f900ea4\"},\"headline\":\"70% de los trabajadores del MPPPST participaron en las elecciones del 30J\",\"datePublished\":\"2017-08-01T18:26:30+00:00\",\"dateModified\":\"2017-08-01T18:49:02+00:00\",\"mainEntityOfPage\":{\"@id\":\"https:\/\/www.mpppst.gob.ve\/mpppstweb\/index.php\/2017\/08\/01\/70-de-los-trabajadores-del-mpppst-participaron-en-las-elecciones-del-30j\/\"},\"wordCount\":294,\"publisher\":{\"@id\":\"https:\/\/www.mpppst.gob.ve\/mpppstweb\/#organization\"},\"image\":{\"@id\":\"https:\/\/www.mpppst.gob.ve\/mpppstweb\/index.php\/2017\/08\/01\/70-de-los-trabajadores-del-mpppst-participaron-en-las-elecciones-del-30j\/#primaryimage\"},\"thumbnailUrl\":\"https:\/\/www.mpppst.gob.ve\/mpppstweb\/wp-content\/uploads\/2017\/08\/vice.jpg\",\"articleSection\":[\"Gobierno Nacional\",\"Ministerio\",\"Noticias\"],\"inLanguage\":\"es\"},{\"@type\":\"WebPage\",\"@id\":\"https:\/\/www.mpppst.gob.ve\/mpppstweb\/index.php\/2017\/08\/01\/70-de-los-trabajadores-del-mpppst-participaron-en-las-elecciones-del-30j\/\",\"url\":\"https:\/\/www.mpppst.gob.ve\/mpppstweb\/index.php\/2017\/08\/01\/70-de-los-trabajadores-del-mpppst-participaron-en-las-elecciones-del-30j\/\",\"name\":\"70% de los trabajadores del MPPPST participaron en las elecciones del 30J - MPPPST\",\"isPartOf\":{\"@id\":\"https:\/\/www.mpppst.gob.ve\/mpppstweb\/#website\"},\"primaryImageOfPage\":{\"@id\":\"https:\/\/www.mpppst.gob.ve\/mpppstweb\/index.php\/2017\/08\/01\/70-de-los-trabajadores-del-mpppst-participaron-en-las-elecciones-del-30j\/#primaryimage\"},\"image\":{\"@id\":\"https:\/\/www.mpppst.gob.ve\/mpppstweb\/index.php\/2017\/08\/01\/70-de-los-trabajadores-del-mpppst-participaron-en-las-elecciones-del-30j\/#primaryimage\"},\"thumbnailUrl\":\"https:\/\/www.mpppst.gob.ve\/mpppstweb\/wp-content\/uploads\/2017\/08\/vice.jpg\",\"datePublished\":\"2017-08-01T18:26:30+00:00\",\"dateModified\":\"2017-08-01T18:49:02+00:00\",\"breadcrumb\":{\"@id\":\"https:\/\/www.mpppst.gob.ve\/mpppstweb\/index.php\/2017\/08\/01\/70-de-los-trabajadores-del-mpppst-participaron-en-las-elecciones-del-30j\/#breadcrumb\"},\"inLanguage\":\"es\",\"potentialAction\":[{\"@type\":\"ReadAction\",\"target\":[\"https:\/\/www.mpppst.gob.ve\/mpppstweb\/index.php\/2017\/08\/01\/70-de-los-trabajadores-del-mpppst-participaron-en-las-elecciones-del-30j\/\"]}]},{\"@type\":\"ImageObject\",\"inLanguage\":\"es\",\"@id\":\"https:\/\/www.mpppst.gob.ve\/mpppstweb\/index.php\/2017\/08\/01\/70-de-los-trabajadores-del-mpppst-participaron-en-las-elecciones-del-30j\/#primaryimage\",\"url\":\"https:\/\/www.mpppst.gob.ve\/mpppstweb\/wp-content\/uploads\/2017\/08\/vice.jpg\",\"contentUrl\":\"https:\/\/www.mpppst.gob.ve\/mpppstweb\/wp-content\/uploads\/2017\/08\/vice.jpg\",\"width\":3456,\"height\":2304},{\"@type\":\"BreadcrumbList\",\"@id\":\"https:\/\/www.mpppst.gob.ve\/mpppstweb\/index.php\/2017\/08\/01\/70-de-los-trabajadores-del-mpppst-participaron-en-las-elecciones-del-30j\/#breadcrumb\",\"itemListElement\":[{\"@type\":\"ListItem\",\"position\":1,\"name\":\"Home\",\"item\":\"https:\/\/www.mpppst.gob.ve\/mpppstweb\/\"},{\"@type\":\"ListItem\",\"position\":2,\"name\":\"70% de los trabajadores del MPPPST participaron en las elecciones del 30J\"}]},{\"@type\":\"WebSite\",\"@id\":\"https:\/\/www.mpppst.gob.ve\/mpppstweb\/#website\",\"url\":\"https:\/\/www.mpppst.gob.ve\/mpppstweb\/\",\"name\":\"MPPPST\",\"description\":\"Ministerio del Poder Popular para el Proceso Social de Trabajo\",\"publisher\":{\"@id\":\"https:\/\/www.mpppst.gob.ve\/mpppstweb\/#organization\"},\"potentialAction\":[{\"@type\":\"SearchAction\",\"target\":{\"@type\":\"EntryPoint\",\"urlTemplate\":\"https:\/\/www.mpppst.gob.ve\/mpppstweb\/?s={search_term_string}\"},\"query-input\":\"required name=search_term_string\"}],\"inLanguage\":\"es\"},{\"@type\":\"Organization\",\"@id\":\"https:\/\/www.mpppst.gob.ve\/mpppstweb\/#organization\",\"name\":\"mpppst\",\"url\":\"https:\/\/www.mpppst.gob.ve\/mpppstweb\/\",\"logo\":{\"@type\":\"ImageObject\",\"inLanguage\":\"es\",\"@id\":\"https:\/\/www.mpppst.gob.ve\/mpppstweb\/#\/schema\/logo\/image\/\",\"url\":\"https:\/\/www.mpppst.gob.ve\/mpppstweb\/wp-content\/uploads\/2025\/07\/cropped-cropped-g910.png\",\"contentUrl\":\"https:\/\/www.mpppst.gob.ve\/mpppstweb\/wp-content\/uploads\/2025\/07\/cropped-cropped-g910.png\",\"width\":1080,\"height\":241,\"caption\":\"mpppst\"},\"image\":{\"@id\":\"https:\/\/www.mpppst.gob.ve\/mpppstweb\/#\/schema\/logo\/image\/\"}},{\"@type\":\"Person\",\"@id\":\"https:\/\/www.mpppst.gob.ve\/mpppstweb\/#\/schema\/person\/fc187ee8ead412bd4c9304b62f900ea4\",\"name\":\"MPPPST Prensa\",\"url\":\"https:\/\/www.mpppst.gob.ve\/mpppstweb\/index.php\/author\/prensa-mpppst\/\"}]}<\/script>\n<!-- \/ Yoast SEO plugin. -->","yoast_head_json":{"title":"70% de los trabajadores del MPPPST participaron en las elecciones del 30J - MPPPST","robots":{"index":"index","follow":"follow","max-snippet":"max-snippet:-1","max-image-preview":"max-image-preview:large","max-video-preview":"max-video-preview:-1"},"canonical":"https:\/\/www.mpppst.gob.ve\/mpppstweb\/index.php\/2017\/08\/01\/70-de-los-trabajadores-del-mpppst-participaron-en-las-elecciones-del-30j\/","og_locale":"es_ES","og_type":"article","og_title":"70% de los trabajadores del MPPPST participaron en las elecciones del 30J - MPPPST","og_description":"Por Marbelys Mav\u00e1rez Laguna El viceministro para el Sistema Integrado de Inspecci\u00f3n Laboral y de la &hellip; 70% de los trabajadores del MPPPST participaron en las elecciones del 30JRead more","og_url":"https:\/\/www.mpppst.gob.ve\/mpppstweb\/index.php\/2017\/08\/01\/70-de-los-trabajadores-del-mpppst-participaron-en-las-elecciones-del-30j\/","og_site_name":"MPPPST","article_published_time":"2017-08-01T18:26:30+00:00","article_modified_time":"2017-08-01T18:49:02+00:00","og_image":[{"width":3456,"height":2304,"url":"https:\/\/www.mpppst.gob.ve\/mpppstweb\/wp-content\/uploads\/2017\/08\/vice.jpg","type":"image\/jpeg"}],"author":"MPPPST Prensa","twitter_card":"summary_large_image","twitter_misc":{"Escrito por":"MPPPST Prensa","Tiempo de lectura":"1 minuto"},"schema":{"@context":"https:\/\/schema.org","@graph":[{"@type":"Article","@id":"https:\/\/www.mpppst.gob.ve\/mpppstweb\/index.php\/2017\/08\/01\/70-de-los-trabajadores-del-mpppst-participaron-en-las-elecciones-del-30j\/#article","isPartOf":{"@id":"https:\/\/www.mpppst.gob.ve\/mpppstweb\/index.php\/2017\/08\/01\/70-de-los-trabajadores-del-mpppst-participaron-en-las-elecciones-del-30j\/"},"author":{"name":"MPPPST Prensa","@id":"https:\/\/www.mpppst.gob.ve\/mpppstweb\/#\/schema\/person\/fc187ee8ead412bd4c9304b62f900ea4"},"headline":"70% de los trabajadores del MPPPST participaron en las elecciones del 30J","datePublished":"2017-08-01T18:26:30+00:00","dateModified":"2017-08-01T18:49:02+00:00","mainEntityOfPage":{"@id":"https:\/\/www.mpppst.gob.ve\/mpppstweb\/index.php\/2017\/08\/01\/70-de-los-trabajadores-del-mpppst-participaron-en-las-elecciones-del-30j\/"},"wordCount":294,"publisher":{"@id":"https:\/\/www.mpppst.gob.ve\/mpppstweb\/#organization"},"image":{"@id":"https:\/\/www.mpppst.gob.ve\/mpppstweb\/index.php\/2017\/08\/01\/70-de-los-trabajadores-del-mpppst-participaron-en-las-elecciones-del-30j\/#primaryimage"},"thumbnailUrl":"https:\/\/www.mpppst.gob.ve\/mpppstweb\/wp-content\/uploads\/2017\/08\/vice.jpg","articleSection":["Gobierno Nacional","Ministerio","Noticias"],"inLanguage":"es"},{"@type":"WebPage","@id":"https:\/\/www.mpppst.gob.ve\/mpppstweb\/index.php\/2017\/08\/01\/70-de-los-trabajadores-del-mpppst-participaron-en-las-elecciones-del-30j\/","url":"https:\/\/www.mpppst.gob.ve\/mpppstweb\/index.php\/2017\/08\/01\/70-de-los-trabajadores-del-mpppst-participaron-en-las-elecciones-del-30j\/","name":"70% de los trabajadores del MPPPST participaron en las elecciones del 30J - MPPPST","isPartOf":{"@id":"https:\/\/www.mpppst.gob.ve\/mpppstweb\/#website"},"primaryImageOfPage":{"@id":"https:\/\/www.mpppst.gob.ve\/mpppstweb\/index.php\/2017\/08\/01\/70-de-los-trabajadores-del-mpppst-participaron-en-las-elecciones-del-30j\/#primaryimage"},"image":{"@id":"https:\/\/www.mpppst.gob.ve\/mpppstweb\/index.php\/2017\/08\/01\/70-de-los-trabajadores-del-mpppst-participaron-en-las-elecciones-del-30j\/#primaryimage"},"thumbnailUrl":"https:\/\/www.mpppst.gob.ve\/mpppstweb\/wp-content\/uploads\/2017\/08\/vice.jpg","datePublished":"2017-08-01T18:26:30+00:00","dateModified":"2017-08-01T18:49:02+00:00","breadcrumb":{"@id":"https:\/\/www.mpppst.gob.ve\/mpppstweb\/index.php\/2017\/08\/01\/70-de-los-trabajadores-del-mpppst-participaron-en-las-elecciones-del-30j\/#breadcrumb"},"inLanguage":"es","potentialAction":[{"@type":"ReadAction","target":["https:\/\/www.mpppst.gob.ve\/mpppstweb\/index.php\/2017\/08\/01\/70-de-los-trabajadores-del-mpppst-participaron-en-las-elecciones-del-30j\/"]}]},{"@type":"ImageObject","inLanguage":"es","@id":"https:\/\/www.mpppst.gob.ve\/mpppstweb\/index.php\/2017\/08\/01\/70-de-los-trabajadores-del-mpppst-participaron-en-las-elecciones-del-30j\/#primaryimage","url":"https:\/\/www.mpppst.gob.ve\/mpppstweb\/wp-content\/uploads\/2017\/08\/vice.jpg","contentUrl":"https:\/\/www.mpppst.gob.ve\/mpppstweb\/wp-content\/uploads\/2017\/08\/vice.jpg","width":3456,"height":2304},{"@type":"BreadcrumbList","@id":"https:\/\/www.mpppst.gob.ve\/mpppstweb\/index.php\/2017\/08\/01\/70-de-los-trabajadores-del-mpppst-participaron-en-las-elecciones-del-30j\/#breadcrumb","itemListElement":[{"@type":"ListItem","position":1,"name":"Home","item":"https:\/\/www.mpppst.gob.ve\/mpppstweb\/"},{"@type":"ListItem","position":2,"name":"70% de los trabajadores del MPPPST participaron en las elecciones del 30J"}]},{"@type":"WebSite","@id":"https:\/\/www.mpppst.gob.ve\/mpppstweb\/#website","url":"https:\/\/www.mpppst.gob.ve\/mpppstweb\/","name":"MPPPST","description":"Ministerio del Poder Popular para el Proceso Social de Trabajo","publisher":{"@id":"https:\/\/www.mpppst.gob.ve\/mpppstweb\/#organization"},"potentialAction":[{"@type":"SearchAction","target":{"@type":"EntryPoint","urlTemplate":"https:\/\/www.mpppst.gob.ve\/mpppstweb\/?s={search_term_string}"},"query-input":"required name=search_term_string"}],"inLanguage":"es"},{"@type":"Organization","@id":"https:\/\/www.mpppst.gob.ve\/mpppstweb\/#organization","name":"mpppst","url":"https:\/\/www.mpppst.gob.ve\/mpppstweb\/","logo":{"@type":"ImageObject","inLanguage":"es","@id":"https:\/\/www.mpppst.gob.ve\/mpppstweb\/#\/schema\/logo\/image\/","url":"https:\/\/www.mpppst.gob.ve\/mpppstweb\/wp-content\/uploads\/2025\/07\/cropped-cropped-g910.png","contentUrl":"https:\/\/www.mpppst.gob.ve\/mpppstweb\/wp-content\/uploads\/2025\/07\/cropped-cropped-g910.png","width":1080,"height":241,"caption":"mpppst"},"image":{"@id":"https:\/\/www.mpppst.gob.ve\/mpppstweb\/#\/schema\/logo\/image\/"}},{"@type":"Person","@id":"https:\/\/www.mpppst.gob.ve\/mpppstweb\/#\/schema\/person\/fc187ee8ead412bd4c9304b62f900ea4","name":"MPPPST Prensa","url":"https:\/\/www.mpppst.gob.ve\/mpppstweb\/index.php\/author\/prensa-mpppst\/"}]}},"_links":{"self":[{"href":"https:\/\/www.mpppst.gob.ve\/mpppstweb\/index.php\/wp-json\/wp\/v2\/posts\/12371"}],"collection":[{"href":"https:\/\/www.mpppst.gob.ve\/mpppstweb\/index.php\/wp-json\/wp\/v2\/posts"}],"about":[{"href":"https:\/\/www.mpppst.gob.ve\/mpppstweb\/index.php\/wp-json\/wp\/v2\/types\/post"}],"author":[{"embeddable":true,"href":"https:\/\/www.mpppst.gob.ve\/mpppstweb\/index.php\/wp-json\/wp\/v2\/users\/25"}],"replies":[{"embeddable":true,"href":"https:\/\/www.mpppst.gob.ve\/mpppstweb\/index.php\/wp-json\/wp\/v2\/comments?post=12371"}],"version-history":[{"count":1,"href":"https:\/\/www.mpppst.gob.ve\/mpppstweb\/index.php\/wp-json\/wp\/v2\/posts\/12371\/revisions"}],"predecessor-version":[{"id":12372,"href":"https:\/\/www.mpppst.gob.ve\/mpppstweb\/index.php\/wp-json\/wp\/v2\/posts\/12371\/revisions\/12372"}],"wp:featuredmedia":[{"embeddable":true,"href":"https:\/\/www.mpppst.gob.ve\/mpppstweb\/index.php\/wp-json\/wp\/v2\/media\/12373"}],"wp:attachment":[{"href":"https:\/\/www.mpppst.gob.ve\/mpppstweb\/index.php\/wp-json\/wp\/v2\/media?parent=12371"}],"wp:term":[{"taxonomy":"category","embeddable":true,"href":"https:\/\/www.mpppst.gob.ve\/mpppstweb\/index.php\/wp-json\/wp\/v2\/categories?post=12371"},{"taxonomy":"post_tag","embeddable":true,"href":"https:\/\/www.mpppst.gob.ve\/mpppstweb\/index.php\/wp-json\/wp\/v2\/tags?post=12371"}],"curies":[{"name":"wp","href":"https:\/\/api.w.org\/{rel}","templated":true}]}}