{"id":12374,"date":"2017-08-01T16:06:24","date_gmt":"2017-08-01T20:06:24","guid":{"rendered":"http:\/\/www.mpppst.gob.ve\/mpppstweb\/?p=12374"},"modified":"2017-08-01T16:06:24","modified_gmt":"2017-08-01T20:06:24","slug":"presidente-maduro-tenemos-asamblea-nacional-constituyente","status":"publish","type":"post","link":"https:\/\/www.mpppst.gob.ve\/mpppstweb\/index.php\/2017\/08\/01\/presidente-maduro-tenemos-asamblea-nacional-constituyente\/","title":{"rendered":"Presidente Maduro: Tenemos Asamblea Nacional Constituyente"},"content":{"rendered":"<p>AVN.- Tras la elecci\u00f3n de la Asamblea Nacional Constituyente, que se realiz\u00f3 este domingo en todo el pa\u00eds con la participaci\u00f3n de 8 millones 089.320 personas, el presidente de la Rep\u00fablica, Nicol\u00e1s Maduro, enfatiz\u00f3 que acepta la voluntad del pueblo venezolano.<\/p>\n<p>\u00abAcepto la voluntad heroica del pueblo de Venezuela: tenemos Asamblea Nacional Constituyente\u00bb, dijo, desde la sede del Consejo Nacional Electoral (CNE), en Caracas, donde recibi\u00f3 de manos de la presidenta del Poder Electoral, Tibisay Lucena, la copia del primer bolet\u00edn electoral.<\/p>\n<p>En declaraciones transmitidas por Venezolana de Televisi\u00f3n, el jefe de Estado manifest\u00f3 que el CNE que dio a conocer los resultados de la elecci\u00f3n de este domingo es el mismo que lo hizo en el a\u00f1o 2015, cuando partidos de oposici\u00f3n obtuvieron mayor\u00eda de diputados a la Asamblea Nacional, los cuales fueron reconocidos por su Gobierno.<\/p>\n<p>\u00abEs la misma presidenta, Tibisay Lucena, las mismas m\u00e1quinas electorales, el mismo CNE, los mismos miembros de mesa que dijeron, el 6 de diciembre de 2015, que gan\u00f3 la oposici\u00f3n la Asamblea Nacional. Y nosotros dijimos: Am\u00e9n\u00bb, record\u00f3.<\/p>\n<p>Maduro felicit\u00f3 al Poder Electoral por el trabajo de este domingo que -a su juicio- demostr\u00f3 la fortaleza de las instituciones democr\u00e1ticas del pa\u00eds.<\/p>\n<p>\u00abGarantizaron, en medio de una guerra, que el pueblo ejerciera su voluntad, que el pueblo saliera a votar\u00bb, resalt\u00f3.<\/p>\n<p>En ese sentido, contrast\u00f3 el sistema electoral venezolano con el de otros pa\u00edses como Estados Unidos y Colombia.<\/p>\n<p>\u00abVenezuela tiene el mejor, el m\u00e1s perfecto sistema electoral del mundo entero. En primer lugar, dicho por nuestro pueblo, y dicho por observadores internacionales\u00bb, sostuvo.<\/p>\n<p>Un total de 537 candidatos de los 545 que integrar\u00e1n la ANC resultaron electos este domingo en todo el pa\u00eds.<\/p>\n","protected":false},"excerpt":{"rendered":"<p>AVN.- Tras la elecci\u00f3n de la Asamblea Nacional Constituyente, que se realiz\u00f3 este domingo en todo &hellip; <a title=\"Presidente Maduro: Tenemos Asamblea Nacional Constituyente\" class=\"hm-read-more\" href=\"https:\/\/www.mpppst.gob.ve\/mpppstweb\/index.php\/2017\/08\/01\/presidente-maduro-tenemos-asamblea-nacional-constituyente\/\"><span class=\"screen-reader-text\">Presidente Maduro: Tenemos Asamblea Nacional Constituyente<\/span>Read more<\/a><\/p>\n","protected":false},"author":25,"featured_media":12375,"comment_status":"closed","ping_status":"closed","sticky":false,"template":"","format":"standard","meta":{"footnotes":""},"categories":[82,163],"tags":[],"yoast_head":"<!-- This site is optimized with the Yoast SEO plugin v22.5 - https:\/\/yoast.com\/wordpress\/plugins\/seo\/ -->\n<title>Presidente Maduro: Tenemos Asamblea Nacional Constituyente - MPPPST<\/title>\n<meta name=\"robots\" content=\"index, follow, max-snippet:-1, max-image-preview:large, max-video-preview:-1\" \/>\n<link rel=\"canonical\" href=\"https:\/\/www.mpppst.gob.ve\/mpppstweb\/index.php\/2017\/08\/01\/presidente-maduro-tenemos-asamblea-nacional-constituyente\/\" \/>\n<meta property=\"og:locale\" content=\"es_ES\" \/>\n<meta property=\"og:type\" content=\"article\" \/>\n<meta property=\"og:title\" content=\"Presidente Maduro: Tenemos Asamblea Nacional Constituyente - MPPPST\" \/>\n<meta property=\"og:description\" content=\"AVN.- Tras la elecci\u00f3n de la Asamblea Nacional Constituyente, que se realiz\u00f3 este domingo en todo &hellip; Presidente Maduro: Tenemos Asamblea Nacional ConstituyenteRead more\" \/>\n<meta property=\"og:url\" content=\"https:\/\/www.mpppst.gob.ve\/mpppstweb\/index.php\/2017\/08\/01\/presidente-maduro-tenemos-asamblea-nacional-constituyente\/\" \/>\n<meta property=\"og:site_name\" content=\"MPPPST\" \/>\n<meta property=\"article:published_time\" content=\"2017-08-01T20:06:24+00:00\" \/>\n<meta property=\"og:image\" content=\"https:\/\/www.mpppst.gob.ve\/mpppstweb\/wp-content\/uploads\/2017\/08\/dggw_w8xuaaxkn1501543543.jpg\" \/>\n\t<meta property=\"og:image:width\" content=\"800\" \/>\n\t<meta property=\"og:image:height\" content=\"445\" \/>\n\t<meta property=\"og:image:type\" content=\"image\/jpeg\" \/>\n<meta name=\"author\" content=\"MPPPST Prensa\" \/>\n<meta name=\"twitter:card\" content=\"summary_large_image\" \/>\n<meta name=\"twitter:label1\" content=\"Escrito por\" \/>\n\t<meta name=\"twitter:data1\" content=\"MPPPST Prensa\" \/>\n\t<meta name=\"twitter:label2\" content=\"Tiempo de lectura\" \/>\n\t<meta name=\"twitter:data2\" content=\"1 minuto\" \/>\n<script type=\"application\/ld+json\" class=\"yoast-schema-graph\">{\"@context\":\"https:\/\/schema.org\",\"@graph\":[{\"@type\":\"Article\",\"@id\":\"https:\/\/www.mpppst.gob.ve\/mpppstweb\/index.php\/2017\/08\/01\/presidente-maduro-tenemos-asamblea-nacional-constituyente\/#article\",\"isPartOf\":{\"@id\":\"https:\/\/www.mpppst.gob.ve\/mpppstweb\/index.php\/2017\/08\/01\/presidente-maduro-tenemos-asamblea-nacional-constituyente\/\"},\"author\":{\"name\":\"MPPPST Prensa\",\"@id\":\"https:\/\/www.mpppst.gob.ve\/mpppstweb\/#\/schema\/person\/fc187ee8ead412bd4c9304b62f900ea4\"},\"headline\":\"Presidente Maduro: Tenemos Asamblea Nacional Constituyente\",\"datePublished\":\"2017-08-01T20:06:24+00:00\",\"dateModified\":\"2017-08-01T20:06:24+00:00\",\"mainEntityOfPage\":{\"@id\":\"https:\/\/www.mpppst.gob.ve\/mpppstweb\/index.php\/2017\/08\/01\/presidente-maduro-tenemos-asamblea-nacional-constituyente\/\"},\"wordCount\":302,\"publisher\":{\"@id\":\"https:\/\/www.mpppst.gob.ve\/mpppstweb\/#organization\"},\"image\":{\"@id\":\"https:\/\/www.mpppst.gob.ve\/mpppstweb\/index.php\/2017\/08\/01\/presidente-maduro-tenemos-asamblea-nacional-constituyente\/#primaryimage\"},\"thumbnailUrl\":\"https:\/\/www.mpppst.gob.ve\/mpppstweb\/wp-content\/uploads\/2017\/08\/dggw_w8xuaaxkn1501543543.jpg\",\"articleSection\":[\"Gobierno Nacional\",\"Noticias\"],\"inLanguage\":\"es\"},{\"@type\":\"WebPage\",\"@id\":\"https:\/\/www.mpppst.gob.ve\/mpppstweb\/index.php\/2017\/08\/01\/presidente-maduro-tenemos-asamblea-nacional-constituyente\/\",\"url\":\"https:\/\/www.mpppst.gob.ve\/mpppstweb\/index.php\/2017\/08\/01\/presidente-maduro-tenemos-asamblea-nacional-constituyente\/\",\"name\":\"Presidente Maduro: Tenemos Asamblea Nacional Constituyente - MPPPST\",\"isPartOf\":{\"@id\":\"https:\/\/www.mpppst.gob.ve\/mpppstweb\/#website\"},\"primaryImageOfPage\":{\"@id\":\"https:\/\/www.mpppst.gob.ve\/mpppstweb\/index.php\/2017\/08\/01\/presidente-maduro-tenemos-asamblea-nacional-constituyente\/#primaryimage\"},\"image\":{\"@id\":\"https:\/\/www.mpppst.gob.ve\/mpppstweb\/index.php\/2017\/08\/01\/presidente-maduro-tenemos-asamblea-nacional-constituyente\/#primaryimage\"},\"thumbnailUrl\":\"https:\/\/www.mpppst.gob.ve\/mpppstweb\/wp-content\/uploads\/2017\/08\/dggw_w8xuaaxkn1501543543.jpg\",\"datePublished\":\"2017-08-01T20:06:24+00:00\",\"dateModified\":\"2017-08-01T20:06:24+00:00\",\"breadcrumb\":{\"@id\":\"https:\/\/www.mpppst.gob.ve\/mpppstweb\/index.php\/2017\/08\/01\/presidente-maduro-tenemos-asamblea-nacional-constituyente\/#breadcrumb\"},\"inLanguage\":\"es\",\"potentialAction\":[{\"@type\":\"ReadAction\",\"target\":[\"https:\/\/www.mpppst.gob.ve\/mpppstweb\/index.php\/2017\/08\/01\/presidente-maduro-tenemos-asamblea-nacional-constituyente\/\"]}]},{\"@type\":\"ImageObject\",\"inLanguage\":\"es\",\"@id\":\"https:\/\/www.mpppst.gob.ve\/mpppstweb\/index.php\/2017\/08\/01\/presidente-maduro-tenemos-asamblea-nacional-constituyente\/#primaryimage\",\"url\":\"https:\/\/www.mpppst.gob.ve\/mpppstweb\/wp-content\/uploads\/2017\/08\/dggw_w8xuaaxkn1501543543.jpg\",\"contentUrl\":\"https:\/\/www.mpppst.gob.ve\/mpppstweb\/wp-content\/uploads\/2017\/08\/dggw_w8xuaaxkn1501543543.jpg\",\"width\":800,\"height\":445},{\"@type\":\"BreadcrumbList\",\"@id\":\"https:\/\/www.mpppst.gob.ve\/mpppstweb\/index.php\/2017\/08\/01\/presidente-maduro-tenemos-asamblea-nacional-constituyente\/#breadcrumb\",\"itemListElement\":[{\"@type\":\"ListItem\",\"position\":1,\"name\":\"Home\",\"item\":\"https:\/\/www.mpppst.gob.ve\/mpppstweb\/\"},{\"@type\":\"ListItem\",\"position\":2,\"name\":\"Presidente Maduro: Tenemos Asamblea Nacional Constituyente\"}]},{\"@type\":\"WebSite\",\"@id\":\"https:\/\/www.mpppst.gob.ve\/mpppstweb\/#website\",\"url\":\"https:\/\/www.mpppst.gob.ve\/mpppstweb\/\",\"name\":\"MPPPST\",\"description\":\"Ministerio del Poder Popular para el Proceso Social de Trabajo\",\"publisher\":{\"@id\":\"https:\/\/www.mpppst.gob.ve\/mpppstweb\/#organization\"},\"potentialAction\":[{\"@type\":\"SearchAction\",\"target\":{\"@type\":\"EntryPoint\",\"urlTemplate\":\"https:\/\/www.mpppst.gob.ve\/mpppstweb\/?s={search_term_string}\"},\"query-input\":\"required name=search_term_string\"}],\"inLanguage\":\"es\"},{\"@type\":\"Organization\",\"@id\":\"https:\/\/www.mpppst.gob.ve\/mpppstweb\/#organization\",\"name\":\"mpppst\",\"url\":\"https:\/\/www.mpppst.gob.ve\/mpppstweb\/\",\"logo\":{\"@type\":\"ImageObject\",\"inLanguage\":\"es\",\"@id\":\"https:\/\/www.mpppst.gob.ve\/mpppstweb\/#\/schema\/logo\/image\/\",\"url\":\"https:\/\/www.mpppst.gob.ve\/mpppstweb\/wp-content\/uploads\/2025\/07\/cropped-cropped-g910.png\",\"contentUrl\":\"https:\/\/www.mpppst.gob.ve\/mpppstweb\/wp-content\/uploads\/2025\/07\/cropped-cropped-g910.png\",\"width\":1080,\"height\":241,\"caption\":\"mpppst\"},\"image\":{\"@id\":\"https:\/\/www.mpppst.gob.ve\/mpppstweb\/#\/schema\/logo\/image\/\"}},{\"@type\":\"Person\",\"@id\":\"https:\/\/www.mpppst.gob.ve\/mpppstweb\/#\/schema\/person\/fc187ee8ead412bd4c9304b62f900ea4\",\"name\":\"MPPPST Prensa\",\"url\":\"https:\/\/www.mpppst.gob.ve\/mpppstweb\/index.php\/author\/prensa-mpppst\/\"}]}<\/script>\n<!-- \/ Yoast SEO plugin. -->","yoast_head_json":{"title":"Presidente Maduro: Tenemos Asamblea Nacional Constituyente - MPPPST","robots":{"index":"index","follow":"follow","max-snippet":"max-snippet:-1","max-image-preview":"max-image-preview:large","max-video-preview":"max-video-preview:-1"},"canonical":"https:\/\/www.mpppst.gob.ve\/mpppstweb\/index.php\/2017\/08\/01\/presidente-maduro-tenemos-asamblea-nacional-constituyente\/","og_locale":"es_ES","og_type":"article","og_title":"Presidente Maduro: Tenemos Asamblea Nacional Constituyente - MPPPST","og_description":"AVN.- Tras la elecci\u00f3n de la Asamblea Nacional Constituyente, que se realiz\u00f3 este domingo en todo &hellip; Presidente Maduro: Tenemos Asamblea Nacional ConstituyenteRead more","og_url":"https:\/\/www.mpppst.gob.ve\/mpppstweb\/index.php\/2017\/08\/01\/presidente-maduro-tenemos-asamblea-nacional-constituyente\/","og_site_name":"MPPPST","article_published_time":"2017-08-01T20:06:24+00:00","og_image":[{"width":800,"height":445,"url":"https:\/\/www.mpppst.gob.ve\/mpppstweb\/wp-content\/uploads\/2017\/08\/dggw_w8xuaaxkn1501543543.jpg","type":"image\/jpeg"}],"author":"MPPPST Prensa","twitter_card":"summary_large_image","twitter_misc":{"Escrito por":"MPPPST Prensa","Tiempo de lectura":"1 minuto"},"schema":{"@context":"https:\/\/schema.org","@graph":[{"@type":"Article","@id":"https:\/\/www.mpppst.gob.ve\/mpppstweb\/index.php\/2017\/08\/01\/presidente-maduro-tenemos-asamblea-nacional-constituyente\/#article","isPartOf":{"@id":"https:\/\/www.mpppst.gob.ve\/mpppstweb\/index.php\/2017\/08\/01\/presidente-maduro-tenemos-asamblea-nacional-constituyente\/"},"author":{"name":"MPPPST Prensa","@id":"https:\/\/www.mpppst.gob.ve\/mpppstweb\/#\/schema\/person\/fc187ee8ead412bd4c9304b62f900ea4"},"headline":"Presidente Maduro: Tenemos Asamblea Nacional Constituyente","datePublished":"2017-08-01T20:06:24+00:00","dateModified":"2017-08-01T20:06:24+00:00","mainEntityOfPage":{"@id":"https:\/\/www.mpppst.gob.ve\/mpppstweb\/index.php\/2017\/08\/01\/presidente-maduro-tenemos-asamblea-nacional-constituyente\/"},"wordCount":302,"publisher":{"@id":"https:\/\/www.mpppst.gob.ve\/mpppstweb\/#organization"},"image":{"@id":"https:\/\/www.mpppst.gob.ve\/mpppstweb\/index.php\/2017\/08\/01\/presidente-maduro-tenemos-asamblea-nacional-constituyente\/#primaryimage"},"thumbnailUrl":"https:\/\/www.mpppst.gob.ve\/mpppstweb\/wp-content\/uploads\/2017\/08\/dggw_w8xuaaxkn1501543543.jpg","articleSection":["Gobierno Nacional","Noticias"],"inLanguage":"es"},{"@type":"WebPage","@id":"https:\/\/www.mpppst.gob.ve\/mpppstweb\/index.php\/2017\/08\/01\/presidente-maduro-tenemos-asamblea-nacional-constituyente\/","url":"https:\/\/www.mpppst.gob.ve\/mpppstweb\/index.php\/2017\/08\/01\/presidente-maduro-tenemos-asamblea-nacional-constituyente\/","name":"Presidente Maduro: Tenemos Asamblea Nacional Constituyente - MPPPST","isPartOf":{"@id":"https:\/\/www.mpppst.gob.ve\/mpppstweb\/#website"},"primaryImageOfPage":{"@id":"https:\/\/www.mpppst.gob.ve\/mpppstweb\/index.php\/2017\/08\/01\/presidente-maduro-tenemos-asamblea-nacional-constituyente\/#primaryimage"},"image":{"@id":"https:\/\/www.mpppst.gob.ve\/mpppstweb\/index.php\/2017\/08\/01\/presidente-maduro-tenemos-asamblea-nacional-constituyente\/#primaryimage"},"thumbnailUrl":"https:\/\/www.mpppst.gob.ve\/mpppstweb\/wp-content\/uploads\/2017\/08\/dggw_w8xuaaxkn1501543543.jpg","datePublished":"2017-08-01T20:06:24+00:00","dateModified":"2017-08-01T20:06:24+00:00","breadcrumb":{"@id":"https:\/\/www.mpppst.gob.ve\/mpppstweb\/index.php\/2017\/08\/01\/presidente-maduro-tenemos-asamblea-nacional-constituyente\/#breadcrumb"},"inLanguage":"es","potentialAction":[{"@type":"ReadAction","target":["https:\/\/www.mpppst.gob.ve\/mpppstweb\/index.php\/2017\/08\/01\/presidente-maduro-tenemos-asamblea-nacional-constituyente\/"]}]},{"@type":"ImageObject","inLanguage":"es","@id":"https:\/\/www.mpppst.gob.ve\/mpppstweb\/index.php\/2017\/08\/01\/presidente-maduro-tenemos-asamblea-nacional-constituyente\/#primaryimage","url":"https:\/\/www.mpppst.gob.ve\/mpppstweb\/wp-content\/uploads\/2017\/08\/dggw_w8xuaaxkn1501543543.jpg","contentUrl":"https:\/\/www.mpppst.gob.ve\/mpppstweb\/wp-content\/uploads\/2017\/08\/dggw_w8xuaaxkn1501543543.jpg","width":800,"height":445},{"@type":"BreadcrumbList","@id":"https:\/\/www.mpppst.gob.ve\/mpppstweb\/index.php\/2017\/08\/01\/presidente-maduro-tenemos-asamblea-nacional-constituyente\/#breadcrumb","itemListElement":[{"@type":"ListItem","position":1,"name":"Home","item":"https:\/\/www.mpppst.gob.ve\/mpppstweb\/"},{"@type":"ListItem","position":2,"name":"Presidente Maduro: Tenemos Asamblea Nacional Constituyente"}]},{"@type":"WebSite","@id":"https:\/\/www.mpppst.gob.ve\/mpppstweb\/#website","url":"https:\/\/www.mpppst.gob.ve\/mpppstweb\/","name":"MPPPST","description":"Ministerio del Poder Popular para el Proceso Social de Trabajo","publisher":{"@id":"https:\/\/www.mpppst.gob.ve\/mpppstweb\/#organization"},"potentialAction":[{"@type":"SearchAction","target":{"@type":"EntryPoint","urlTemplate":"https:\/\/www.mpppst.gob.ve\/mpppstweb\/?s={search_term_string}"},"query-input":"required name=search_term_string"}],"inLanguage":"es"},{"@type":"Organization","@id":"https:\/\/www.mpppst.gob.ve\/mpppstweb\/#organization","name":"mpppst","url":"https:\/\/www.mpppst.gob.ve\/mpppstweb\/","logo":{"@type":"ImageObject","inLanguage":"es","@id":"https:\/\/www.mpppst.gob.ve\/mpppstweb\/#\/schema\/logo\/image\/","url":"https:\/\/www.mpppst.gob.ve\/mpppstweb\/wp-content\/uploads\/2025\/07\/cropped-cropped-g910.png","contentUrl":"https:\/\/www.mpppst.gob.ve\/mpppstweb\/wp-content\/uploads\/2025\/07\/cropped-cropped-g910.png","width":1080,"height":241,"caption":"mpppst"},"image":{"@id":"https:\/\/www.mpppst.gob.ve\/mpppstweb\/#\/schema\/logo\/image\/"}},{"@type":"Person","@id":"https:\/\/www.mpppst.gob.ve\/mpppstweb\/#\/schema\/person\/fc187ee8ead412bd4c9304b62f900ea4","name":"MPPPST Prensa","url":"https:\/\/www.mpppst.gob.ve\/mpppstweb\/index.php\/author\/prensa-mpppst\/"}]}},"_links":{"self":[{"href":"https:\/\/www.mpppst.gob.ve\/mpppstweb\/index.php\/wp-json\/wp\/v2\/posts\/12374"}],"collection":[{"href":"https:\/\/www.mpppst.gob.ve\/mpppstweb\/index.php\/wp-json\/wp\/v2\/posts"}],"about":[{"href":"https:\/\/www.mpppst.gob.ve\/mpppstweb\/index.php\/wp-json\/wp\/v2\/types\/post"}],"author":[{"embeddable":true,"href":"https:\/\/www.mpppst.gob.ve\/mpppstweb\/index.php\/wp-json\/wp\/v2\/users\/25"}],"replies":[{"embeddable":true,"href":"https:\/\/www.mpppst.gob.ve\/mpppstweb\/index.php\/wp-json\/wp\/v2\/comments?post=12374"}],"version-history":[{"count":1,"href":"https:\/\/www.mpppst.gob.ve\/mpppstweb\/index.php\/wp-json\/wp\/v2\/posts\/12374\/revisions"}],"predecessor-version":[{"id":12376,"href":"https:\/\/www.mpppst.gob.ve\/mpppstweb\/index.php\/wp-json\/wp\/v2\/posts\/12374\/revisions\/12376"}],"wp:featuredmedia":[{"embeddable":true,"href":"https:\/\/www.mpppst.gob.ve\/mpppstweb\/index.php\/wp-json\/wp\/v2\/media\/12375"}],"wp:attachment":[{"href":"https:\/\/www.mpppst.gob.ve\/mpppstweb\/index.php\/wp-json\/wp\/v2\/media?parent=12374"}],"wp:term":[{"taxonomy":"category","embeddable":true,"href":"https:\/\/www.mpppst.gob.ve\/mpppstweb\/index.php\/wp-json\/wp\/v2\/categories?post=12374"},{"taxonomy":"post_tag","embeddable":true,"href":"https:\/\/www.mpppst.gob.ve\/mpppstweb\/index.php\/wp-json\/wp\/v2\/tags?post=12374"}],"curies":[{"name":"wp","href":"https:\/\/api.w.org\/{rel}","templated":true}]}}