{"id":12377,"date":"2017-08-01T16:10:55","date_gmt":"2017-08-01T20:10:55","guid":{"rendered":"http:\/\/www.mpppst.gob.ve\/mpppstweb\/?p=12377"},"modified":"2017-08-01T16:10:55","modified_gmt":"2017-08-01T20:10:55","slug":"fanb-rechaza-agresion-de-eeuu-contra-venezuela","status":"publish","type":"post","link":"https:\/\/www.mpppst.gob.ve\/mpppstweb\/index.php\/2017\/08\/01\/fanb-rechaza-agresion-de-eeuu-contra-venezuela\/","title":{"rendered":"FANB rechaza agresi\u00f3n de EEUU contra Venezuela"},"content":{"rendered":"<p>Minci<\/p>\n<p>La<strong>\u00a0Fuerza Armada Nacional Bolivariana<\/strong>\u00a0(FANB) rechaz\u00f3 las\u00a0<strong>sanciones impuestas por el gobierno de Estados Unidos<\/strong>\u00a0contra el presidente de la Rep\u00fablica de Venezuela, Nicol\u00e1s Maduro.<\/p>\n<p>\u201cUna vez m\u00e1s queridos compa\u00f1eros de armas, nos corresponde fijar posici\u00f3n ante el mundo y ante el pueblo de Venezuela, sobre todos los asuntos que interfieren en la seguridad de la Naci\u00f3n y nuestra sagrada misi\u00f3n consagrada en la Constituci\u00f3n, que no es otra cosa que garantizar la Independencia Nacional, nuestra soberan\u00eda y la integridad de nuestros espacios geogr\u00e1ficos\u201d,\u00a0se\u00f1al\u00f3 el ministro del Poder Popular para la Defensa, Vladimir Padrino L\u00f3pez.<\/p>\n<p>Destac\u00f3 que la\u00a0<strong>sanci\u00f3n unilateral<\/strong>\u00a0por parte del imperio<strong>\u00a0condenar\u00e1 a los m\u00e1s de 8 millones de venezolanos que salieron a sufragar este 30 de julio.<\/strong><\/p>\n<p>\u201cVenezuela ha hablado, m\u00e1s de 8 millones de venezolanos se han expresado, hombres y mujeres que con todas las dificultades, el asedio, el miedo, el terror, la violencia, que se viene suscitando en la calles de Venezuela, salieron a votar\u201d.<\/p>\n<h3>Llamado al di\u00e1logo<\/h3>\n<p>Hizo un llamado a los representantes de la oposici\u00f3n a\u00a0<strong>restituir\u00a0la mesa de di\u00e1logo con el objetivo de garantizar la paz<\/strong>\u00a0al pueblo venezolano.<\/p>\n<p>\u201cLlamo a la sensatez, a la prudencia, al encuentro, se han abierto amplios caminos para la paz, para restitucionalizar el Estado venezolano y para reencontrarnos todos en una mesa, en el di\u00e1logo, en la conversaci\u00f3n, en los acuerdos de los grandes intereses de la Rep\u00fablica Bolivariana de Venezuela\u201d, apunt\u00f3.<\/p>\n","protected":false},"excerpt":{"rendered":"<p>Minci La\u00a0Fuerza Armada Nacional Bolivariana\u00a0(FANB) rechaz\u00f3 las\u00a0sanciones impuestas por el gobierno de Estados Unidos\u00a0contra el presidente &hellip; <a title=\"FANB rechaza agresi\u00f3n de EEUU contra Venezuela\" class=\"hm-read-more\" href=\"https:\/\/www.mpppst.gob.ve\/mpppstweb\/index.php\/2017\/08\/01\/fanb-rechaza-agresion-de-eeuu-contra-venezuela\/\"><span class=\"screen-reader-text\">FANB rechaza agresi\u00f3n de EEUU contra Venezuela<\/span>Read more<\/a><\/p>\n","protected":false},"author":25,"featured_media":12378,"comment_status":"closed","ping_status":"closed","sticky":false,"template":"","format":"standard","meta":{"footnotes":""},"categories":[82,163],"tags":[],"yoast_head":"<!-- This site is optimized with the Yoast SEO plugin v22.5 - https:\/\/yoast.com\/wordpress\/plugins\/seo\/ -->\n<title>FANB rechaza agresi\u00f3n de EEUU contra Venezuela - MPPPST<\/title>\n<meta name=\"robots\" content=\"index, follow, max-snippet:-1, max-image-preview:large, max-video-preview:-1\" \/>\n<link rel=\"canonical\" href=\"https:\/\/www.mpppst.gob.ve\/mpppstweb\/index.php\/2017\/08\/01\/fanb-rechaza-agresion-de-eeuu-contra-venezuela\/\" \/>\n<meta property=\"og:locale\" content=\"es_ES\" \/>\n<meta property=\"og:type\" content=\"article\" \/>\n<meta property=\"og:title\" content=\"FANB rechaza agresi\u00f3n de EEUU contra Venezuela - MPPPST\" \/>\n<meta property=\"og:description\" content=\"Minci La\u00a0Fuerza Armada Nacional Bolivariana\u00a0(FANB) rechaz\u00f3 las\u00a0sanciones impuestas por el gobierno de Estados Unidos\u00a0contra el presidente &hellip; FANB rechaza agresi\u00f3n de EEUU contra VenezuelaRead more\" \/>\n<meta property=\"og:url\" content=\"https:\/\/www.mpppst.gob.ve\/mpppstweb\/index.php\/2017\/08\/01\/fanb-rechaza-agresion-de-eeuu-contra-venezuela\/\" \/>\n<meta property=\"og:site_name\" content=\"MPPPST\" \/>\n<meta property=\"article:published_time\" content=\"2017-08-01T20:10:55+00:00\" \/>\n<meta property=\"og:image\" content=\"https:\/\/www.mpppst.gob.ve\/mpppstweb\/wp-content\/uploads\/2017\/08\/Vladimir-Padrino-L\u00f3pez.jpg\" \/>\n\t<meta property=\"og:image:width\" content=\"800\" \/>\n\t<meta property=\"og:image:height\" content=\"445\" \/>\n\t<meta property=\"og:image:type\" content=\"image\/jpeg\" \/>\n<meta name=\"author\" content=\"MPPPST Prensa\" \/>\n<meta name=\"twitter:card\" content=\"summary_large_image\" \/>\n<meta name=\"twitter:label1\" content=\"Escrito por\" \/>\n\t<meta name=\"twitter:data1\" content=\"MPPPST Prensa\" \/>\n\t<meta name=\"twitter:label2\" content=\"Tiempo de lectura\" \/>\n\t<meta name=\"twitter:data2\" content=\"1 minuto\" \/>\n<script type=\"application\/ld+json\" class=\"yoast-schema-graph\">{\"@context\":\"https:\/\/schema.org\",\"@graph\":[{\"@type\":\"Article\",\"@id\":\"https:\/\/www.mpppst.gob.ve\/mpppstweb\/index.php\/2017\/08\/01\/fanb-rechaza-agresion-de-eeuu-contra-venezuela\/#article\",\"isPartOf\":{\"@id\":\"https:\/\/www.mpppst.gob.ve\/mpppstweb\/index.php\/2017\/08\/01\/fanb-rechaza-agresion-de-eeuu-contra-venezuela\/\"},\"author\":{\"name\":\"MPPPST Prensa\",\"@id\":\"https:\/\/www.mpppst.gob.ve\/mpppstweb\/#\/schema\/person\/fc187ee8ead412bd4c9304b62f900ea4\"},\"headline\":\"FANB rechaza agresi\u00f3n de EEUU contra Venezuela\",\"datePublished\":\"2017-08-01T20:10:55+00:00\",\"dateModified\":\"2017-08-01T20:10:55+00:00\",\"mainEntityOfPage\":{\"@id\":\"https:\/\/www.mpppst.gob.ve\/mpppstweb\/index.php\/2017\/08\/01\/fanb-rechaza-agresion-de-eeuu-contra-venezuela\/\"},\"wordCount\":267,\"publisher\":{\"@id\":\"https:\/\/www.mpppst.gob.ve\/mpppstweb\/#organization\"},\"image\":{\"@id\":\"https:\/\/www.mpppst.gob.ve\/mpppstweb\/index.php\/2017\/08\/01\/fanb-rechaza-agresion-de-eeuu-contra-venezuela\/#primaryimage\"},\"thumbnailUrl\":\"https:\/\/www.mpppst.gob.ve\/mpppstweb\/wp-content\/uploads\/2017\/08\/Vladimir-Padrino-L\u00f3pez.jpg\",\"articleSection\":[\"Gobierno Nacional\",\"Noticias\"],\"inLanguage\":\"es\"},{\"@type\":\"WebPage\",\"@id\":\"https:\/\/www.mpppst.gob.ve\/mpppstweb\/index.php\/2017\/08\/01\/fanb-rechaza-agresion-de-eeuu-contra-venezuela\/\",\"url\":\"https:\/\/www.mpppst.gob.ve\/mpppstweb\/index.php\/2017\/08\/01\/fanb-rechaza-agresion-de-eeuu-contra-venezuela\/\",\"name\":\"FANB rechaza agresi\u00f3n de EEUU contra Venezuela - MPPPST\",\"isPartOf\":{\"@id\":\"https:\/\/www.mpppst.gob.ve\/mpppstweb\/#website\"},\"primaryImageOfPage\":{\"@id\":\"https:\/\/www.mpppst.gob.ve\/mpppstweb\/index.php\/2017\/08\/01\/fanb-rechaza-agresion-de-eeuu-contra-venezuela\/#primaryimage\"},\"image\":{\"@id\":\"https:\/\/www.mpppst.gob.ve\/mpppstweb\/index.php\/2017\/08\/01\/fanb-rechaza-agresion-de-eeuu-contra-venezuela\/#primaryimage\"},\"thumbnailUrl\":\"https:\/\/www.mpppst.gob.ve\/mpppstweb\/wp-content\/uploads\/2017\/08\/Vladimir-Padrino-L\u00f3pez.jpg\",\"datePublished\":\"2017-08-01T20:10:55+00:00\",\"dateModified\":\"2017-08-01T20:10:55+00:00\",\"breadcrumb\":{\"@id\":\"https:\/\/www.mpppst.gob.ve\/mpppstweb\/index.php\/2017\/08\/01\/fanb-rechaza-agresion-de-eeuu-contra-venezuela\/#breadcrumb\"},\"inLanguage\":\"es\",\"potentialAction\":[{\"@type\":\"ReadAction\",\"target\":[\"https:\/\/www.mpppst.gob.ve\/mpppstweb\/index.php\/2017\/08\/01\/fanb-rechaza-agresion-de-eeuu-contra-venezuela\/\"]}]},{\"@type\":\"ImageObject\",\"inLanguage\":\"es\",\"@id\":\"https:\/\/www.mpppst.gob.ve\/mpppstweb\/index.php\/2017\/08\/01\/fanb-rechaza-agresion-de-eeuu-contra-venezuela\/#primaryimage\",\"url\":\"https:\/\/www.mpppst.gob.ve\/mpppstweb\/wp-content\/uploads\/2017\/08\/Vladimir-Padrino-L\u00f3pez.jpg\",\"contentUrl\":\"https:\/\/www.mpppst.gob.ve\/mpppstweb\/wp-content\/uploads\/2017\/08\/Vladimir-Padrino-L\u00f3pez.jpg\",\"width\":800,\"height\":445},{\"@type\":\"BreadcrumbList\",\"@id\":\"https:\/\/www.mpppst.gob.ve\/mpppstweb\/index.php\/2017\/08\/01\/fanb-rechaza-agresion-de-eeuu-contra-venezuela\/#breadcrumb\",\"itemListElement\":[{\"@type\":\"ListItem\",\"position\":1,\"name\":\"Home\",\"item\":\"https:\/\/www.mpppst.gob.ve\/mpppstweb\/\"},{\"@type\":\"ListItem\",\"position\":2,\"name\":\"FANB rechaza agresi\u00f3n de EEUU contra Venezuela\"}]},{\"@type\":\"WebSite\",\"@id\":\"https:\/\/www.mpppst.gob.ve\/mpppstweb\/#website\",\"url\":\"https:\/\/www.mpppst.gob.ve\/mpppstweb\/\",\"name\":\"MPPPST\",\"description\":\"Ministerio del Poder Popular para el Proceso Social de Trabajo\",\"publisher\":{\"@id\":\"https:\/\/www.mpppst.gob.ve\/mpppstweb\/#organization\"},\"potentialAction\":[{\"@type\":\"SearchAction\",\"target\":{\"@type\":\"EntryPoint\",\"urlTemplate\":\"https:\/\/www.mpppst.gob.ve\/mpppstweb\/?s={search_term_string}\"},\"query-input\":\"required name=search_term_string\"}],\"inLanguage\":\"es\"},{\"@type\":\"Organization\",\"@id\":\"https:\/\/www.mpppst.gob.ve\/mpppstweb\/#organization\",\"name\":\"mpppst\",\"url\":\"https:\/\/www.mpppst.gob.ve\/mpppstweb\/\",\"logo\":{\"@type\":\"ImageObject\",\"inLanguage\":\"es\",\"@id\":\"https:\/\/www.mpppst.gob.ve\/mpppstweb\/#\/schema\/logo\/image\/\",\"url\":\"https:\/\/www.mpppst.gob.ve\/mpppstweb\/wp-content\/uploads\/2025\/07\/cropped-cropped-g910.png\",\"contentUrl\":\"https:\/\/www.mpppst.gob.ve\/mpppstweb\/wp-content\/uploads\/2025\/07\/cropped-cropped-g910.png\",\"width\":1080,\"height\":241,\"caption\":\"mpppst\"},\"image\":{\"@id\":\"https:\/\/www.mpppst.gob.ve\/mpppstweb\/#\/schema\/logo\/image\/\"}},{\"@type\":\"Person\",\"@id\":\"https:\/\/www.mpppst.gob.ve\/mpppstweb\/#\/schema\/person\/fc187ee8ead412bd4c9304b62f900ea4\",\"name\":\"MPPPST Prensa\",\"url\":\"https:\/\/www.mpppst.gob.ve\/mpppstweb\/index.php\/author\/prensa-mpppst\/\"}]}<\/script>\n<!-- \/ Yoast SEO plugin. -->","yoast_head_json":{"title":"FANB rechaza agresi\u00f3n de EEUU contra Venezuela - MPPPST","robots":{"index":"index","follow":"follow","max-snippet":"max-snippet:-1","max-image-preview":"max-image-preview:large","max-video-preview":"max-video-preview:-1"},"canonical":"https:\/\/www.mpppst.gob.ve\/mpppstweb\/index.php\/2017\/08\/01\/fanb-rechaza-agresion-de-eeuu-contra-venezuela\/","og_locale":"es_ES","og_type":"article","og_title":"FANB rechaza agresi\u00f3n de EEUU contra Venezuela - MPPPST","og_description":"Minci La\u00a0Fuerza Armada Nacional Bolivariana\u00a0(FANB) rechaz\u00f3 las\u00a0sanciones impuestas por el gobierno de Estados Unidos\u00a0contra el presidente &hellip; FANB rechaza agresi\u00f3n de EEUU contra VenezuelaRead more","og_url":"https:\/\/www.mpppst.gob.ve\/mpppstweb\/index.php\/2017\/08\/01\/fanb-rechaza-agresion-de-eeuu-contra-venezuela\/","og_site_name":"MPPPST","article_published_time":"2017-08-01T20:10:55+00:00","og_image":[{"width":800,"height":445,"url":"https:\/\/www.mpppst.gob.ve\/mpppstweb\/wp-content\/uploads\/2017\/08\/Vladimir-Padrino-L\u00f3pez.jpg","type":"image\/jpeg"}],"author":"MPPPST Prensa","twitter_card":"summary_large_image","twitter_misc":{"Escrito por":"MPPPST Prensa","Tiempo de lectura":"1 minuto"},"schema":{"@context":"https:\/\/schema.org","@graph":[{"@type":"Article","@id":"https:\/\/www.mpppst.gob.ve\/mpppstweb\/index.php\/2017\/08\/01\/fanb-rechaza-agresion-de-eeuu-contra-venezuela\/#article","isPartOf":{"@id":"https:\/\/www.mpppst.gob.ve\/mpppstweb\/index.php\/2017\/08\/01\/fanb-rechaza-agresion-de-eeuu-contra-venezuela\/"},"author":{"name":"MPPPST Prensa","@id":"https:\/\/www.mpppst.gob.ve\/mpppstweb\/#\/schema\/person\/fc187ee8ead412bd4c9304b62f900ea4"},"headline":"FANB rechaza agresi\u00f3n de EEUU contra Venezuela","datePublished":"2017-08-01T20:10:55+00:00","dateModified":"2017-08-01T20:10:55+00:00","mainEntityOfPage":{"@id":"https:\/\/www.mpppst.gob.ve\/mpppstweb\/index.php\/2017\/08\/01\/fanb-rechaza-agresion-de-eeuu-contra-venezuela\/"},"wordCount":267,"publisher":{"@id":"https:\/\/www.mpppst.gob.ve\/mpppstweb\/#organization"},"image":{"@id":"https:\/\/www.mpppst.gob.ve\/mpppstweb\/index.php\/2017\/08\/01\/fanb-rechaza-agresion-de-eeuu-contra-venezuela\/#primaryimage"},"thumbnailUrl":"https:\/\/www.mpppst.gob.ve\/mpppstweb\/wp-content\/uploads\/2017\/08\/Vladimir-Padrino-L\u00f3pez.jpg","articleSection":["Gobierno Nacional","Noticias"],"inLanguage":"es"},{"@type":"WebPage","@id":"https:\/\/www.mpppst.gob.ve\/mpppstweb\/index.php\/2017\/08\/01\/fanb-rechaza-agresion-de-eeuu-contra-venezuela\/","url":"https:\/\/www.mpppst.gob.ve\/mpppstweb\/index.php\/2017\/08\/01\/fanb-rechaza-agresion-de-eeuu-contra-venezuela\/","name":"FANB rechaza agresi\u00f3n de EEUU contra Venezuela - MPPPST","isPartOf":{"@id":"https:\/\/www.mpppst.gob.ve\/mpppstweb\/#website"},"primaryImageOfPage":{"@id":"https:\/\/www.mpppst.gob.ve\/mpppstweb\/index.php\/2017\/08\/01\/fanb-rechaza-agresion-de-eeuu-contra-venezuela\/#primaryimage"},"image":{"@id":"https:\/\/www.mpppst.gob.ve\/mpppstweb\/index.php\/2017\/08\/01\/fanb-rechaza-agresion-de-eeuu-contra-venezuela\/#primaryimage"},"thumbnailUrl":"https:\/\/www.mpppst.gob.ve\/mpppstweb\/wp-content\/uploads\/2017\/08\/Vladimir-Padrino-L\u00f3pez.jpg","datePublished":"2017-08-01T20:10:55+00:00","dateModified":"2017-08-01T20:10:55+00:00","breadcrumb":{"@id":"https:\/\/www.mpppst.gob.ve\/mpppstweb\/index.php\/2017\/08\/01\/fanb-rechaza-agresion-de-eeuu-contra-venezuela\/#breadcrumb"},"inLanguage":"es","potentialAction":[{"@type":"ReadAction","target":["https:\/\/www.mpppst.gob.ve\/mpppstweb\/index.php\/2017\/08\/01\/fanb-rechaza-agresion-de-eeuu-contra-venezuela\/"]}]},{"@type":"ImageObject","inLanguage":"es","@id":"https:\/\/www.mpppst.gob.ve\/mpppstweb\/index.php\/2017\/08\/01\/fanb-rechaza-agresion-de-eeuu-contra-venezuela\/#primaryimage","url":"https:\/\/www.mpppst.gob.ve\/mpppstweb\/wp-content\/uploads\/2017\/08\/Vladimir-Padrino-L\u00f3pez.jpg","contentUrl":"https:\/\/www.mpppst.gob.ve\/mpppstweb\/wp-content\/uploads\/2017\/08\/Vladimir-Padrino-L\u00f3pez.jpg","width":800,"height":445},{"@type":"BreadcrumbList","@id":"https:\/\/www.mpppst.gob.ve\/mpppstweb\/index.php\/2017\/08\/01\/fanb-rechaza-agresion-de-eeuu-contra-venezuela\/#breadcrumb","itemListElement":[{"@type":"ListItem","position":1,"name":"Home","item":"https:\/\/www.mpppst.gob.ve\/mpppstweb\/"},{"@type":"ListItem","position":2,"name":"FANB rechaza agresi\u00f3n de EEUU contra Venezuela"}]},{"@type":"WebSite","@id":"https:\/\/www.mpppst.gob.ve\/mpppstweb\/#website","url":"https:\/\/www.mpppst.gob.ve\/mpppstweb\/","name":"MPPPST","description":"Ministerio del Poder Popular para el Proceso Social de Trabajo","publisher":{"@id":"https:\/\/www.mpppst.gob.ve\/mpppstweb\/#organization"},"potentialAction":[{"@type":"SearchAction","target":{"@type":"EntryPoint","urlTemplate":"https:\/\/www.mpppst.gob.ve\/mpppstweb\/?s={search_term_string}"},"query-input":"required name=search_term_string"}],"inLanguage":"es"},{"@type":"Organization","@id":"https:\/\/www.mpppst.gob.ve\/mpppstweb\/#organization","name":"mpppst","url":"https:\/\/www.mpppst.gob.ve\/mpppstweb\/","logo":{"@type":"ImageObject","inLanguage":"es","@id":"https:\/\/www.mpppst.gob.ve\/mpppstweb\/#\/schema\/logo\/image\/","url":"https:\/\/www.mpppst.gob.ve\/mpppstweb\/wp-content\/uploads\/2025\/07\/cropped-cropped-g910.png","contentUrl":"https:\/\/www.mpppst.gob.ve\/mpppstweb\/wp-content\/uploads\/2025\/07\/cropped-cropped-g910.png","width":1080,"height":241,"caption":"mpppst"},"image":{"@id":"https:\/\/www.mpppst.gob.ve\/mpppstweb\/#\/schema\/logo\/image\/"}},{"@type":"Person","@id":"https:\/\/www.mpppst.gob.ve\/mpppstweb\/#\/schema\/person\/fc187ee8ead412bd4c9304b62f900ea4","name":"MPPPST Prensa","url":"https:\/\/www.mpppst.gob.ve\/mpppstweb\/index.php\/author\/prensa-mpppst\/"}]}},"_links":{"self":[{"href":"https:\/\/www.mpppst.gob.ve\/mpppstweb\/index.php\/wp-json\/wp\/v2\/posts\/12377"}],"collection":[{"href":"https:\/\/www.mpppst.gob.ve\/mpppstweb\/index.php\/wp-json\/wp\/v2\/posts"}],"about":[{"href":"https:\/\/www.mpppst.gob.ve\/mpppstweb\/index.php\/wp-json\/wp\/v2\/types\/post"}],"author":[{"embeddable":true,"href":"https:\/\/www.mpppst.gob.ve\/mpppstweb\/index.php\/wp-json\/wp\/v2\/users\/25"}],"replies":[{"embeddable":true,"href":"https:\/\/www.mpppst.gob.ve\/mpppstweb\/index.php\/wp-json\/wp\/v2\/comments?post=12377"}],"version-history":[{"count":1,"href":"https:\/\/www.mpppst.gob.ve\/mpppstweb\/index.php\/wp-json\/wp\/v2\/posts\/12377\/revisions"}],"predecessor-version":[{"id":12379,"href":"https:\/\/www.mpppst.gob.ve\/mpppstweb\/index.php\/wp-json\/wp\/v2\/posts\/12377\/revisions\/12379"}],"wp:featuredmedia":[{"embeddable":true,"href":"https:\/\/www.mpppst.gob.ve\/mpppstweb\/index.php\/wp-json\/wp\/v2\/media\/12378"}],"wp:attachment":[{"href":"https:\/\/www.mpppst.gob.ve\/mpppstweb\/index.php\/wp-json\/wp\/v2\/media?parent=12377"}],"wp:term":[{"taxonomy":"category","embeddable":true,"href":"https:\/\/www.mpppst.gob.ve\/mpppstweb\/index.php\/wp-json\/wp\/v2\/categories?post=12377"},{"taxonomy":"post_tag","embeddable":true,"href":"https:\/\/www.mpppst.gob.ve\/mpppstweb\/index.php\/wp-json\/wp\/v2\/tags?post=12377"}],"curies":[{"name":"wp","href":"https:\/\/api.w.org\/{rel}","templated":true}]}}