{"id":12383,"date":"2017-08-02T09:45:46","date_gmt":"2017-08-02T13:45:46","guid":{"rendered":"http:\/\/www.mpppst.gob.ve\/mpppstweb\/?p=12383"},"modified":"2017-08-02T09:45:46","modified_gmt":"2017-08-02T13:45:46","slug":"cne-anuncio-listado-de-constituyentes-sectoriales","status":"publish","type":"post","link":"https:\/\/www.mpppst.gob.ve\/mpppstweb\/index.php\/2017\/08\/02\/cne-anuncio-listado-de-constituyentes-sectoriales\/","title":{"rendered":"CNE anunci\u00f3 listado de constituyentes sectoriales"},"content":{"rendered":"<p>AVN.- La presidente del Consejo Nacional Electoral (CNE), Tibisay Lucena, anunci\u00f3 este martes a los miembros electos por sectores de la Asamblea Nacional Constituyentes (ANC).<\/p>\n<p>En declaraciones transmitidas por Venezolana de Televisi\u00f3n, desde la sede del Poder Electoral, indic\u00f3 que de los 24 representantes del sector\u00a0<strong>Estudiantes<\/strong>\u00a0ante la ANC, 11 fueron adjudicados por la\u00a0<strong>educaci\u00f3n p\u00fablica<\/strong>: Yasnedi Guarnieri, Yzamary Matute, Jos\u00e9 Parra, Domiciano Graterol , Eduardo P\u00e9rez, Heison Garc\u00eda , Antonio Galindez, Eirimar Malave, Noel Jover, Joel Cede\u00f1o y Merwin Gollarza.<\/p>\n<p>Taina Gonzalez Rubio, Oliver Guzman Aguirre y Frank Mendez ser\u00e1n los tres representantes del sector\u00a0<strong>estudiantes de la educaci\u00f3n privada.<\/strong><\/p>\n<p>El sector\u00a0<strong>educaci\u00f3n de las Misiones<\/strong>\u00a0ser\u00e1 representado por David Villalobos, Lilibeth Campos, Vanesa Montero, Elvis Mendez, Jordan Pareles , Jos\u00e9 P\u00e9rez, Roberto Naranjo, Carmen Rodr\u00edguez, Rusmel Sotillo y Eulices Madriz.<\/p>\n<p>Asimismo, el sector\u00a0<strong>pensionados<\/strong>\u00a0ser\u00e1 representado por 28 constituyentes por regiones.<\/p>\n<p>Por la regi\u00f3n Capital, conformada por los estados Distrito Capital, Vargas y Miranda; fueron adjudicados los constituyente Gladys Requena, Julio Escalona Ojeda, Rafael Argotty, Israel L\u00f3pez, N\u00e9stor Francia, David Paravisini y Aleydis Manaure.<\/p>\n<p>La regi\u00f3n Central, integrada por los estados Carabobo, Cojedes y Aragua; los electos por el poder popular son: Clenticia Matos, Diogenes Linares, Rafael Rodr\u00edguez y Mar\u00eda Le\u00f3n.<\/p>\n<p>De igual forma, la regi\u00f3n Centro-Occidente, conformada por las entidades Lara, Zulia y Yaracuy; ser\u00e1 representada por Blanca Romero, Lilia Marrufo, Ida Elena Le\u00f3n, Ad\u00e1n \u00c1\u00f1ez, Mirian Rodr\u00edguez y Luis Soto Rojas.<\/p>\n<p>La regi\u00f3n de Guayana, integrada por los estados Bol\u00edvar, Amazonas y Delta Amacuro; estar\u00e1 representada por Florentina C\u00f3rdova; mientras que por la regi\u00f3n Insular fue adjudicada la ciudadana Macrina Mata.<\/p>\n<p>Los Llanos, conformado por los estados Apure, Portuguesa y Gu\u00e1rico; los adjudicados fueron los constituyentes Freddy Castro y Mar\u00eda Mercedes Mart\u00ednez.<\/p>\n<p>Los representantes de la regi\u00f3n Oriental ser\u00e1n los ciudadanos Lenin Oliveros, Hidalme Bastardo y Marelis P\u00e9rez.<\/p>\n<p>Orlando Camacho, Oscar Schemel, Gerson Hern\u00e1ndez y Keila De La Rosa representar\u00e1n al\u00a0<strong>sector Empresarial<\/strong>, aunque Lucena indic\u00f3 que falta un cargo por adjudicar.<\/p>\n<p>Indic\u00f3 que de los 79 representantes el sector trabajadores y los sub-sectores que lo integran, un total de 17 miembros representaran a la<strong>\u00a0Administraci\u00f3n P\u00fablica<\/strong>, en el que fueron electos Frankiln Rond\u00f3n, Alexis Corredor P\u00e9rez, Nicol\u00e1s Maduro Guerra, Gerdul Guti\u00e9rrez Azuaje, Jacobo Torres, Roberto Garc\u00eda Messuti, Diva Guzm\u00e1n, Willian Gil, Euclides Campos, Ricardo Moreno Sosa, Emigdio Iriarte, Luis Enrique Araujo, David Freites Garrido, Elbano S\u00e1nchez, Esteban Arvelo Ruiz, Fernando Osuna, y Pedro Arias Palacios.<\/p>\n<p>En el sub-sector\u00a0<strong>Construcci\u00f3n<\/strong>\u00a0los constituyentes son Marco Tulio D\u00edaz, Francisco Javier Garc\u00eda, Ra\u00fal Ernesto Rom\u00e1n y Jos\u00e9 Orlando Bracca.<\/p>\n<p>Asimismo, en el sub-sector\u00a0<strong>Servicios<\/strong>\u00a0fueron adjudicados Jose David Mora, Mercedes Guti\u00e9rrez, Juan Salazar \u00c1greda, Ra\u00fal Ordo\u00f1ez, Jos\u00e9 Novoa Jim\u00e9nez, Ernesto Rodr\u00edguez, Luz Chac\u00f3n Mendoza, Richard Verde Brice\u00f1o, Wiliams Golindano, Laura Alarc\u00f3n, Luis Carrero, Nelson Herrera, Fernando De Sousa y Bettsy Rivero.<\/p>\n<p>Tambi\u00e9n en el sub-sector\u00a0<strong>Industria<\/strong>\u00a0fueron adjudicados Angel Marcano Castillo, Jos\u00e9 Gregorio Gil, Ernesto Rivero Ca\u00f1as, Yahirys Rivas, Gleiman Vanegas y Frank M\u00e1rquez.<\/p>\n<p>Por los trabajadores del sub-sector de\u00a0<strong>Econom\u00eda Popular Independiente<\/strong>\u00a0resultaron electos Mario Silva, Gino Gonz\u00e1lez, Alexis Tovar, Alberto Aranguibel, Orlando Castillo, Mar\u00eda Alejandra D\u00edaz, Carmen M\u00e1rquez, Sol Mussett, Loa Daniela Rivas D\u00edaz, Emma Cesin Centeno y Jos\u00e9 Chauran Hern\u00e1ndez.<\/p>\n<p>Lucena indic\u00f3, de igual forma, que por el sub sector\u00a0<strong>Petr\u00f3leo y Miner\u00eda<\/strong>\u00a0fueron electos Will Rangel y Sandra Nieves.<\/p>\n<p>Mientras que por el sub sector\u00a0<strong>Social<\/strong>, los constituyentes son: Oswaldo Vera, Carlos S\u00e1nchez, Octavio Sol\u00f3rzano, Orlando P\u00e9rez, Sandino Primera, Rodbexa Poleo, Tel\u00e9maco Figueroa, Rafael Torrealba, Esther Quiaro, Caridad Laya, Zulay Maestre y Alcides Castillo.<\/p>\n<p>Francisco Torrealba y Edison Alvarado conforman el sector\u00a0<strong>Transporte<\/strong>.<\/p>\n<p>Asimismo, el sub sector\u00a0<strong>Comercio y Banca<\/strong>\u00a0fueron electos Egle de Los Santos, Frank Quijada, Eliana Leal, Lili Rinc\u00f3n, Avilio Echenique, Deibi Ocanto, Jes\u00fas Guedez, Olinda Peroza, Jos\u00e9 Gonz\u00e1lez y Elia D\u00edaz.<\/p>\n<p>Las personas con\u00a0<strong>discapacidad<\/strong>\u00a0ser\u00e1n representadas por Emilio Colina Paz, Linda Barbosa, Tirsa Mart\u00ednez, Ludyt Ram\u00edrez Pineda y Mar\u00eda Gabriela Vega.<\/p>\n<p>Por el sector\u00a0<strong>campesinos y pescadores<\/strong>\u00a0lo integran Braulio \u00c1lvarez, Jes\u00fas Marcano, Jos\u00e9 Valero, Rafael Enrique Colmen\u00e1rez, Emma Ortega, Gerardo Rivas, Blondy Sangronis y Maire Castillo.<\/p>\n","protected":false},"excerpt":{"rendered":"<p>AVN.- La presidente del Consejo Nacional Electoral (CNE), Tibisay Lucena, anunci\u00f3 este martes a los miembros &hellip; <a title=\"CNE anunci\u00f3 listado de constituyentes sectoriales\" class=\"hm-read-more\" href=\"https:\/\/www.mpppst.gob.ve\/mpppstweb\/index.php\/2017\/08\/02\/cne-anuncio-listado-de-constituyentes-sectoriales\/\"><span class=\"screen-reader-text\">CNE anunci\u00f3 listado de constituyentes sectoriales<\/span>Read more<\/a><\/p>\n","protected":false},"author":25,"featured_media":12384,"comment_status":"closed","ping_status":"closed","sticky":false,"template":"","format":"standard","meta":{"footnotes":""},"categories":[82,163],"tags":[],"yoast_head":"<!-- This site is optimized with the Yoast SEO plugin v22.5 - https:\/\/yoast.com\/wordpress\/plugins\/seo\/ -->\n<title>CNE anunci\u00f3 listado de constituyentes sectoriales - MPPPST<\/title>\n<meta name=\"robots\" content=\"index, follow, max-snippet:-1, max-image-preview:large, max-video-preview:-1\" \/>\n<link rel=\"canonical\" href=\"https:\/\/www.mpppst.gob.ve\/mpppstweb\/index.php\/2017\/08\/02\/cne-anuncio-listado-de-constituyentes-sectoriales\/\" \/>\n<meta property=\"og:locale\" content=\"es_ES\" \/>\n<meta property=\"og:type\" content=\"article\" \/>\n<meta property=\"og:title\" content=\"CNE anunci\u00f3 listado de constituyentes sectoriales - MPPPST\" \/>\n<meta property=\"og:description\" content=\"AVN.- La presidente del Consejo Nacional Electoral (CNE), Tibisay Lucena, anunci\u00f3 este martes a los miembros &hellip; CNE anunci\u00f3 listado de constituyentes sectorialesRead more\" \/>\n<meta property=\"og:url\" content=\"https:\/\/www.mpppst.gob.ve\/mpppstweb\/index.php\/2017\/08\/02\/cne-anuncio-listado-de-constituyentes-sectoriales\/\" \/>\n<meta property=\"og:site_name\" content=\"MPPPST\" \/>\n<meta property=\"article:published_time\" content=\"2017-08-02T13:45:46+00:00\" \/>\n<meta property=\"og:image\" content=\"https:\/\/www.mpppst.gob.ve\/mpppstweb\/wp-content\/uploads\/2017\/08\/img_8427ft1501276927.jpg\" \/>\n\t<meta property=\"og:image:width\" content=\"800\" \/>\n\t<meta property=\"og:image:height\" content=\"445\" \/>\n\t<meta property=\"og:image:type\" content=\"image\/jpeg\" \/>\n<meta name=\"author\" content=\"MPPPST Prensa\" \/>\n<meta name=\"twitter:card\" content=\"summary_large_image\" \/>\n<meta name=\"twitter:label1\" content=\"Escrito por\" \/>\n\t<meta name=\"twitter:data1\" content=\"MPPPST Prensa\" \/>\n\t<meta name=\"twitter:label2\" content=\"Tiempo de lectura\" \/>\n\t<meta name=\"twitter:data2\" content=\"4 minutos\" \/>\n<script type=\"application\/ld+json\" class=\"yoast-schema-graph\">{\"@context\":\"https:\/\/schema.org\",\"@graph\":[{\"@type\":\"Article\",\"@id\":\"https:\/\/www.mpppst.gob.ve\/mpppstweb\/index.php\/2017\/08\/02\/cne-anuncio-listado-de-constituyentes-sectoriales\/#article\",\"isPartOf\":{\"@id\":\"https:\/\/www.mpppst.gob.ve\/mpppstweb\/index.php\/2017\/08\/02\/cne-anuncio-listado-de-constituyentes-sectoriales\/\"},\"author\":{\"name\":\"MPPPST Prensa\",\"@id\":\"https:\/\/www.mpppst.gob.ve\/mpppstweb\/#\/schema\/person\/fc187ee8ead412bd4c9304b62f900ea4\"},\"headline\":\"CNE anunci\u00f3 listado de constituyentes sectoriales\",\"datePublished\":\"2017-08-02T13:45:46+00:00\",\"dateModified\":\"2017-08-02T13:45:46+00:00\",\"mainEntityOfPage\":{\"@id\":\"https:\/\/www.mpppst.gob.ve\/mpppstweb\/index.php\/2017\/08\/02\/cne-anuncio-listado-de-constituyentes-sectoriales\/\"},\"wordCount\":749,\"publisher\":{\"@id\":\"https:\/\/www.mpppst.gob.ve\/mpppstweb\/#organization\"},\"image\":{\"@id\":\"https:\/\/www.mpppst.gob.ve\/mpppstweb\/index.php\/2017\/08\/02\/cne-anuncio-listado-de-constituyentes-sectoriales\/#primaryimage\"},\"thumbnailUrl\":\"https:\/\/www.mpppst.gob.ve\/mpppstweb\/wp-content\/uploads\/2017\/08\/img_8427ft1501276927.jpg\",\"articleSection\":[\"Gobierno Nacional\",\"Noticias\"],\"inLanguage\":\"es\"},{\"@type\":\"WebPage\",\"@id\":\"https:\/\/www.mpppst.gob.ve\/mpppstweb\/index.php\/2017\/08\/02\/cne-anuncio-listado-de-constituyentes-sectoriales\/\",\"url\":\"https:\/\/www.mpppst.gob.ve\/mpppstweb\/index.php\/2017\/08\/02\/cne-anuncio-listado-de-constituyentes-sectoriales\/\",\"name\":\"CNE anunci\u00f3 listado de constituyentes sectoriales - MPPPST\",\"isPartOf\":{\"@id\":\"https:\/\/www.mpppst.gob.ve\/mpppstweb\/#website\"},\"primaryImageOfPage\":{\"@id\":\"https:\/\/www.mpppst.gob.ve\/mpppstweb\/index.php\/2017\/08\/02\/cne-anuncio-listado-de-constituyentes-sectoriales\/#primaryimage\"},\"image\":{\"@id\":\"https:\/\/www.mpppst.gob.ve\/mpppstweb\/index.php\/2017\/08\/02\/cne-anuncio-listado-de-constituyentes-sectoriales\/#primaryimage\"},\"thumbnailUrl\":\"https:\/\/www.mpppst.gob.ve\/mpppstweb\/wp-content\/uploads\/2017\/08\/img_8427ft1501276927.jpg\",\"datePublished\":\"2017-08-02T13:45:46+00:00\",\"dateModified\":\"2017-08-02T13:45:46+00:00\",\"breadcrumb\":{\"@id\":\"https:\/\/www.mpppst.gob.ve\/mpppstweb\/index.php\/2017\/08\/02\/cne-anuncio-listado-de-constituyentes-sectoriales\/#breadcrumb\"},\"inLanguage\":\"es\",\"potentialAction\":[{\"@type\":\"ReadAction\",\"target\":[\"https:\/\/www.mpppst.gob.ve\/mpppstweb\/index.php\/2017\/08\/02\/cne-anuncio-listado-de-constituyentes-sectoriales\/\"]}]},{\"@type\":\"ImageObject\",\"inLanguage\":\"es\",\"@id\":\"https:\/\/www.mpppst.gob.ve\/mpppstweb\/index.php\/2017\/08\/02\/cne-anuncio-listado-de-constituyentes-sectoriales\/#primaryimage\",\"url\":\"https:\/\/www.mpppst.gob.ve\/mpppstweb\/wp-content\/uploads\/2017\/08\/img_8427ft1501276927.jpg\",\"contentUrl\":\"https:\/\/www.mpppst.gob.ve\/mpppstweb\/wp-content\/uploads\/2017\/08\/img_8427ft1501276927.jpg\",\"width\":800,\"height\":445},{\"@type\":\"BreadcrumbList\",\"@id\":\"https:\/\/www.mpppst.gob.ve\/mpppstweb\/index.php\/2017\/08\/02\/cne-anuncio-listado-de-constituyentes-sectoriales\/#breadcrumb\",\"itemListElement\":[{\"@type\":\"ListItem\",\"position\":1,\"name\":\"Home\",\"item\":\"https:\/\/www.mpppst.gob.ve\/mpppstweb\/\"},{\"@type\":\"ListItem\",\"position\":2,\"name\":\"CNE anunci\u00f3 listado de constituyentes sectoriales\"}]},{\"@type\":\"WebSite\",\"@id\":\"https:\/\/www.mpppst.gob.ve\/mpppstweb\/#website\",\"url\":\"https:\/\/www.mpppst.gob.ve\/mpppstweb\/\",\"name\":\"MPPPST\",\"description\":\"Ministerio del Poder Popular para el Proceso Social de Trabajo\",\"publisher\":{\"@id\":\"https:\/\/www.mpppst.gob.ve\/mpppstweb\/#organization\"},\"potentialAction\":[{\"@type\":\"SearchAction\",\"target\":{\"@type\":\"EntryPoint\",\"urlTemplate\":\"https:\/\/www.mpppst.gob.ve\/mpppstweb\/?s={search_term_string}\"},\"query-input\":\"required name=search_term_string\"}],\"inLanguage\":\"es\"},{\"@type\":\"Organization\",\"@id\":\"https:\/\/www.mpppst.gob.ve\/mpppstweb\/#organization\",\"name\":\"mpppst\",\"url\":\"https:\/\/www.mpppst.gob.ve\/mpppstweb\/\",\"logo\":{\"@type\":\"ImageObject\",\"inLanguage\":\"es\",\"@id\":\"https:\/\/www.mpppst.gob.ve\/mpppstweb\/#\/schema\/logo\/image\/\",\"url\":\"https:\/\/www.mpppst.gob.ve\/mpppstweb\/wp-content\/uploads\/2025\/07\/cropped-cropped-g910.png\",\"contentUrl\":\"https:\/\/www.mpppst.gob.ve\/mpppstweb\/wp-content\/uploads\/2025\/07\/cropped-cropped-g910.png\",\"width\":1080,\"height\":241,\"caption\":\"mpppst\"},\"image\":{\"@id\":\"https:\/\/www.mpppst.gob.ve\/mpppstweb\/#\/schema\/logo\/image\/\"}},{\"@type\":\"Person\",\"@id\":\"https:\/\/www.mpppst.gob.ve\/mpppstweb\/#\/schema\/person\/fc187ee8ead412bd4c9304b62f900ea4\",\"name\":\"MPPPST Prensa\",\"url\":\"https:\/\/www.mpppst.gob.ve\/mpppstweb\/index.php\/author\/prensa-mpppst\/\"}]}<\/script>\n<!-- \/ Yoast SEO plugin. -->","yoast_head_json":{"title":"CNE anunci\u00f3 listado de constituyentes sectoriales - MPPPST","robots":{"index":"index","follow":"follow","max-snippet":"max-snippet:-1","max-image-preview":"max-image-preview:large","max-video-preview":"max-video-preview:-1"},"canonical":"https:\/\/www.mpppst.gob.ve\/mpppstweb\/index.php\/2017\/08\/02\/cne-anuncio-listado-de-constituyentes-sectoriales\/","og_locale":"es_ES","og_type":"article","og_title":"CNE anunci\u00f3 listado de constituyentes sectoriales - MPPPST","og_description":"AVN.- La presidente del Consejo Nacional Electoral (CNE), Tibisay Lucena, anunci\u00f3 este martes a los miembros &hellip; CNE anunci\u00f3 listado de constituyentes sectorialesRead more","og_url":"https:\/\/www.mpppst.gob.ve\/mpppstweb\/index.php\/2017\/08\/02\/cne-anuncio-listado-de-constituyentes-sectoriales\/","og_site_name":"MPPPST","article_published_time":"2017-08-02T13:45:46+00:00","og_image":[{"width":800,"height":445,"url":"https:\/\/www.mpppst.gob.ve\/mpppstweb\/wp-content\/uploads\/2017\/08\/img_8427ft1501276927.jpg","type":"image\/jpeg"}],"author":"MPPPST Prensa","twitter_card":"summary_large_image","twitter_misc":{"Escrito por":"MPPPST Prensa","Tiempo de lectura":"4 minutos"},"schema":{"@context":"https:\/\/schema.org","@graph":[{"@type":"Article","@id":"https:\/\/www.mpppst.gob.ve\/mpppstweb\/index.php\/2017\/08\/02\/cne-anuncio-listado-de-constituyentes-sectoriales\/#article","isPartOf":{"@id":"https:\/\/www.mpppst.gob.ve\/mpppstweb\/index.php\/2017\/08\/02\/cne-anuncio-listado-de-constituyentes-sectoriales\/"},"author":{"name":"MPPPST Prensa","@id":"https:\/\/www.mpppst.gob.ve\/mpppstweb\/#\/schema\/person\/fc187ee8ead412bd4c9304b62f900ea4"},"headline":"CNE anunci\u00f3 listado de constituyentes sectoriales","datePublished":"2017-08-02T13:45:46+00:00","dateModified":"2017-08-02T13:45:46+00:00","mainEntityOfPage":{"@id":"https:\/\/www.mpppst.gob.ve\/mpppstweb\/index.php\/2017\/08\/02\/cne-anuncio-listado-de-constituyentes-sectoriales\/"},"wordCount":749,"publisher":{"@id":"https:\/\/www.mpppst.gob.ve\/mpppstweb\/#organization"},"image":{"@id":"https:\/\/www.mpppst.gob.ve\/mpppstweb\/index.php\/2017\/08\/02\/cne-anuncio-listado-de-constituyentes-sectoriales\/#primaryimage"},"thumbnailUrl":"https:\/\/www.mpppst.gob.ve\/mpppstweb\/wp-content\/uploads\/2017\/08\/img_8427ft1501276927.jpg","articleSection":["Gobierno Nacional","Noticias"],"inLanguage":"es"},{"@type":"WebPage","@id":"https:\/\/www.mpppst.gob.ve\/mpppstweb\/index.php\/2017\/08\/02\/cne-anuncio-listado-de-constituyentes-sectoriales\/","url":"https:\/\/www.mpppst.gob.ve\/mpppstweb\/index.php\/2017\/08\/02\/cne-anuncio-listado-de-constituyentes-sectoriales\/","name":"CNE anunci\u00f3 listado de constituyentes sectoriales - MPPPST","isPartOf":{"@id":"https:\/\/www.mpppst.gob.ve\/mpppstweb\/#website"},"primaryImageOfPage":{"@id":"https:\/\/www.mpppst.gob.ve\/mpppstweb\/index.php\/2017\/08\/02\/cne-anuncio-listado-de-constituyentes-sectoriales\/#primaryimage"},"image":{"@id":"https:\/\/www.mpppst.gob.ve\/mpppstweb\/index.php\/2017\/08\/02\/cne-anuncio-listado-de-constituyentes-sectoriales\/#primaryimage"},"thumbnailUrl":"https:\/\/www.mpppst.gob.ve\/mpppstweb\/wp-content\/uploads\/2017\/08\/img_8427ft1501276927.jpg","datePublished":"2017-08-02T13:45:46+00:00","dateModified":"2017-08-02T13:45:46+00:00","breadcrumb":{"@id":"https:\/\/www.mpppst.gob.ve\/mpppstweb\/index.php\/2017\/08\/02\/cne-anuncio-listado-de-constituyentes-sectoriales\/#breadcrumb"},"inLanguage":"es","potentialAction":[{"@type":"ReadAction","target":["https:\/\/www.mpppst.gob.ve\/mpppstweb\/index.php\/2017\/08\/02\/cne-anuncio-listado-de-constituyentes-sectoriales\/"]}]},{"@type":"ImageObject","inLanguage":"es","@id":"https:\/\/www.mpppst.gob.ve\/mpppstweb\/index.php\/2017\/08\/02\/cne-anuncio-listado-de-constituyentes-sectoriales\/#primaryimage","url":"https:\/\/www.mpppst.gob.ve\/mpppstweb\/wp-content\/uploads\/2017\/08\/img_8427ft1501276927.jpg","contentUrl":"https:\/\/www.mpppst.gob.ve\/mpppstweb\/wp-content\/uploads\/2017\/08\/img_8427ft1501276927.jpg","width":800,"height":445},{"@type":"BreadcrumbList","@id":"https:\/\/www.mpppst.gob.ve\/mpppstweb\/index.php\/2017\/08\/02\/cne-anuncio-listado-de-constituyentes-sectoriales\/#breadcrumb","itemListElement":[{"@type":"ListItem","position":1,"name":"Home","item":"https:\/\/www.mpppst.gob.ve\/mpppstweb\/"},{"@type":"ListItem","position":2,"name":"CNE anunci\u00f3 listado de constituyentes sectoriales"}]},{"@type":"WebSite","@id":"https:\/\/www.mpppst.gob.ve\/mpppstweb\/#website","url":"https:\/\/www.mpppst.gob.ve\/mpppstweb\/","name":"MPPPST","description":"Ministerio del Poder Popular para el Proceso Social de Trabajo","publisher":{"@id":"https:\/\/www.mpppst.gob.ve\/mpppstweb\/#organization"},"potentialAction":[{"@type":"SearchAction","target":{"@type":"EntryPoint","urlTemplate":"https:\/\/www.mpppst.gob.ve\/mpppstweb\/?s={search_term_string}"},"query-input":"required name=search_term_string"}],"inLanguage":"es"},{"@type":"Organization","@id":"https:\/\/www.mpppst.gob.ve\/mpppstweb\/#organization","name":"mpppst","url":"https:\/\/www.mpppst.gob.ve\/mpppstweb\/","logo":{"@type":"ImageObject","inLanguage":"es","@id":"https:\/\/www.mpppst.gob.ve\/mpppstweb\/#\/schema\/logo\/image\/","url":"https:\/\/www.mpppst.gob.ve\/mpppstweb\/wp-content\/uploads\/2025\/07\/cropped-cropped-g910.png","contentUrl":"https:\/\/www.mpppst.gob.ve\/mpppstweb\/wp-content\/uploads\/2025\/07\/cropped-cropped-g910.png","width":1080,"height":241,"caption":"mpppst"},"image":{"@id":"https:\/\/www.mpppst.gob.ve\/mpppstweb\/#\/schema\/logo\/image\/"}},{"@type":"Person","@id":"https:\/\/www.mpppst.gob.ve\/mpppstweb\/#\/schema\/person\/fc187ee8ead412bd4c9304b62f900ea4","name":"MPPPST Prensa","url":"https:\/\/www.mpppst.gob.ve\/mpppstweb\/index.php\/author\/prensa-mpppst\/"}]}},"_links":{"self":[{"href":"https:\/\/www.mpppst.gob.ve\/mpppstweb\/index.php\/wp-json\/wp\/v2\/posts\/12383"}],"collection":[{"href":"https:\/\/www.mpppst.gob.ve\/mpppstweb\/index.php\/wp-json\/wp\/v2\/posts"}],"about":[{"href":"https:\/\/www.mpppst.gob.ve\/mpppstweb\/index.php\/wp-json\/wp\/v2\/types\/post"}],"author":[{"embeddable":true,"href":"https:\/\/www.mpppst.gob.ve\/mpppstweb\/index.php\/wp-json\/wp\/v2\/users\/25"}],"replies":[{"embeddable":true,"href":"https:\/\/www.mpppst.gob.ve\/mpppstweb\/index.php\/wp-json\/wp\/v2\/comments?post=12383"}],"version-history":[{"count":1,"href":"https:\/\/www.mpppst.gob.ve\/mpppstweb\/index.php\/wp-json\/wp\/v2\/posts\/12383\/revisions"}],"predecessor-version":[{"id":12385,"href":"https:\/\/www.mpppst.gob.ve\/mpppstweb\/index.php\/wp-json\/wp\/v2\/posts\/12383\/revisions\/12385"}],"wp:featuredmedia":[{"embeddable":true,"href":"https:\/\/www.mpppst.gob.ve\/mpppstweb\/index.php\/wp-json\/wp\/v2\/media\/12384"}],"wp:attachment":[{"href":"https:\/\/www.mpppst.gob.ve\/mpppstweb\/index.php\/wp-json\/wp\/v2\/media?parent=12383"}],"wp:term":[{"taxonomy":"category","embeddable":true,"href":"https:\/\/www.mpppst.gob.ve\/mpppstweb\/index.php\/wp-json\/wp\/v2\/categories?post=12383"},{"taxonomy":"post_tag","embeddable":true,"href":"https:\/\/www.mpppst.gob.ve\/mpppstweb\/index.php\/wp-json\/wp\/v2\/tags?post=12383"}],"curies":[{"name":"wp","href":"https:\/\/api.w.org\/{rel}","templated":true}]}}