{"id":12387,"date":"2017-08-02T16:13:32","date_gmt":"2017-08-02T20:13:32","guid":{"rendered":"http:\/\/www.mpppst.gob.ve\/mpppstweb\/?p=12387"},"modified":"2017-08-02T16:13:32","modified_gmt":"2017-08-02T20:13:32","slug":"cne-acredita-a-constituyentes-elegidos-en-las-elecciones-de-la-anc","status":"publish","type":"post","link":"https:\/\/www.mpppst.gob.ve\/mpppstweb\/index.php\/2017\/08\/02\/cne-acredita-a-constituyentes-elegidos-en-las-elecciones-de-la-anc\/","title":{"rendered":"CNE acredita a  constituyentes elegidos en las elecciones de la ANC"},"content":{"rendered":"<p>Por Gina Garc\u00eda<\/p>\n<p>Autoridades del Consejo Nacional Electoral (CNE) formalizaron la entrega de credenciales a constituyentes electos por el \u00e1mbito territorial y por el \u00e1mbito sectorial por el Distrito Capital, municipio Libertador.<\/p>\n<p>El acto se llev\u00f3 a cabo en la sede del CNE en Plaza Venezuela y Plaza Caracas, donde se acreditaron los diputados constituyentes Cilia Flores, Iris Varela, \u00c1ngelo Rivas, Delcy Rodr\u00edguez, Jes\u00fas Far\u00edas, Juan Carlos Alem\u00e1n, Luis Dur\u00e1n, Noris Herrera Rodr\u00edguez, Francisco Torrealba, Nicol\u00e1s Maduro Guerra, Roberto Messuti, entre otros.<\/p>\n<p>Las acreditaciones se extender\u00e1n por todo el territorio nacional y este 3 de agosto se proceder\u00e1 a la instalaci\u00f3n de la Asamblea Constituyente conformada por los 545 constituyentes en general.<\/p>\n<p><strong>Constituyentes Electos<\/strong><\/p>\n<p>En el sector empresarial de la ANC, los cargos adjudicados pertenecen a \u00a0Orlando Camacho, Oscar Schemel, Gerson Hern\u00e1ndez y Keila de La Rosa.<\/p>\n<p>Adem\u00e1s, 14 candidatos por sector trabajadores resultaron electos a la Asamblea Nacional Constituyente. Por el sector trabajadores, sub sector Petr\u00f3leo y Miner\u00eda fueron electos Will Rangel y Sandra Nieves.<\/p>\n<p>Por el sub sector social los constituyentes son: Oswaldo Vera, Carlos S\u00e1nchez, Octavio Sol\u00f3rzano, Orlando P\u00e9rez, Sandino Primera, Rodbexa Poleo, Telemaco Figueroa, Rafael Torrealba, Esther Quiaro, Caridad Laya, Zulay Maestre y Alcides Castillo.<\/p>\n<p>En el sector campesino y pescadores son: Braulio \u00c1lvarez, Jes\u00fas Marcano, Jos\u00e9 Valero, Rafael Enrique Colmen\u00e1rez, Emma Ortega, Gerardo Rivas, Blondy Sangronis y Maire Castillo.<\/p>\n","protected":false},"excerpt":{"rendered":"<p>Por Gina Garc\u00eda Autoridades del Consejo Nacional Electoral (CNE) formalizaron la entrega de credenciales a constituyentes &hellip; <a title=\"CNE acredita a  constituyentes elegidos en las elecciones de la ANC\" class=\"hm-read-more\" href=\"https:\/\/www.mpppst.gob.ve\/mpppstweb\/index.php\/2017\/08\/02\/cne-acredita-a-constituyentes-elegidos-en-las-elecciones-de-la-anc\/\"><span class=\"screen-reader-text\">CNE acredita a  constituyentes elegidos en las elecciones de la ANC<\/span>Read more<\/a><\/p>\n","protected":false},"author":25,"featured_media":12388,"comment_status":"closed","ping_status":"closed","sticky":false,"template":"","format":"standard","meta":{"footnotes":""},"categories":[82,163],"tags":[],"yoast_head":"<!-- This site is optimized with the Yoast SEO plugin v22.5 - https:\/\/yoast.com\/wordpress\/plugins\/seo\/ -->\n<title>CNE acredita a constituyentes elegidos en las elecciones de la ANC - MPPPST<\/title>\n<meta name=\"robots\" content=\"index, follow, max-snippet:-1, max-image-preview:large, max-video-preview:-1\" \/>\n<link rel=\"canonical\" href=\"https:\/\/www.mpppst.gob.ve\/mpppstweb\/index.php\/2017\/08\/02\/cne-acredita-a-constituyentes-elegidos-en-las-elecciones-de-la-anc\/\" \/>\n<meta property=\"og:locale\" content=\"es_ES\" \/>\n<meta property=\"og:type\" content=\"article\" \/>\n<meta property=\"og:title\" content=\"CNE acredita a constituyentes elegidos en las elecciones de la ANC - MPPPST\" \/>\n<meta property=\"og:description\" content=\"Por Gina Garc\u00eda Autoridades del Consejo Nacional Electoral (CNE) formalizaron la entrega de credenciales a constituyentes &hellip; CNE acredita a constituyentes elegidos en las elecciones de la ANCRead more\" \/>\n<meta property=\"og:url\" content=\"https:\/\/www.mpppst.gob.ve\/mpppstweb\/index.php\/2017\/08\/02\/cne-acredita-a-constituyentes-elegidos-en-las-elecciones-de-la-anc\/\" \/>\n<meta property=\"og:site_name\" content=\"MPPPST\" \/>\n<meta property=\"article:published_time\" content=\"2017-08-02T20:13:32+00:00\" \/>\n<meta property=\"og:image\" content=\"https:\/\/www.mpppst.gob.ve\/mpppstweb\/wp-content\/uploads\/2017\/08\/IMG-6596.jpg\" \/>\n\t<meta property=\"og:image:width\" content=\"800\" \/>\n\t<meta property=\"og:image:height\" content=\"445\" \/>\n\t<meta property=\"og:image:type\" content=\"image\/jpeg\" \/>\n<meta name=\"author\" content=\"MPPPST Prensa\" \/>\n<meta name=\"twitter:card\" content=\"summary_large_image\" \/>\n<meta name=\"twitter:label1\" content=\"Escrito por\" \/>\n\t<meta name=\"twitter:data1\" content=\"MPPPST Prensa\" \/>\n\t<meta name=\"twitter:label2\" content=\"Tiempo de lectura\" \/>\n\t<meta name=\"twitter:data2\" content=\"1 minuto\" \/>\n<script type=\"application\/ld+json\" class=\"yoast-schema-graph\">{\"@context\":\"https:\/\/schema.org\",\"@graph\":[{\"@type\":\"Article\",\"@id\":\"https:\/\/www.mpppst.gob.ve\/mpppstweb\/index.php\/2017\/08\/02\/cne-acredita-a-constituyentes-elegidos-en-las-elecciones-de-la-anc\/#article\",\"isPartOf\":{\"@id\":\"https:\/\/www.mpppst.gob.ve\/mpppstweb\/index.php\/2017\/08\/02\/cne-acredita-a-constituyentes-elegidos-en-las-elecciones-de-la-anc\/\"},\"author\":{\"name\":\"MPPPST Prensa\",\"@id\":\"https:\/\/www.mpppst.gob.ve\/mpppstweb\/#\/schema\/person\/fc187ee8ead412bd4c9304b62f900ea4\"},\"headline\":\"CNE acredita a constituyentes elegidos en las elecciones de la ANC\",\"datePublished\":\"2017-08-02T20:13:32+00:00\",\"dateModified\":\"2017-08-02T20:13:32+00:00\",\"mainEntityOfPage\":{\"@id\":\"https:\/\/www.mpppst.gob.ve\/mpppstweb\/index.php\/2017\/08\/02\/cne-acredita-a-constituyentes-elegidos-en-las-elecciones-de-la-anc\/\"},\"wordCount\":251,\"publisher\":{\"@id\":\"https:\/\/www.mpppst.gob.ve\/mpppstweb\/#organization\"},\"image\":{\"@id\":\"https:\/\/www.mpppst.gob.ve\/mpppstweb\/index.php\/2017\/08\/02\/cne-acredita-a-constituyentes-elegidos-en-las-elecciones-de-la-anc\/#primaryimage\"},\"thumbnailUrl\":\"https:\/\/www.mpppst.gob.ve\/mpppstweb\/wp-content\/uploads\/2017\/08\/IMG-6596.jpg\",\"articleSection\":[\"Gobierno Nacional\",\"Noticias\"],\"inLanguage\":\"es\"},{\"@type\":\"WebPage\",\"@id\":\"https:\/\/www.mpppst.gob.ve\/mpppstweb\/index.php\/2017\/08\/02\/cne-acredita-a-constituyentes-elegidos-en-las-elecciones-de-la-anc\/\",\"url\":\"https:\/\/www.mpppst.gob.ve\/mpppstweb\/index.php\/2017\/08\/02\/cne-acredita-a-constituyentes-elegidos-en-las-elecciones-de-la-anc\/\",\"name\":\"CNE acredita a constituyentes elegidos en las elecciones de la ANC - MPPPST\",\"isPartOf\":{\"@id\":\"https:\/\/www.mpppst.gob.ve\/mpppstweb\/#website\"},\"primaryImageOfPage\":{\"@id\":\"https:\/\/www.mpppst.gob.ve\/mpppstweb\/index.php\/2017\/08\/02\/cne-acredita-a-constituyentes-elegidos-en-las-elecciones-de-la-anc\/#primaryimage\"},\"image\":{\"@id\":\"https:\/\/www.mpppst.gob.ve\/mpppstweb\/index.php\/2017\/08\/02\/cne-acredita-a-constituyentes-elegidos-en-las-elecciones-de-la-anc\/#primaryimage\"},\"thumbnailUrl\":\"https:\/\/www.mpppst.gob.ve\/mpppstweb\/wp-content\/uploads\/2017\/08\/IMG-6596.jpg\",\"datePublished\":\"2017-08-02T20:13:32+00:00\",\"dateModified\":\"2017-08-02T20:13:32+00:00\",\"breadcrumb\":{\"@id\":\"https:\/\/www.mpppst.gob.ve\/mpppstweb\/index.php\/2017\/08\/02\/cne-acredita-a-constituyentes-elegidos-en-las-elecciones-de-la-anc\/#breadcrumb\"},\"inLanguage\":\"es\",\"potentialAction\":[{\"@type\":\"ReadAction\",\"target\":[\"https:\/\/www.mpppst.gob.ve\/mpppstweb\/index.php\/2017\/08\/02\/cne-acredita-a-constituyentes-elegidos-en-las-elecciones-de-la-anc\/\"]}]},{\"@type\":\"ImageObject\",\"inLanguage\":\"es\",\"@id\":\"https:\/\/www.mpppst.gob.ve\/mpppstweb\/index.php\/2017\/08\/02\/cne-acredita-a-constituyentes-elegidos-en-las-elecciones-de-la-anc\/#primaryimage\",\"url\":\"https:\/\/www.mpppst.gob.ve\/mpppstweb\/wp-content\/uploads\/2017\/08\/IMG-6596.jpg\",\"contentUrl\":\"https:\/\/www.mpppst.gob.ve\/mpppstweb\/wp-content\/uploads\/2017\/08\/IMG-6596.jpg\",\"width\":800,\"height\":445},{\"@type\":\"BreadcrumbList\",\"@id\":\"https:\/\/www.mpppst.gob.ve\/mpppstweb\/index.php\/2017\/08\/02\/cne-acredita-a-constituyentes-elegidos-en-las-elecciones-de-la-anc\/#breadcrumb\",\"itemListElement\":[{\"@type\":\"ListItem\",\"position\":1,\"name\":\"Home\",\"item\":\"https:\/\/www.mpppst.gob.ve\/mpppstweb\/\"},{\"@type\":\"ListItem\",\"position\":2,\"name\":\"CNE acredita a constituyentes elegidos en las elecciones de la ANC\"}]},{\"@type\":\"WebSite\",\"@id\":\"https:\/\/www.mpppst.gob.ve\/mpppstweb\/#website\",\"url\":\"https:\/\/www.mpppst.gob.ve\/mpppstweb\/\",\"name\":\"MPPPST\",\"description\":\"Ministerio del Poder Popular para el Proceso Social de Trabajo\",\"publisher\":{\"@id\":\"https:\/\/www.mpppst.gob.ve\/mpppstweb\/#organization\"},\"potentialAction\":[{\"@type\":\"SearchAction\",\"target\":{\"@type\":\"EntryPoint\",\"urlTemplate\":\"https:\/\/www.mpppst.gob.ve\/mpppstweb\/?s={search_term_string}\"},\"query-input\":\"required name=search_term_string\"}],\"inLanguage\":\"es\"},{\"@type\":\"Organization\",\"@id\":\"https:\/\/www.mpppst.gob.ve\/mpppstweb\/#organization\",\"name\":\"mpppst\",\"url\":\"https:\/\/www.mpppst.gob.ve\/mpppstweb\/\",\"logo\":{\"@type\":\"ImageObject\",\"inLanguage\":\"es\",\"@id\":\"https:\/\/www.mpppst.gob.ve\/mpppstweb\/#\/schema\/logo\/image\/\",\"url\":\"https:\/\/www.mpppst.gob.ve\/mpppstweb\/wp-content\/uploads\/2025\/07\/cropped-cropped-g910.png\",\"contentUrl\":\"https:\/\/www.mpppst.gob.ve\/mpppstweb\/wp-content\/uploads\/2025\/07\/cropped-cropped-g910.png\",\"width\":1080,\"height\":241,\"caption\":\"mpppst\"},\"image\":{\"@id\":\"https:\/\/www.mpppst.gob.ve\/mpppstweb\/#\/schema\/logo\/image\/\"}},{\"@type\":\"Person\",\"@id\":\"https:\/\/www.mpppst.gob.ve\/mpppstweb\/#\/schema\/person\/fc187ee8ead412bd4c9304b62f900ea4\",\"name\":\"MPPPST Prensa\",\"url\":\"https:\/\/www.mpppst.gob.ve\/mpppstweb\/index.php\/author\/prensa-mpppst\/\"}]}<\/script>\n<!-- \/ Yoast SEO plugin. -->","yoast_head_json":{"title":"CNE acredita a constituyentes elegidos en las elecciones de la ANC - MPPPST","robots":{"index":"index","follow":"follow","max-snippet":"max-snippet:-1","max-image-preview":"max-image-preview:large","max-video-preview":"max-video-preview:-1"},"canonical":"https:\/\/www.mpppst.gob.ve\/mpppstweb\/index.php\/2017\/08\/02\/cne-acredita-a-constituyentes-elegidos-en-las-elecciones-de-la-anc\/","og_locale":"es_ES","og_type":"article","og_title":"CNE acredita a constituyentes elegidos en las elecciones de la ANC - MPPPST","og_description":"Por Gina Garc\u00eda Autoridades del Consejo Nacional Electoral (CNE) formalizaron la entrega de credenciales a constituyentes &hellip; CNE acredita a constituyentes elegidos en las elecciones de la ANCRead more","og_url":"https:\/\/www.mpppst.gob.ve\/mpppstweb\/index.php\/2017\/08\/02\/cne-acredita-a-constituyentes-elegidos-en-las-elecciones-de-la-anc\/","og_site_name":"MPPPST","article_published_time":"2017-08-02T20:13:32+00:00","og_image":[{"width":800,"height":445,"url":"https:\/\/www.mpppst.gob.ve\/mpppstweb\/wp-content\/uploads\/2017\/08\/IMG-6596.jpg","type":"image\/jpeg"}],"author":"MPPPST Prensa","twitter_card":"summary_large_image","twitter_misc":{"Escrito por":"MPPPST Prensa","Tiempo de lectura":"1 minuto"},"schema":{"@context":"https:\/\/schema.org","@graph":[{"@type":"Article","@id":"https:\/\/www.mpppst.gob.ve\/mpppstweb\/index.php\/2017\/08\/02\/cne-acredita-a-constituyentes-elegidos-en-las-elecciones-de-la-anc\/#article","isPartOf":{"@id":"https:\/\/www.mpppst.gob.ve\/mpppstweb\/index.php\/2017\/08\/02\/cne-acredita-a-constituyentes-elegidos-en-las-elecciones-de-la-anc\/"},"author":{"name":"MPPPST Prensa","@id":"https:\/\/www.mpppst.gob.ve\/mpppstweb\/#\/schema\/person\/fc187ee8ead412bd4c9304b62f900ea4"},"headline":"CNE acredita a constituyentes elegidos en las elecciones de la ANC","datePublished":"2017-08-02T20:13:32+00:00","dateModified":"2017-08-02T20:13:32+00:00","mainEntityOfPage":{"@id":"https:\/\/www.mpppst.gob.ve\/mpppstweb\/index.php\/2017\/08\/02\/cne-acredita-a-constituyentes-elegidos-en-las-elecciones-de-la-anc\/"},"wordCount":251,"publisher":{"@id":"https:\/\/www.mpppst.gob.ve\/mpppstweb\/#organization"},"image":{"@id":"https:\/\/www.mpppst.gob.ve\/mpppstweb\/index.php\/2017\/08\/02\/cne-acredita-a-constituyentes-elegidos-en-las-elecciones-de-la-anc\/#primaryimage"},"thumbnailUrl":"https:\/\/www.mpppst.gob.ve\/mpppstweb\/wp-content\/uploads\/2017\/08\/IMG-6596.jpg","articleSection":["Gobierno Nacional","Noticias"],"inLanguage":"es"},{"@type":"WebPage","@id":"https:\/\/www.mpppst.gob.ve\/mpppstweb\/index.php\/2017\/08\/02\/cne-acredita-a-constituyentes-elegidos-en-las-elecciones-de-la-anc\/","url":"https:\/\/www.mpppst.gob.ve\/mpppstweb\/index.php\/2017\/08\/02\/cne-acredita-a-constituyentes-elegidos-en-las-elecciones-de-la-anc\/","name":"CNE acredita a constituyentes elegidos en las elecciones de la ANC - MPPPST","isPartOf":{"@id":"https:\/\/www.mpppst.gob.ve\/mpppstweb\/#website"},"primaryImageOfPage":{"@id":"https:\/\/www.mpppst.gob.ve\/mpppstweb\/index.php\/2017\/08\/02\/cne-acredita-a-constituyentes-elegidos-en-las-elecciones-de-la-anc\/#primaryimage"},"image":{"@id":"https:\/\/www.mpppst.gob.ve\/mpppstweb\/index.php\/2017\/08\/02\/cne-acredita-a-constituyentes-elegidos-en-las-elecciones-de-la-anc\/#primaryimage"},"thumbnailUrl":"https:\/\/www.mpppst.gob.ve\/mpppstweb\/wp-content\/uploads\/2017\/08\/IMG-6596.jpg","datePublished":"2017-08-02T20:13:32+00:00","dateModified":"2017-08-02T20:13:32+00:00","breadcrumb":{"@id":"https:\/\/www.mpppst.gob.ve\/mpppstweb\/index.php\/2017\/08\/02\/cne-acredita-a-constituyentes-elegidos-en-las-elecciones-de-la-anc\/#breadcrumb"},"inLanguage":"es","potentialAction":[{"@type":"ReadAction","target":["https:\/\/www.mpppst.gob.ve\/mpppstweb\/index.php\/2017\/08\/02\/cne-acredita-a-constituyentes-elegidos-en-las-elecciones-de-la-anc\/"]}]},{"@type":"ImageObject","inLanguage":"es","@id":"https:\/\/www.mpppst.gob.ve\/mpppstweb\/index.php\/2017\/08\/02\/cne-acredita-a-constituyentes-elegidos-en-las-elecciones-de-la-anc\/#primaryimage","url":"https:\/\/www.mpppst.gob.ve\/mpppstweb\/wp-content\/uploads\/2017\/08\/IMG-6596.jpg","contentUrl":"https:\/\/www.mpppst.gob.ve\/mpppstweb\/wp-content\/uploads\/2017\/08\/IMG-6596.jpg","width":800,"height":445},{"@type":"BreadcrumbList","@id":"https:\/\/www.mpppst.gob.ve\/mpppstweb\/index.php\/2017\/08\/02\/cne-acredita-a-constituyentes-elegidos-en-las-elecciones-de-la-anc\/#breadcrumb","itemListElement":[{"@type":"ListItem","position":1,"name":"Home","item":"https:\/\/www.mpppst.gob.ve\/mpppstweb\/"},{"@type":"ListItem","position":2,"name":"CNE acredita a constituyentes elegidos en las elecciones de la ANC"}]},{"@type":"WebSite","@id":"https:\/\/www.mpppst.gob.ve\/mpppstweb\/#website","url":"https:\/\/www.mpppst.gob.ve\/mpppstweb\/","name":"MPPPST","description":"Ministerio del Poder Popular para el Proceso Social de Trabajo","publisher":{"@id":"https:\/\/www.mpppst.gob.ve\/mpppstweb\/#organization"},"potentialAction":[{"@type":"SearchAction","target":{"@type":"EntryPoint","urlTemplate":"https:\/\/www.mpppst.gob.ve\/mpppstweb\/?s={search_term_string}"},"query-input":"required name=search_term_string"}],"inLanguage":"es"},{"@type":"Organization","@id":"https:\/\/www.mpppst.gob.ve\/mpppstweb\/#organization","name":"mpppst","url":"https:\/\/www.mpppst.gob.ve\/mpppstweb\/","logo":{"@type":"ImageObject","inLanguage":"es","@id":"https:\/\/www.mpppst.gob.ve\/mpppstweb\/#\/schema\/logo\/image\/","url":"https:\/\/www.mpppst.gob.ve\/mpppstweb\/wp-content\/uploads\/2025\/07\/cropped-cropped-g910.png","contentUrl":"https:\/\/www.mpppst.gob.ve\/mpppstweb\/wp-content\/uploads\/2025\/07\/cropped-cropped-g910.png","width":1080,"height":241,"caption":"mpppst"},"image":{"@id":"https:\/\/www.mpppst.gob.ve\/mpppstweb\/#\/schema\/logo\/image\/"}},{"@type":"Person","@id":"https:\/\/www.mpppst.gob.ve\/mpppstweb\/#\/schema\/person\/fc187ee8ead412bd4c9304b62f900ea4","name":"MPPPST Prensa","url":"https:\/\/www.mpppst.gob.ve\/mpppstweb\/index.php\/author\/prensa-mpppst\/"}]}},"_links":{"self":[{"href":"https:\/\/www.mpppst.gob.ve\/mpppstweb\/index.php\/wp-json\/wp\/v2\/posts\/12387"}],"collection":[{"href":"https:\/\/www.mpppst.gob.ve\/mpppstweb\/index.php\/wp-json\/wp\/v2\/posts"}],"about":[{"href":"https:\/\/www.mpppst.gob.ve\/mpppstweb\/index.php\/wp-json\/wp\/v2\/types\/post"}],"author":[{"embeddable":true,"href":"https:\/\/www.mpppst.gob.ve\/mpppstweb\/index.php\/wp-json\/wp\/v2\/users\/25"}],"replies":[{"embeddable":true,"href":"https:\/\/www.mpppst.gob.ve\/mpppstweb\/index.php\/wp-json\/wp\/v2\/comments?post=12387"}],"version-history":[{"count":1,"href":"https:\/\/www.mpppst.gob.ve\/mpppstweb\/index.php\/wp-json\/wp\/v2\/posts\/12387\/revisions"}],"predecessor-version":[{"id":12389,"href":"https:\/\/www.mpppst.gob.ve\/mpppstweb\/index.php\/wp-json\/wp\/v2\/posts\/12387\/revisions\/12389"}],"wp:featuredmedia":[{"embeddable":true,"href":"https:\/\/www.mpppst.gob.ve\/mpppstweb\/index.php\/wp-json\/wp\/v2\/media\/12388"}],"wp:attachment":[{"href":"https:\/\/www.mpppst.gob.ve\/mpppstweb\/index.php\/wp-json\/wp\/v2\/media?parent=12387"}],"wp:term":[{"taxonomy":"category","embeddable":true,"href":"https:\/\/www.mpppst.gob.ve\/mpppstweb\/index.php\/wp-json\/wp\/v2\/categories?post=12387"},{"taxonomy":"post_tag","embeddable":true,"href":"https:\/\/www.mpppst.gob.ve\/mpppstweb\/index.php\/wp-json\/wp\/v2\/tags?post=12387"}],"curies":[{"name":"wp","href":"https:\/\/api.w.org\/{rel}","templated":true}]}}