{"id":12390,"date":"2017-08-03T09:37:31","date_gmt":"2017-08-03T13:37:31","guid":{"rendered":"http:\/\/www.mpppst.gob.ve\/mpppstweb\/?p=12390"},"modified":"2017-08-03T09:37:31","modified_gmt":"2017-08-03T13:37:31","slug":"jorge-arreaza-asume-la-cancilleria-de-la-republica-bolivariana-de-venezuela","status":"publish","type":"post","link":"https:\/\/www.mpppst.gob.ve\/mpppstweb\/index.php\/2017\/08\/03\/jorge-arreaza-asume-la-cancilleria-de-la-republica-bolivariana-de-venezuela\/","title":{"rendered":"Jorge Arreaza asume la Canciller\u00eda de la Rep\u00fablica Bolivariana de Venezuela"},"content":{"rendered":"<p>Minci<\/p>\n<p>Durante un encuentro con los 545 constituyentes de la Asamblea Nacional Constituyente (ANC), en el Poliedro de Caracas, el presidente de la Rep\u00fablica Bolivariana de Venezuela, Nicol\u00e1s Maduro Moros, anunci\u00f3 la designaci\u00f3n de Jorge Arreaza como ministro de Relaciones exteriores de Venezuela.<\/p>\n<p>\u201cJorge Arreaza, que viene cumpliendo tremendas tareas en un frente tambi\u00e9n de car\u00e1cter internacional que es el arco minero. Las grandes inversiones\u201d, expres\u00f3 el jefe de Estado con relaci\u00f3n a la anterior tarea que cumpl\u00eda Arreaza e inform\u00f3 que V\u00edctor Cano asumir\u00e1 el Ministerio de Desarrollo Ecol\u00f3gico Minero.<\/p>\n<p>Por otra parte, Samuel Moncada qui\u00e9n estuvo a cargo de la Canciller\u00eda de la Rep\u00fablica, ser\u00e1 trasladado a la capital de los Estados Unidos (Washington), para cumplir tareas como embajador representante permanente alterno en la Misi\u00f3n Permanente de la Rep\u00fablica Bolivariana de Venezuela ante la Organizaci\u00f3n de Estados Americanos (OEA).<\/p>\n<p>\u201cLe estoy dando responsabilidades especiales para que se instale en Washington como viceministro de Am\u00e9rica del norte y embajador ante la OEA a defender desde los Estados Unidos la verdad, la paz y la dignidad de Venezuela\u201d, asever\u00f3 el Presidente en relaci\u00f3n a la asignaci\u00f3n de Moncada.<\/p>\n","protected":false},"excerpt":{"rendered":"<p>Minci Durante un encuentro con los 545 constituyentes de la Asamblea Nacional Constituyente (ANC), en el &hellip; <a title=\"Jorge Arreaza asume la Canciller\u00eda de la Rep\u00fablica Bolivariana de Venezuela\" class=\"hm-read-more\" href=\"https:\/\/www.mpppst.gob.ve\/mpppstweb\/index.php\/2017\/08\/03\/jorge-arreaza-asume-la-cancilleria-de-la-republica-bolivariana-de-venezuela\/\"><span class=\"screen-reader-text\">Jorge Arreaza asume la Canciller\u00eda de la Rep\u00fablica Bolivariana de Venezuela<\/span>Read more<\/a><\/p>\n","protected":false},"author":25,"featured_media":12391,"comment_status":"closed","ping_status":"closed","sticky":false,"template":"","format":"standard","meta":{"footnotes":""},"categories":[82,163],"tags":[],"yoast_head":"<!-- This site is optimized with the Yoast SEO plugin v22.5 - https:\/\/yoast.com\/wordpress\/plugins\/seo\/ -->\n<title>Jorge Arreaza asume la Canciller\u00eda de la Rep\u00fablica Bolivariana de Venezuela - MPPPST<\/title>\n<meta name=\"robots\" content=\"index, follow, max-snippet:-1, max-image-preview:large, max-video-preview:-1\" \/>\n<link rel=\"canonical\" href=\"https:\/\/www.mpppst.gob.ve\/mpppstweb\/index.php\/2017\/08\/03\/jorge-arreaza-asume-la-cancilleria-de-la-republica-bolivariana-de-venezuela\/\" \/>\n<meta property=\"og:locale\" content=\"es_ES\" \/>\n<meta property=\"og:type\" content=\"article\" \/>\n<meta property=\"og:title\" content=\"Jorge Arreaza asume la Canciller\u00eda de la Rep\u00fablica Bolivariana de Venezuela - MPPPST\" \/>\n<meta property=\"og:description\" content=\"Minci Durante un encuentro con los 545 constituyentes de la Asamblea Nacional Constituyente (ANC), en el &hellip; Jorge Arreaza asume la Canciller\u00eda de la Rep\u00fablica Bolivariana de VenezuelaRead more\" \/>\n<meta property=\"og:url\" content=\"https:\/\/www.mpppst.gob.ve\/mpppstweb\/index.php\/2017\/08\/03\/jorge-arreaza-asume-la-cancilleria-de-la-republica-bolivariana-de-venezuela\/\" \/>\n<meta property=\"og:site_name\" content=\"MPPPST\" \/>\n<meta property=\"article:published_time\" content=\"2017-08-03T13:37:31+00:00\" \/>\n<meta property=\"og:image\" content=\"https:\/\/www.mpppst.gob.ve\/mpppstweb\/wp-content\/uploads\/2017\/08\/1501718487379.jpg\" \/>\n\t<meta property=\"og:image:width\" content=\"800\" \/>\n\t<meta property=\"og:image:height\" content=\"445\" \/>\n\t<meta property=\"og:image:type\" content=\"image\/jpeg\" \/>\n<meta name=\"author\" content=\"MPPPST Prensa\" \/>\n<meta name=\"twitter:card\" content=\"summary_large_image\" \/>\n<meta name=\"twitter:label1\" content=\"Escrito por\" \/>\n\t<meta name=\"twitter:data1\" content=\"MPPPST Prensa\" \/>\n\t<meta name=\"twitter:label2\" content=\"Tiempo de lectura\" \/>\n\t<meta name=\"twitter:data2\" content=\"1 minuto\" \/>\n<script type=\"application\/ld+json\" class=\"yoast-schema-graph\">{\"@context\":\"https:\/\/schema.org\",\"@graph\":[{\"@type\":\"Article\",\"@id\":\"https:\/\/www.mpppst.gob.ve\/mpppstweb\/index.php\/2017\/08\/03\/jorge-arreaza-asume-la-cancilleria-de-la-republica-bolivariana-de-venezuela\/#article\",\"isPartOf\":{\"@id\":\"https:\/\/www.mpppst.gob.ve\/mpppstweb\/index.php\/2017\/08\/03\/jorge-arreaza-asume-la-cancilleria-de-la-republica-bolivariana-de-venezuela\/\"},\"author\":{\"name\":\"MPPPST Prensa\",\"@id\":\"https:\/\/www.mpppst.gob.ve\/mpppstweb\/#\/schema\/person\/fc187ee8ead412bd4c9304b62f900ea4\"},\"headline\":\"Jorge Arreaza asume la Canciller\u00eda de la Rep\u00fablica Bolivariana de Venezuela\",\"datePublished\":\"2017-08-03T13:37:31+00:00\",\"dateModified\":\"2017-08-03T13:37:31+00:00\",\"mainEntityOfPage\":{\"@id\":\"https:\/\/www.mpppst.gob.ve\/mpppstweb\/index.php\/2017\/08\/03\/jorge-arreaza-asume-la-cancilleria-de-la-republica-bolivariana-de-venezuela\/\"},\"wordCount\":218,\"publisher\":{\"@id\":\"https:\/\/www.mpppst.gob.ve\/mpppstweb\/#organization\"},\"image\":{\"@id\":\"https:\/\/www.mpppst.gob.ve\/mpppstweb\/index.php\/2017\/08\/03\/jorge-arreaza-asume-la-cancilleria-de-la-republica-bolivariana-de-venezuela\/#primaryimage\"},\"thumbnailUrl\":\"https:\/\/www.mpppst.gob.ve\/mpppstweb\/wp-content\/uploads\/2017\/08\/1501718487379.jpg\",\"articleSection\":[\"Gobierno Nacional\",\"Noticias\"],\"inLanguage\":\"es\"},{\"@type\":\"WebPage\",\"@id\":\"https:\/\/www.mpppst.gob.ve\/mpppstweb\/index.php\/2017\/08\/03\/jorge-arreaza-asume-la-cancilleria-de-la-republica-bolivariana-de-venezuela\/\",\"url\":\"https:\/\/www.mpppst.gob.ve\/mpppstweb\/index.php\/2017\/08\/03\/jorge-arreaza-asume-la-cancilleria-de-la-republica-bolivariana-de-venezuela\/\",\"name\":\"Jorge Arreaza asume la Canciller\u00eda de la Rep\u00fablica Bolivariana de Venezuela - MPPPST\",\"isPartOf\":{\"@id\":\"https:\/\/www.mpppst.gob.ve\/mpppstweb\/#website\"},\"primaryImageOfPage\":{\"@id\":\"https:\/\/www.mpppst.gob.ve\/mpppstweb\/index.php\/2017\/08\/03\/jorge-arreaza-asume-la-cancilleria-de-la-republica-bolivariana-de-venezuela\/#primaryimage\"},\"image\":{\"@id\":\"https:\/\/www.mpppst.gob.ve\/mpppstweb\/index.php\/2017\/08\/03\/jorge-arreaza-asume-la-cancilleria-de-la-republica-bolivariana-de-venezuela\/#primaryimage\"},\"thumbnailUrl\":\"https:\/\/www.mpppst.gob.ve\/mpppstweb\/wp-content\/uploads\/2017\/08\/1501718487379.jpg\",\"datePublished\":\"2017-08-03T13:37:31+00:00\",\"dateModified\":\"2017-08-03T13:37:31+00:00\",\"breadcrumb\":{\"@id\":\"https:\/\/www.mpppst.gob.ve\/mpppstweb\/index.php\/2017\/08\/03\/jorge-arreaza-asume-la-cancilleria-de-la-republica-bolivariana-de-venezuela\/#breadcrumb\"},\"inLanguage\":\"es\",\"potentialAction\":[{\"@type\":\"ReadAction\",\"target\":[\"https:\/\/www.mpppst.gob.ve\/mpppstweb\/index.php\/2017\/08\/03\/jorge-arreaza-asume-la-cancilleria-de-la-republica-bolivariana-de-venezuela\/\"]}]},{\"@type\":\"ImageObject\",\"inLanguage\":\"es\",\"@id\":\"https:\/\/www.mpppst.gob.ve\/mpppstweb\/index.php\/2017\/08\/03\/jorge-arreaza-asume-la-cancilleria-de-la-republica-bolivariana-de-venezuela\/#primaryimage\",\"url\":\"https:\/\/www.mpppst.gob.ve\/mpppstweb\/wp-content\/uploads\/2017\/08\/1501718487379.jpg\",\"contentUrl\":\"https:\/\/www.mpppst.gob.ve\/mpppstweb\/wp-content\/uploads\/2017\/08\/1501718487379.jpg\",\"width\":800,\"height\":445},{\"@type\":\"BreadcrumbList\",\"@id\":\"https:\/\/www.mpppst.gob.ve\/mpppstweb\/index.php\/2017\/08\/03\/jorge-arreaza-asume-la-cancilleria-de-la-republica-bolivariana-de-venezuela\/#breadcrumb\",\"itemListElement\":[{\"@type\":\"ListItem\",\"position\":1,\"name\":\"Home\",\"item\":\"https:\/\/www.mpppst.gob.ve\/mpppstweb\/\"},{\"@type\":\"ListItem\",\"position\":2,\"name\":\"Jorge Arreaza asume la Canciller\u00eda de la Rep\u00fablica Bolivariana de Venezuela\"}]},{\"@type\":\"WebSite\",\"@id\":\"https:\/\/www.mpppst.gob.ve\/mpppstweb\/#website\",\"url\":\"https:\/\/www.mpppst.gob.ve\/mpppstweb\/\",\"name\":\"MPPPST\",\"description\":\"Ministerio del Poder Popular para el Proceso Social de Trabajo\",\"publisher\":{\"@id\":\"https:\/\/www.mpppst.gob.ve\/mpppstweb\/#organization\"},\"potentialAction\":[{\"@type\":\"SearchAction\",\"target\":{\"@type\":\"EntryPoint\",\"urlTemplate\":\"https:\/\/www.mpppst.gob.ve\/mpppstweb\/?s={search_term_string}\"},\"query-input\":\"required name=search_term_string\"}],\"inLanguage\":\"es\"},{\"@type\":\"Organization\",\"@id\":\"https:\/\/www.mpppst.gob.ve\/mpppstweb\/#organization\",\"name\":\"mpppst\",\"url\":\"https:\/\/www.mpppst.gob.ve\/mpppstweb\/\",\"logo\":{\"@type\":\"ImageObject\",\"inLanguage\":\"es\",\"@id\":\"https:\/\/www.mpppst.gob.ve\/mpppstweb\/#\/schema\/logo\/image\/\",\"url\":\"https:\/\/www.mpppst.gob.ve\/mpppstweb\/wp-content\/uploads\/2025\/07\/cropped-cropped-g910.png\",\"contentUrl\":\"https:\/\/www.mpppst.gob.ve\/mpppstweb\/wp-content\/uploads\/2025\/07\/cropped-cropped-g910.png\",\"width\":1080,\"height\":241,\"caption\":\"mpppst\"},\"image\":{\"@id\":\"https:\/\/www.mpppst.gob.ve\/mpppstweb\/#\/schema\/logo\/image\/\"}},{\"@type\":\"Person\",\"@id\":\"https:\/\/www.mpppst.gob.ve\/mpppstweb\/#\/schema\/person\/fc187ee8ead412bd4c9304b62f900ea4\",\"name\":\"MPPPST Prensa\",\"url\":\"https:\/\/www.mpppst.gob.ve\/mpppstweb\/index.php\/author\/prensa-mpppst\/\"}]}<\/script>\n<!-- \/ Yoast SEO plugin. -->","yoast_head_json":{"title":"Jorge Arreaza asume la Canciller\u00eda de la Rep\u00fablica Bolivariana de Venezuela - MPPPST","robots":{"index":"index","follow":"follow","max-snippet":"max-snippet:-1","max-image-preview":"max-image-preview:large","max-video-preview":"max-video-preview:-1"},"canonical":"https:\/\/www.mpppst.gob.ve\/mpppstweb\/index.php\/2017\/08\/03\/jorge-arreaza-asume-la-cancilleria-de-la-republica-bolivariana-de-venezuela\/","og_locale":"es_ES","og_type":"article","og_title":"Jorge Arreaza asume la Canciller\u00eda de la Rep\u00fablica Bolivariana de Venezuela - MPPPST","og_description":"Minci Durante un encuentro con los 545 constituyentes de la Asamblea Nacional Constituyente (ANC), en el &hellip; Jorge Arreaza asume la Canciller\u00eda de la Rep\u00fablica Bolivariana de VenezuelaRead more","og_url":"https:\/\/www.mpppst.gob.ve\/mpppstweb\/index.php\/2017\/08\/03\/jorge-arreaza-asume-la-cancilleria-de-la-republica-bolivariana-de-venezuela\/","og_site_name":"MPPPST","article_published_time":"2017-08-03T13:37:31+00:00","og_image":[{"width":800,"height":445,"url":"https:\/\/www.mpppst.gob.ve\/mpppstweb\/wp-content\/uploads\/2017\/08\/1501718487379.jpg","type":"image\/jpeg"}],"author":"MPPPST Prensa","twitter_card":"summary_large_image","twitter_misc":{"Escrito por":"MPPPST Prensa","Tiempo de lectura":"1 minuto"},"schema":{"@context":"https:\/\/schema.org","@graph":[{"@type":"Article","@id":"https:\/\/www.mpppst.gob.ve\/mpppstweb\/index.php\/2017\/08\/03\/jorge-arreaza-asume-la-cancilleria-de-la-republica-bolivariana-de-venezuela\/#article","isPartOf":{"@id":"https:\/\/www.mpppst.gob.ve\/mpppstweb\/index.php\/2017\/08\/03\/jorge-arreaza-asume-la-cancilleria-de-la-republica-bolivariana-de-venezuela\/"},"author":{"name":"MPPPST Prensa","@id":"https:\/\/www.mpppst.gob.ve\/mpppstweb\/#\/schema\/person\/fc187ee8ead412bd4c9304b62f900ea4"},"headline":"Jorge Arreaza asume la Canciller\u00eda de la Rep\u00fablica Bolivariana de Venezuela","datePublished":"2017-08-03T13:37:31+00:00","dateModified":"2017-08-03T13:37:31+00:00","mainEntityOfPage":{"@id":"https:\/\/www.mpppst.gob.ve\/mpppstweb\/index.php\/2017\/08\/03\/jorge-arreaza-asume-la-cancilleria-de-la-republica-bolivariana-de-venezuela\/"},"wordCount":218,"publisher":{"@id":"https:\/\/www.mpppst.gob.ve\/mpppstweb\/#organization"},"image":{"@id":"https:\/\/www.mpppst.gob.ve\/mpppstweb\/index.php\/2017\/08\/03\/jorge-arreaza-asume-la-cancilleria-de-la-republica-bolivariana-de-venezuela\/#primaryimage"},"thumbnailUrl":"https:\/\/www.mpppst.gob.ve\/mpppstweb\/wp-content\/uploads\/2017\/08\/1501718487379.jpg","articleSection":["Gobierno Nacional","Noticias"],"inLanguage":"es"},{"@type":"WebPage","@id":"https:\/\/www.mpppst.gob.ve\/mpppstweb\/index.php\/2017\/08\/03\/jorge-arreaza-asume-la-cancilleria-de-la-republica-bolivariana-de-venezuela\/","url":"https:\/\/www.mpppst.gob.ve\/mpppstweb\/index.php\/2017\/08\/03\/jorge-arreaza-asume-la-cancilleria-de-la-republica-bolivariana-de-venezuela\/","name":"Jorge Arreaza asume la Canciller\u00eda de la Rep\u00fablica Bolivariana de Venezuela - MPPPST","isPartOf":{"@id":"https:\/\/www.mpppst.gob.ve\/mpppstweb\/#website"},"primaryImageOfPage":{"@id":"https:\/\/www.mpppst.gob.ve\/mpppstweb\/index.php\/2017\/08\/03\/jorge-arreaza-asume-la-cancilleria-de-la-republica-bolivariana-de-venezuela\/#primaryimage"},"image":{"@id":"https:\/\/www.mpppst.gob.ve\/mpppstweb\/index.php\/2017\/08\/03\/jorge-arreaza-asume-la-cancilleria-de-la-republica-bolivariana-de-venezuela\/#primaryimage"},"thumbnailUrl":"https:\/\/www.mpppst.gob.ve\/mpppstweb\/wp-content\/uploads\/2017\/08\/1501718487379.jpg","datePublished":"2017-08-03T13:37:31+00:00","dateModified":"2017-08-03T13:37:31+00:00","breadcrumb":{"@id":"https:\/\/www.mpppst.gob.ve\/mpppstweb\/index.php\/2017\/08\/03\/jorge-arreaza-asume-la-cancilleria-de-la-republica-bolivariana-de-venezuela\/#breadcrumb"},"inLanguage":"es","potentialAction":[{"@type":"ReadAction","target":["https:\/\/www.mpppst.gob.ve\/mpppstweb\/index.php\/2017\/08\/03\/jorge-arreaza-asume-la-cancilleria-de-la-republica-bolivariana-de-venezuela\/"]}]},{"@type":"ImageObject","inLanguage":"es","@id":"https:\/\/www.mpppst.gob.ve\/mpppstweb\/index.php\/2017\/08\/03\/jorge-arreaza-asume-la-cancilleria-de-la-republica-bolivariana-de-venezuela\/#primaryimage","url":"https:\/\/www.mpppst.gob.ve\/mpppstweb\/wp-content\/uploads\/2017\/08\/1501718487379.jpg","contentUrl":"https:\/\/www.mpppst.gob.ve\/mpppstweb\/wp-content\/uploads\/2017\/08\/1501718487379.jpg","width":800,"height":445},{"@type":"BreadcrumbList","@id":"https:\/\/www.mpppst.gob.ve\/mpppstweb\/index.php\/2017\/08\/03\/jorge-arreaza-asume-la-cancilleria-de-la-republica-bolivariana-de-venezuela\/#breadcrumb","itemListElement":[{"@type":"ListItem","position":1,"name":"Home","item":"https:\/\/www.mpppst.gob.ve\/mpppstweb\/"},{"@type":"ListItem","position":2,"name":"Jorge Arreaza asume la Canciller\u00eda de la Rep\u00fablica Bolivariana de Venezuela"}]},{"@type":"WebSite","@id":"https:\/\/www.mpppst.gob.ve\/mpppstweb\/#website","url":"https:\/\/www.mpppst.gob.ve\/mpppstweb\/","name":"MPPPST","description":"Ministerio del Poder Popular para el Proceso Social de Trabajo","publisher":{"@id":"https:\/\/www.mpppst.gob.ve\/mpppstweb\/#organization"},"potentialAction":[{"@type":"SearchAction","target":{"@type":"EntryPoint","urlTemplate":"https:\/\/www.mpppst.gob.ve\/mpppstweb\/?s={search_term_string}"},"query-input":"required name=search_term_string"}],"inLanguage":"es"},{"@type":"Organization","@id":"https:\/\/www.mpppst.gob.ve\/mpppstweb\/#organization","name":"mpppst","url":"https:\/\/www.mpppst.gob.ve\/mpppstweb\/","logo":{"@type":"ImageObject","inLanguage":"es","@id":"https:\/\/www.mpppst.gob.ve\/mpppstweb\/#\/schema\/logo\/image\/","url":"https:\/\/www.mpppst.gob.ve\/mpppstweb\/wp-content\/uploads\/2025\/07\/cropped-cropped-g910.png","contentUrl":"https:\/\/www.mpppst.gob.ve\/mpppstweb\/wp-content\/uploads\/2025\/07\/cropped-cropped-g910.png","width":1080,"height":241,"caption":"mpppst"},"image":{"@id":"https:\/\/www.mpppst.gob.ve\/mpppstweb\/#\/schema\/logo\/image\/"}},{"@type":"Person","@id":"https:\/\/www.mpppst.gob.ve\/mpppstweb\/#\/schema\/person\/fc187ee8ead412bd4c9304b62f900ea4","name":"MPPPST Prensa","url":"https:\/\/www.mpppst.gob.ve\/mpppstweb\/index.php\/author\/prensa-mpppst\/"}]}},"_links":{"self":[{"href":"https:\/\/www.mpppst.gob.ve\/mpppstweb\/index.php\/wp-json\/wp\/v2\/posts\/12390"}],"collection":[{"href":"https:\/\/www.mpppst.gob.ve\/mpppstweb\/index.php\/wp-json\/wp\/v2\/posts"}],"about":[{"href":"https:\/\/www.mpppst.gob.ve\/mpppstweb\/index.php\/wp-json\/wp\/v2\/types\/post"}],"author":[{"embeddable":true,"href":"https:\/\/www.mpppst.gob.ve\/mpppstweb\/index.php\/wp-json\/wp\/v2\/users\/25"}],"replies":[{"embeddable":true,"href":"https:\/\/www.mpppst.gob.ve\/mpppstweb\/index.php\/wp-json\/wp\/v2\/comments?post=12390"}],"version-history":[{"count":1,"href":"https:\/\/www.mpppst.gob.ve\/mpppstweb\/index.php\/wp-json\/wp\/v2\/posts\/12390\/revisions"}],"predecessor-version":[{"id":12392,"href":"https:\/\/www.mpppst.gob.ve\/mpppstweb\/index.php\/wp-json\/wp\/v2\/posts\/12390\/revisions\/12392"}],"wp:featuredmedia":[{"embeddable":true,"href":"https:\/\/www.mpppst.gob.ve\/mpppstweb\/index.php\/wp-json\/wp\/v2\/media\/12391"}],"wp:attachment":[{"href":"https:\/\/www.mpppst.gob.ve\/mpppstweb\/index.php\/wp-json\/wp\/v2\/media?parent=12390"}],"wp:term":[{"taxonomy":"category","embeddable":true,"href":"https:\/\/www.mpppst.gob.ve\/mpppstweb\/index.php\/wp-json\/wp\/v2\/categories?post=12390"},{"taxonomy":"post_tag","embeddable":true,"href":"https:\/\/www.mpppst.gob.ve\/mpppstweb\/index.php\/wp-json\/wp\/v2\/tags?post=12390"}],"curies":[{"name":"wp","href":"https:\/\/api.w.org\/{rel}","templated":true}]}}