{"id":12400,"date":"2017-08-04T09:26:36","date_gmt":"2017-08-04T13:26:36","guid":{"rendered":"http:\/\/www.mpppst.gob.ve\/mpppstweb\/?p=12400"},"modified":"2017-08-04T09:29:30","modified_gmt":"2017-08-04T13:29:30","slug":"presidente-maduro-hay-que-consolidar-la-paz-con-justicia-social","status":"publish","type":"post","link":"https:\/\/www.mpppst.gob.ve\/mpppstweb\/index.php\/2017\/08\/04\/presidente-maduro-hay-que-consolidar-la-paz-con-justicia-social\/","title":{"rendered":"Presidente Maduro: Hay que consolidar la paz con justicia social"},"content":{"rendered":"<p>AVN.- La consolidaci\u00f3n de la paz y la convivencia en el pa\u00eds, a trav\u00e9s de la Asamblea Nacional Constituyente (ANC), que ser\u00e1 instalada este viernes; permitir\u00e1 superar la coyuntura econ\u00f3mica y pol\u00edtica que existen en la naci\u00f3n, producto de la guerra no convencional emprendida por sectores de la oposici\u00f3n venezolana.<\/p>\n<p>\u00ab\u00bfPara que necesitamos la paz, que se consolide? \u00bfLa convivencia, que se consolide? Para que Venezuela supere sus problemas. Para que nuestra patria, entre todos, empezando por el Gobierno Bolivariano, atender al pueblo\u00bb, expres\u00f3 el jefe de Estado desde el Palacio de Miraflores, en Caracas.<\/p>\n<p>Durante una jornada de Jueves de Viviendas, transmitida por VTV, el Mandatario Nacional recalc\u00f3 la necesidad de seguir perfeccionando el sistema del Carnet de la Patria, que hasta los momentos se encuentran inscritos casi 16 millones de venezolanos.<\/p>\n<p>Con este sistema de monitoreo, detall\u00f3 el presidente Maduro, se pudieron conocer los temas fundamentales para atender las necesidades del pueblo venezolano, como la inversi\u00f3n en los proyectos socioproductivos de las comunidades, el empleo y la seguridad alimentaria.<\/p>\n<p>En la jornada, felicit\u00f3 al pueblo venezolano que particip\u00f3 en el proceso electoral de 30 de julio, en el que se eligieron los candidatos de la ANC. Un total de 8.089.320 venezolanos participaron en este proceso de electoral.<\/p>\n<p>\u00abLa victoria del domingo 30 de julio, que trajo la paz con la constituyente, la paz lleg\u00f3 con la constituyente\u00bb, dijo y conden\u00f3 la violencia que generaron sectores extremistas opositores desde el mes de abril, al financiar grupos de choques que causaron decenas de muertes y cientos de heridos en algunos puntos de Venezuela.<\/p>\n<p>Asimismo, el Presidente lament\u00f3 que estos sectores de oposici\u00f3n forjen alianza con ejes imperiales dirigidos desde Estados Unidos, con el fin de recrudecer la agenda golpista a trav\u00e9s de la violencia en redes digitales y medios privados.<\/p>\n<p>Por esto es necesario \u00abconsolidar la paz con justicia social, inclusi\u00f3n, convivencia entre los venezolanos, con respeto\u00bb, dijo.<\/p>\n<p><strong>Justicia social: premisa de la Revoluci\u00f3n Bolivariana<\/strong><\/p>\n<p>Una de las tareas que ha signado a la Revoluci\u00f3n Bolivariana es la justicia social, y para ello el Gobierno Bolivariano ha ideado acciones y planes de atenci\u00f3n para saldar la deuda heredada de la IV Rep\u00fablica, acciones que lograron reducir la pobreza general \u2013de 28% en 1999 a 18% en 2016\u2013 y pobreza extrema \u2013de 10 % en 1999 a 4,4% en 2016.<\/p>\n<p>Como parte de esas acciones el presidente Maduro anunci\u00f3 este jueves que de los\u00a0594.000 j\u00f3venes registrados en el plan Chamba Juvenil, m\u00e1s de 300.000 se encuentran en proceso de formaci\u00f3n y son incorporados de forma progresiva a trabajar en diversas empresas, p\u00fablicas y privadas, del pa\u00eds.<\/p>\n<p>Indic\u00f3 que fueron aprobadas las nuevas fases del Plan Chamba Juvenil: ind\u00edgena, minero y en la frontera, para expandir esta iniciativa que busca integrar a los j\u00f3venes venezolanos en la din\u00e1mica productiva del pa\u00eds.<\/p>\n<p>Adem\u00e1s, el jefe de Estado propuso la creaci\u00f3n del Plan Chamba Juvenil Agr\u00edcola Productivo en los campos venezolanos. \u00abSer\u00eda bueno invitar al menos a 300.000 j\u00f3venes, con todas las condiciones de vivienda, estabilidad para sus familias, de educaci\u00f3n, todo garantizado, para que vayan a producir en los campos. Que produzcan la leche, la carne, los alimentos que necesita el pa\u00eds\u00bb, expres\u00f3, en transmisi\u00f3n de VTV.<\/p>\n<p>El ministro para la Juventud y Deporte, Pedro Infante, indic\u00f3 que de estos 300.000 j\u00f3venes plenamente incorporados al plan nacional, \u00ab1.200 est\u00e1n siendo incorporados a la banca p\u00fablica, 10.000 a Pdvsa (Petr\u00f3leos de Venezuela), 1.100 en Cantv, otros 475 en Movilnet, 20.000 recreadores y recreadoras del Plan Vacacional Nacional, 15.000 promotores deportivos, 15.000 promotores culturales, y 102.000 j\u00f3venes incorporados en otras empresas del Estado\u00bb, detall\u00f3.<\/p>\n<p><strong>M\u00e1s de 1.700.000 viviendas<\/strong><\/p>\n<p>Desde la creaci\u00f3n de la Gran Misi\u00f3n Vivienda Venezuela (GMVV), en 2011, se han construido un mill\u00f3n 701 mil 174 casas dignas en todo el territorio nacional, que han adjudicado a igual n\u00famero de familias.<\/p>\n<p>La informaci\u00f3n la dio a conocer, mediante un pase televisivo, el ministro para la Vivienda, Manuel Quevedo, desde el estado Yaracuy, donde se entregaron 100 nuevas viviendas, de las que 23 se inauguraron en el Desarrollo Habitacional Santa Eduviges II.<\/p>\n<p>El gobernador de dicha entidad, Julio Le\u00f3n Heredia, indic\u00f3 que en este estado, con esta nueva entrega, ya se han construido y adjudicado 47 mil 616 viviendas.<\/p>\n<p>Para 2019 tiene como meta edificar 3 millones de hogares dignos para atender a igual n\u00famero de familias.<\/p>\n<p>Al respecto, Quevedo indic\u00f3 que la protecci\u00f3n de esta misi\u00f3n es posible con la Asamblea Nacional Constituyente, que ser\u00e1 instalada este viernes para blindar las conquistas y logros sociales, entre otras tareas.<\/p>\n<p><strong>Nueva Bases de Misiones<\/strong><\/p>\n<p>Este jueves se inaugur\u00f3 una nueva Bases de Misiones Pinto Salinas en el corredor Boyaca del sector Sim\u00f3n Rodr\u00edez, ubicado en la parroquia El Recreo de Caracas, inform\u00f3, mediante un pase, el presidente del Movimiento por la Paz y la Vida, Alexander Vargas.<\/p>\n<p>Esta base de misiones, que posee espacios para el desarrollo deportivo, estar\u00e1 enfocada a integrar a la juventud hacia actividades educativas, recreativas, culturales y deportivas, se\u00f1al\u00f3 Vargas durante el acto de inauguraci\u00f3n.<\/p>\n<p>Para esta tarea de integraci\u00f3n se instalar\u00e1n nuevas bases de misiones con el apoyo de 1.200 brigadistas del Movimiento por la Paz y la Vida, coment\u00f3 el tambi\u00e9n Vicepresidente por la Paz y la Vida.<\/p>\n<p>Las bases de misiones se instalan en las zonas populares m\u00e1s vulnerables del pa\u00eds. Tienen como objetivo afianzar los servicios de atenci\u00f3n p\u00fablica, en funci\u00f3n de la necesidad de cada comunidad.<\/p>\n<p>A trav\u00e9s del Movimiento Por la Paz y la Vida alrededor de 100 mil j\u00f3venes han manifestado su voluntad para incorporarse al Plan Chamba Juvenil y as\u00ed contribuir con el desarrollo de la naci\u00f3n, coment\u00f3 Vargas.<\/p>\n<p>Por su parte, el presidente Maduro expres\u00f3: \u00abUn mundo completo tiene Venezuela y ahora con la Constituyente vamos con m\u00e1s claridad. Se le ha abri\u00f3 la compuertas del futuro a estos ni\u00f1os por los cuales damos la vida\u00bb.<\/p>\n","protected":false},"excerpt":{"rendered":"<p>AVN.- La consolidaci\u00f3n de la paz y la convivencia en el pa\u00eds, a trav\u00e9s de la &hellip; <a title=\"Presidente Maduro: Hay que consolidar la paz con justicia social\" class=\"hm-read-more\" href=\"https:\/\/www.mpppst.gob.ve\/mpppstweb\/index.php\/2017\/08\/04\/presidente-maduro-hay-que-consolidar-la-paz-con-justicia-social\/\"><span class=\"screen-reader-text\">Presidente Maduro: Hay que consolidar la paz con justicia social<\/span>Read more<\/a><\/p>\n","protected":false},"author":25,"featured_media":12401,"comment_status":"closed","ping_status":"closed","sticky":false,"template":"","format":"standard","meta":{"footnotes":""},"categories":[82,163],"tags":[],"yoast_head":"<!-- This site is optimized with the Yoast SEO plugin v22.5 - https:\/\/yoast.com\/wordpress\/plugins\/seo\/ -->\n<title>Presidente Maduro: Hay que consolidar la paz con justicia social - MPPPST<\/title>\n<meta name=\"robots\" content=\"index, follow, max-snippet:-1, max-image-preview:large, max-video-preview:-1\" \/>\n<link rel=\"canonical\" href=\"https:\/\/www.mpppst.gob.ve\/mpppstweb\/index.php\/2017\/08\/04\/presidente-maduro-hay-que-consolidar-la-paz-con-justicia-social\/\" \/>\n<meta property=\"og:locale\" content=\"es_ES\" \/>\n<meta property=\"og:type\" content=\"article\" \/>\n<meta property=\"og:title\" content=\"Presidente Maduro: Hay que consolidar la paz con justicia social - MPPPST\" \/>\n<meta property=\"og:description\" content=\"AVN.- La consolidaci\u00f3n de la paz y la convivencia en el pa\u00eds, a trav\u00e9s de la &hellip; Presidente Maduro: Hay que consolidar la paz con justicia socialRead more\" \/>\n<meta property=\"og:url\" content=\"https:\/\/www.mpppst.gob.ve\/mpppstweb\/index.php\/2017\/08\/04\/presidente-maduro-hay-que-consolidar-la-paz-con-justicia-social\/\" \/>\n<meta property=\"og:site_name\" content=\"MPPPST\" \/>\n<meta property=\"article:published_time\" content=\"2017-08-04T13:26:36+00:00\" \/>\n<meta property=\"article:modified_time\" content=\"2017-08-04T13:29:30+00:00\" \/>\n<meta property=\"og:image\" content=\"https:\/\/www.mpppst.gob.ve\/mpppstweb\/wp-content\/uploads\/2017\/08\/010_jz1331_1501798915.jpg\" \/>\n\t<meta property=\"og:image:width\" content=\"800\" \/>\n\t<meta property=\"og:image:height\" content=\"445\" \/>\n\t<meta property=\"og:image:type\" content=\"image\/jpeg\" \/>\n<meta name=\"author\" content=\"MPPPST Prensa\" \/>\n<meta name=\"twitter:card\" content=\"summary_large_image\" \/>\n<meta name=\"twitter:label1\" content=\"Escrito por\" \/>\n\t<meta name=\"twitter:data1\" content=\"MPPPST Prensa\" \/>\n\t<meta name=\"twitter:label2\" content=\"Tiempo de lectura\" \/>\n\t<meta name=\"twitter:data2\" content=\"5 minutos\" \/>\n<script type=\"application\/ld+json\" class=\"yoast-schema-graph\">{\"@context\":\"https:\/\/schema.org\",\"@graph\":[{\"@type\":\"Article\",\"@id\":\"https:\/\/www.mpppst.gob.ve\/mpppstweb\/index.php\/2017\/08\/04\/presidente-maduro-hay-que-consolidar-la-paz-con-justicia-social\/#article\",\"isPartOf\":{\"@id\":\"https:\/\/www.mpppst.gob.ve\/mpppstweb\/index.php\/2017\/08\/04\/presidente-maduro-hay-que-consolidar-la-paz-con-justicia-social\/\"},\"author\":{\"name\":\"MPPPST Prensa\",\"@id\":\"https:\/\/www.mpppst.gob.ve\/mpppstweb\/#\/schema\/person\/fc187ee8ead412bd4c9304b62f900ea4\"},\"headline\":\"Presidente Maduro: Hay que consolidar la paz con justicia social\",\"datePublished\":\"2017-08-04T13:26:36+00:00\",\"dateModified\":\"2017-08-04T13:29:30+00:00\",\"mainEntityOfPage\":{\"@id\":\"https:\/\/www.mpppst.gob.ve\/mpppstweb\/index.php\/2017\/08\/04\/presidente-maduro-hay-que-consolidar-la-paz-con-justicia-social\/\"},\"wordCount\":1013,\"publisher\":{\"@id\":\"https:\/\/www.mpppst.gob.ve\/mpppstweb\/#organization\"},\"image\":{\"@id\":\"https:\/\/www.mpppst.gob.ve\/mpppstweb\/index.php\/2017\/08\/04\/presidente-maduro-hay-que-consolidar-la-paz-con-justicia-social\/#primaryimage\"},\"thumbnailUrl\":\"https:\/\/www.mpppst.gob.ve\/mpppstweb\/wp-content\/uploads\/2017\/08\/010_jz1331_1501798915.jpg\",\"articleSection\":[\"Gobierno Nacional\",\"Noticias\"],\"inLanguage\":\"es\"},{\"@type\":\"WebPage\",\"@id\":\"https:\/\/www.mpppst.gob.ve\/mpppstweb\/index.php\/2017\/08\/04\/presidente-maduro-hay-que-consolidar-la-paz-con-justicia-social\/\",\"url\":\"https:\/\/www.mpppst.gob.ve\/mpppstweb\/index.php\/2017\/08\/04\/presidente-maduro-hay-que-consolidar-la-paz-con-justicia-social\/\",\"name\":\"Presidente Maduro: Hay que consolidar la paz con justicia social - MPPPST\",\"isPartOf\":{\"@id\":\"https:\/\/www.mpppst.gob.ve\/mpppstweb\/#website\"},\"primaryImageOfPage\":{\"@id\":\"https:\/\/www.mpppst.gob.ve\/mpppstweb\/index.php\/2017\/08\/04\/presidente-maduro-hay-que-consolidar-la-paz-con-justicia-social\/#primaryimage\"},\"image\":{\"@id\":\"https:\/\/www.mpppst.gob.ve\/mpppstweb\/index.php\/2017\/08\/04\/presidente-maduro-hay-que-consolidar-la-paz-con-justicia-social\/#primaryimage\"},\"thumbnailUrl\":\"https:\/\/www.mpppst.gob.ve\/mpppstweb\/wp-content\/uploads\/2017\/08\/010_jz1331_1501798915.jpg\",\"datePublished\":\"2017-08-04T13:26:36+00:00\",\"dateModified\":\"2017-08-04T13:29:30+00:00\",\"breadcrumb\":{\"@id\":\"https:\/\/www.mpppst.gob.ve\/mpppstweb\/index.php\/2017\/08\/04\/presidente-maduro-hay-que-consolidar-la-paz-con-justicia-social\/#breadcrumb\"},\"inLanguage\":\"es\",\"potentialAction\":[{\"@type\":\"ReadAction\",\"target\":[\"https:\/\/www.mpppst.gob.ve\/mpppstweb\/index.php\/2017\/08\/04\/presidente-maduro-hay-que-consolidar-la-paz-con-justicia-social\/\"]}]},{\"@type\":\"ImageObject\",\"inLanguage\":\"es\",\"@id\":\"https:\/\/www.mpppst.gob.ve\/mpppstweb\/index.php\/2017\/08\/04\/presidente-maduro-hay-que-consolidar-la-paz-con-justicia-social\/#primaryimage\",\"url\":\"https:\/\/www.mpppst.gob.ve\/mpppstweb\/wp-content\/uploads\/2017\/08\/010_jz1331_1501798915.jpg\",\"contentUrl\":\"https:\/\/www.mpppst.gob.ve\/mpppstweb\/wp-content\/uploads\/2017\/08\/010_jz1331_1501798915.jpg\",\"width\":800,\"height\":445},{\"@type\":\"BreadcrumbList\",\"@id\":\"https:\/\/www.mpppst.gob.ve\/mpppstweb\/index.php\/2017\/08\/04\/presidente-maduro-hay-que-consolidar-la-paz-con-justicia-social\/#breadcrumb\",\"itemListElement\":[{\"@type\":\"ListItem\",\"position\":1,\"name\":\"Home\",\"item\":\"https:\/\/www.mpppst.gob.ve\/mpppstweb\/\"},{\"@type\":\"ListItem\",\"position\":2,\"name\":\"Presidente Maduro: Hay que consolidar la paz con justicia social\"}]},{\"@type\":\"WebSite\",\"@id\":\"https:\/\/www.mpppst.gob.ve\/mpppstweb\/#website\",\"url\":\"https:\/\/www.mpppst.gob.ve\/mpppstweb\/\",\"name\":\"MPPPST\",\"description\":\"Ministerio del Poder Popular para el Proceso Social de Trabajo\",\"publisher\":{\"@id\":\"https:\/\/www.mpppst.gob.ve\/mpppstweb\/#organization\"},\"potentialAction\":[{\"@type\":\"SearchAction\",\"target\":{\"@type\":\"EntryPoint\",\"urlTemplate\":\"https:\/\/www.mpppst.gob.ve\/mpppstweb\/?s={search_term_string}\"},\"query-input\":\"required name=search_term_string\"}],\"inLanguage\":\"es\"},{\"@type\":\"Organization\",\"@id\":\"https:\/\/www.mpppst.gob.ve\/mpppstweb\/#organization\",\"name\":\"mpppst\",\"url\":\"https:\/\/www.mpppst.gob.ve\/mpppstweb\/\",\"logo\":{\"@type\":\"ImageObject\",\"inLanguage\":\"es\",\"@id\":\"https:\/\/www.mpppst.gob.ve\/mpppstweb\/#\/schema\/logo\/image\/\",\"url\":\"https:\/\/www.mpppst.gob.ve\/mpppstweb\/wp-content\/uploads\/2025\/07\/cropped-cropped-g910.png\",\"contentUrl\":\"https:\/\/www.mpppst.gob.ve\/mpppstweb\/wp-content\/uploads\/2025\/07\/cropped-cropped-g910.png\",\"width\":1080,\"height\":241,\"caption\":\"mpppst\"},\"image\":{\"@id\":\"https:\/\/www.mpppst.gob.ve\/mpppstweb\/#\/schema\/logo\/image\/\"}},{\"@type\":\"Person\",\"@id\":\"https:\/\/www.mpppst.gob.ve\/mpppstweb\/#\/schema\/person\/fc187ee8ead412bd4c9304b62f900ea4\",\"name\":\"MPPPST Prensa\",\"url\":\"https:\/\/www.mpppst.gob.ve\/mpppstweb\/index.php\/author\/prensa-mpppst\/\"}]}<\/script>\n<!-- \/ Yoast SEO plugin. -->","yoast_head_json":{"title":"Presidente Maduro: Hay que consolidar la paz con justicia social - MPPPST","robots":{"index":"index","follow":"follow","max-snippet":"max-snippet:-1","max-image-preview":"max-image-preview:large","max-video-preview":"max-video-preview:-1"},"canonical":"https:\/\/www.mpppst.gob.ve\/mpppstweb\/index.php\/2017\/08\/04\/presidente-maduro-hay-que-consolidar-la-paz-con-justicia-social\/","og_locale":"es_ES","og_type":"article","og_title":"Presidente Maduro: Hay que consolidar la paz con justicia social - MPPPST","og_description":"AVN.- La consolidaci\u00f3n de la paz y la convivencia en el pa\u00eds, a trav\u00e9s de la &hellip; Presidente Maduro: Hay que consolidar la paz con justicia socialRead more","og_url":"https:\/\/www.mpppst.gob.ve\/mpppstweb\/index.php\/2017\/08\/04\/presidente-maduro-hay-que-consolidar-la-paz-con-justicia-social\/","og_site_name":"MPPPST","article_published_time":"2017-08-04T13:26:36+00:00","article_modified_time":"2017-08-04T13:29:30+00:00","og_image":[{"width":800,"height":445,"url":"https:\/\/www.mpppst.gob.ve\/mpppstweb\/wp-content\/uploads\/2017\/08\/010_jz1331_1501798915.jpg","type":"image\/jpeg"}],"author":"MPPPST Prensa","twitter_card":"summary_large_image","twitter_misc":{"Escrito por":"MPPPST Prensa","Tiempo de lectura":"5 minutos"},"schema":{"@context":"https:\/\/schema.org","@graph":[{"@type":"Article","@id":"https:\/\/www.mpppst.gob.ve\/mpppstweb\/index.php\/2017\/08\/04\/presidente-maduro-hay-que-consolidar-la-paz-con-justicia-social\/#article","isPartOf":{"@id":"https:\/\/www.mpppst.gob.ve\/mpppstweb\/index.php\/2017\/08\/04\/presidente-maduro-hay-que-consolidar-la-paz-con-justicia-social\/"},"author":{"name":"MPPPST Prensa","@id":"https:\/\/www.mpppst.gob.ve\/mpppstweb\/#\/schema\/person\/fc187ee8ead412bd4c9304b62f900ea4"},"headline":"Presidente Maduro: Hay que consolidar la paz con justicia social","datePublished":"2017-08-04T13:26:36+00:00","dateModified":"2017-08-04T13:29:30+00:00","mainEntityOfPage":{"@id":"https:\/\/www.mpppst.gob.ve\/mpppstweb\/index.php\/2017\/08\/04\/presidente-maduro-hay-que-consolidar-la-paz-con-justicia-social\/"},"wordCount":1013,"publisher":{"@id":"https:\/\/www.mpppst.gob.ve\/mpppstweb\/#organization"},"image":{"@id":"https:\/\/www.mpppst.gob.ve\/mpppstweb\/index.php\/2017\/08\/04\/presidente-maduro-hay-que-consolidar-la-paz-con-justicia-social\/#primaryimage"},"thumbnailUrl":"https:\/\/www.mpppst.gob.ve\/mpppstweb\/wp-content\/uploads\/2017\/08\/010_jz1331_1501798915.jpg","articleSection":["Gobierno Nacional","Noticias"],"inLanguage":"es"},{"@type":"WebPage","@id":"https:\/\/www.mpppst.gob.ve\/mpppstweb\/index.php\/2017\/08\/04\/presidente-maduro-hay-que-consolidar-la-paz-con-justicia-social\/","url":"https:\/\/www.mpppst.gob.ve\/mpppstweb\/index.php\/2017\/08\/04\/presidente-maduro-hay-que-consolidar-la-paz-con-justicia-social\/","name":"Presidente Maduro: Hay que consolidar la paz con justicia social - MPPPST","isPartOf":{"@id":"https:\/\/www.mpppst.gob.ve\/mpppstweb\/#website"},"primaryImageOfPage":{"@id":"https:\/\/www.mpppst.gob.ve\/mpppstweb\/index.php\/2017\/08\/04\/presidente-maduro-hay-que-consolidar-la-paz-con-justicia-social\/#primaryimage"},"image":{"@id":"https:\/\/www.mpppst.gob.ve\/mpppstweb\/index.php\/2017\/08\/04\/presidente-maduro-hay-que-consolidar-la-paz-con-justicia-social\/#primaryimage"},"thumbnailUrl":"https:\/\/www.mpppst.gob.ve\/mpppstweb\/wp-content\/uploads\/2017\/08\/010_jz1331_1501798915.jpg","datePublished":"2017-08-04T13:26:36+00:00","dateModified":"2017-08-04T13:29:30+00:00","breadcrumb":{"@id":"https:\/\/www.mpppst.gob.ve\/mpppstweb\/index.php\/2017\/08\/04\/presidente-maduro-hay-que-consolidar-la-paz-con-justicia-social\/#breadcrumb"},"inLanguage":"es","potentialAction":[{"@type":"ReadAction","target":["https:\/\/www.mpppst.gob.ve\/mpppstweb\/index.php\/2017\/08\/04\/presidente-maduro-hay-que-consolidar-la-paz-con-justicia-social\/"]}]},{"@type":"ImageObject","inLanguage":"es","@id":"https:\/\/www.mpppst.gob.ve\/mpppstweb\/index.php\/2017\/08\/04\/presidente-maduro-hay-que-consolidar-la-paz-con-justicia-social\/#primaryimage","url":"https:\/\/www.mpppst.gob.ve\/mpppstweb\/wp-content\/uploads\/2017\/08\/010_jz1331_1501798915.jpg","contentUrl":"https:\/\/www.mpppst.gob.ve\/mpppstweb\/wp-content\/uploads\/2017\/08\/010_jz1331_1501798915.jpg","width":800,"height":445},{"@type":"BreadcrumbList","@id":"https:\/\/www.mpppst.gob.ve\/mpppstweb\/index.php\/2017\/08\/04\/presidente-maduro-hay-que-consolidar-la-paz-con-justicia-social\/#breadcrumb","itemListElement":[{"@type":"ListItem","position":1,"name":"Home","item":"https:\/\/www.mpppst.gob.ve\/mpppstweb\/"},{"@type":"ListItem","position":2,"name":"Presidente Maduro: Hay que consolidar la paz con justicia social"}]},{"@type":"WebSite","@id":"https:\/\/www.mpppst.gob.ve\/mpppstweb\/#website","url":"https:\/\/www.mpppst.gob.ve\/mpppstweb\/","name":"MPPPST","description":"Ministerio del Poder Popular para el Proceso Social de Trabajo","publisher":{"@id":"https:\/\/www.mpppst.gob.ve\/mpppstweb\/#organization"},"potentialAction":[{"@type":"SearchAction","target":{"@type":"EntryPoint","urlTemplate":"https:\/\/www.mpppst.gob.ve\/mpppstweb\/?s={search_term_string}"},"query-input":"required name=search_term_string"}],"inLanguage":"es"},{"@type":"Organization","@id":"https:\/\/www.mpppst.gob.ve\/mpppstweb\/#organization","name":"mpppst","url":"https:\/\/www.mpppst.gob.ve\/mpppstweb\/","logo":{"@type":"ImageObject","inLanguage":"es","@id":"https:\/\/www.mpppst.gob.ve\/mpppstweb\/#\/schema\/logo\/image\/","url":"https:\/\/www.mpppst.gob.ve\/mpppstweb\/wp-content\/uploads\/2025\/07\/cropped-cropped-g910.png","contentUrl":"https:\/\/www.mpppst.gob.ve\/mpppstweb\/wp-content\/uploads\/2025\/07\/cropped-cropped-g910.png","width":1080,"height":241,"caption":"mpppst"},"image":{"@id":"https:\/\/www.mpppst.gob.ve\/mpppstweb\/#\/schema\/logo\/image\/"}},{"@type":"Person","@id":"https:\/\/www.mpppst.gob.ve\/mpppstweb\/#\/schema\/person\/fc187ee8ead412bd4c9304b62f900ea4","name":"MPPPST Prensa","url":"https:\/\/www.mpppst.gob.ve\/mpppstweb\/index.php\/author\/prensa-mpppst\/"}]}},"_links":{"self":[{"href":"https:\/\/www.mpppst.gob.ve\/mpppstweb\/index.php\/wp-json\/wp\/v2\/posts\/12400"}],"collection":[{"href":"https:\/\/www.mpppst.gob.ve\/mpppstweb\/index.php\/wp-json\/wp\/v2\/posts"}],"about":[{"href":"https:\/\/www.mpppst.gob.ve\/mpppstweb\/index.php\/wp-json\/wp\/v2\/types\/post"}],"author":[{"embeddable":true,"href":"https:\/\/www.mpppst.gob.ve\/mpppstweb\/index.php\/wp-json\/wp\/v2\/users\/25"}],"replies":[{"embeddable":true,"href":"https:\/\/www.mpppst.gob.ve\/mpppstweb\/index.php\/wp-json\/wp\/v2\/comments?post=12400"}],"version-history":[{"count":1,"href":"https:\/\/www.mpppst.gob.ve\/mpppstweb\/index.php\/wp-json\/wp\/v2\/posts\/12400\/revisions"}],"predecessor-version":[{"id":12402,"href":"https:\/\/www.mpppst.gob.ve\/mpppstweb\/index.php\/wp-json\/wp\/v2\/posts\/12400\/revisions\/12402"}],"wp:featuredmedia":[{"embeddable":true,"href":"https:\/\/www.mpppst.gob.ve\/mpppstweb\/index.php\/wp-json\/wp\/v2\/media\/12401"}],"wp:attachment":[{"href":"https:\/\/www.mpppst.gob.ve\/mpppstweb\/index.php\/wp-json\/wp\/v2\/media?parent=12400"}],"wp:term":[{"taxonomy":"category","embeddable":true,"href":"https:\/\/www.mpppst.gob.ve\/mpppstweb\/index.php\/wp-json\/wp\/v2\/categories?post=12400"},{"taxonomy":"post_tag","embeddable":true,"href":"https:\/\/www.mpppst.gob.ve\/mpppstweb\/index.php\/wp-json\/wp\/v2\/tags?post=12400"}],"curies":[{"name":"wp","href":"https:\/\/api.w.org\/{rel}","templated":true}]}}