{"id":12403,"date":"2017-08-04T09:29:40","date_gmt":"2017-08-04T13:29:40","guid":{"rendered":"http:\/\/www.mpppst.gob.ve\/mpppstweb\/?p=12403"},"modified":"2017-08-04T09:29:40","modified_gmt":"2017-08-04T13:29:40","slug":"plan-chamba-juvenil-ha-incorporado-a-594-mil-jovenes","status":"publish","type":"post","link":"https:\/\/www.mpppst.gob.ve\/mpppstweb\/index.php\/2017\/08\/04\/plan-chamba-juvenil-ha-incorporado-a-594-mil-jovenes\/","title":{"rendered":"Plan Chamba Juvenil ha incorporado a 594 mil j\u00f3venes"},"content":{"rendered":"<p>Minci<\/p>\n<p>Este jueves, el presidente Nicol\u00e1s Maduro, constat\u00f3 la incorporaci\u00f3n de m\u00e1s de 300 j\u00f3venes al Plan Chamba Juvenil.<br \/>\nA trav\u00e9s de un pase desde el Palacio de Miraflores a Parque Central, se conocieron los avances del programa socialista.<\/p>\n<p>El Mandatario nacional resalt\u00f3 que a la fecha se encuentran incorporados al Plan 594 mil j\u00f3venes, a lo que el ministro de Deporte y Juventud, Pedro Infante, dio un balance y precis\u00f3 que \u201cse acerca la meta de 600 mil j\u00f3venes sumados a este programa socialista\u201d, orientados a la meta de 700 mil.<\/p>\n<p>Anunci\u00f3 que \u201cel 14 de agosto 100 mil j\u00f3venes inician en nueva etapa de formaci\u00f3n para completar el 15 de agosto los primeros 300 mil del Plan Chamba Juvenil, de los cuales 33 mil incorporados a los aprendices Inces y 27 mil en proceso de formaci\u00f3n\u201d.<\/p>\n","protected":false},"excerpt":{"rendered":"<p>Minci Este jueves, el presidente Nicol\u00e1s Maduro, constat\u00f3 la incorporaci\u00f3n de m\u00e1s de 300 j\u00f3venes al &hellip; <a title=\"Plan Chamba Juvenil ha incorporado a 594 mil j\u00f3venes\" class=\"hm-read-more\" href=\"https:\/\/www.mpppst.gob.ve\/mpppstweb\/index.php\/2017\/08\/04\/plan-chamba-juvenil-ha-incorporado-a-594-mil-jovenes\/\"><span class=\"screen-reader-text\">Plan Chamba Juvenil ha incorporado a 594 mil j\u00f3venes<\/span>Read more<\/a><\/p>\n","protected":false},"author":25,"featured_media":12404,"comment_status":"closed","ping_status":"closed","sticky":false,"template":"","format":"standard","meta":{"footnotes":""},"categories":[82,163],"tags":[],"yoast_head":"<!-- This site is optimized with the Yoast SEO plugin v22.5 - https:\/\/yoast.com\/wordpress\/plugins\/seo\/ -->\n<title>Plan Chamba Juvenil ha incorporado a 594 mil j\u00f3venes - MPPPST<\/title>\n<meta name=\"robots\" content=\"index, follow, max-snippet:-1, max-image-preview:large, max-video-preview:-1\" \/>\n<link rel=\"canonical\" href=\"https:\/\/www.mpppst.gob.ve\/mpppstweb\/index.php\/2017\/08\/04\/plan-chamba-juvenil-ha-incorporado-a-594-mil-jovenes\/\" \/>\n<meta property=\"og:locale\" content=\"es_ES\" \/>\n<meta property=\"og:type\" content=\"article\" \/>\n<meta property=\"og:title\" content=\"Plan Chamba Juvenil ha incorporado a 594 mil j\u00f3venes - MPPPST\" \/>\n<meta property=\"og:description\" content=\"Minci Este jueves, el presidente Nicol\u00e1s Maduro, constat\u00f3 la incorporaci\u00f3n de m\u00e1s de 300 j\u00f3venes al &hellip; Plan Chamba Juvenil ha incorporado a 594 mil j\u00f3venesRead more\" \/>\n<meta property=\"og:url\" content=\"https:\/\/www.mpppst.gob.ve\/mpppstweb\/index.php\/2017\/08\/04\/plan-chamba-juvenil-ha-incorporado-a-594-mil-jovenes\/\" \/>\n<meta property=\"og:site_name\" content=\"MPPPST\" \/>\n<meta property=\"article:published_time\" content=\"2017-08-04T13:29:40+00:00\" \/>\n<meta property=\"og:image\" content=\"https:\/\/www.mpppst.gob.ve\/mpppstweb\/wp-content\/uploads\/2017\/08\/005_005_JZ1296_P_W.jpg\" \/>\n\t<meta property=\"og:image:width\" content=\"800\" \/>\n\t<meta property=\"og:image:height\" content=\"445\" \/>\n\t<meta property=\"og:image:type\" content=\"image\/jpeg\" \/>\n<meta name=\"author\" content=\"MPPPST Prensa\" \/>\n<meta name=\"twitter:card\" content=\"summary_large_image\" \/>\n<meta name=\"twitter:label1\" content=\"Escrito por\" \/>\n\t<meta name=\"twitter:data1\" content=\"MPPPST Prensa\" \/>\n\t<meta name=\"twitter:label2\" content=\"Tiempo de lectura\" \/>\n\t<meta name=\"twitter:data2\" content=\"1 minuto\" \/>\n<script type=\"application\/ld+json\" class=\"yoast-schema-graph\">{\"@context\":\"https:\/\/schema.org\",\"@graph\":[{\"@type\":\"Article\",\"@id\":\"https:\/\/www.mpppst.gob.ve\/mpppstweb\/index.php\/2017\/08\/04\/plan-chamba-juvenil-ha-incorporado-a-594-mil-jovenes\/#article\",\"isPartOf\":{\"@id\":\"https:\/\/www.mpppst.gob.ve\/mpppstweb\/index.php\/2017\/08\/04\/plan-chamba-juvenil-ha-incorporado-a-594-mil-jovenes\/\"},\"author\":{\"name\":\"MPPPST Prensa\",\"@id\":\"https:\/\/www.mpppst.gob.ve\/mpppstweb\/#\/schema\/person\/fc187ee8ead412bd4c9304b62f900ea4\"},\"headline\":\"Plan Chamba Juvenil ha incorporado a 594 mil j\u00f3venes\",\"datePublished\":\"2017-08-04T13:29:40+00:00\",\"dateModified\":\"2017-08-04T13:29:40+00:00\",\"mainEntityOfPage\":{\"@id\":\"https:\/\/www.mpppst.gob.ve\/mpppstweb\/index.php\/2017\/08\/04\/plan-chamba-juvenil-ha-incorporado-a-594-mil-jovenes\/\"},\"wordCount\":147,\"publisher\":{\"@id\":\"https:\/\/www.mpppst.gob.ve\/mpppstweb\/#organization\"},\"image\":{\"@id\":\"https:\/\/www.mpppst.gob.ve\/mpppstweb\/index.php\/2017\/08\/04\/plan-chamba-juvenil-ha-incorporado-a-594-mil-jovenes\/#primaryimage\"},\"thumbnailUrl\":\"https:\/\/www.mpppst.gob.ve\/mpppstweb\/wp-content\/uploads\/2017\/08\/005_005_JZ1296_P_W.jpg\",\"articleSection\":[\"Gobierno Nacional\",\"Noticias\"],\"inLanguage\":\"es\"},{\"@type\":\"WebPage\",\"@id\":\"https:\/\/www.mpppst.gob.ve\/mpppstweb\/index.php\/2017\/08\/04\/plan-chamba-juvenil-ha-incorporado-a-594-mil-jovenes\/\",\"url\":\"https:\/\/www.mpppst.gob.ve\/mpppstweb\/index.php\/2017\/08\/04\/plan-chamba-juvenil-ha-incorporado-a-594-mil-jovenes\/\",\"name\":\"Plan Chamba Juvenil ha incorporado a 594 mil j\u00f3venes - MPPPST\",\"isPartOf\":{\"@id\":\"https:\/\/www.mpppst.gob.ve\/mpppstweb\/#website\"},\"primaryImageOfPage\":{\"@id\":\"https:\/\/www.mpppst.gob.ve\/mpppstweb\/index.php\/2017\/08\/04\/plan-chamba-juvenil-ha-incorporado-a-594-mil-jovenes\/#primaryimage\"},\"image\":{\"@id\":\"https:\/\/www.mpppst.gob.ve\/mpppstweb\/index.php\/2017\/08\/04\/plan-chamba-juvenil-ha-incorporado-a-594-mil-jovenes\/#primaryimage\"},\"thumbnailUrl\":\"https:\/\/www.mpppst.gob.ve\/mpppstweb\/wp-content\/uploads\/2017\/08\/005_005_JZ1296_P_W.jpg\",\"datePublished\":\"2017-08-04T13:29:40+00:00\",\"dateModified\":\"2017-08-04T13:29:40+00:00\",\"breadcrumb\":{\"@id\":\"https:\/\/www.mpppst.gob.ve\/mpppstweb\/index.php\/2017\/08\/04\/plan-chamba-juvenil-ha-incorporado-a-594-mil-jovenes\/#breadcrumb\"},\"inLanguage\":\"es\",\"potentialAction\":[{\"@type\":\"ReadAction\",\"target\":[\"https:\/\/www.mpppst.gob.ve\/mpppstweb\/index.php\/2017\/08\/04\/plan-chamba-juvenil-ha-incorporado-a-594-mil-jovenes\/\"]}]},{\"@type\":\"ImageObject\",\"inLanguage\":\"es\",\"@id\":\"https:\/\/www.mpppst.gob.ve\/mpppstweb\/index.php\/2017\/08\/04\/plan-chamba-juvenil-ha-incorporado-a-594-mil-jovenes\/#primaryimage\",\"url\":\"https:\/\/www.mpppst.gob.ve\/mpppstweb\/wp-content\/uploads\/2017\/08\/005_005_JZ1296_P_W.jpg\",\"contentUrl\":\"https:\/\/www.mpppst.gob.ve\/mpppstweb\/wp-content\/uploads\/2017\/08\/005_005_JZ1296_P_W.jpg\",\"width\":800,\"height\":445},{\"@type\":\"BreadcrumbList\",\"@id\":\"https:\/\/www.mpppst.gob.ve\/mpppstweb\/index.php\/2017\/08\/04\/plan-chamba-juvenil-ha-incorporado-a-594-mil-jovenes\/#breadcrumb\",\"itemListElement\":[{\"@type\":\"ListItem\",\"position\":1,\"name\":\"Home\",\"item\":\"https:\/\/www.mpppst.gob.ve\/mpppstweb\/\"},{\"@type\":\"ListItem\",\"position\":2,\"name\":\"Plan Chamba Juvenil ha incorporado a 594 mil j\u00f3venes\"}]},{\"@type\":\"WebSite\",\"@id\":\"https:\/\/www.mpppst.gob.ve\/mpppstweb\/#website\",\"url\":\"https:\/\/www.mpppst.gob.ve\/mpppstweb\/\",\"name\":\"MPPPST\",\"description\":\"Ministerio del Poder Popular para el Proceso Social de Trabajo\",\"publisher\":{\"@id\":\"https:\/\/www.mpppst.gob.ve\/mpppstweb\/#organization\"},\"potentialAction\":[{\"@type\":\"SearchAction\",\"target\":{\"@type\":\"EntryPoint\",\"urlTemplate\":\"https:\/\/www.mpppst.gob.ve\/mpppstweb\/?s={search_term_string}\"},\"query-input\":\"required name=search_term_string\"}],\"inLanguage\":\"es\"},{\"@type\":\"Organization\",\"@id\":\"https:\/\/www.mpppst.gob.ve\/mpppstweb\/#organization\",\"name\":\"mpppst\",\"url\":\"https:\/\/www.mpppst.gob.ve\/mpppstweb\/\",\"logo\":{\"@type\":\"ImageObject\",\"inLanguage\":\"es\",\"@id\":\"https:\/\/www.mpppst.gob.ve\/mpppstweb\/#\/schema\/logo\/image\/\",\"url\":\"https:\/\/www.mpppst.gob.ve\/mpppstweb\/wp-content\/uploads\/2025\/07\/cropped-cropped-g910.png\",\"contentUrl\":\"https:\/\/www.mpppst.gob.ve\/mpppstweb\/wp-content\/uploads\/2025\/07\/cropped-cropped-g910.png\",\"width\":1080,\"height\":241,\"caption\":\"mpppst\"},\"image\":{\"@id\":\"https:\/\/www.mpppst.gob.ve\/mpppstweb\/#\/schema\/logo\/image\/\"}},{\"@type\":\"Person\",\"@id\":\"https:\/\/www.mpppst.gob.ve\/mpppstweb\/#\/schema\/person\/fc187ee8ead412bd4c9304b62f900ea4\",\"name\":\"MPPPST Prensa\",\"url\":\"https:\/\/www.mpppst.gob.ve\/mpppstweb\/index.php\/author\/prensa-mpppst\/\"}]}<\/script>\n<!-- \/ Yoast SEO plugin. -->","yoast_head_json":{"title":"Plan Chamba Juvenil ha incorporado a 594 mil j\u00f3venes - MPPPST","robots":{"index":"index","follow":"follow","max-snippet":"max-snippet:-1","max-image-preview":"max-image-preview:large","max-video-preview":"max-video-preview:-1"},"canonical":"https:\/\/www.mpppst.gob.ve\/mpppstweb\/index.php\/2017\/08\/04\/plan-chamba-juvenil-ha-incorporado-a-594-mil-jovenes\/","og_locale":"es_ES","og_type":"article","og_title":"Plan Chamba Juvenil ha incorporado a 594 mil j\u00f3venes - MPPPST","og_description":"Minci Este jueves, el presidente Nicol\u00e1s Maduro, constat\u00f3 la incorporaci\u00f3n de m\u00e1s de 300 j\u00f3venes al &hellip; Plan Chamba Juvenil ha incorporado a 594 mil j\u00f3venesRead more","og_url":"https:\/\/www.mpppst.gob.ve\/mpppstweb\/index.php\/2017\/08\/04\/plan-chamba-juvenil-ha-incorporado-a-594-mil-jovenes\/","og_site_name":"MPPPST","article_published_time":"2017-08-04T13:29:40+00:00","og_image":[{"width":800,"height":445,"url":"https:\/\/www.mpppst.gob.ve\/mpppstweb\/wp-content\/uploads\/2017\/08\/005_005_JZ1296_P_W.jpg","type":"image\/jpeg"}],"author":"MPPPST Prensa","twitter_card":"summary_large_image","twitter_misc":{"Escrito por":"MPPPST Prensa","Tiempo de lectura":"1 minuto"},"schema":{"@context":"https:\/\/schema.org","@graph":[{"@type":"Article","@id":"https:\/\/www.mpppst.gob.ve\/mpppstweb\/index.php\/2017\/08\/04\/plan-chamba-juvenil-ha-incorporado-a-594-mil-jovenes\/#article","isPartOf":{"@id":"https:\/\/www.mpppst.gob.ve\/mpppstweb\/index.php\/2017\/08\/04\/plan-chamba-juvenil-ha-incorporado-a-594-mil-jovenes\/"},"author":{"name":"MPPPST Prensa","@id":"https:\/\/www.mpppst.gob.ve\/mpppstweb\/#\/schema\/person\/fc187ee8ead412bd4c9304b62f900ea4"},"headline":"Plan Chamba Juvenil ha incorporado a 594 mil j\u00f3venes","datePublished":"2017-08-04T13:29:40+00:00","dateModified":"2017-08-04T13:29:40+00:00","mainEntityOfPage":{"@id":"https:\/\/www.mpppst.gob.ve\/mpppstweb\/index.php\/2017\/08\/04\/plan-chamba-juvenil-ha-incorporado-a-594-mil-jovenes\/"},"wordCount":147,"publisher":{"@id":"https:\/\/www.mpppst.gob.ve\/mpppstweb\/#organization"},"image":{"@id":"https:\/\/www.mpppst.gob.ve\/mpppstweb\/index.php\/2017\/08\/04\/plan-chamba-juvenil-ha-incorporado-a-594-mil-jovenes\/#primaryimage"},"thumbnailUrl":"https:\/\/www.mpppst.gob.ve\/mpppstweb\/wp-content\/uploads\/2017\/08\/005_005_JZ1296_P_W.jpg","articleSection":["Gobierno Nacional","Noticias"],"inLanguage":"es"},{"@type":"WebPage","@id":"https:\/\/www.mpppst.gob.ve\/mpppstweb\/index.php\/2017\/08\/04\/plan-chamba-juvenil-ha-incorporado-a-594-mil-jovenes\/","url":"https:\/\/www.mpppst.gob.ve\/mpppstweb\/index.php\/2017\/08\/04\/plan-chamba-juvenil-ha-incorporado-a-594-mil-jovenes\/","name":"Plan Chamba Juvenil ha incorporado a 594 mil j\u00f3venes - MPPPST","isPartOf":{"@id":"https:\/\/www.mpppst.gob.ve\/mpppstweb\/#website"},"primaryImageOfPage":{"@id":"https:\/\/www.mpppst.gob.ve\/mpppstweb\/index.php\/2017\/08\/04\/plan-chamba-juvenil-ha-incorporado-a-594-mil-jovenes\/#primaryimage"},"image":{"@id":"https:\/\/www.mpppst.gob.ve\/mpppstweb\/index.php\/2017\/08\/04\/plan-chamba-juvenil-ha-incorporado-a-594-mil-jovenes\/#primaryimage"},"thumbnailUrl":"https:\/\/www.mpppst.gob.ve\/mpppstweb\/wp-content\/uploads\/2017\/08\/005_005_JZ1296_P_W.jpg","datePublished":"2017-08-04T13:29:40+00:00","dateModified":"2017-08-04T13:29:40+00:00","breadcrumb":{"@id":"https:\/\/www.mpppst.gob.ve\/mpppstweb\/index.php\/2017\/08\/04\/plan-chamba-juvenil-ha-incorporado-a-594-mil-jovenes\/#breadcrumb"},"inLanguage":"es","potentialAction":[{"@type":"ReadAction","target":["https:\/\/www.mpppst.gob.ve\/mpppstweb\/index.php\/2017\/08\/04\/plan-chamba-juvenil-ha-incorporado-a-594-mil-jovenes\/"]}]},{"@type":"ImageObject","inLanguage":"es","@id":"https:\/\/www.mpppst.gob.ve\/mpppstweb\/index.php\/2017\/08\/04\/plan-chamba-juvenil-ha-incorporado-a-594-mil-jovenes\/#primaryimage","url":"https:\/\/www.mpppst.gob.ve\/mpppstweb\/wp-content\/uploads\/2017\/08\/005_005_JZ1296_P_W.jpg","contentUrl":"https:\/\/www.mpppst.gob.ve\/mpppstweb\/wp-content\/uploads\/2017\/08\/005_005_JZ1296_P_W.jpg","width":800,"height":445},{"@type":"BreadcrumbList","@id":"https:\/\/www.mpppst.gob.ve\/mpppstweb\/index.php\/2017\/08\/04\/plan-chamba-juvenil-ha-incorporado-a-594-mil-jovenes\/#breadcrumb","itemListElement":[{"@type":"ListItem","position":1,"name":"Home","item":"https:\/\/www.mpppst.gob.ve\/mpppstweb\/"},{"@type":"ListItem","position":2,"name":"Plan Chamba Juvenil ha incorporado a 594 mil j\u00f3venes"}]},{"@type":"WebSite","@id":"https:\/\/www.mpppst.gob.ve\/mpppstweb\/#website","url":"https:\/\/www.mpppst.gob.ve\/mpppstweb\/","name":"MPPPST","description":"Ministerio del Poder Popular para el Proceso Social de Trabajo","publisher":{"@id":"https:\/\/www.mpppst.gob.ve\/mpppstweb\/#organization"},"potentialAction":[{"@type":"SearchAction","target":{"@type":"EntryPoint","urlTemplate":"https:\/\/www.mpppst.gob.ve\/mpppstweb\/?s={search_term_string}"},"query-input":"required name=search_term_string"}],"inLanguage":"es"},{"@type":"Organization","@id":"https:\/\/www.mpppst.gob.ve\/mpppstweb\/#organization","name":"mpppst","url":"https:\/\/www.mpppst.gob.ve\/mpppstweb\/","logo":{"@type":"ImageObject","inLanguage":"es","@id":"https:\/\/www.mpppst.gob.ve\/mpppstweb\/#\/schema\/logo\/image\/","url":"https:\/\/www.mpppst.gob.ve\/mpppstweb\/wp-content\/uploads\/2025\/07\/cropped-cropped-g910.png","contentUrl":"https:\/\/www.mpppst.gob.ve\/mpppstweb\/wp-content\/uploads\/2025\/07\/cropped-cropped-g910.png","width":1080,"height":241,"caption":"mpppst"},"image":{"@id":"https:\/\/www.mpppst.gob.ve\/mpppstweb\/#\/schema\/logo\/image\/"}},{"@type":"Person","@id":"https:\/\/www.mpppst.gob.ve\/mpppstweb\/#\/schema\/person\/fc187ee8ead412bd4c9304b62f900ea4","name":"MPPPST Prensa","url":"https:\/\/www.mpppst.gob.ve\/mpppstweb\/index.php\/author\/prensa-mpppst\/"}]}},"_links":{"self":[{"href":"https:\/\/www.mpppst.gob.ve\/mpppstweb\/index.php\/wp-json\/wp\/v2\/posts\/12403"}],"collection":[{"href":"https:\/\/www.mpppst.gob.ve\/mpppstweb\/index.php\/wp-json\/wp\/v2\/posts"}],"about":[{"href":"https:\/\/www.mpppst.gob.ve\/mpppstweb\/index.php\/wp-json\/wp\/v2\/types\/post"}],"author":[{"embeddable":true,"href":"https:\/\/www.mpppst.gob.ve\/mpppstweb\/index.php\/wp-json\/wp\/v2\/users\/25"}],"replies":[{"embeddable":true,"href":"https:\/\/www.mpppst.gob.ve\/mpppstweb\/index.php\/wp-json\/wp\/v2\/comments?post=12403"}],"version-history":[{"count":1,"href":"https:\/\/www.mpppst.gob.ve\/mpppstweb\/index.php\/wp-json\/wp\/v2\/posts\/12403\/revisions"}],"predecessor-version":[{"id":12405,"href":"https:\/\/www.mpppst.gob.ve\/mpppstweb\/index.php\/wp-json\/wp\/v2\/posts\/12403\/revisions\/12405"}],"wp:featuredmedia":[{"embeddable":true,"href":"https:\/\/www.mpppst.gob.ve\/mpppstweb\/index.php\/wp-json\/wp\/v2\/media\/12404"}],"wp:attachment":[{"href":"https:\/\/www.mpppst.gob.ve\/mpppstweb\/index.php\/wp-json\/wp\/v2\/media?parent=12403"}],"wp:term":[{"taxonomy":"category","embeddable":true,"href":"https:\/\/www.mpppst.gob.ve\/mpppstweb\/index.php\/wp-json\/wp\/v2\/categories?post=12403"},{"taxonomy":"post_tag","embeddable":true,"href":"https:\/\/www.mpppst.gob.ve\/mpppstweb\/index.php\/wp-json\/wp\/v2\/tags?post=12403"}],"curies":[{"name":"wp","href":"https:\/\/api.w.org\/{rel}","templated":true}]}}