{"id":12718,"date":"2017-09-13T09:02:43","date_gmt":"2017-09-13T13:02:43","guid":{"rendered":"http:\/\/www.mpppst.gob.ve\/mpppstweb\/?p=12718"},"modified":"2017-09-13T09:02:43","modified_gmt":"2017-09-13T13:02:43","slug":"presidente-nuestro-objetivo-es-emprender-relaciones-basadas-en-la-hermandad","status":"publish","type":"post","link":"https:\/\/www.mpppst.gob.ve\/mpppstweb\/index.php\/2017\/09\/13\/presidente-nuestro-objetivo-es-emprender-relaciones-basadas-en-la-hermandad\/","title":{"rendered":"Presidente: Nuestro objetivo es emprender relaciones basadas en la hermandad"},"content":{"rendered":"<p>AVN.- Luego de realizar una gira de trabajo de 77 horas por los pa\u00edses Kazajist\u00e1n y Argelia, el presidente de la Rep\u00fablica, Nicol\u00e1s Maduro, expres\u00f3 que los objetivos de Venezuela en lo adelante es \u00abemprender relaciones basadas en la hermandad y el desarrollo compartido con ese mundo emergente que va a sustituir al mundo de los imperios\u00bb.<\/p>\n<p>\u00abLos acomplejados supremacistas desaparecer\u00e1n de la historia de la humanidad y quedar\u00e1n como un triste y oscuro recuerdo de todas nuestras luchas\u00bb, ratific\u00f3 el jefe de Estado desde el Palacio de Miraflores, donde dirige un consejo de ministros.<\/p>\n<p>En transmisi\u00f3n conjunta de radio y televisi\u00f3n, el Mandatario celebr\u00f3 que delegaciones enteras en Astan\u00e1, capital de Kazajist\u00e1n, le expresaran mensajes de solidaridad tanto a \u00e9l como al equipo de venezolano que le acompa\u00f1\u00f3 durante el viaje.<\/p>\n<p>\u00abSe ha levantado como nunca antes una ola de simpat\u00eda en el mundo en favor de la Revoluci\u00f3n Bolivariana. Se ha levantado una ola como nunca antes, con respeto y admiraci\u00f3n por los 120 d\u00edas de violencia que vivimos\u00bb promovida por la derecha, dijo.<\/p>\n<p>Asimismo, anunci\u00f3 que Venezuela tendr\u00e1 en los pr\u00f3ximos meses su propia embajada en la ciudad de Astan\u00e1, en la Rep\u00fablica de Kazajist\u00e1n. \u00abSer\u00e1 una embajada para seguir construyendo los acuerdos en todas las materias\u00bb explic\u00f3 el jefe de Estado.<\/p>\n<p><strong>Mundo pluripolar y multic\u00e9ntrico<\/strong><\/p>\n<p>El gobierno venezolano ratifica su esfuerzo en la construcci\u00f3n de un mundo pluripolar y multic\u00e9ntrico con el objetivo de defender la soberan\u00eda nacional y rechazar la hegemon\u00eda imperial contra los pueblos del mundo, indic\u00f3 el Presidente.<\/p>\n<p>\u00abTenemos que asumir la pol\u00edtica de construcci\u00f3n del nuevo mundo, la pol\u00edtica internacional de la Revoluci\u00f3n Bolivariana como parte de la agenda diaria de trabajo. Somos un gobierno bolivariano con vocaci\u00f3n de construcci\u00f3n de un nuevo mundo\u00bb, expres\u00f3.<\/p>\n<p>Precis\u00f3 que los pueblos del mundo ven a Venezuela como un pilar fundamenta en el nacimiento de un mundo m\u00e1s justo.<\/p>\n<p>Agreg\u00f3 que gracias a la diplomacia bolivariana de paz impulsada por el Comandante Hugo Ch\u00e1vez, Venezuela es parte de el mundo multipolar que est\u00e1 surgiendo.<\/p>\n<p><strong>Venezuela como pa\u00eds observador de la OIC<\/strong><\/p>\n<p><strong>\u00a0<\/strong>Tras participar en la primera cumbre de Ciencia y Tecnolog\u00eda de la Organizaci\u00f3n para la Cooperaci\u00f3n Isl\u00e1mica (OIC) que se realiz\u00f3 en Kazajist\u00e1n, el Presidente solicit\u00f3 a esta organizaci\u00f3n que Venezuela sea miembro observador de este bloque internacional.<\/p>\n<div class=\"medio\">\n<div class=\"izquierda\">\n<div class=\"inside\">\n<div class=\"panels_pane panel-pane pane-views pane-nodos\">\n<div class=\"pane-content\">\n<div class=\"views_view view view-Nodos view-id-Nodos view-display-id-block_2 view-dom-id-83cfab7226c33ad76d7d78815f1d5f4e\">\n<div class=\"view-content\">\n<div class=\"views-row views-row-1 views-row-odd views-row-first views-row-last\">\n<div class=\"noticia-cuerpo\">\n<div class=\"contenido\">\u201cVenezuela va ingresar a la Organizaci\u00f3n Isl\u00e1mica de Cooperaci\u00f3n\u00a0de 57\u00a0pa\u00edses\u00a0de los m\u00e1s poderosos del mundo , de los m\u00e1s emergentes del siglo XXI (&#8230;) va ingresar en calidad de observador\u201d, expres\u00f3 el jefe de Estado.Se\u00f1al\u00f3 que como presidente del Movimiento de Pa\u00edses No Alineados particip\u00f3 en este evento internacional para impulsar la construcci\u00f3n de gobiernos humanistas, en un mundo sin violencia e\u00a0imposiciones\u00a0imperiales; adem\u00e1s de fortalecer lazos de cooperaci\u00f3n diplom\u00e1tica, econ\u00f3mica y energ\u00e9tica con otras naciones del mundo.<\/p>\n<p>En este sentido, destac\u00f3 la reuni\u00f3n que sostuvo con el presidente de la Rep\u00fablica Isl\u00e1mica de Ir\u00e1n,\u00a0Has\u00e1n Rouhan\u00ed.<\/p>\n<p>En este encuentro, afinaron detalles para la reuni\u00f3n de la Organizaci\u00f3n de Pa\u00edses Exportadores de Petr\u00f3leo (Opep) y no Opep que se realizar\u00e1 el 20 de septiembre, para ratificar el acuerdo de regulaci\u00f3n en la producci\u00f3n petrolera y estabilizar los precios del hidrocarburo.<\/p>\n<p>Por esta raz\u00f3n, Venezuela reforzar\u00e1 la agenda bilateral con Ir\u00e1n, destac\u00f3 el Mandatario.\u00a0\u201cMuy pronto estaremos en Teher\u00e1n desarrollando la Comisi\u00f3n mixta de cooperaci\u00f3n estrat\u00e9gica y firmando nuevos acuerdos para seguir avanzando en la alianza energ\u00e9tica, construcci\u00f3n de viviendas, desarrollo de la industria farmac\u00e9utica\u201d.<\/p>\n<p><strong>Lazos con Turqu\u00eda y Argelia<\/strong><\/p>\n<div class=\"medio\">\n<div class=\"izquierda\">\n<div class=\"inside\">\n<div class=\"panels_pane panel-pane pane-views pane-nodos\">\n<div class=\"pane-content\">\n<div class=\"views_view view view-Nodos view-id-Nodos view-display-id-block_2 view-dom-id-a0d995ef369062ee5f7f74f05bd1d412\">\n<div class=\"view-content\">\n<div class=\"views-row views-row-1 views-row-odd views-row-first views-row-last\">\n<div class=\"noticia-cuerpo\">\n<div class=\"contenido\">De igual forma, el presidente Maduro reafirm\u00f3 los lazos de cooperaci\u00f3n que sostiene Venezuela con Turqu\u00eda por el desarrollo de ambas naciones.Inform\u00f3 que Venezuela y el gobierno de Turqu\u00eda se reunir\u00e1n para fortalecer acuerdos de cooperaci\u00f3n en diferentes materias. \u201cMuy pronto vamos hacer la reuni\u00f3n de la comisi\u00f3n mixta en Estambul para ver la\u00a0ampliaci\u00f3n\u00a0de todos los temas de la cooperaci\u00f3n\u00a0a\u00e9rea, alimentaria, financiera,\u00a0energ\u00e9tica, comercial, econ\u00f3mica, industrial,\u00a0tecnol\u00f3gica,\u00a0pol\u00edtica\u00a0y espiritual\u201d.<\/p>\n<p>Tras participar en la cumbre de Ciencia y Tecnolog\u00eda de la OIC que se realiz\u00f3 en Kazajist\u00e1n, el Presidente se reuni\u00f3 con diferentes mandatarios, entre ellos Recep Tayyip Erdogan presidente de Turqu\u00eda.<\/p>\n<p>Durante el encuentro \u201cel presidente Edorgan manifest\u00f3\u00a0ansias\u00a0en visitar Venezuela\u00bb, indic\u00f3 el mandatario venezolano.<\/p>\n<p>Asimismo, \u00a0a\u00f1adi\u00f3 que Venezuela y Argelia suscribir\u00e1n pr\u00f3ximamente convenios en materia petrolera para seguir impulsando las relaciones comerciales y energ\u00e9ticas entre ambos pa\u00edses.<\/p>\n<div class=\"medio\">\n<div class=\"izquierda\">\n<div class=\"inside\">\n<div class=\"panels_pane panel-pane pane-views pane-nodos\">\n<div class=\"pane-content\">\n<div class=\"views_view view view-Nodos view-id-Nodos view-display-id-block_2 view-dom-id-c3769b921082194deff5e8eadf676823\">\n<div class=\"view-content\">\n<div class=\"views-row views-row-1 views-row-odd views-row-first views-row-last\">\n<div class=\"noticia-cuerpo\">\n<div class=\"contenido\">Indic\u00f3 que el ministro para Energ\u00eda del pa\u00eds \u00e1rabe visitar\u00e1 Venezuela para concretar estos acuerdos con Pdvsa.\u201cEn Argelia revisamos la cooperaci\u00f3n energ\u00e9tica de nuestras empresas petroleras y gas\u00edferas que marcha bastante bien. Muy pronto vendr\u00e1 el ministro de energ\u00eda y petr\u00f3leo de Argelia a Venezuela para firmar nuevos acuerdos de expansi\u00f3n de la relaci\u00f3n, de inversi\u00f3n entre la empresa petrolera y gas\u00edfera argelina y Pdvsa\u201d, expres\u00f3 el mandatario nacional.<\/p>\n<p>Precis\u00f3 que durante su visita a ese pa\u00eds tambi\u00e9n se revisaron nuevas formas de cooperaci\u00f3n en agricultura e intercambio de experiencias productivas.<\/p>\n<p>Asimismo, agradeci\u00f3 a las autoridades argelinas por el recibimiento en ese pa\u00eds durante la gira de trabajo.<\/p>\n<\/div>\n<\/div>\n<\/div>\n<\/div>\n<\/div>\n<\/div>\n<\/div>\n<\/div>\n<\/div>\n<\/div>\n<\/div>\n<\/div>\n<\/div>\n<\/div>\n<\/div>\n<\/div>\n<\/div>\n<\/div>\n<\/div>\n<\/div>\n<\/div>\n<\/div>\n<\/div>\n<\/div>\n<\/div>\n<\/div>\n<\/div>\n<\/div>\n<\/div>\n<\/div>\n","protected":false},"excerpt":{"rendered":"<p>AVN.- Luego de realizar una gira de trabajo de 77 horas por los pa\u00edses Kazajist\u00e1n y &hellip; <a title=\"Presidente: Nuestro objetivo es emprender relaciones basadas en la hermandad\" class=\"hm-read-more\" href=\"https:\/\/www.mpppst.gob.ve\/mpppstweb\/index.php\/2017\/09\/13\/presidente-nuestro-objetivo-es-emprender-relaciones-basadas-en-la-hermandad\/\"><span class=\"screen-reader-text\">Presidente: Nuestro objetivo es emprender relaciones basadas en la hermandad<\/span>Read more<\/a><\/p>\n","protected":false},"author":25,"featured_media":12719,"comment_status":"closed","ping_status":"closed","sticky":false,"template":"","format":"standard","meta":{"footnotes":""},"categories":[82,163],"tags":[],"yoast_head":"<!-- This site is optimized with the Yoast SEO plugin v22.5 - https:\/\/yoast.com\/wordpress\/plugins\/seo\/ -->\n<title>Presidente: Nuestro objetivo es emprender relaciones basadas en la hermandad - MPPPST<\/title>\n<meta name=\"robots\" content=\"index, follow, max-snippet:-1, max-image-preview:large, max-video-preview:-1\" \/>\n<link rel=\"canonical\" href=\"https:\/\/www.mpppst.gob.ve\/mpppstweb\/index.php\/2017\/09\/13\/presidente-nuestro-objetivo-es-emprender-relaciones-basadas-en-la-hermandad\/\" \/>\n<meta property=\"og:locale\" content=\"es_ES\" \/>\n<meta property=\"og:type\" content=\"article\" \/>\n<meta property=\"og:title\" content=\"Presidente: Nuestro objetivo es emprender relaciones basadas en la hermandad - MPPPST\" \/>\n<meta property=\"og:description\" content=\"AVN.- Luego de realizar una gira de trabajo de 77 horas por los pa\u00edses Kazajist\u00e1n y &hellip; Presidente: Nuestro objetivo es emprender relaciones basadas en la hermandadRead more\" \/>\n<meta property=\"og:url\" content=\"https:\/\/www.mpppst.gob.ve\/mpppstweb\/index.php\/2017\/09\/13\/presidente-nuestro-objetivo-es-emprender-relaciones-basadas-en-la-hermandad\/\" \/>\n<meta property=\"og:site_name\" content=\"MPPPST\" \/>\n<meta property=\"article:published_time\" content=\"2017-09-13T13:02:43+00:00\" \/>\n<meta property=\"og:image\" content=\"https:\/\/www.mpppst.gob.ve\/mpppstweb\/wp-content\/uploads\/2017\/09\/013_eg_8930_1505259345.jpg\" \/>\n\t<meta property=\"og:image:width\" content=\"800\" \/>\n\t<meta property=\"og:image:height\" content=\"445\" \/>\n\t<meta property=\"og:image:type\" content=\"image\/jpeg\" \/>\n<meta name=\"author\" content=\"MPPPST Prensa\" \/>\n<meta name=\"twitter:card\" content=\"summary_large_image\" \/>\n<meta name=\"twitter:label1\" content=\"Escrito por\" \/>\n\t<meta name=\"twitter:data1\" content=\"MPPPST Prensa\" \/>\n\t<meta name=\"twitter:label2\" content=\"Tiempo de lectura\" \/>\n\t<meta name=\"twitter:data2\" content=\"5 minutos\" \/>\n<script type=\"application\/ld+json\" class=\"yoast-schema-graph\">{\"@context\":\"https:\/\/schema.org\",\"@graph\":[{\"@type\":\"Article\",\"@id\":\"https:\/\/www.mpppst.gob.ve\/mpppstweb\/index.php\/2017\/09\/13\/presidente-nuestro-objetivo-es-emprender-relaciones-basadas-en-la-hermandad\/#article\",\"isPartOf\":{\"@id\":\"https:\/\/www.mpppst.gob.ve\/mpppstweb\/index.php\/2017\/09\/13\/presidente-nuestro-objetivo-es-emprender-relaciones-basadas-en-la-hermandad\/\"},\"author\":{\"name\":\"MPPPST Prensa\",\"@id\":\"https:\/\/www.mpppst.gob.ve\/mpppstweb\/#\/schema\/person\/fc187ee8ead412bd4c9304b62f900ea4\"},\"headline\":\"Presidente: Nuestro objetivo es emprender relaciones basadas en la hermandad\",\"datePublished\":\"2017-09-13T13:02:43+00:00\",\"dateModified\":\"2017-09-13T13:02:43+00:00\",\"mainEntityOfPage\":{\"@id\":\"https:\/\/www.mpppst.gob.ve\/mpppstweb\/index.php\/2017\/09\/13\/presidente-nuestro-objetivo-es-emprender-relaciones-basadas-en-la-hermandad\/\"},\"wordCount\":944,\"publisher\":{\"@id\":\"https:\/\/www.mpppst.gob.ve\/mpppstweb\/#organization\"},\"image\":{\"@id\":\"https:\/\/www.mpppst.gob.ve\/mpppstweb\/index.php\/2017\/09\/13\/presidente-nuestro-objetivo-es-emprender-relaciones-basadas-en-la-hermandad\/#primaryimage\"},\"thumbnailUrl\":\"https:\/\/www.mpppst.gob.ve\/mpppstweb\/wp-content\/uploads\/2017\/09\/013_eg_8930_1505259345.jpg\",\"articleSection\":[\"Gobierno Nacional\",\"Noticias\"],\"inLanguage\":\"es\"},{\"@type\":\"WebPage\",\"@id\":\"https:\/\/www.mpppst.gob.ve\/mpppstweb\/index.php\/2017\/09\/13\/presidente-nuestro-objetivo-es-emprender-relaciones-basadas-en-la-hermandad\/\",\"url\":\"https:\/\/www.mpppst.gob.ve\/mpppstweb\/index.php\/2017\/09\/13\/presidente-nuestro-objetivo-es-emprender-relaciones-basadas-en-la-hermandad\/\",\"name\":\"Presidente: Nuestro objetivo es emprender relaciones basadas en la hermandad - MPPPST\",\"isPartOf\":{\"@id\":\"https:\/\/www.mpppst.gob.ve\/mpppstweb\/#website\"},\"primaryImageOfPage\":{\"@id\":\"https:\/\/www.mpppst.gob.ve\/mpppstweb\/index.php\/2017\/09\/13\/presidente-nuestro-objetivo-es-emprender-relaciones-basadas-en-la-hermandad\/#primaryimage\"},\"image\":{\"@id\":\"https:\/\/www.mpppst.gob.ve\/mpppstweb\/index.php\/2017\/09\/13\/presidente-nuestro-objetivo-es-emprender-relaciones-basadas-en-la-hermandad\/#primaryimage\"},\"thumbnailUrl\":\"https:\/\/www.mpppst.gob.ve\/mpppstweb\/wp-content\/uploads\/2017\/09\/013_eg_8930_1505259345.jpg\",\"datePublished\":\"2017-09-13T13:02:43+00:00\",\"dateModified\":\"2017-09-13T13:02:43+00:00\",\"breadcrumb\":{\"@id\":\"https:\/\/www.mpppst.gob.ve\/mpppstweb\/index.php\/2017\/09\/13\/presidente-nuestro-objetivo-es-emprender-relaciones-basadas-en-la-hermandad\/#breadcrumb\"},\"inLanguage\":\"es\",\"potentialAction\":[{\"@type\":\"ReadAction\",\"target\":[\"https:\/\/www.mpppst.gob.ve\/mpppstweb\/index.php\/2017\/09\/13\/presidente-nuestro-objetivo-es-emprender-relaciones-basadas-en-la-hermandad\/\"]}]},{\"@type\":\"ImageObject\",\"inLanguage\":\"es\",\"@id\":\"https:\/\/www.mpppst.gob.ve\/mpppstweb\/index.php\/2017\/09\/13\/presidente-nuestro-objetivo-es-emprender-relaciones-basadas-en-la-hermandad\/#primaryimage\",\"url\":\"https:\/\/www.mpppst.gob.ve\/mpppstweb\/wp-content\/uploads\/2017\/09\/013_eg_8930_1505259345.jpg\",\"contentUrl\":\"https:\/\/www.mpppst.gob.ve\/mpppstweb\/wp-content\/uploads\/2017\/09\/013_eg_8930_1505259345.jpg\",\"width\":800,\"height\":445},{\"@type\":\"BreadcrumbList\",\"@id\":\"https:\/\/www.mpppst.gob.ve\/mpppstweb\/index.php\/2017\/09\/13\/presidente-nuestro-objetivo-es-emprender-relaciones-basadas-en-la-hermandad\/#breadcrumb\",\"itemListElement\":[{\"@type\":\"ListItem\",\"position\":1,\"name\":\"Home\",\"item\":\"https:\/\/www.mpppst.gob.ve\/mpppstweb\/\"},{\"@type\":\"ListItem\",\"position\":2,\"name\":\"Presidente: Nuestro objetivo es emprender relaciones basadas en la hermandad\"}]},{\"@type\":\"WebSite\",\"@id\":\"https:\/\/www.mpppst.gob.ve\/mpppstweb\/#website\",\"url\":\"https:\/\/www.mpppst.gob.ve\/mpppstweb\/\",\"name\":\"MPPPST\",\"description\":\"Ministerio del Poder Popular para el Proceso Social de Trabajo\",\"publisher\":{\"@id\":\"https:\/\/www.mpppst.gob.ve\/mpppstweb\/#organization\"},\"potentialAction\":[{\"@type\":\"SearchAction\",\"target\":{\"@type\":\"EntryPoint\",\"urlTemplate\":\"https:\/\/www.mpppst.gob.ve\/mpppstweb\/?s={search_term_string}\"},\"query-input\":\"required name=search_term_string\"}],\"inLanguage\":\"es\"},{\"@type\":\"Organization\",\"@id\":\"https:\/\/www.mpppst.gob.ve\/mpppstweb\/#organization\",\"name\":\"mpppst\",\"url\":\"https:\/\/www.mpppst.gob.ve\/mpppstweb\/\",\"logo\":{\"@type\":\"ImageObject\",\"inLanguage\":\"es\",\"@id\":\"https:\/\/www.mpppst.gob.ve\/mpppstweb\/#\/schema\/logo\/image\/\",\"url\":\"https:\/\/www.mpppst.gob.ve\/mpppstweb\/wp-content\/uploads\/2025\/07\/cropped-cropped-g910.png\",\"contentUrl\":\"https:\/\/www.mpppst.gob.ve\/mpppstweb\/wp-content\/uploads\/2025\/07\/cropped-cropped-g910.png\",\"width\":1080,\"height\":241,\"caption\":\"mpppst\"},\"image\":{\"@id\":\"https:\/\/www.mpppst.gob.ve\/mpppstweb\/#\/schema\/logo\/image\/\"}},{\"@type\":\"Person\",\"@id\":\"https:\/\/www.mpppst.gob.ve\/mpppstweb\/#\/schema\/person\/fc187ee8ead412bd4c9304b62f900ea4\",\"name\":\"MPPPST Prensa\",\"url\":\"https:\/\/www.mpppst.gob.ve\/mpppstweb\/index.php\/author\/prensa-mpppst\/\"}]}<\/script>\n<!-- \/ Yoast SEO plugin. -->","yoast_head_json":{"title":"Presidente: Nuestro objetivo es emprender relaciones basadas en la hermandad - MPPPST","robots":{"index":"index","follow":"follow","max-snippet":"max-snippet:-1","max-image-preview":"max-image-preview:large","max-video-preview":"max-video-preview:-1"},"canonical":"https:\/\/www.mpppst.gob.ve\/mpppstweb\/index.php\/2017\/09\/13\/presidente-nuestro-objetivo-es-emprender-relaciones-basadas-en-la-hermandad\/","og_locale":"es_ES","og_type":"article","og_title":"Presidente: Nuestro objetivo es emprender relaciones basadas en la hermandad - MPPPST","og_description":"AVN.- Luego de realizar una gira de trabajo de 77 horas por los pa\u00edses Kazajist\u00e1n y &hellip; Presidente: Nuestro objetivo es emprender relaciones basadas en la hermandadRead more","og_url":"https:\/\/www.mpppst.gob.ve\/mpppstweb\/index.php\/2017\/09\/13\/presidente-nuestro-objetivo-es-emprender-relaciones-basadas-en-la-hermandad\/","og_site_name":"MPPPST","article_published_time":"2017-09-13T13:02:43+00:00","og_image":[{"width":800,"height":445,"url":"https:\/\/www.mpppst.gob.ve\/mpppstweb\/wp-content\/uploads\/2017\/09\/013_eg_8930_1505259345.jpg","type":"image\/jpeg"}],"author":"MPPPST Prensa","twitter_card":"summary_large_image","twitter_misc":{"Escrito por":"MPPPST Prensa","Tiempo de lectura":"5 minutos"},"schema":{"@context":"https:\/\/schema.org","@graph":[{"@type":"Article","@id":"https:\/\/www.mpppst.gob.ve\/mpppstweb\/index.php\/2017\/09\/13\/presidente-nuestro-objetivo-es-emprender-relaciones-basadas-en-la-hermandad\/#article","isPartOf":{"@id":"https:\/\/www.mpppst.gob.ve\/mpppstweb\/index.php\/2017\/09\/13\/presidente-nuestro-objetivo-es-emprender-relaciones-basadas-en-la-hermandad\/"},"author":{"name":"MPPPST Prensa","@id":"https:\/\/www.mpppst.gob.ve\/mpppstweb\/#\/schema\/person\/fc187ee8ead412bd4c9304b62f900ea4"},"headline":"Presidente: Nuestro objetivo es emprender relaciones basadas en la hermandad","datePublished":"2017-09-13T13:02:43+00:00","dateModified":"2017-09-13T13:02:43+00:00","mainEntityOfPage":{"@id":"https:\/\/www.mpppst.gob.ve\/mpppstweb\/index.php\/2017\/09\/13\/presidente-nuestro-objetivo-es-emprender-relaciones-basadas-en-la-hermandad\/"},"wordCount":944,"publisher":{"@id":"https:\/\/www.mpppst.gob.ve\/mpppstweb\/#organization"},"image":{"@id":"https:\/\/www.mpppst.gob.ve\/mpppstweb\/index.php\/2017\/09\/13\/presidente-nuestro-objetivo-es-emprender-relaciones-basadas-en-la-hermandad\/#primaryimage"},"thumbnailUrl":"https:\/\/www.mpppst.gob.ve\/mpppstweb\/wp-content\/uploads\/2017\/09\/013_eg_8930_1505259345.jpg","articleSection":["Gobierno Nacional","Noticias"],"inLanguage":"es"},{"@type":"WebPage","@id":"https:\/\/www.mpppst.gob.ve\/mpppstweb\/index.php\/2017\/09\/13\/presidente-nuestro-objetivo-es-emprender-relaciones-basadas-en-la-hermandad\/","url":"https:\/\/www.mpppst.gob.ve\/mpppstweb\/index.php\/2017\/09\/13\/presidente-nuestro-objetivo-es-emprender-relaciones-basadas-en-la-hermandad\/","name":"Presidente: Nuestro objetivo es emprender relaciones basadas en la hermandad - MPPPST","isPartOf":{"@id":"https:\/\/www.mpppst.gob.ve\/mpppstweb\/#website"},"primaryImageOfPage":{"@id":"https:\/\/www.mpppst.gob.ve\/mpppstweb\/index.php\/2017\/09\/13\/presidente-nuestro-objetivo-es-emprender-relaciones-basadas-en-la-hermandad\/#primaryimage"},"image":{"@id":"https:\/\/www.mpppst.gob.ve\/mpppstweb\/index.php\/2017\/09\/13\/presidente-nuestro-objetivo-es-emprender-relaciones-basadas-en-la-hermandad\/#primaryimage"},"thumbnailUrl":"https:\/\/www.mpppst.gob.ve\/mpppstweb\/wp-content\/uploads\/2017\/09\/013_eg_8930_1505259345.jpg","datePublished":"2017-09-13T13:02:43+00:00","dateModified":"2017-09-13T13:02:43+00:00","breadcrumb":{"@id":"https:\/\/www.mpppst.gob.ve\/mpppstweb\/index.php\/2017\/09\/13\/presidente-nuestro-objetivo-es-emprender-relaciones-basadas-en-la-hermandad\/#breadcrumb"},"inLanguage":"es","potentialAction":[{"@type":"ReadAction","target":["https:\/\/www.mpppst.gob.ve\/mpppstweb\/index.php\/2017\/09\/13\/presidente-nuestro-objetivo-es-emprender-relaciones-basadas-en-la-hermandad\/"]}]},{"@type":"ImageObject","inLanguage":"es","@id":"https:\/\/www.mpppst.gob.ve\/mpppstweb\/index.php\/2017\/09\/13\/presidente-nuestro-objetivo-es-emprender-relaciones-basadas-en-la-hermandad\/#primaryimage","url":"https:\/\/www.mpppst.gob.ve\/mpppstweb\/wp-content\/uploads\/2017\/09\/013_eg_8930_1505259345.jpg","contentUrl":"https:\/\/www.mpppst.gob.ve\/mpppstweb\/wp-content\/uploads\/2017\/09\/013_eg_8930_1505259345.jpg","width":800,"height":445},{"@type":"BreadcrumbList","@id":"https:\/\/www.mpppst.gob.ve\/mpppstweb\/index.php\/2017\/09\/13\/presidente-nuestro-objetivo-es-emprender-relaciones-basadas-en-la-hermandad\/#breadcrumb","itemListElement":[{"@type":"ListItem","position":1,"name":"Home","item":"https:\/\/www.mpppst.gob.ve\/mpppstweb\/"},{"@type":"ListItem","position":2,"name":"Presidente: Nuestro objetivo es emprender relaciones basadas en la hermandad"}]},{"@type":"WebSite","@id":"https:\/\/www.mpppst.gob.ve\/mpppstweb\/#website","url":"https:\/\/www.mpppst.gob.ve\/mpppstweb\/","name":"MPPPST","description":"Ministerio del Poder Popular para el Proceso Social de Trabajo","publisher":{"@id":"https:\/\/www.mpppst.gob.ve\/mpppstweb\/#organization"},"potentialAction":[{"@type":"SearchAction","target":{"@type":"EntryPoint","urlTemplate":"https:\/\/www.mpppst.gob.ve\/mpppstweb\/?s={search_term_string}"},"query-input":"required name=search_term_string"}],"inLanguage":"es"},{"@type":"Organization","@id":"https:\/\/www.mpppst.gob.ve\/mpppstweb\/#organization","name":"mpppst","url":"https:\/\/www.mpppst.gob.ve\/mpppstweb\/","logo":{"@type":"ImageObject","inLanguage":"es","@id":"https:\/\/www.mpppst.gob.ve\/mpppstweb\/#\/schema\/logo\/image\/","url":"https:\/\/www.mpppst.gob.ve\/mpppstweb\/wp-content\/uploads\/2025\/07\/cropped-cropped-g910.png","contentUrl":"https:\/\/www.mpppst.gob.ve\/mpppstweb\/wp-content\/uploads\/2025\/07\/cropped-cropped-g910.png","width":1080,"height":241,"caption":"mpppst"},"image":{"@id":"https:\/\/www.mpppst.gob.ve\/mpppstweb\/#\/schema\/logo\/image\/"}},{"@type":"Person","@id":"https:\/\/www.mpppst.gob.ve\/mpppstweb\/#\/schema\/person\/fc187ee8ead412bd4c9304b62f900ea4","name":"MPPPST Prensa","url":"https:\/\/www.mpppst.gob.ve\/mpppstweb\/index.php\/author\/prensa-mpppst\/"}]}},"_links":{"self":[{"href":"https:\/\/www.mpppst.gob.ve\/mpppstweb\/index.php\/wp-json\/wp\/v2\/posts\/12718"}],"collection":[{"href":"https:\/\/www.mpppst.gob.ve\/mpppstweb\/index.php\/wp-json\/wp\/v2\/posts"}],"about":[{"href":"https:\/\/www.mpppst.gob.ve\/mpppstweb\/index.php\/wp-json\/wp\/v2\/types\/post"}],"author":[{"embeddable":true,"href":"https:\/\/www.mpppst.gob.ve\/mpppstweb\/index.php\/wp-json\/wp\/v2\/users\/25"}],"replies":[{"embeddable":true,"href":"https:\/\/www.mpppst.gob.ve\/mpppstweb\/index.php\/wp-json\/wp\/v2\/comments?post=12718"}],"version-history":[{"count":1,"href":"https:\/\/www.mpppst.gob.ve\/mpppstweb\/index.php\/wp-json\/wp\/v2\/posts\/12718\/revisions"}],"predecessor-version":[{"id":12720,"href":"https:\/\/www.mpppst.gob.ve\/mpppstweb\/index.php\/wp-json\/wp\/v2\/posts\/12718\/revisions\/12720"}],"wp:featuredmedia":[{"embeddable":true,"href":"https:\/\/www.mpppst.gob.ve\/mpppstweb\/index.php\/wp-json\/wp\/v2\/media\/12719"}],"wp:attachment":[{"href":"https:\/\/www.mpppst.gob.ve\/mpppstweb\/index.php\/wp-json\/wp\/v2\/media?parent=12718"}],"wp:term":[{"taxonomy":"category","embeddable":true,"href":"https:\/\/www.mpppst.gob.ve\/mpppstweb\/index.php\/wp-json\/wp\/v2\/categories?post=12718"},{"taxonomy":"post_tag","embeddable":true,"href":"https:\/\/www.mpppst.gob.ve\/mpppstweb\/index.php\/wp-json\/wp\/v2\/tags?post=12718"}],"curies":[{"name":"wp","href":"https:\/\/api.w.org\/{rel}","templated":true}]}}