{"id":12726,"date":"2017-09-13T13:27:46","date_gmt":"2017-09-13T17:27:46","guid":{"rendered":"http:\/\/www.mpppst.gob.ve\/mpppstweb\/?p=12726"},"modified":"2017-09-13T13:27:46","modified_gmt":"2017-09-13T17:27:46","slug":"venezuela-y-espana-trabajaran-para-desarrollar-buenas-relaciones-diplomaticas","status":"publish","type":"post","link":"https:\/\/www.mpppst.gob.ve\/mpppstweb\/index.php\/2017\/09\/13\/venezuela-y-espana-trabajaran-para-desarrollar-buenas-relaciones-diplomaticas\/","title":{"rendered":"Venezuela y Espa\u00f1a trabajar\u00e1n para desarrollar buenas relaciones diplom\u00e1ticas"},"content":{"rendered":"<p>Minci<\/p>\n<p>Los Cancilleres de Venezuela,\u00a0<strong>Jorge Arreaza,<\/strong>\u00a0y de Espa\u00f1a,\u00a0<strong>Alfon<\/strong><strong>so Dastis<\/strong>, acordaron este mi\u00e9rcoles en una reuni\u00f3n que sostuvieron en\u00a0<strong>Madrid<\/strong>, trabajar en conjunto para desarrollar\u00a0<strong>buenas relaciones diplom\u00e1ticas<\/strong>\u00a0entre ambas naciones.<\/p>\n<p>Mediante un comunicado emitido por el ministerio para las Relaciones Exteriores de Venezuela, se destac\u00f3 que el jefe de la diplomacia nacional expres\u00f3 a su hom\u00f3logo espa\u00f1ol la necesidad de construir relaciones sobre la base del respeto a los principios de la cooperaci\u00f3n, el derecho internacional, la no injerencia en asuntos internos y la autodeterminaci\u00f3n de los pueblos.<\/p>\n<h4><strong>A continuaci\u00f3n el comunicado:<\/strong><\/h4>\n<p>\u201cEl Canciller de la Rep\u00fablica Bolivariana de Venezuela, Jorge Arreaza Monserrat, sostuvo el d\u00eda de hoy en Madrid un encuentro con el Ministro de Asuntos Exteriores y Cooperaci\u00f3n de Espa\u00f1a, Alfonso Dastis. Se abordaron diversos temas de la relaci\u00f3n entre ambos pa\u00edses, en un ambiente franco y amigable.<\/p>\n<p>Los ministros intercambiaron opiniones sobre el proceso pol\u00edtico de los dos Estados, el Canciller venezolano expres\u00f3 a su hom\u00f3logo espa\u00f1ol la necesidad de construir relaciones sobre la base del respeto a los principios de la cooperaci\u00f3n, el derecho internacional, la no injerencia en asuntos internos y la autodeterminaci\u00f3n de los pueblos.<\/p>\n<p>El Canciller venezolano expres\u00f3 preocupaci\u00f3n por la errada visi\u00f3n que sobre la realidad venezolana es proyectada en Espa\u00f1a, la cual se ha traducido en numerosas declaraciones en contra del Gobierno Bolivariano y del proceso Constituyente en nuestro pa\u00eds.<\/p>\n<p>El Ministro Arreaza destac\u00f3 la inconveniencia de amparar sectores que sabotean el dialogo y promuevan la violencia, ya que se requiere un respaldo sincero al di\u00e1logo. En este sentido, aprovech\u00f3 la oportunidad para saludar el apoyo del Canciller Dastis, al proceso de dialogo en Venezuela, propiciado por el Presidente Nicol\u00e1s Maduro Moros y auspiciado por el Presidente de Rep\u00fablica Dominicana, Danilo Medina, y el ex Presidente Rodr\u00edguez Zapatero.<\/p>\n<p>Se destac\u00f3 que la perseverancia en el llamado al di\u00e1logo desde Venezuela y a la soluci\u00f3n pac\u00edfica de los conflictos internos trajo como resultado, inmediatamente despu\u00e9s de la elecci\u00f3n de la Asamblea Nacional Constituyente, la paz social y pol\u00edtica en todo el territorio nacional.<\/p>\n<p>Finalmente, los Cancilleres acordaron seguir trabajando en conjunto para garantizar el buen desarrollo de las relaciones entre Espa\u00f1a y Venezuela y avanzar en una agenda bilateral de trabajo hacia el futuro inmediato\u201d.<\/p>\n","protected":false},"excerpt":{"rendered":"<p>Minci Los Cancilleres de Venezuela,\u00a0Jorge Arreaza,\u00a0y de Espa\u00f1a,\u00a0Alfonso Dastis, acordaron este mi\u00e9rcoles en una reuni\u00f3n que &hellip; <a title=\"Venezuela y Espa\u00f1a trabajar\u00e1n para desarrollar buenas relaciones diplom\u00e1ticas\" class=\"hm-read-more\" href=\"https:\/\/www.mpppst.gob.ve\/mpppstweb\/index.php\/2017\/09\/13\/venezuela-y-espana-trabajaran-para-desarrollar-buenas-relaciones-diplomaticas\/\"><span class=\"screen-reader-text\">Venezuela y Espa\u00f1a trabajar\u00e1n para desarrollar buenas relaciones diplom\u00e1ticas<\/span>Read more<\/a><\/p>\n","protected":false},"author":25,"featured_media":12727,"comment_status":"closed","ping_status":"closed","sticky":false,"template":"","format":"standard","meta":{"footnotes":""},"categories":[82,163],"tags":[],"yoast_head":"<!-- This site is optimized with the Yoast SEO plugin v22.5 - https:\/\/yoast.com\/wordpress\/plugins\/seo\/ -->\n<title>Venezuela y Espa\u00f1a trabajar\u00e1n para desarrollar buenas relaciones diplom\u00e1ticas - MPPPST<\/title>\n<meta name=\"robots\" content=\"index, follow, max-snippet:-1, max-image-preview:large, max-video-preview:-1\" \/>\n<link rel=\"canonical\" href=\"https:\/\/www.mpppst.gob.ve\/mpppstweb\/index.php\/2017\/09\/13\/venezuela-y-espana-trabajaran-para-desarrollar-buenas-relaciones-diplomaticas\/\" \/>\n<meta property=\"og:locale\" content=\"es_ES\" \/>\n<meta property=\"og:type\" content=\"article\" \/>\n<meta property=\"og:title\" content=\"Venezuela y Espa\u00f1a trabajar\u00e1n para desarrollar buenas relaciones diplom\u00e1ticas - MPPPST\" \/>\n<meta property=\"og:description\" content=\"Minci Los Cancilleres de Venezuela,\u00a0Jorge Arreaza,\u00a0y de Espa\u00f1a,\u00a0Alfonso Dastis, acordaron este mi\u00e9rcoles en una reuni\u00f3n que &hellip; Venezuela y Espa\u00f1a trabajar\u00e1n para desarrollar buenas relaciones diplom\u00e1ticasRead more\" \/>\n<meta property=\"og:url\" content=\"https:\/\/www.mpppst.gob.ve\/mpppstweb\/index.php\/2017\/09\/13\/venezuela-y-espana-trabajaran-para-desarrollar-buenas-relaciones-diplomaticas\/\" \/>\n<meta property=\"og:site_name\" content=\"MPPPST\" \/>\n<meta property=\"article:published_time\" content=\"2017-09-13T17:27:46+00:00\" \/>\n<meta property=\"og:image\" content=\"https:\/\/www.mpppst.gob.ve\/mpppstweb\/wp-content\/uploads\/2017\/09\/Arreaza-dastis.jpg\" \/>\n\t<meta property=\"og:image:width\" content=\"800\" \/>\n\t<meta property=\"og:image:height\" content=\"445\" \/>\n\t<meta property=\"og:image:type\" content=\"image\/jpeg\" \/>\n<meta name=\"author\" content=\"MPPPST Prensa\" \/>\n<meta name=\"twitter:card\" content=\"summary_large_image\" \/>\n<meta name=\"twitter:label1\" content=\"Escrito por\" \/>\n\t<meta name=\"twitter:data1\" content=\"MPPPST Prensa\" \/>\n\t<meta name=\"twitter:label2\" content=\"Tiempo de lectura\" \/>\n\t<meta name=\"twitter:data2\" content=\"2 minutos\" \/>\n<script type=\"application\/ld+json\" class=\"yoast-schema-graph\">{\"@context\":\"https:\/\/schema.org\",\"@graph\":[{\"@type\":\"Article\",\"@id\":\"https:\/\/www.mpppst.gob.ve\/mpppstweb\/index.php\/2017\/09\/13\/venezuela-y-espana-trabajaran-para-desarrollar-buenas-relaciones-diplomaticas\/#article\",\"isPartOf\":{\"@id\":\"https:\/\/www.mpppst.gob.ve\/mpppstweb\/index.php\/2017\/09\/13\/venezuela-y-espana-trabajaran-para-desarrollar-buenas-relaciones-diplomaticas\/\"},\"author\":{\"name\":\"MPPPST Prensa\",\"@id\":\"https:\/\/www.mpppst.gob.ve\/mpppstweb\/#\/schema\/person\/fc187ee8ead412bd4c9304b62f900ea4\"},\"headline\":\"Venezuela y Espa\u00f1a trabajar\u00e1n para desarrollar buenas relaciones diplom\u00e1ticas\",\"datePublished\":\"2017-09-13T17:27:46+00:00\",\"dateModified\":\"2017-09-13T17:27:46+00:00\",\"mainEntityOfPage\":{\"@id\":\"https:\/\/www.mpppst.gob.ve\/mpppstweb\/index.php\/2017\/09\/13\/venezuela-y-espana-trabajaran-para-desarrollar-buenas-relaciones-diplomaticas\/\"},\"wordCount\":424,\"publisher\":{\"@id\":\"https:\/\/www.mpppst.gob.ve\/mpppstweb\/#organization\"},\"image\":{\"@id\":\"https:\/\/www.mpppst.gob.ve\/mpppstweb\/index.php\/2017\/09\/13\/venezuela-y-espana-trabajaran-para-desarrollar-buenas-relaciones-diplomaticas\/#primaryimage\"},\"thumbnailUrl\":\"https:\/\/www.mpppst.gob.ve\/mpppstweb\/wp-content\/uploads\/2017\/09\/Arreaza-dastis.jpg\",\"articleSection\":[\"Gobierno Nacional\",\"Noticias\"],\"inLanguage\":\"es\"},{\"@type\":\"WebPage\",\"@id\":\"https:\/\/www.mpppst.gob.ve\/mpppstweb\/index.php\/2017\/09\/13\/venezuela-y-espana-trabajaran-para-desarrollar-buenas-relaciones-diplomaticas\/\",\"url\":\"https:\/\/www.mpppst.gob.ve\/mpppstweb\/index.php\/2017\/09\/13\/venezuela-y-espana-trabajaran-para-desarrollar-buenas-relaciones-diplomaticas\/\",\"name\":\"Venezuela y Espa\u00f1a trabajar\u00e1n para desarrollar buenas relaciones diplom\u00e1ticas - MPPPST\",\"isPartOf\":{\"@id\":\"https:\/\/www.mpppst.gob.ve\/mpppstweb\/#website\"},\"primaryImageOfPage\":{\"@id\":\"https:\/\/www.mpppst.gob.ve\/mpppstweb\/index.php\/2017\/09\/13\/venezuela-y-espana-trabajaran-para-desarrollar-buenas-relaciones-diplomaticas\/#primaryimage\"},\"image\":{\"@id\":\"https:\/\/www.mpppst.gob.ve\/mpppstweb\/index.php\/2017\/09\/13\/venezuela-y-espana-trabajaran-para-desarrollar-buenas-relaciones-diplomaticas\/#primaryimage\"},\"thumbnailUrl\":\"https:\/\/www.mpppst.gob.ve\/mpppstweb\/wp-content\/uploads\/2017\/09\/Arreaza-dastis.jpg\",\"datePublished\":\"2017-09-13T17:27:46+00:00\",\"dateModified\":\"2017-09-13T17:27:46+00:00\",\"breadcrumb\":{\"@id\":\"https:\/\/www.mpppst.gob.ve\/mpppstweb\/index.php\/2017\/09\/13\/venezuela-y-espana-trabajaran-para-desarrollar-buenas-relaciones-diplomaticas\/#breadcrumb\"},\"inLanguage\":\"es\",\"potentialAction\":[{\"@type\":\"ReadAction\",\"target\":[\"https:\/\/www.mpppst.gob.ve\/mpppstweb\/index.php\/2017\/09\/13\/venezuela-y-espana-trabajaran-para-desarrollar-buenas-relaciones-diplomaticas\/\"]}]},{\"@type\":\"ImageObject\",\"inLanguage\":\"es\",\"@id\":\"https:\/\/www.mpppst.gob.ve\/mpppstweb\/index.php\/2017\/09\/13\/venezuela-y-espana-trabajaran-para-desarrollar-buenas-relaciones-diplomaticas\/#primaryimage\",\"url\":\"https:\/\/www.mpppst.gob.ve\/mpppstweb\/wp-content\/uploads\/2017\/09\/Arreaza-dastis.jpg\",\"contentUrl\":\"https:\/\/www.mpppst.gob.ve\/mpppstweb\/wp-content\/uploads\/2017\/09\/Arreaza-dastis.jpg\",\"width\":800,\"height\":445},{\"@type\":\"BreadcrumbList\",\"@id\":\"https:\/\/www.mpppst.gob.ve\/mpppstweb\/index.php\/2017\/09\/13\/venezuela-y-espana-trabajaran-para-desarrollar-buenas-relaciones-diplomaticas\/#breadcrumb\",\"itemListElement\":[{\"@type\":\"ListItem\",\"position\":1,\"name\":\"Home\",\"item\":\"https:\/\/www.mpppst.gob.ve\/mpppstweb\/\"},{\"@type\":\"ListItem\",\"position\":2,\"name\":\"Venezuela y Espa\u00f1a trabajar\u00e1n para desarrollar buenas relaciones diplom\u00e1ticas\"}]},{\"@type\":\"WebSite\",\"@id\":\"https:\/\/www.mpppst.gob.ve\/mpppstweb\/#website\",\"url\":\"https:\/\/www.mpppst.gob.ve\/mpppstweb\/\",\"name\":\"MPPPST\",\"description\":\"Ministerio del Poder Popular para el Proceso Social de Trabajo\",\"publisher\":{\"@id\":\"https:\/\/www.mpppst.gob.ve\/mpppstweb\/#organization\"},\"potentialAction\":[{\"@type\":\"SearchAction\",\"target\":{\"@type\":\"EntryPoint\",\"urlTemplate\":\"https:\/\/www.mpppst.gob.ve\/mpppstweb\/?s={search_term_string}\"},\"query-input\":\"required name=search_term_string\"}],\"inLanguage\":\"es\"},{\"@type\":\"Organization\",\"@id\":\"https:\/\/www.mpppst.gob.ve\/mpppstweb\/#organization\",\"name\":\"mpppst\",\"url\":\"https:\/\/www.mpppst.gob.ve\/mpppstweb\/\",\"logo\":{\"@type\":\"ImageObject\",\"inLanguage\":\"es\",\"@id\":\"https:\/\/www.mpppst.gob.ve\/mpppstweb\/#\/schema\/logo\/image\/\",\"url\":\"https:\/\/www.mpppst.gob.ve\/mpppstweb\/wp-content\/uploads\/2025\/07\/cropped-cropped-g910.png\",\"contentUrl\":\"https:\/\/www.mpppst.gob.ve\/mpppstweb\/wp-content\/uploads\/2025\/07\/cropped-cropped-g910.png\",\"width\":1080,\"height\":241,\"caption\":\"mpppst\"},\"image\":{\"@id\":\"https:\/\/www.mpppst.gob.ve\/mpppstweb\/#\/schema\/logo\/image\/\"}},{\"@type\":\"Person\",\"@id\":\"https:\/\/www.mpppst.gob.ve\/mpppstweb\/#\/schema\/person\/fc187ee8ead412bd4c9304b62f900ea4\",\"name\":\"MPPPST Prensa\",\"url\":\"https:\/\/www.mpppst.gob.ve\/mpppstweb\/index.php\/author\/prensa-mpppst\/\"}]}<\/script>\n<!-- \/ Yoast SEO plugin. -->","yoast_head_json":{"title":"Venezuela y Espa\u00f1a trabajar\u00e1n para desarrollar buenas relaciones diplom\u00e1ticas - MPPPST","robots":{"index":"index","follow":"follow","max-snippet":"max-snippet:-1","max-image-preview":"max-image-preview:large","max-video-preview":"max-video-preview:-1"},"canonical":"https:\/\/www.mpppst.gob.ve\/mpppstweb\/index.php\/2017\/09\/13\/venezuela-y-espana-trabajaran-para-desarrollar-buenas-relaciones-diplomaticas\/","og_locale":"es_ES","og_type":"article","og_title":"Venezuela y Espa\u00f1a trabajar\u00e1n para desarrollar buenas relaciones diplom\u00e1ticas - MPPPST","og_description":"Minci Los Cancilleres de Venezuela,\u00a0Jorge Arreaza,\u00a0y de Espa\u00f1a,\u00a0Alfonso Dastis, acordaron este mi\u00e9rcoles en una reuni\u00f3n que &hellip; Venezuela y Espa\u00f1a trabajar\u00e1n para desarrollar buenas relaciones diplom\u00e1ticasRead more","og_url":"https:\/\/www.mpppst.gob.ve\/mpppstweb\/index.php\/2017\/09\/13\/venezuela-y-espana-trabajaran-para-desarrollar-buenas-relaciones-diplomaticas\/","og_site_name":"MPPPST","article_published_time":"2017-09-13T17:27:46+00:00","og_image":[{"width":800,"height":445,"url":"https:\/\/www.mpppst.gob.ve\/mpppstweb\/wp-content\/uploads\/2017\/09\/Arreaza-dastis.jpg","type":"image\/jpeg"}],"author":"MPPPST Prensa","twitter_card":"summary_large_image","twitter_misc":{"Escrito por":"MPPPST Prensa","Tiempo de lectura":"2 minutos"},"schema":{"@context":"https:\/\/schema.org","@graph":[{"@type":"Article","@id":"https:\/\/www.mpppst.gob.ve\/mpppstweb\/index.php\/2017\/09\/13\/venezuela-y-espana-trabajaran-para-desarrollar-buenas-relaciones-diplomaticas\/#article","isPartOf":{"@id":"https:\/\/www.mpppst.gob.ve\/mpppstweb\/index.php\/2017\/09\/13\/venezuela-y-espana-trabajaran-para-desarrollar-buenas-relaciones-diplomaticas\/"},"author":{"name":"MPPPST Prensa","@id":"https:\/\/www.mpppst.gob.ve\/mpppstweb\/#\/schema\/person\/fc187ee8ead412bd4c9304b62f900ea4"},"headline":"Venezuela y Espa\u00f1a trabajar\u00e1n para desarrollar buenas relaciones diplom\u00e1ticas","datePublished":"2017-09-13T17:27:46+00:00","dateModified":"2017-09-13T17:27:46+00:00","mainEntityOfPage":{"@id":"https:\/\/www.mpppst.gob.ve\/mpppstweb\/index.php\/2017\/09\/13\/venezuela-y-espana-trabajaran-para-desarrollar-buenas-relaciones-diplomaticas\/"},"wordCount":424,"publisher":{"@id":"https:\/\/www.mpppst.gob.ve\/mpppstweb\/#organization"},"image":{"@id":"https:\/\/www.mpppst.gob.ve\/mpppstweb\/index.php\/2017\/09\/13\/venezuela-y-espana-trabajaran-para-desarrollar-buenas-relaciones-diplomaticas\/#primaryimage"},"thumbnailUrl":"https:\/\/www.mpppst.gob.ve\/mpppstweb\/wp-content\/uploads\/2017\/09\/Arreaza-dastis.jpg","articleSection":["Gobierno Nacional","Noticias"],"inLanguage":"es"},{"@type":"WebPage","@id":"https:\/\/www.mpppst.gob.ve\/mpppstweb\/index.php\/2017\/09\/13\/venezuela-y-espana-trabajaran-para-desarrollar-buenas-relaciones-diplomaticas\/","url":"https:\/\/www.mpppst.gob.ve\/mpppstweb\/index.php\/2017\/09\/13\/venezuela-y-espana-trabajaran-para-desarrollar-buenas-relaciones-diplomaticas\/","name":"Venezuela y Espa\u00f1a trabajar\u00e1n para desarrollar buenas relaciones diplom\u00e1ticas - MPPPST","isPartOf":{"@id":"https:\/\/www.mpppst.gob.ve\/mpppstweb\/#website"},"primaryImageOfPage":{"@id":"https:\/\/www.mpppst.gob.ve\/mpppstweb\/index.php\/2017\/09\/13\/venezuela-y-espana-trabajaran-para-desarrollar-buenas-relaciones-diplomaticas\/#primaryimage"},"image":{"@id":"https:\/\/www.mpppst.gob.ve\/mpppstweb\/index.php\/2017\/09\/13\/venezuela-y-espana-trabajaran-para-desarrollar-buenas-relaciones-diplomaticas\/#primaryimage"},"thumbnailUrl":"https:\/\/www.mpppst.gob.ve\/mpppstweb\/wp-content\/uploads\/2017\/09\/Arreaza-dastis.jpg","datePublished":"2017-09-13T17:27:46+00:00","dateModified":"2017-09-13T17:27:46+00:00","breadcrumb":{"@id":"https:\/\/www.mpppst.gob.ve\/mpppstweb\/index.php\/2017\/09\/13\/venezuela-y-espana-trabajaran-para-desarrollar-buenas-relaciones-diplomaticas\/#breadcrumb"},"inLanguage":"es","potentialAction":[{"@type":"ReadAction","target":["https:\/\/www.mpppst.gob.ve\/mpppstweb\/index.php\/2017\/09\/13\/venezuela-y-espana-trabajaran-para-desarrollar-buenas-relaciones-diplomaticas\/"]}]},{"@type":"ImageObject","inLanguage":"es","@id":"https:\/\/www.mpppst.gob.ve\/mpppstweb\/index.php\/2017\/09\/13\/venezuela-y-espana-trabajaran-para-desarrollar-buenas-relaciones-diplomaticas\/#primaryimage","url":"https:\/\/www.mpppst.gob.ve\/mpppstweb\/wp-content\/uploads\/2017\/09\/Arreaza-dastis.jpg","contentUrl":"https:\/\/www.mpppst.gob.ve\/mpppstweb\/wp-content\/uploads\/2017\/09\/Arreaza-dastis.jpg","width":800,"height":445},{"@type":"BreadcrumbList","@id":"https:\/\/www.mpppst.gob.ve\/mpppstweb\/index.php\/2017\/09\/13\/venezuela-y-espana-trabajaran-para-desarrollar-buenas-relaciones-diplomaticas\/#breadcrumb","itemListElement":[{"@type":"ListItem","position":1,"name":"Home","item":"https:\/\/www.mpppst.gob.ve\/mpppstweb\/"},{"@type":"ListItem","position":2,"name":"Venezuela y Espa\u00f1a trabajar\u00e1n para desarrollar buenas relaciones diplom\u00e1ticas"}]},{"@type":"WebSite","@id":"https:\/\/www.mpppst.gob.ve\/mpppstweb\/#website","url":"https:\/\/www.mpppst.gob.ve\/mpppstweb\/","name":"MPPPST","description":"Ministerio del Poder Popular para el Proceso Social de Trabajo","publisher":{"@id":"https:\/\/www.mpppst.gob.ve\/mpppstweb\/#organization"},"potentialAction":[{"@type":"SearchAction","target":{"@type":"EntryPoint","urlTemplate":"https:\/\/www.mpppst.gob.ve\/mpppstweb\/?s={search_term_string}"},"query-input":"required name=search_term_string"}],"inLanguage":"es"},{"@type":"Organization","@id":"https:\/\/www.mpppst.gob.ve\/mpppstweb\/#organization","name":"mpppst","url":"https:\/\/www.mpppst.gob.ve\/mpppstweb\/","logo":{"@type":"ImageObject","inLanguage":"es","@id":"https:\/\/www.mpppst.gob.ve\/mpppstweb\/#\/schema\/logo\/image\/","url":"https:\/\/www.mpppst.gob.ve\/mpppstweb\/wp-content\/uploads\/2025\/07\/cropped-cropped-g910.png","contentUrl":"https:\/\/www.mpppst.gob.ve\/mpppstweb\/wp-content\/uploads\/2025\/07\/cropped-cropped-g910.png","width":1080,"height":241,"caption":"mpppst"},"image":{"@id":"https:\/\/www.mpppst.gob.ve\/mpppstweb\/#\/schema\/logo\/image\/"}},{"@type":"Person","@id":"https:\/\/www.mpppst.gob.ve\/mpppstweb\/#\/schema\/person\/fc187ee8ead412bd4c9304b62f900ea4","name":"MPPPST Prensa","url":"https:\/\/www.mpppst.gob.ve\/mpppstweb\/index.php\/author\/prensa-mpppst\/"}]}},"_links":{"self":[{"href":"https:\/\/www.mpppst.gob.ve\/mpppstweb\/index.php\/wp-json\/wp\/v2\/posts\/12726"}],"collection":[{"href":"https:\/\/www.mpppst.gob.ve\/mpppstweb\/index.php\/wp-json\/wp\/v2\/posts"}],"about":[{"href":"https:\/\/www.mpppst.gob.ve\/mpppstweb\/index.php\/wp-json\/wp\/v2\/types\/post"}],"author":[{"embeddable":true,"href":"https:\/\/www.mpppst.gob.ve\/mpppstweb\/index.php\/wp-json\/wp\/v2\/users\/25"}],"replies":[{"embeddable":true,"href":"https:\/\/www.mpppst.gob.ve\/mpppstweb\/index.php\/wp-json\/wp\/v2\/comments?post=12726"}],"version-history":[{"count":1,"href":"https:\/\/www.mpppst.gob.ve\/mpppstweb\/index.php\/wp-json\/wp\/v2\/posts\/12726\/revisions"}],"predecessor-version":[{"id":12728,"href":"https:\/\/www.mpppst.gob.ve\/mpppstweb\/index.php\/wp-json\/wp\/v2\/posts\/12726\/revisions\/12728"}],"wp:featuredmedia":[{"embeddable":true,"href":"https:\/\/www.mpppst.gob.ve\/mpppstweb\/index.php\/wp-json\/wp\/v2\/media\/12727"}],"wp:attachment":[{"href":"https:\/\/www.mpppst.gob.ve\/mpppstweb\/index.php\/wp-json\/wp\/v2\/media?parent=12726"}],"wp:term":[{"taxonomy":"category","embeddable":true,"href":"https:\/\/www.mpppst.gob.ve\/mpppstweb\/index.php\/wp-json\/wp\/v2\/categories?post=12726"},{"taxonomy":"post_tag","embeddable":true,"href":"https:\/\/www.mpppst.gob.ve\/mpppstweb\/index.php\/wp-json\/wp\/v2\/tags?post=12726"}],"curies":[{"name":"wp","href":"https:\/\/api.w.org\/{rel}","templated":true}]}}