{"id":12729,"date":"2017-09-13T15:19:49","date_gmt":"2017-09-13T19:19:49","guid":{"rendered":"http:\/\/www.mpppst.gob.ve\/mpppstweb\/?p=12729"},"modified":"2017-09-13T15:19:49","modified_gmt":"2017-09-13T19:19:49","slug":"instalada-mesa-negociadora-para-la-discusion-del-contrato-colectivo-de-pdvsa","status":"publish","type":"post","link":"https:\/\/www.mpppst.gob.ve\/mpppstweb\/index.php\/2017\/09\/13\/instalada-mesa-negociadora-para-la-discusion-del-contrato-colectivo-de-pdvsa\/","title":{"rendered":"Instalada mesa negociadora para la discusi\u00f3n del contrato colectivo de PDVSA"},"content":{"rendered":"<p>En el Ministerio del Poder Popular para el Proceso Social del Trabajo, se llev\u00f3 a cabo una reuni\u00f3n para iniciar el proceso de instalaci\u00f3n \u00a0de la mesa de negociaci\u00f3n para discutir \u00a0el contrato colectivo de los trabajadores de PDVSA, dicho encuentro estuvo presidido por la Viceministra de Derechos Laborales del MPPPST Leninna Galindo, el presidente de la Federaci\u00f3n Unitaria de Trabajadores Petroleros de Venezuela (Futpv) Wills Rangel y dem\u00e1s trabajadores que conforman el sindicato de trabajadores de PDVSA.<\/p>\n<p>Rangel destac\u00f3 que han dado un gran paso y \u00a0es gracias a la Revoluci\u00f3n bolivariana, adem\u00e1s dej\u00f3 claro que para el gobierno y el presidente Nicol\u00e1s Maduro, el salario y la protecci\u00f3n a la familia es primordial.<\/p>\n<p>Asimismo manifest\u00f3: \u201cnosotros tenemos una responsabilidad por ser la vanguardia del sector Trabajadores de Venezuela \u00a0y\u00a0 nuestro deber es producir para derrotar la guerra econ\u00f3mica.<\/p>\n<p>\u201cDebemos estar m\u00e1s unidos y ser m\u00e1s solidarios que nunca en este momento que el pa\u00eds y le presidente Maduro nos necesitan\u201d puntualiz\u00f3 Wills Rangel.<\/p>\n","protected":false},"excerpt":{"rendered":"<p>En el Ministerio del Poder Popular para el Proceso Social del Trabajo, se llev\u00f3 a cabo &hellip; <a title=\"Instalada mesa negociadora para la discusi\u00f3n del contrato colectivo de PDVSA\" class=\"hm-read-more\" href=\"https:\/\/www.mpppst.gob.ve\/mpppstweb\/index.php\/2017\/09\/13\/instalada-mesa-negociadora-para-la-discusion-del-contrato-colectivo-de-pdvsa\/\"><span class=\"screen-reader-text\">Instalada mesa negociadora para la discusi\u00f3n del contrato colectivo de PDVSA<\/span>Read more<\/a><\/p>\n","protected":false},"author":25,"featured_media":12730,"comment_status":"closed","ping_status":"closed","sticky":false,"template":"","format":"standard","meta":{"footnotes":""},"categories":[82,163],"tags":[],"yoast_head":"<!-- This site is optimized with the Yoast SEO plugin v22.5 - https:\/\/yoast.com\/wordpress\/plugins\/seo\/ -->\n<title>Instalada mesa negociadora para la discusi\u00f3n del contrato colectivo de PDVSA - MPPPST<\/title>\n<meta name=\"robots\" content=\"index, follow, max-snippet:-1, max-image-preview:large, max-video-preview:-1\" \/>\n<link rel=\"canonical\" href=\"https:\/\/www.mpppst.gob.ve\/mpppstweb\/index.php\/2017\/09\/13\/instalada-mesa-negociadora-para-la-discusion-del-contrato-colectivo-de-pdvsa\/\" \/>\n<meta property=\"og:locale\" content=\"es_ES\" \/>\n<meta property=\"og:type\" content=\"article\" \/>\n<meta property=\"og:title\" content=\"Instalada mesa negociadora para la discusi\u00f3n del contrato colectivo de PDVSA - MPPPST\" \/>\n<meta property=\"og:description\" content=\"En el Ministerio del Poder Popular para el Proceso Social del Trabajo, se llev\u00f3 a cabo &hellip; Instalada mesa negociadora para la discusi\u00f3n del contrato colectivo de PDVSARead more\" \/>\n<meta property=\"og:url\" content=\"https:\/\/www.mpppst.gob.ve\/mpppstweb\/index.php\/2017\/09\/13\/instalada-mesa-negociadora-para-la-discusion-del-contrato-colectivo-de-pdvsa\/\" \/>\n<meta property=\"og:site_name\" content=\"MPPPST\" \/>\n<meta property=\"article:published_time\" content=\"2017-09-13T19:19:49+00:00\" \/>\n<meta property=\"og:image\" content=\"https:\/\/www.mpppst.gob.ve\/mpppstweb\/wp-content\/uploads\/2017\/09\/800x445-pdvsa.jpg\" \/>\n\t<meta property=\"og:image:width\" content=\"800\" \/>\n\t<meta property=\"og:image:height\" content=\"445\" \/>\n\t<meta property=\"og:image:type\" content=\"image\/jpeg\" \/>\n<meta name=\"author\" content=\"MPPPST Prensa\" \/>\n<meta name=\"twitter:card\" content=\"summary_large_image\" \/>\n<meta name=\"twitter:label1\" content=\"Escrito por\" \/>\n\t<meta name=\"twitter:data1\" content=\"MPPPST Prensa\" \/>\n\t<meta name=\"twitter:label2\" content=\"Tiempo de lectura\" \/>\n\t<meta name=\"twitter:data2\" content=\"1 minuto\" \/>\n<script type=\"application\/ld+json\" class=\"yoast-schema-graph\">{\"@context\":\"https:\/\/schema.org\",\"@graph\":[{\"@type\":\"Article\",\"@id\":\"https:\/\/www.mpppst.gob.ve\/mpppstweb\/index.php\/2017\/09\/13\/instalada-mesa-negociadora-para-la-discusion-del-contrato-colectivo-de-pdvsa\/#article\",\"isPartOf\":{\"@id\":\"https:\/\/www.mpppst.gob.ve\/mpppstweb\/index.php\/2017\/09\/13\/instalada-mesa-negociadora-para-la-discusion-del-contrato-colectivo-de-pdvsa\/\"},\"author\":{\"name\":\"MPPPST Prensa\",\"@id\":\"https:\/\/www.mpppst.gob.ve\/mpppstweb\/#\/schema\/person\/fc187ee8ead412bd4c9304b62f900ea4\"},\"headline\":\"Instalada mesa negociadora para la discusi\u00f3n del contrato colectivo de PDVSA\",\"datePublished\":\"2017-09-13T19:19:49+00:00\",\"dateModified\":\"2017-09-13T19:19:49+00:00\",\"mainEntityOfPage\":{\"@id\":\"https:\/\/www.mpppst.gob.ve\/mpppstweb\/index.php\/2017\/09\/13\/instalada-mesa-negociadora-para-la-discusion-del-contrato-colectivo-de-pdvsa\/\"},\"wordCount\":190,\"publisher\":{\"@id\":\"https:\/\/www.mpppst.gob.ve\/mpppstweb\/#organization\"},\"image\":{\"@id\":\"https:\/\/www.mpppst.gob.ve\/mpppstweb\/index.php\/2017\/09\/13\/instalada-mesa-negociadora-para-la-discusion-del-contrato-colectivo-de-pdvsa\/#primaryimage\"},\"thumbnailUrl\":\"https:\/\/www.mpppst.gob.ve\/mpppstweb\/wp-content\/uploads\/2017\/09\/800x445-pdvsa.jpg\",\"articleSection\":[\"Gobierno Nacional\",\"Noticias\"],\"inLanguage\":\"es\"},{\"@type\":\"WebPage\",\"@id\":\"https:\/\/www.mpppst.gob.ve\/mpppstweb\/index.php\/2017\/09\/13\/instalada-mesa-negociadora-para-la-discusion-del-contrato-colectivo-de-pdvsa\/\",\"url\":\"https:\/\/www.mpppst.gob.ve\/mpppstweb\/index.php\/2017\/09\/13\/instalada-mesa-negociadora-para-la-discusion-del-contrato-colectivo-de-pdvsa\/\",\"name\":\"Instalada mesa negociadora para la discusi\u00f3n del contrato colectivo de PDVSA - MPPPST\",\"isPartOf\":{\"@id\":\"https:\/\/www.mpppst.gob.ve\/mpppstweb\/#website\"},\"primaryImageOfPage\":{\"@id\":\"https:\/\/www.mpppst.gob.ve\/mpppstweb\/index.php\/2017\/09\/13\/instalada-mesa-negociadora-para-la-discusion-del-contrato-colectivo-de-pdvsa\/#primaryimage\"},\"image\":{\"@id\":\"https:\/\/www.mpppst.gob.ve\/mpppstweb\/index.php\/2017\/09\/13\/instalada-mesa-negociadora-para-la-discusion-del-contrato-colectivo-de-pdvsa\/#primaryimage\"},\"thumbnailUrl\":\"https:\/\/www.mpppst.gob.ve\/mpppstweb\/wp-content\/uploads\/2017\/09\/800x445-pdvsa.jpg\",\"datePublished\":\"2017-09-13T19:19:49+00:00\",\"dateModified\":\"2017-09-13T19:19:49+00:00\",\"breadcrumb\":{\"@id\":\"https:\/\/www.mpppst.gob.ve\/mpppstweb\/index.php\/2017\/09\/13\/instalada-mesa-negociadora-para-la-discusion-del-contrato-colectivo-de-pdvsa\/#breadcrumb\"},\"inLanguage\":\"es\",\"potentialAction\":[{\"@type\":\"ReadAction\",\"target\":[\"https:\/\/www.mpppst.gob.ve\/mpppstweb\/index.php\/2017\/09\/13\/instalada-mesa-negociadora-para-la-discusion-del-contrato-colectivo-de-pdvsa\/\"]}]},{\"@type\":\"ImageObject\",\"inLanguage\":\"es\",\"@id\":\"https:\/\/www.mpppst.gob.ve\/mpppstweb\/index.php\/2017\/09\/13\/instalada-mesa-negociadora-para-la-discusion-del-contrato-colectivo-de-pdvsa\/#primaryimage\",\"url\":\"https:\/\/www.mpppst.gob.ve\/mpppstweb\/wp-content\/uploads\/2017\/09\/800x445-pdvsa.jpg\",\"contentUrl\":\"https:\/\/www.mpppst.gob.ve\/mpppstweb\/wp-content\/uploads\/2017\/09\/800x445-pdvsa.jpg\",\"width\":800,\"height\":445},{\"@type\":\"BreadcrumbList\",\"@id\":\"https:\/\/www.mpppst.gob.ve\/mpppstweb\/index.php\/2017\/09\/13\/instalada-mesa-negociadora-para-la-discusion-del-contrato-colectivo-de-pdvsa\/#breadcrumb\",\"itemListElement\":[{\"@type\":\"ListItem\",\"position\":1,\"name\":\"Home\",\"item\":\"https:\/\/www.mpppst.gob.ve\/mpppstweb\/\"},{\"@type\":\"ListItem\",\"position\":2,\"name\":\"Instalada mesa negociadora para la discusi\u00f3n del contrato colectivo de PDVSA\"}]},{\"@type\":\"WebSite\",\"@id\":\"https:\/\/www.mpppst.gob.ve\/mpppstweb\/#website\",\"url\":\"https:\/\/www.mpppst.gob.ve\/mpppstweb\/\",\"name\":\"MPPPST\",\"description\":\"Ministerio del Poder Popular para el Proceso Social de Trabajo\",\"publisher\":{\"@id\":\"https:\/\/www.mpppst.gob.ve\/mpppstweb\/#organization\"},\"potentialAction\":[{\"@type\":\"SearchAction\",\"target\":{\"@type\":\"EntryPoint\",\"urlTemplate\":\"https:\/\/www.mpppst.gob.ve\/mpppstweb\/?s={search_term_string}\"},\"query-input\":\"required name=search_term_string\"}],\"inLanguage\":\"es\"},{\"@type\":\"Organization\",\"@id\":\"https:\/\/www.mpppst.gob.ve\/mpppstweb\/#organization\",\"name\":\"mpppst\",\"url\":\"https:\/\/www.mpppst.gob.ve\/mpppstweb\/\",\"logo\":{\"@type\":\"ImageObject\",\"inLanguage\":\"es\",\"@id\":\"https:\/\/www.mpppst.gob.ve\/mpppstweb\/#\/schema\/logo\/image\/\",\"url\":\"https:\/\/www.mpppst.gob.ve\/mpppstweb\/wp-content\/uploads\/2025\/07\/cropped-cropped-g910.png\",\"contentUrl\":\"https:\/\/www.mpppst.gob.ve\/mpppstweb\/wp-content\/uploads\/2025\/07\/cropped-cropped-g910.png\",\"width\":1080,\"height\":241,\"caption\":\"mpppst\"},\"image\":{\"@id\":\"https:\/\/www.mpppst.gob.ve\/mpppstweb\/#\/schema\/logo\/image\/\"}},{\"@type\":\"Person\",\"@id\":\"https:\/\/www.mpppst.gob.ve\/mpppstweb\/#\/schema\/person\/fc187ee8ead412bd4c9304b62f900ea4\",\"name\":\"MPPPST Prensa\",\"url\":\"https:\/\/www.mpppst.gob.ve\/mpppstweb\/index.php\/author\/prensa-mpppst\/\"}]}<\/script>\n<!-- \/ Yoast SEO plugin. -->","yoast_head_json":{"title":"Instalada mesa negociadora para la discusi\u00f3n del contrato colectivo de PDVSA - MPPPST","robots":{"index":"index","follow":"follow","max-snippet":"max-snippet:-1","max-image-preview":"max-image-preview:large","max-video-preview":"max-video-preview:-1"},"canonical":"https:\/\/www.mpppst.gob.ve\/mpppstweb\/index.php\/2017\/09\/13\/instalada-mesa-negociadora-para-la-discusion-del-contrato-colectivo-de-pdvsa\/","og_locale":"es_ES","og_type":"article","og_title":"Instalada mesa negociadora para la discusi\u00f3n del contrato colectivo de PDVSA - MPPPST","og_description":"En el Ministerio del Poder Popular para el Proceso Social del Trabajo, se llev\u00f3 a cabo &hellip; Instalada mesa negociadora para la discusi\u00f3n del contrato colectivo de PDVSARead more","og_url":"https:\/\/www.mpppst.gob.ve\/mpppstweb\/index.php\/2017\/09\/13\/instalada-mesa-negociadora-para-la-discusion-del-contrato-colectivo-de-pdvsa\/","og_site_name":"MPPPST","article_published_time":"2017-09-13T19:19:49+00:00","og_image":[{"width":800,"height":445,"url":"https:\/\/www.mpppst.gob.ve\/mpppstweb\/wp-content\/uploads\/2017\/09\/800x445-pdvsa.jpg","type":"image\/jpeg"}],"author":"MPPPST Prensa","twitter_card":"summary_large_image","twitter_misc":{"Escrito por":"MPPPST Prensa","Tiempo de lectura":"1 minuto"},"schema":{"@context":"https:\/\/schema.org","@graph":[{"@type":"Article","@id":"https:\/\/www.mpppst.gob.ve\/mpppstweb\/index.php\/2017\/09\/13\/instalada-mesa-negociadora-para-la-discusion-del-contrato-colectivo-de-pdvsa\/#article","isPartOf":{"@id":"https:\/\/www.mpppst.gob.ve\/mpppstweb\/index.php\/2017\/09\/13\/instalada-mesa-negociadora-para-la-discusion-del-contrato-colectivo-de-pdvsa\/"},"author":{"name":"MPPPST Prensa","@id":"https:\/\/www.mpppst.gob.ve\/mpppstweb\/#\/schema\/person\/fc187ee8ead412bd4c9304b62f900ea4"},"headline":"Instalada mesa negociadora para la discusi\u00f3n del contrato colectivo de PDVSA","datePublished":"2017-09-13T19:19:49+00:00","dateModified":"2017-09-13T19:19:49+00:00","mainEntityOfPage":{"@id":"https:\/\/www.mpppst.gob.ve\/mpppstweb\/index.php\/2017\/09\/13\/instalada-mesa-negociadora-para-la-discusion-del-contrato-colectivo-de-pdvsa\/"},"wordCount":190,"publisher":{"@id":"https:\/\/www.mpppst.gob.ve\/mpppstweb\/#organization"},"image":{"@id":"https:\/\/www.mpppst.gob.ve\/mpppstweb\/index.php\/2017\/09\/13\/instalada-mesa-negociadora-para-la-discusion-del-contrato-colectivo-de-pdvsa\/#primaryimage"},"thumbnailUrl":"https:\/\/www.mpppst.gob.ve\/mpppstweb\/wp-content\/uploads\/2017\/09\/800x445-pdvsa.jpg","articleSection":["Gobierno Nacional","Noticias"],"inLanguage":"es"},{"@type":"WebPage","@id":"https:\/\/www.mpppst.gob.ve\/mpppstweb\/index.php\/2017\/09\/13\/instalada-mesa-negociadora-para-la-discusion-del-contrato-colectivo-de-pdvsa\/","url":"https:\/\/www.mpppst.gob.ve\/mpppstweb\/index.php\/2017\/09\/13\/instalada-mesa-negociadora-para-la-discusion-del-contrato-colectivo-de-pdvsa\/","name":"Instalada mesa negociadora para la discusi\u00f3n del contrato colectivo de PDVSA - MPPPST","isPartOf":{"@id":"https:\/\/www.mpppst.gob.ve\/mpppstweb\/#website"},"primaryImageOfPage":{"@id":"https:\/\/www.mpppst.gob.ve\/mpppstweb\/index.php\/2017\/09\/13\/instalada-mesa-negociadora-para-la-discusion-del-contrato-colectivo-de-pdvsa\/#primaryimage"},"image":{"@id":"https:\/\/www.mpppst.gob.ve\/mpppstweb\/index.php\/2017\/09\/13\/instalada-mesa-negociadora-para-la-discusion-del-contrato-colectivo-de-pdvsa\/#primaryimage"},"thumbnailUrl":"https:\/\/www.mpppst.gob.ve\/mpppstweb\/wp-content\/uploads\/2017\/09\/800x445-pdvsa.jpg","datePublished":"2017-09-13T19:19:49+00:00","dateModified":"2017-09-13T19:19:49+00:00","breadcrumb":{"@id":"https:\/\/www.mpppst.gob.ve\/mpppstweb\/index.php\/2017\/09\/13\/instalada-mesa-negociadora-para-la-discusion-del-contrato-colectivo-de-pdvsa\/#breadcrumb"},"inLanguage":"es","potentialAction":[{"@type":"ReadAction","target":["https:\/\/www.mpppst.gob.ve\/mpppstweb\/index.php\/2017\/09\/13\/instalada-mesa-negociadora-para-la-discusion-del-contrato-colectivo-de-pdvsa\/"]}]},{"@type":"ImageObject","inLanguage":"es","@id":"https:\/\/www.mpppst.gob.ve\/mpppstweb\/index.php\/2017\/09\/13\/instalada-mesa-negociadora-para-la-discusion-del-contrato-colectivo-de-pdvsa\/#primaryimage","url":"https:\/\/www.mpppst.gob.ve\/mpppstweb\/wp-content\/uploads\/2017\/09\/800x445-pdvsa.jpg","contentUrl":"https:\/\/www.mpppst.gob.ve\/mpppstweb\/wp-content\/uploads\/2017\/09\/800x445-pdvsa.jpg","width":800,"height":445},{"@type":"BreadcrumbList","@id":"https:\/\/www.mpppst.gob.ve\/mpppstweb\/index.php\/2017\/09\/13\/instalada-mesa-negociadora-para-la-discusion-del-contrato-colectivo-de-pdvsa\/#breadcrumb","itemListElement":[{"@type":"ListItem","position":1,"name":"Home","item":"https:\/\/www.mpppst.gob.ve\/mpppstweb\/"},{"@type":"ListItem","position":2,"name":"Instalada mesa negociadora para la discusi\u00f3n del contrato colectivo de PDVSA"}]},{"@type":"WebSite","@id":"https:\/\/www.mpppst.gob.ve\/mpppstweb\/#website","url":"https:\/\/www.mpppst.gob.ve\/mpppstweb\/","name":"MPPPST","description":"Ministerio del Poder Popular para el Proceso Social de Trabajo","publisher":{"@id":"https:\/\/www.mpppst.gob.ve\/mpppstweb\/#organization"},"potentialAction":[{"@type":"SearchAction","target":{"@type":"EntryPoint","urlTemplate":"https:\/\/www.mpppst.gob.ve\/mpppstweb\/?s={search_term_string}"},"query-input":"required name=search_term_string"}],"inLanguage":"es"},{"@type":"Organization","@id":"https:\/\/www.mpppst.gob.ve\/mpppstweb\/#organization","name":"mpppst","url":"https:\/\/www.mpppst.gob.ve\/mpppstweb\/","logo":{"@type":"ImageObject","inLanguage":"es","@id":"https:\/\/www.mpppst.gob.ve\/mpppstweb\/#\/schema\/logo\/image\/","url":"https:\/\/www.mpppst.gob.ve\/mpppstweb\/wp-content\/uploads\/2025\/07\/cropped-cropped-g910.png","contentUrl":"https:\/\/www.mpppst.gob.ve\/mpppstweb\/wp-content\/uploads\/2025\/07\/cropped-cropped-g910.png","width":1080,"height":241,"caption":"mpppst"},"image":{"@id":"https:\/\/www.mpppst.gob.ve\/mpppstweb\/#\/schema\/logo\/image\/"}},{"@type":"Person","@id":"https:\/\/www.mpppst.gob.ve\/mpppstweb\/#\/schema\/person\/fc187ee8ead412bd4c9304b62f900ea4","name":"MPPPST Prensa","url":"https:\/\/www.mpppst.gob.ve\/mpppstweb\/index.php\/author\/prensa-mpppst\/"}]}},"_links":{"self":[{"href":"https:\/\/www.mpppst.gob.ve\/mpppstweb\/index.php\/wp-json\/wp\/v2\/posts\/12729"}],"collection":[{"href":"https:\/\/www.mpppst.gob.ve\/mpppstweb\/index.php\/wp-json\/wp\/v2\/posts"}],"about":[{"href":"https:\/\/www.mpppst.gob.ve\/mpppstweb\/index.php\/wp-json\/wp\/v2\/types\/post"}],"author":[{"embeddable":true,"href":"https:\/\/www.mpppst.gob.ve\/mpppstweb\/index.php\/wp-json\/wp\/v2\/users\/25"}],"replies":[{"embeddable":true,"href":"https:\/\/www.mpppst.gob.ve\/mpppstweb\/index.php\/wp-json\/wp\/v2\/comments?post=12729"}],"version-history":[{"count":1,"href":"https:\/\/www.mpppst.gob.ve\/mpppstweb\/index.php\/wp-json\/wp\/v2\/posts\/12729\/revisions"}],"predecessor-version":[{"id":12731,"href":"https:\/\/www.mpppst.gob.ve\/mpppstweb\/index.php\/wp-json\/wp\/v2\/posts\/12729\/revisions\/12731"}],"wp:featuredmedia":[{"embeddable":true,"href":"https:\/\/www.mpppst.gob.ve\/mpppstweb\/index.php\/wp-json\/wp\/v2\/media\/12730"}],"wp:attachment":[{"href":"https:\/\/www.mpppst.gob.ve\/mpppstweb\/index.php\/wp-json\/wp\/v2\/media?parent=12729"}],"wp:term":[{"taxonomy":"category","embeddable":true,"href":"https:\/\/www.mpppst.gob.ve\/mpppstweb\/index.php\/wp-json\/wp\/v2\/categories?post=12729"},{"taxonomy":"post_tag","embeddable":true,"href":"https:\/\/www.mpppst.gob.ve\/mpppstweb\/index.php\/wp-json\/wp\/v2\/tags?post=12729"}],"curies":[{"name":"wp","href":"https:\/\/api.w.org\/{rel}","templated":true}]}}