{"id":12738,"date":"2017-09-14T18:14:25","date_gmt":"2017-09-14T22:14:25","guid":{"rendered":"http:\/\/www.mpppst.gob.ve\/mpppstweb\/?p=12738"},"modified":"2017-09-14T18:14:25","modified_gmt":"2017-09-14T22:14:25","slug":"gobierno-y-oposicion-prosiguen-este-jueves-encuentro-para-reimpulsar-el-dialogo","status":"publish","type":"post","link":"https:\/\/www.mpppst.gob.ve\/mpppstweb\/index.php\/2017\/09\/14\/gobierno-y-oposicion-prosiguen-este-jueves-encuentro-para-reimpulsar-el-dialogo\/","title":{"rendered":"Gobierno y oposici\u00f3n prosiguen este jueves encuentro para reimpulsar el di\u00e1logo"},"content":{"rendered":"<p>AVN.- Las\u00a0<strong>conversaciones entre las delegaciones del Gobierno Nacional y de la oposici\u00f3n venezolana\u00a0<\/strong>contin\u00faan este jueves en\u00a0<strong>Rep\u00fablica Dominicana<\/strong>\u00a0con la intermediaci\u00f3n del presidente de esa naci\u00f3n, Danilo Medina, y del exmandatario espa\u00f1ol Jos\u00e9 Luis Rodr\u00edguez Zapatero.<\/p>\n<p>Se espera que en esta reuni\u00f3n, que se lleva a cabo en la Canciller\u00eda de Rep\u00fablica Dominicana y que cuenta con la participaci\u00f3n de delegados de la Organizaci\u00f3n de las Naciones Unidas (ONU), ambas partes logren alcanzar un acuerdo de convivencia que permita superar la crisis en Venezuela.<\/p>\n<p>El\u00a0coordinador de la delegaci\u00f3n del Gobierno Bolivariano,\u00a0<strong>Jorge Rodr\u00edguez<\/strong>, indic\u00f3 este mi\u00e9rcoles, a su llegada a Santo Domingo, que la estabilidad pol\u00edtica y el cese del bloqueo financiero impuesto por el Gobierno de los Estados Unidos (EEUU) contra Venezuela son parte de los puntos a tratar en el encuentro que tiene como objetivo evaluar el impulso de di\u00e1logo entre ambos grupos.<\/p>\n<p>El coordinador de la delegaci\u00f3n del Gobierno Bolivariano agreg\u00f3 que estas acciones contra el pueblo venezolano, solicitadas por algunos actores de derecha y dirigidas por el imperio norteamericano, \u00abhan bloqueado la posibilidad de adquisici\u00f3n de medicamentos, de adquisici\u00f3n de comida\u00bb.<\/p>\n<p>\u00abEstamos en un momento estelar para acercarnos a un acuerdo definitivo\u00bb, manifest\u00f3 Rodr\u00edguez, y agradeci\u00f3 la invitaci\u00f3n del presidente Medina y del exmandatario Zapatero de reanudar el di\u00e1logo entre Gobierno y oposici\u00f3n.<\/p>\n<p>La delegaci\u00f3n del Gobierno est\u00e1 liderada por Jorge Rodr\u00edguez y la presidenta de la Asamblea Nacional Constituyente, Delcy Rodr\u00edguez, acompa\u00f1ados por el ex embajador en la OEA Roy Chaderton Matos. Por la oposici\u00f3n se encuentran presentes Timoteo Zambrano, Luis Florido, Manuel Rosales, Vicente D\u00edaz, Julio Borges y Eudoro Gonz\u00e1lez.<\/p>\n<p>Por su parte, el\u00a0presidente de la Rep\u00fablica Dominicana, Danilo Medina, indic\u00f3 que sostuvo un encuentro con las comisiones del Gobierno nacional y la oposici\u00f3n, las cuales expusieron su punto de vista sobre la situaci\u00f3n pol\u00edtica que atraviesa la naci\u00f3n caribe\u00f1a, a fin de construir una agenda que lleve a una negociaci\u00f3n definitiva.<\/p>\n<p>Asimismo, respald\u00f3 las declaraciones hechas por el secretario general de la ONU, Ant\u00f3nio Guterres, quien apoya las mesas de di\u00e1logo, y considera que iniciativas como estas sean desarrolladas \u00abpara demostrar el compromiso de los pol\u00edticos venezolanos para abordar los desaf\u00edos del pa\u00eds a trav\u00e9s de la mediaci\u00f3n\u00bb.<\/p>\n<p>El pasado martes, el\u00a0presidente de la Rep\u00fablica, Nicol\u00e1s Maduro, acept\u00f3 la invitaci\u00f3n\u00a0por parte del expresidente de Espa\u00f1a, Jos\u00e9 Luis Rodr\u00edguez Zapatero, y del gobierno de Rep\u00fablica Dominicana para sostener un encuentro con representantes de la oposici\u00f3n en el pa\u00eds caribe\u00f1o, con el fin de continuar con el di\u00e1logo entre ambas partes.<\/p>\n","protected":false},"excerpt":{"rendered":"<p>AVN.- Las\u00a0conversaciones entre las delegaciones del Gobierno Nacional y de la oposici\u00f3n venezolana\u00a0contin\u00faan este jueves en\u00a0Rep\u00fablica &hellip; <a title=\"Gobierno y oposici\u00f3n prosiguen este jueves encuentro para reimpulsar el di\u00e1logo\" class=\"hm-read-more\" href=\"https:\/\/www.mpppst.gob.ve\/mpppstweb\/index.php\/2017\/09\/14\/gobierno-y-oposicion-prosiguen-este-jueves-encuentro-para-reimpulsar-el-dialogo\/\"><span class=\"screen-reader-text\">Gobierno y oposici\u00f3n prosiguen este jueves encuentro para reimpulsar el di\u00e1logo<\/span>Read more<\/a><\/p>\n","protected":false},"author":25,"featured_media":12739,"comment_status":"closed","ping_status":"closed","sticky":false,"template":"","format":"standard","meta":{"footnotes":""},"categories":[82,163],"tags":[],"yoast_head":"<!-- This site is optimized with the Yoast SEO plugin v22.5 - https:\/\/yoast.com\/wordpress\/plugins\/seo\/ -->\n<title>Gobierno y oposici\u00f3n prosiguen este jueves encuentro para reimpulsar el di\u00e1logo - MPPPST<\/title>\n<meta name=\"robots\" content=\"index, follow, max-snippet:-1, max-image-preview:large, max-video-preview:-1\" \/>\n<link rel=\"canonical\" href=\"https:\/\/www.mpppst.gob.ve\/mpppstweb\/index.php\/2017\/09\/14\/gobierno-y-oposicion-prosiguen-este-jueves-encuentro-para-reimpulsar-el-dialogo\/\" \/>\n<meta property=\"og:locale\" content=\"es_ES\" \/>\n<meta property=\"og:type\" content=\"article\" \/>\n<meta property=\"og:title\" content=\"Gobierno y oposici\u00f3n prosiguen este jueves encuentro para reimpulsar el di\u00e1logo - MPPPST\" \/>\n<meta property=\"og:description\" content=\"AVN.- Las\u00a0conversaciones entre las delegaciones del Gobierno Nacional y de la oposici\u00f3n venezolana\u00a0contin\u00faan este jueves en\u00a0Rep\u00fablica &hellip; Gobierno y oposici\u00f3n prosiguen este jueves encuentro para reimpulsar el di\u00e1logoRead more\" \/>\n<meta property=\"og:url\" content=\"https:\/\/www.mpppst.gob.ve\/mpppstweb\/index.php\/2017\/09\/14\/gobierno-y-oposicion-prosiguen-este-jueves-encuentro-para-reimpulsar-el-dialogo\/\" \/>\n<meta property=\"og:site_name\" content=\"MPPPST\" \/>\n<meta property=\"article:published_time\" content=\"2017-09-14T22:14:25+00:00\" \/>\n<meta property=\"og:image\" content=\"https:\/\/www.mpppst.gob.ve\/mpppstweb\/wp-content\/uploads\/2017\/09\/rd1505336753.jpg\" \/>\n\t<meta property=\"og:image:width\" content=\"800\" \/>\n\t<meta property=\"og:image:height\" content=\"445\" \/>\n\t<meta property=\"og:image:type\" content=\"image\/jpeg\" \/>\n<meta name=\"author\" content=\"MPPPST Prensa\" \/>\n<meta name=\"twitter:card\" content=\"summary_large_image\" \/>\n<meta name=\"twitter:label1\" content=\"Escrito por\" \/>\n\t<meta name=\"twitter:data1\" content=\"MPPPST Prensa\" \/>\n\t<meta name=\"twitter:label2\" content=\"Tiempo de lectura\" \/>\n\t<meta name=\"twitter:data2\" content=\"2 minutos\" \/>\n<script type=\"application\/ld+json\" class=\"yoast-schema-graph\">{\"@context\":\"https:\/\/schema.org\",\"@graph\":[{\"@type\":\"Article\",\"@id\":\"https:\/\/www.mpppst.gob.ve\/mpppstweb\/index.php\/2017\/09\/14\/gobierno-y-oposicion-prosiguen-este-jueves-encuentro-para-reimpulsar-el-dialogo\/#article\",\"isPartOf\":{\"@id\":\"https:\/\/www.mpppst.gob.ve\/mpppstweb\/index.php\/2017\/09\/14\/gobierno-y-oposicion-prosiguen-este-jueves-encuentro-para-reimpulsar-el-dialogo\/\"},\"author\":{\"name\":\"MPPPST Prensa\",\"@id\":\"https:\/\/www.mpppst.gob.ve\/mpppstweb\/#\/schema\/person\/fc187ee8ead412bd4c9304b62f900ea4\"},\"headline\":\"Gobierno y oposici\u00f3n prosiguen este jueves encuentro para reimpulsar el di\u00e1logo\",\"datePublished\":\"2017-09-14T22:14:25+00:00\",\"dateModified\":\"2017-09-14T22:14:25+00:00\",\"mainEntityOfPage\":{\"@id\":\"https:\/\/www.mpppst.gob.ve\/mpppstweb\/index.php\/2017\/09\/14\/gobierno-y-oposicion-prosiguen-este-jueves-encuentro-para-reimpulsar-el-dialogo\/\"},\"wordCount\":491,\"publisher\":{\"@id\":\"https:\/\/www.mpppst.gob.ve\/mpppstweb\/#organization\"},\"image\":{\"@id\":\"https:\/\/www.mpppst.gob.ve\/mpppstweb\/index.php\/2017\/09\/14\/gobierno-y-oposicion-prosiguen-este-jueves-encuentro-para-reimpulsar-el-dialogo\/#primaryimage\"},\"thumbnailUrl\":\"https:\/\/www.mpppst.gob.ve\/mpppstweb\/wp-content\/uploads\/2017\/09\/rd1505336753.jpg\",\"articleSection\":[\"Gobierno Nacional\",\"Noticias\"],\"inLanguage\":\"es\"},{\"@type\":\"WebPage\",\"@id\":\"https:\/\/www.mpppst.gob.ve\/mpppstweb\/index.php\/2017\/09\/14\/gobierno-y-oposicion-prosiguen-este-jueves-encuentro-para-reimpulsar-el-dialogo\/\",\"url\":\"https:\/\/www.mpppst.gob.ve\/mpppstweb\/index.php\/2017\/09\/14\/gobierno-y-oposicion-prosiguen-este-jueves-encuentro-para-reimpulsar-el-dialogo\/\",\"name\":\"Gobierno y oposici\u00f3n prosiguen este jueves encuentro para reimpulsar el di\u00e1logo - MPPPST\",\"isPartOf\":{\"@id\":\"https:\/\/www.mpppst.gob.ve\/mpppstweb\/#website\"},\"primaryImageOfPage\":{\"@id\":\"https:\/\/www.mpppst.gob.ve\/mpppstweb\/index.php\/2017\/09\/14\/gobierno-y-oposicion-prosiguen-este-jueves-encuentro-para-reimpulsar-el-dialogo\/#primaryimage\"},\"image\":{\"@id\":\"https:\/\/www.mpppst.gob.ve\/mpppstweb\/index.php\/2017\/09\/14\/gobierno-y-oposicion-prosiguen-este-jueves-encuentro-para-reimpulsar-el-dialogo\/#primaryimage\"},\"thumbnailUrl\":\"https:\/\/www.mpppst.gob.ve\/mpppstweb\/wp-content\/uploads\/2017\/09\/rd1505336753.jpg\",\"datePublished\":\"2017-09-14T22:14:25+00:00\",\"dateModified\":\"2017-09-14T22:14:25+00:00\",\"breadcrumb\":{\"@id\":\"https:\/\/www.mpppst.gob.ve\/mpppstweb\/index.php\/2017\/09\/14\/gobierno-y-oposicion-prosiguen-este-jueves-encuentro-para-reimpulsar-el-dialogo\/#breadcrumb\"},\"inLanguage\":\"es\",\"potentialAction\":[{\"@type\":\"ReadAction\",\"target\":[\"https:\/\/www.mpppst.gob.ve\/mpppstweb\/index.php\/2017\/09\/14\/gobierno-y-oposicion-prosiguen-este-jueves-encuentro-para-reimpulsar-el-dialogo\/\"]}]},{\"@type\":\"ImageObject\",\"inLanguage\":\"es\",\"@id\":\"https:\/\/www.mpppst.gob.ve\/mpppstweb\/index.php\/2017\/09\/14\/gobierno-y-oposicion-prosiguen-este-jueves-encuentro-para-reimpulsar-el-dialogo\/#primaryimage\",\"url\":\"https:\/\/www.mpppst.gob.ve\/mpppstweb\/wp-content\/uploads\/2017\/09\/rd1505336753.jpg\",\"contentUrl\":\"https:\/\/www.mpppst.gob.ve\/mpppstweb\/wp-content\/uploads\/2017\/09\/rd1505336753.jpg\",\"width\":800,\"height\":445},{\"@type\":\"BreadcrumbList\",\"@id\":\"https:\/\/www.mpppst.gob.ve\/mpppstweb\/index.php\/2017\/09\/14\/gobierno-y-oposicion-prosiguen-este-jueves-encuentro-para-reimpulsar-el-dialogo\/#breadcrumb\",\"itemListElement\":[{\"@type\":\"ListItem\",\"position\":1,\"name\":\"Home\",\"item\":\"https:\/\/www.mpppst.gob.ve\/mpppstweb\/\"},{\"@type\":\"ListItem\",\"position\":2,\"name\":\"Gobierno y oposici\u00f3n prosiguen este jueves encuentro para reimpulsar el di\u00e1logo\"}]},{\"@type\":\"WebSite\",\"@id\":\"https:\/\/www.mpppst.gob.ve\/mpppstweb\/#website\",\"url\":\"https:\/\/www.mpppst.gob.ve\/mpppstweb\/\",\"name\":\"MPPPST\",\"description\":\"Ministerio del Poder Popular para el Proceso Social de Trabajo\",\"publisher\":{\"@id\":\"https:\/\/www.mpppst.gob.ve\/mpppstweb\/#organization\"},\"potentialAction\":[{\"@type\":\"SearchAction\",\"target\":{\"@type\":\"EntryPoint\",\"urlTemplate\":\"https:\/\/www.mpppst.gob.ve\/mpppstweb\/?s={search_term_string}\"},\"query-input\":\"required name=search_term_string\"}],\"inLanguage\":\"es\"},{\"@type\":\"Organization\",\"@id\":\"https:\/\/www.mpppst.gob.ve\/mpppstweb\/#organization\",\"name\":\"mpppst\",\"url\":\"https:\/\/www.mpppst.gob.ve\/mpppstweb\/\",\"logo\":{\"@type\":\"ImageObject\",\"inLanguage\":\"es\",\"@id\":\"https:\/\/www.mpppst.gob.ve\/mpppstweb\/#\/schema\/logo\/image\/\",\"url\":\"https:\/\/www.mpppst.gob.ve\/mpppstweb\/wp-content\/uploads\/2025\/07\/cropped-cropped-g910.png\",\"contentUrl\":\"https:\/\/www.mpppst.gob.ve\/mpppstweb\/wp-content\/uploads\/2025\/07\/cropped-cropped-g910.png\",\"width\":1080,\"height\":241,\"caption\":\"mpppst\"},\"image\":{\"@id\":\"https:\/\/www.mpppst.gob.ve\/mpppstweb\/#\/schema\/logo\/image\/\"}},{\"@type\":\"Person\",\"@id\":\"https:\/\/www.mpppst.gob.ve\/mpppstweb\/#\/schema\/person\/fc187ee8ead412bd4c9304b62f900ea4\",\"name\":\"MPPPST Prensa\",\"url\":\"https:\/\/www.mpppst.gob.ve\/mpppstweb\/index.php\/author\/prensa-mpppst\/\"}]}<\/script>\n<!-- \/ Yoast SEO plugin. -->","yoast_head_json":{"title":"Gobierno y oposici\u00f3n prosiguen este jueves encuentro para reimpulsar el di\u00e1logo - MPPPST","robots":{"index":"index","follow":"follow","max-snippet":"max-snippet:-1","max-image-preview":"max-image-preview:large","max-video-preview":"max-video-preview:-1"},"canonical":"https:\/\/www.mpppst.gob.ve\/mpppstweb\/index.php\/2017\/09\/14\/gobierno-y-oposicion-prosiguen-este-jueves-encuentro-para-reimpulsar-el-dialogo\/","og_locale":"es_ES","og_type":"article","og_title":"Gobierno y oposici\u00f3n prosiguen este jueves encuentro para reimpulsar el di\u00e1logo - MPPPST","og_description":"AVN.- Las\u00a0conversaciones entre las delegaciones del Gobierno Nacional y de la oposici\u00f3n venezolana\u00a0contin\u00faan este jueves en\u00a0Rep\u00fablica &hellip; Gobierno y oposici\u00f3n prosiguen este jueves encuentro para reimpulsar el di\u00e1logoRead more","og_url":"https:\/\/www.mpppst.gob.ve\/mpppstweb\/index.php\/2017\/09\/14\/gobierno-y-oposicion-prosiguen-este-jueves-encuentro-para-reimpulsar-el-dialogo\/","og_site_name":"MPPPST","article_published_time":"2017-09-14T22:14:25+00:00","og_image":[{"width":800,"height":445,"url":"https:\/\/www.mpppst.gob.ve\/mpppstweb\/wp-content\/uploads\/2017\/09\/rd1505336753.jpg","type":"image\/jpeg"}],"author":"MPPPST Prensa","twitter_card":"summary_large_image","twitter_misc":{"Escrito por":"MPPPST Prensa","Tiempo de lectura":"2 minutos"},"schema":{"@context":"https:\/\/schema.org","@graph":[{"@type":"Article","@id":"https:\/\/www.mpppst.gob.ve\/mpppstweb\/index.php\/2017\/09\/14\/gobierno-y-oposicion-prosiguen-este-jueves-encuentro-para-reimpulsar-el-dialogo\/#article","isPartOf":{"@id":"https:\/\/www.mpppst.gob.ve\/mpppstweb\/index.php\/2017\/09\/14\/gobierno-y-oposicion-prosiguen-este-jueves-encuentro-para-reimpulsar-el-dialogo\/"},"author":{"name":"MPPPST Prensa","@id":"https:\/\/www.mpppst.gob.ve\/mpppstweb\/#\/schema\/person\/fc187ee8ead412bd4c9304b62f900ea4"},"headline":"Gobierno y oposici\u00f3n prosiguen este jueves encuentro para reimpulsar el di\u00e1logo","datePublished":"2017-09-14T22:14:25+00:00","dateModified":"2017-09-14T22:14:25+00:00","mainEntityOfPage":{"@id":"https:\/\/www.mpppst.gob.ve\/mpppstweb\/index.php\/2017\/09\/14\/gobierno-y-oposicion-prosiguen-este-jueves-encuentro-para-reimpulsar-el-dialogo\/"},"wordCount":491,"publisher":{"@id":"https:\/\/www.mpppst.gob.ve\/mpppstweb\/#organization"},"image":{"@id":"https:\/\/www.mpppst.gob.ve\/mpppstweb\/index.php\/2017\/09\/14\/gobierno-y-oposicion-prosiguen-este-jueves-encuentro-para-reimpulsar-el-dialogo\/#primaryimage"},"thumbnailUrl":"https:\/\/www.mpppst.gob.ve\/mpppstweb\/wp-content\/uploads\/2017\/09\/rd1505336753.jpg","articleSection":["Gobierno Nacional","Noticias"],"inLanguage":"es"},{"@type":"WebPage","@id":"https:\/\/www.mpppst.gob.ve\/mpppstweb\/index.php\/2017\/09\/14\/gobierno-y-oposicion-prosiguen-este-jueves-encuentro-para-reimpulsar-el-dialogo\/","url":"https:\/\/www.mpppst.gob.ve\/mpppstweb\/index.php\/2017\/09\/14\/gobierno-y-oposicion-prosiguen-este-jueves-encuentro-para-reimpulsar-el-dialogo\/","name":"Gobierno y oposici\u00f3n prosiguen este jueves encuentro para reimpulsar el di\u00e1logo - MPPPST","isPartOf":{"@id":"https:\/\/www.mpppst.gob.ve\/mpppstweb\/#website"},"primaryImageOfPage":{"@id":"https:\/\/www.mpppst.gob.ve\/mpppstweb\/index.php\/2017\/09\/14\/gobierno-y-oposicion-prosiguen-este-jueves-encuentro-para-reimpulsar-el-dialogo\/#primaryimage"},"image":{"@id":"https:\/\/www.mpppst.gob.ve\/mpppstweb\/index.php\/2017\/09\/14\/gobierno-y-oposicion-prosiguen-este-jueves-encuentro-para-reimpulsar-el-dialogo\/#primaryimage"},"thumbnailUrl":"https:\/\/www.mpppst.gob.ve\/mpppstweb\/wp-content\/uploads\/2017\/09\/rd1505336753.jpg","datePublished":"2017-09-14T22:14:25+00:00","dateModified":"2017-09-14T22:14:25+00:00","breadcrumb":{"@id":"https:\/\/www.mpppst.gob.ve\/mpppstweb\/index.php\/2017\/09\/14\/gobierno-y-oposicion-prosiguen-este-jueves-encuentro-para-reimpulsar-el-dialogo\/#breadcrumb"},"inLanguage":"es","potentialAction":[{"@type":"ReadAction","target":["https:\/\/www.mpppst.gob.ve\/mpppstweb\/index.php\/2017\/09\/14\/gobierno-y-oposicion-prosiguen-este-jueves-encuentro-para-reimpulsar-el-dialogo\/"]}]},{"@type":"ImageObject","inLanguage":"es","@id":"https:\/\/www.mpppst.gob.ve\/mpppstweb\/index.php\/2017\/09\/14\/gobierno-y-oposicion-prosiguen-este-jueves-encuentro-para-reimpulsar-el-dialogo\/#primaryimage","url":"https:\/\/www.mpppst.gob.ve\/mpppstweb\/wp-content\/uploads\/2017\/09\/rd1505336753.jpg","contentUrl":"https:\/\/www.mpppst.gob.ve\/mpppstweb\/wp-content\/uploads\/2017\/09\/rd1505336753.jpg","width":800,"height":445},{"@type":"BreadcrumbList","@id":"https:\/\/www.mpppst.gob.ve\/mpppstweb\/index.php\/2017\/09\/14\/gobierno-y-oposicion-prosiguen-este-jueves-encuentro-para-reimpulsar-el-dialogo\/#breadcrumb","itemListElement":[{"@type":"ListItem","position":1,"name":"Home","item":"https:\/\/www.mpppst.gob.ve\/mpppstweb\/"},{"@type":"ListItem","position":2,"name":"Gobierno y oposici\u00f3n prosiguen este jueves encuentro para reimpulsar el di\u00e1logo"}]},{"@type":"WebSite","@id":"https:\/\/www.mpppst.gob.ve\/mpppstweb\/#website","url":"https:\/\/www.mpppst.gob.ve\/mpppstweb\/","name":"MPPPST","description":"Ministerio del Poder Popular para el Proceso Social de Trabajo","publisher":{"@id":"https:\/\/www.mpppst.gob.ve\/mpppstweb\/#organization"},"potentialAction":[{"@type":"SearchAction","target":{"@type":"EntryPoint","urlTemplate":"https:\/\/www.mpppst.gob.ve\/mpppstweb\/?s={search_term_string}"},"query-input":"required name=search_term_string"}],"inLanguage":"es"},{"@type":"Organization","@id":"https:\/\/www.mpppst.gob.ve\/mpppstweb\/#organization","name":"mpppst","url":"https:\/\/www.mpppst.gob.ve\/mpppstweb\/","logo":{"@type":"ImageObject","inLanguage":"es","@id":"https:\/\/www.mpppst.gob.ve\/mpppstweb\/#\/schema\/logo\/image\/","url":"https:\/\/www.mpppst.gob.ve\/mpppstweb\/wp-content\/uploads\/2025\/07\/cropped-cropped-g910.png","contentUrl":"https:\/\/www.mpppst.gob.ve\/mpppstweb\/wp-content\/uploads\/2025\/07\/cropped-cropped-g910.png","width":1080,"height":241,"caption":"mpppst"},"image":{"@id":"https:\/\/www.mpppst.gob.ve\/mpppstweb\/#\/schema\/logo\/image\/"}},{"@type":"Person","@id":"https:\/\/www.mpppst.gob.ve\/mpppstweb\/#\/schema\/person\/fc187ee8ead412bd4c9304b62f900ea4","name":"MPPPST Prensa","url":"https:\/\/www.mpppst.gob.ve\/mpppstweb\/index.php\/author\/prensa-mpppst\/"}]}},"_links":{"self":[{"href":"https:\/\/www.mpppst.gob.ve\/mpppstweb\/index.php\/wp-json\/wp\/v2\/posts\/12738"}],"collection":[{"href":"https:\/\/www.mpppst.gob.ve\/mpppstweb\/index.php\/wp-json\/wp\/v2\/posts"}],"about":[{"href":"https:\/\/www.mpppst.gob.ve\/mpppstweb\/index.php\/wp-json\/wp\/v2\/types\/post"}],"author":[{"embeddable":true,"href":"https:\/\/www.mpppst.gob.ve\/mpppstweb\/index.php\/wp-json\/wp\/v2\/users\/25"}],"replies":[{"embeddable":true,"href":"https:\/\/www.mpppst.gob.ve\/mpppstweb\/index.php\/wp-json\/wp\/v2\/comments?post=12738"}],"version-history":[{"count":1,"href":"https:\/\/www.mpppst.gob.ve\/mpppstweb\/index.php\/wp-json\/wp\/v2\/posts\/12738\/revisions"}],"predecessor-version":[{"id":12740,"href":"https:\/\/www.mpppst.gob.ve\/mpppstweb\/index.php\/wp-json\/wp\/v2\/posts\/12738\/revisions\/12740"}],"wp:featuredmedia":[{"embeddable":true,"href":"https:\/\/www.mpppst.gob.ve\/mpppstweb\/index.php\/wp-json\/wp\/v2\/media\/12739"}],"wp:attachment":[{"href":"https:\/\/www.mpppst.gob.ve\/mpppstweb\/index.php\/wp-json\/wp\/v2\/media?parent=12738"}],"wp:term":[{"taxonomy":"category","embeddable":true,"href":"https:\/\/www.mpppst.gob.ve\/mpppstweb\/index.php\/wp-json\/wp\/v2\/categories?post=12738"},{"taxonomy":"post_tag","embeddable":true,"href":"https:\/\/www.mpppst.gob.ve\/mpppstweb\/index.php\/wp-json\/wp\/v2\/tags?post=12738"}],"curies":[{"name":"wp","href":"https:\/\/api.w.org\/{rel}","templated":true}]}}