{"id":12744,"date":"2017-09-15T10:17:07","date_gmt":"2017-09-15T14:17:07","guid":{"rendered":"http:\/\/www.mpppst.gob.ve\/mpppstweb\/?p=12744"},"modified":"2017-09-15T10:17:07","modified_gmt":"2017-09-15T14:17:07","slug":"proxima-reunion-entre-gobierno-y-oposicion-venezolana-se-realizara-el-27-de-septiembre","status":"publish","type":"post","link":"https:\/\/www.mpppst.gob.ve\/mpppstweb\/index.php\/2017\/09\/15\/proxima-reunion-entre-gobierno-y-oposicion-venezolana-se-realizara-el-27-de-septiembre\/","title":{"rendered":"Pr\u00f3xima reuni\u00f3n entre Gobierno y oposici\u00f3n venezolana se realizar\u00e1 el 27 de septiembre"},"content":{"rendered":"<p>AVN.- Las conversaciones entre el\u00a0<strong>Gobierno<\/strong>\u00a0Nacional y la\u00a0<strong>oposici\u00f3n<\/strong>\u00a0venezolana, con el fin de reimpulsar el\u00a0<strong><a href=\"http:\/\/www.avn.info.ve\/contenido\/gobierno-participar%C3%A1-nueva-ronda-di%C3%A1logo-paz\" target=\"_blank\" rel=\"noopener\">di\u00e1logo<\/a><\/strong>\u00a0entre ambas partes, continuar\u00e1n el pr\u00f3ximo\u00a0<strong>27 de septiembre<\/strong>\u00a0en Rep\u00fablica Dominicana.<\/p>\n<p>As\u00ed lo inform\u00f3\u00a0<strong>Danilo Medina<\/strong>, presidente de Rep\u00fablica Dominicana, pa\u00eds en donde se congregan las delegaciones del Gobierno y de la oposici\u00f3n desde este mi\u00e9rcoles, para evaluar los mecanismos y reactivar las mesas de di\u00e1logo, que arrancaron el pasado mes de octubre de 2016.<\/p>\n<p>En este sentido, se\u00f1al\u00f3 que se cre\u00f3 una comisi\u00f3n de pa\u00edses acompa\u00f1antes, conformada por\u00a0<a href=\"http:\/\/www.avn.info.ve\/contenido\/m%C3%A9xico-chile-bolivia-y-nicaragua-conformar%C3%A1n-comisi%C3%B3n-para-seguimiento-di%C3%A1logo-venezuela\" target=\"_blank\" rel=\"noopener\"><strong>M\u00e9xico<\/strong>,\u00a0<strong>Chile<\/strong>,\u00a0<strong>Bolivia<\/strong>\u00a0y\u00a0<strong>Nicaragua<\/strong><\/a>; con el fin de realizar un seguimiento a lo pautado en estos dos d\u00edas de conversaciones.<\/p>\n<p>Se prev\u00e9, detall\u00f3 el mandatario dominicano, que en el transcurso del proceso se\u00a0<strong>integren dos pa\u00edses m\u00e1s<\/strong>\u00a0en esta comisi\u00f3n.<\/p>\n<p>Por su parte, el representante del Gobierno Nacional para estos encuentros,\u00a0<strong>Jorge Rodr\u00edguez<\/strong>, destac\u00f3 la importancia del di\u00e1logo entre ambas partes, con el fin de consolidar la paz de Venezuela, pa\u00eds que ha sido blanco de ataques financieros y econ\u00f3micos por parte del gobierno de EEUU.<\/p>\n<p>\u00ab<a href=\"http:\/\/www.avn.info.ve\/contenido\/jorge-rodr%C3%ADguez-es-di%C3%A1logo-que-se-impone-proceso-paz\" target=\"_blank\" rel=\"noopener\">Es el di\u00e1logo<\/a>\u00a0que se impone en el proceso de paz. Es un\u00a0<strong>di\u00e1logo de paz<\/strong>\u00a0el que se instala para que Venezuela pueda dirimir sus asuntos entre venezolanos y venezolanas\u00bb, expres\u00f3 Rodr\u00edguez en declaraciones transmitidas por Telesur, desde la sede la Canciller\u00eda de Rep\u00fablica Dominicana.<\/p>\n<p>De igual forma, indic\u00f3 que ambas partes acordaron\u00a0<strong>no hacer p\u00fablico ning\u00fan postulado<\/strong>\u00a0hasta que est\u00e9 totalmente concretado.<\/p>\n<p>\u00abPersistimos en nuestra posici\u00f3n optimista y queda demostrado que despu\u00e9s de haber utilizado v\u00edas que no generaron tranquilidad al pueblo venezolano, la que realmente crea convergencia y acuerdo es el di\u00e1logo\u00bb, subray\u00f3 Rodr\u00edguez, acompa\u00f1ado de la presidenta de la Asamblea Nacional Constituyente, Delcy Rodr\u00edguez, y Roy Chaderton.<\/p>\n<p>Asimismo, Rodr\u00edguez agradeci\u00f3 la labor realizada por el presidente Medina en estos encuentros.<\/p>\n<p>En referencia a la oposici\u00f3n venezolana \u2013 delegaci\u00f3n conformada por\u00a0<strong>Timoteo Zambrano<\/strong>,\u00a0<strong>Luis Florido<\/strong>,\u00a0<strong>Manuel Rosales<\/strong>,\u00a0<strong>Vicente D\u00edaz<\/strong>,\u00a0<strong>Julio Borges<\/strong>\u00a0y\u00a0<strong>Eudoro Gonz\u00e1lez<\/strong>\u2013 , el dirigente socialista indic\u00f3 que emitir\u00e1n un comunicado sobre los puntos discutidos en el encuentro.<\/p>\n<p>Las\u00a0<strong><a href=\"http:\/\/www.avn.info.ve\/contenido\/gobierno-y-oposici%C3%B3n-presentan-propuestas-mesas-di%C3%A1logo-caracas\" target=\"_blank\" rel=\"noopener\">conversaciones<\/a><\/strong>\u00a0se iniciaron en el\u00a0<strong>a\u00f1o 2016<\/strong>\u00a0por iniciativa del\u00a0<a href=\"http:\/\/www.avn.info.ve\/contenido\/gobierno-nacional-ratifica-compromiso-di%C3%A1logo-para-paz\" target=\"_blank\" rel=\"noopener\">Ejecutivo Nacional<\/a>, con el fin de solventar la situaci\u00f3n pol\u00edtica y econ\u00f3mica que vive el pa\u00eds. No obstante y, a pesar de que se traz\u00f3 una ruta de trabajo entre el gobierno y la oposici\u00f3n, la derecha venezolana abandon\u00f3 la mesa de negociaci\u00f3n en aquella ocasi\u00f3n.<\/p>\n","protected":false},"excerpt":{"rendered":"<p>AVN.- Las conversaciones entre el\u00a0Gobierno\u00a0Nacional y la\u00a0oposici\u00f3n\u00a0venezolana, con el fin de reimpulsar el\u00a0di\u00e1logo\u00a0entre ambas partes, continuar\u00e1n &hellip; <a title=\"Pr\u00f3xima reuni\u00f3n entre Gobierno y oposici\u00f3n venezolana se realizar\u00e1 el 27 de septiembre\" class=\"hm-read-more\" href=\"https:\/\/www.mpppst.gob.ve\/mpppstweb\/index.php\/2017\/09\/15\/proxima-reunion-entre-gobierno-y-oposicion-venezolana-se-realizara-el-27-de-septiembre\/\"><span class=\"screen-reader-text\">Pr\u00f3xima reuni\u00f3n entre Gobierno y oposici\u00f3n venezolana se realizar\u00e1 el 27 de septiembre<\/span>Read more<\/a><\/p>\n","protected":false},"author":25,"featured_media":12745,"comment_status":"closed","ping_status":"closed","sticky":false,"template":"","format":"standard","meta":{"footnotes":""},"categories":[82,163],"tags":[],"yoast_head":"<!-- This site is optimized with the Yoast SEO plugin v22.5 - https:\/\/yoast.com\/wordpress\/plugins\/seo\/ -->\n<title>Pr\u00f3xima reuni\u00f3n entre Gobierno y oposici\u00f3n venezolana se realizar\u00e1 el 27 de septiembre - MPPPST<\/title>\n<meta name=\"robots\" content=\"index, follow, max-snippet:-1, max-image-preview:large, max-video-preview:-1\" \/>\n<link rel=\"canonical\" href=\"https:\/\/www.mpppst.gob.ve\/mpppstweb\/index.php\/2017\/09\/15\/proxima-reunion-entre-gobierno-y-oposicion-venezolana-se-realizara-el-27-de-septiembre\/\" \/>\n<meta property=\"og:locale\" content=\"es_ES\" \/>\n<meta property=\"og:type\" content=\"article\" \/>\n<meta property=\"og:title\" content=\"Pr\u00f3xima reuni\u00f3n entre Gobierno y oposici\u00f3n venezolana se realizar\u00e1 el 27 de septiembre - MPPPST\" \/>\n<meta property=\"og:description\" content=\"AVN.- Las conversaciones entre el\u00a0Gobierno\u00a0Nacional y la\u00a0oposici\u00f3n\u00a0venezolana, con el fin de reimpulsar el\u00a0di\u00e1logo\u00a0entre ambas partes, continuar\u00e1n &hellip; Pr\u00f3xima reuni\u00f3n entre Gobierno y oposici\u00f3n venezolana se realizar\u00e1 el 27 de septiembreRead more\" \/>\n<meta property=\"og:url\" content=\"https:\/\/www.mpppst.gob.ve\/mpppstweb\/index.php\/2017\/09\/15\/proxima-reunion-entre-gobierno-y-oposicion-venezolana-se-realizara-el-27-de-septiembre\/\" \/>\n<meta property=\"og:site_name\" content=\"MPPPST\" \/>\n<meta property=\"article:published_time\" content=\"2017-09-15T14:17:07+00:00\" \/>\n<meta property=\"og:image\" content=\"https:\/\/www.mpppst.gob.ve\/mpppstweb\/wp-content\/uploads\/2017\/09\/636409597143929779w1505436602.jpg\" \/>\n\t<meta property=\"og:image:width\" content=\"800\" \/>\n\t<meta property=\"og:image:height\" content=\"445\" \/>\n\t<meta property=\"og:image:type\" content=\"image\/jpeg\" \/>\n<meta name=\"author\" content=\"MPPPST Prensa\" \/>\n<meta name=\"twitter:card\" content=\"summary_large_image\" \/>\n<meta name=\"twitter:label1\" content=\"Escrito por\" \/>\n\t<meta name=\"twitter:data1\" content=\"MPPPST Prensa\" \/>\n\t<meta name=\"twitter:label2\" content=\"Tiempo de lectura\" \/>\n\t<meta name=\"twitter:data2\" content=\"2 minutos\" \/>\n<script type=\"application\/ld+json\" class=\"yoast-schema-graph\">{\"@context\":\"https:\/\/schema.org\",\"@graph\":[{\"@type\":\"Article\",\"@id\":\"https:\/\/www.mpppst.gob.ve\/mpppstweb\/index.php\/2017\/09\/15\/proxima-reunion-entre-gobierno-y-oposicion-venezolana-se-realizara-el-27-de-septiembre\/#article\",\"isPartOf\":{\"@id\":\"https:\/\/www.mpppst.gob.ve\/mpppstweb\/index.php\/2017\/09\/15\/proxima-reunion-entre-gobierno-y-oposicion-venezolana-se-realizara-el-27-de-septiembre\/\"},\"author\":{\"name\":\"MPPPST Prensa\",\"@id\":\"https:\/\/www.mpppst.gob.ve\/mpppstweb\/#\/schema\/person\/fc187ee8ead412bd4c9304b62f900ea4\"},\"headline\":\"Pr\u00f3xima reuni\u00f3n entre Gobierno y oposici\u00f3n venezolana se realizar\u00e1 el 27 de septiembre\",\"datePublished\":\"2017-09-15T14:17:07+00:00\",\"dateModified\":\"2017-09-15T14:17:07+00:00\",\"mainEntityOfPage\":{\"@id\":\"https:\/\/www.mpppst.gob.ve\/mpppstweb\/index.php\/2017\/09\/15\/proxima-reunion-entre-gobierno-y-oposicion-venezolana-se-realizara-el-27-de-septiembre\/\"},\"wordCount\":457,\"publisher\":{\"@id\":\"https:\/\/www.mpppst.gob.ve\/mpppstweb\/#organization\"},\"image\":{\"@id\":\"https:\/\/www.mpppst.gob.ve\/mpppstweb\/index.php\/2017\/09\/15\/proxima-reunion-entre-gobierno-y-oposicion-venezolana-se-realizara-el-27-de-septiembre\/#primaryimage\"},\"thumbnailUrl\":\"https:\/\/www.mpppst.gob.ve\/mpppstweb\/wp-content\/uploads\/2017\/09\/636409597143929779w1505436602.jpg\",\"articleSection\":[\"Gobierno Nacional\",\"Noticias\"],\"inLanguage\":\"es\"},{\"@type\":\"WebPage\",\"@id\":\"https:\/\/www.mpppst.gob.ve\/mpppstweb\/index.php\/2017\/09\/15\/proxima-reunion-entre-gobierno-y-oposicion-venezolana-se-realizara-el-27-de-septiembre\/\",\"url\":\"https:\/\/www.mpppst.gob.ve\/mpppstweb\/index.php\/2017\/09\/15\/proxima-reunion-entre-gobierno-y-oposicion-venezolana-se-realizara-el-27-de-septiembre\/\",\"name\":\"Pr\u00f3xima reuni\u00f3n entre Gobierno y oposici\u00f3n venezolana se realizar\u00e1 el 27 de septiembre - MPPPST\",\"isPartOf\":{\"@id\":\"https:\/\/www.mpppst.gob.ve\/mpppstweb\/#website\"},\"primaryImageOfPage\":{\"@id\":\"https:\/\/www.mpppst.gob.ve\/mpppstweb\/index.php\/2017\/09\/15\/proxima-reunion-entre-gobierno-y-oposicion-venezolana-se-realizara-el-27-de-septiembre\/#primaryimage\"},\"image\":{\"@id\":\"https:\/\/www.mpppst.gob.ve\/mpppstweb\/index.php\/2017\/09\/15\/proxima-reunion-entre-gobierno-y-oposicion-venezolana-se-realizara-el-27-de-septiembre\/#primaryimage\"},\"thumbnailUrl\":\"https:\/\/www.mpppst.gob.ve\/mpppstweb\/wp-content\/uploads\/2017\/09\/636409597143929779w1505436602.jpg\",\"datePublished\":\"2017-09-15T14:17:07+00:00\",\"dateModified\":\"2017-09-15T14:17:07+00:00\",\"breadcrumb\":{\"@id\":\"https:\/\/www.mpppst.gob.ve\/mpppstweb\/index.php\/2017\/09\/15\/proxima-reunion-entre-gobierno-y-oposicion-venezolana-se-realizara-el-27-de-septiembre\/#breadcrumb\"},\"inLanguage\":\"es\",\"potentialAction\":[{\"@type\":\"ReadAction\",\"target\":[\"https:\/\/www.mpppst.gob.ve\/mpppstweb\/index.php\/2017\/09\/15\/proxima-reunion-entre-gobierno-y-oposicion-venezolana-se-realizara-el-27-de-septiembre\/\"]}]},{\"@type\":\"ImageObject\",\"inLanguage\":\"es\",\"@id\":\"https:\/\/www.mpppst.gob.ve\/mpppstweb\/index.php\/2017\/09\/15\/proxima-reunion-entre-gobierno-y-oposicion-venezolana-se-realizara-el-27-de-septiembre\/#primaryimage\",\"url\":\"https:\/\/www.mpppst.gob.ve\/mpppstweb\/wp-content\/uploads\/2017\/09\/636409597143929779w1505436602.jpg\",\"contentUrl\":\"https:\/\/www.mpppst.gob.ve\/mpppstweb\/wp-content\/uploads\/2017\/09\/636409597143929779w1505436602.jpg\",\"width\":800,\"height\":445},{\"@type\":\"BreadcrumbList\",\"@id\":\"https:\/\/www.mpppst.gob.ve\/mpppstweb\/index.php\/2017\/09\/15\/proxima-reunion-entre-gobierno-y-oposicion-venezolana-se-realizara-el-27-de-septiembre\/#breadcrumb\",\"itemListElement\":[{\"@type\":\"ListItem\",\"position\":1,\"name\":\"Home\",\"item\":\"https:\/\/www.mpppst.gob.ve\/mpppstweb\/\"},{\"@type\":\"ListItem\",\"position\":2,\"name\":\"Pr\u00f3xima reuni\u00f3n entre Gobierno y oposici\u00f3n venezolana se realizar\u00e1 el 27 de septiembre\"}]},{\"@type\":\"WebSite\",\"@id\":\"https:\/\/www.mpppst.gob.ve\/mpppstweb\/#website\",\"url\":\"https:\/\/www.mpppst.gob.ve\/mpppstweb\/\",\"name\":\"MPPPST\",\"description\":\"Ministerio del Poder Popular para el Proceso Social de Trabajo\",\"publisher\":{\"@id\":\"https:\/\/www.mpppst.gob.ve\/mpppstweb\/#organization\"},\"potentialAction\":[{\"@type\":\"SearchAction\",\"target\":{\"@type\":\"EntryPoint\",\"urlTemplate\":\"https:\/\/www.mpppst.gob.ve\/mpppstweb\/?s={search_term_string}\"},\"query-input\":\"required name=search_term_string\"}],\"inLanguage\":\"es\"},{\"@type\":\"Organization\",\"@id\":\"https:\/\/www.mpppst.gob.ve\/mpppstweb\/#organization\",\"name\":\"mpppst\",\"url\":\"https:\/\/www.mpppst.gob.ve\/mpppstweb\/\",\"logo\":{\"@type\":\"ImageObject\",\"inLanguage\":\"es\",\"@id\":\"https:\/\/www.mpppst.gob.ve\/mpppstweb\/#\/schema\/logo\/image\/\",\"url\":\"https:\/\/www.mpppst.gob.ve\/mpppstweb\/wp-content\/uploads\/2025\/07\/cropped-cropped-g910.png\",\"contentUrl\":\"https:\/\/www.mpppst.gob.ve\/mpppstweb\/wp-content\/uploads\/2025\/07\/cropped-cropped-g910.png\",\"width\":1080,\"height\":241,\"caption\":\"mpppst\"},\"image\":{\"@id\":\"https:\/\/www.mpppst.gob.ve\/mpppstweb\/#\/schema\/logo\/image\/\"}},{\"@type\":\"Person\",\"@id\":\"https:\/\/www.mpppst.gob.ve\/mpppstweb\/#\/schema\/person\/fc187ee8ead412bd4c9304b62f900ea4\",\"name\":\"MPPPST Prensa\",\"url\":\"https:\/\/www.mpppst.gob.ve\/mpppstweb\/index.php\/author\/prensa-mpppst\/\"}]}<\/script>\n<!-- \/ Yoast SEO plugin. -->","yoast_head_json":{"title":"Pr\u00f3xima reuni\u00f3n entre Gobierno y oposici\u00f3n venezolana se realizar\u00e1 el 27 de septiembre - MPPPST","robots":{"index":"index","follow":"follow","max-snippet":"max-snippet:-1","max-image-preview":"max-image-preview:large","max-video-preview":"max-video-preview:-1"},"canonical":"https:\/\/www.mpppst.gob.ve\/mpppstweb\/index.php\/2017\/09\/15\/proxima-reunion-entre-gobierno-y-oposicion-venezolana-se-realizara-el-27-de-septiembre\/","og_locale":"es_ES","og_type":"article","og_title":"Pr\u00f3xima reuni\u00f3n entre Gobierno y oposici\u00f3n venezolana se realizar\u00e1 el 27 de septiembre - MPPPST","og_description":"AVN.- Las conversaciones entre el\u00a0Gobierno\u00a0Nacional y la\u00a0oposici\u00f3n\u00a0venezolana, con el fin de reimpulsar el\u00a0di\u00e1logo\u00a0entre ambas partes, continuar\u00e1n &hellip; Pr\u00f3xima reuni\u00f3n entre Gobierno y oposici\u00f3n venezolana se realizar\u00e1 el 27 de septiembreRead more","og_url":"https:\/\/www.mpppst.gob.ve\/mpppstweb\/index.php\/2017\/09\/15\/proxima-reunion-entre-gobierno-y-oposicion-venezolana-se-realizara-el-27-de-septiembre\/","og_site_name":"MPPPST","article_published_time":"2017-09-15T14:17:07+00:00","og_image":[{"width":800,"height":445,"url":"https:\/\/www.mpppst.gob.ve\/mpppstweb\/wp-content\/uploads\/2017\/09\/636409597143929779w1505436602.jpg","type":"image\/jpeg"}],"author":"MPPPST Prensa","twitter_card":"summary_large_image","twitter_misc":{"Escrito por":"MPPPST Prensa","Tiempo de lectura":"2 minutos"},"schema":{"@context":"https:\/\/schema.org","@graph":[{"@type":"Article","@id":"https:\/\/www.mpppst.gob.ve\/mpppstweb\/index.php\/2017\/09\/15\/proxima-reunion-entre-gobierno-y-oposicion-venezolana-se-realizara-el-27-de-septiembre\/#article","isPartOf":{"@id":"https:\/\/www.mpppst.gob.ve\/mpppstweb\/index.php\/2017\/09\/15\/proxima-reunion-entre-gobierno-y-oposicion-venezolana-se-realizara-el-27-de-septiembre\/"},"author":{"name":"MPPPST Prensa","@id":"https:\/\/www.mpppst.gob.ve\/mpppstweb\/#\/schema\/person\/fc187ee8ead412bd4c9304b62f900ea4"},"headline":"Pr\u00f3xima reuni\u00f3n entre Gobierno y oposici\u00f3n venezolana se realizar\u00e1 el 27 de septiembre","datePublished":"2017-09-15T14:17:07+00:00","dateModified":"2017-09-15T14:17:07+00:00","mainEntityOfPage":{"@id":"https:\/\/www.mpppst.gob.ve\/mpppstweb\/index.php\/2017\/09\/15\/proxima-reunion-entre-gobierno-y-oposicion-venezolana-se-realizara-el-27-de-septiembre\/"},"wordCount":457,"publisher":{"@id":"https:\/\/www.mpppst.gob.ve\/mpppstweb\/#organization"},"image":{"@id":"https:\/\/www.mpppst.gob.ve\/mpppstweb\/index.php\/2017\/09\/15\/proxima-reunion-entre-gobierno-y-oposicion-venezolana-se-realizara-el-27-de-septiembre\/#primaryimage"},"thumbnailUrl":"https:\/\/www.mpppst.gob.ve\/mpppstweb\/wp-content\/uploads\/2017\/09\/636409597143929779w1505436602.jpg","articleSection":["Gobierno Nacional","Noticias"],"inLanguage":"es"},{"@type":"WebPage","@id":"https:\/\/www.mpppst.gob.ve\/mpppstweb\/index.php\/2017\/09\/15\/proxima-reunion-entre-gobierno-y-oposicion-venezolana-se-realizara-el-27-de-septiembre\/","url":"https:\/\/www.mpppst.gob.ve\/mpppstweb\/index.php\/2017\/09\/15\/proxima-reunion-entre-gobierno-y-oposicion-venezolana-se-realizara-el-27-de-septiembre\/","name":"Pr\u00f3xima reuni\u00f3n entre Gobierno y oposici\u00f3n venezolana se realizar\u00e1 el 27 de septiembre - MPPPST","isPartOf":{"@id":"https:\/\/www.mpppst.gob.ve\/mpppstweb\/#website"},"primaryImageOfPage":{"@id":"https:\/\/www.mpppst.gob.ve\/mpppstweb\/index.php\/2017\/09\/15\/proxima-reunion-entre-gobierno-y-oposicion-venezolana-se-realizara-el-27-de-septiembre\/#primaryimage"},"image":{"@id":"https:\/\/www.mpppst.gob.ve\/mpppstweb\/index.php\/2017\/09\/15\/proxima-reunion-entre-gobierno-y-oposicion-venezolana-se-realizara-el-27-de-septiembre\/#primaryimage"},"thumbnailUrl":"https:\/\/www.mpppst.gob.ve\/mpppstweb\/wp-content\/uploads\/2017\/09\/636409597143929779w1505436602.jpg","datePublished":"2017-09-15T14:17:07+00:00","dateModified":"2017-09-15T14:17:07+00:00","breadcrumb":{"@id":"https:\/\/www.mpppst.gob.ve\/mpppstweb\/index.php\/2017\/09\/15\/proxima-reunion-entre-gobierno-y-oposicion-venezolana-se-realizara-el-27-de-septiembre\/#breadcrumb"},"inLanguage":"es","potentialAction":[{"@type":"ReadAction","target":["https:\/\/www.mpppst.gob.ve\/mpppstweb\/index.php\/2017\/09\/15\/proxima-reunion-entre-gobierno-y-oposicion-venezolana-se-realizara-el-27-de-septiembre\/"]}]},{"@type":"ImageObject","inLanguage":"es","@id":"https:\/\/www.mpppst.gob.ve\/mpppstweb\/index.php\/2017\/09\/15\/proxima-reunion-entre-gobierno-y-oposicion-venezolana-se-realizara-el-27-de-septiembre\/#primaryimage","url":"https:\/\/www.mpppst.gob.ve\/mpppstweb\/wp-content\/uploads\/2017\/09\/636409597143929779w1505436602.jpg","contentUrl":"https:\/\/www.mpppst.gob.ve\/mpppstweb\/wp-content\/uploads\/2017\/09\/636409597143929779w1505436602.jpg","width":800,"height":445},{"@type":"BreadcrumbList","@id":"https:\/\/www.mpppst.gob.ve\/mpppstweb\/index.php\/2017\/09\/15\/proxima-reunion-entre-gobierno-y-oposicion-venezolana-se-realizara-el-27-de-septiembre\/#breadcrumb","itemListElement":[{"@type":"ListItem","position":1,"name":"Home","item":"https:\/\/www.mpppst.gob.ve\/mpppstweb\/"},{"@type":"ListItem","position":2,"name":"Pr\u00f3xima reuni\u00f3n entre Gobierno y oposici\u00f3n venezolana se realizar\u00e1 el 27 de septiembre"}]},{"@type":"WebSite","@id":"https:\/\/www.mpppst.gob.ve\/mpppstweb\/#website","url":"https:\/\/www.mpppst.gob.ve\/mpppstweb\/","name":"MPPPST","description":"Ministerio del Poder Popular para el Proceso Social de Trabajo","publisher":{"@id":"https:\/\/www.mpppst.gob.ve\/mpppstweb\/#organization"},"potentialAction":[{"@type":"SearchAction","target":{"@type":"EntryPoint","urlTemplate":"https:\/\/www.mpppst.gob.ve\/mpppstweb\/?s={search_term_string}"},"query-input":"required name=search_term_string"}],"inLanguage":"es"},{"@type":"Organization","@id":"https:\/\/www.mpppst.gob.ve\/mpppstweb\/#organization","name":"mpppst","url":"https:\/\/www.mpppst.gob.ve\/mpppstweb\/","logo":{"@type":"ImageObject","inLanguage":"es","@id":"https:\/\/www.mpppst.gob.ve\/mpppstweb\/#\/schema\/logo\/image\/","url":"https:\/\/www.mpppst.gob.ve\/mpppstweb\/wp-content\/uploads\/2025\/07\/cropped-cropped-g910.png","contentUrl":"https:\/\/www.mpppst.gob.ve\/mpppstweb\/wp-content\/uploads\/2025\/07\/cropped-cropped-g910.png","width":1080,"height":241,"caption":"mpppst"},"image":{"@id":"https:\/\/www.mpppst.gob.ve\/mpppstweb\/#\/schema\/logo\/image\/"}},{"@type":"Person","@id":"https:\/\/www.mpppst.gob.ve\/mpppstweb\/#\/schema\/person\/fc187ee8ead412bd4c9304b62f900ea4","name":"MPPPST Prensa","url":"https:\/\/www.mpppst.gob.ve\/mpppstweb\/index.php\/author\/prensa-mpppst\/"}]}},"_links":{"self":[{"href":"https:\/\/www.mpppst.gob.ve\/mpppstweb\/index.php\/wp-json\/wp\/v2\/posts\/12744"}],"collection":[{"href":"https:\/\/www.mpppst.gob.ve\/mpppstweb\/index.php\/wp-json\/wp\/v2\/posts"}],"about":[{"href":"https:\/\/www.mpppst.gob.ve\/mpppstweb\/index.php\/wp-json\/wp\/v2\/types\/post"}],"author":[{"embeddable":true,"href":"https:\/\/www.mpppst.gob.ve\/mpppstweb\/index.php\/wp-json\/wp\/v2\/users\/25"}],"replies":[{"embeddable":true,"href":"https:\/\/www.mpppst.gob.ve\/mpppstweb\/index.php\/wp-json\/wp\/v2\/comments?post=12744"}],"version-history":[{"count":1,"href":"https:\/\/www.mpppst.gob.ve\/mpppstweb\/index.php\/wp-json\/wp\/v2\/posts\/12744\/revisions"}],"predecessor-version":[{"id":12746,"href":"https:\/\/www.mpppst.gob.ve\/mpppstweb\/index.php\/wp-json\/wp\/v2\/posts\/12744\/revisions\/12746"}],"wp:featuredmedia":[{"embeddable":true,"href":"https:\/\/www.mpppst.gob.ve\/mpppstweb\/index.php\/wp-json\/wp\/v2\/media\/12745"}],"wp:attachment":[{"href":"https:\/\/www.mpppst.gob.ve\/mpppstweb\/index.php\/wp-json\/wp\/v2\/media?parent=12744"}],"wp:term":[{"taxonomy":"category","embeddable":true,"href":"https:\/\/www.mpppst.gob.ve\/mpppstweb\/index.php\/wp-json\/wp\/v2\/categories?post=12744"},{"taxonomy":"post_tag","embeddable":true,"href":"https:\/\/www.mpppst.gob.ve\/mpppstweb\/index.php\/wp-json\/wp\/v2\/tags?post=12744"}],"curies":[{"name":"wp","href":"https:\/\/api.w.org\/{rel}","templated":true}]}}